{"id":5900,"date":"2020-10-06T19:26:14","date_gmt":"2020-10-06T19:26:14","guid":{"rendered":"https:\/\/www.ltcpardubice.cz\/?p=5900"},"modified":"2020-10-11T09:42:02","modified_gmt":"2020-10-11T09:42:02","slug":"5900","status":"publish","type":"post","link":"https:\/\/www.ltcpardubice.cz\/?p=5900","title":{"rendered":"Celost\u00e1tn\u00ed a krajsk\u00e9 \u017eeb\u0159\u00ed\u010dky za uplynulou sez\u00f3nu zve\u0159ejn\u011bny"},"content":{"rendered":"\n<p>Celost\u00e1tn\u00ed a krajsk\u00e9 \u017eeb\u0159\u00ed\u010dky byly uve\u0159ejn\u011bny, v leto\u0161n\u00edm roce se revolu\u010dn\u011b budou aktualizovat 2x ro\u010dn\u011b. Jak jsou na tom na\u0161i nejlep\u0161\u00ed hr\u00e1\u010di, kdo z\u00edsk\u00e1 v\u00fdhody v nadch\u00e1zej\u00edc\u00ed halov\u00e9 sez\u00f3n\u011b?<\/p>\n\n\n\n<p>Um\u00edst\u011bn\u00ed nejlep\u0161\u00edch ve sv\u00fdch ro\u010dn\u00edc\u00edch narozen\u00ed a na celost\u00e1tn\u00edch \u017eeb\u0159\u00ed\u010dc\u00edch:<\/p>\n\n\n\n<p>Ond\u0159ej Kratochv\u00edl &#8211; RN 16, C\u017d 34 &#8211; dorost<\/p>\n\n\n\n<p>Nat\u00e1lie Davidov\u00e1 &#8211; RN 18, C\u017d 44 &#8211; dorost<\/p>\n\n\n\n<p>R\u00e1chel He\u0159manov\u00e1 &#8211; RN 34, C\u017d 36 &#8211; dorost<\/p>\n\n\n\n<p>Filip Dym\u00e1k &#8211; RN 46, C\u017d 46 &#8211; mald\u0161\u00ed \u017eactvo<\/p>\n\n\n\n<p>Vojt\u011bch Veigert &#8211; RN 51, C\u017d 68 &#8211; dorost<\/p>\n\n\n\n<p>Dan Vaverka &#8211; RN 62, C\u017d   &#8211; mlad\u0161\u00ed \u017eactvo<\/p>\n\n\n\n<p>Ad\u00e9la Honigov\u00e1 &#8211; RN 66, C\u017d 66 &#8211; mlad\u0161\u00ed \u017eactvo<\/p>\n\n\n\n<p>David Papou\u0161ek &#8211; RN 71, C\u017d 91 &#8211; dorost<\/p>\n\n\n\n<p>Ond\u0159ej Skokan &#8211; RN 89, C\u017d 122 &#8211; dorost<\/p>\n","protected":false},"excerpt":{"rendered":"<p>Celost\u00e1tn\u00ed a krajsk\u00e9 \u017eeb\u0159\u00ed\u010dky byly uve\u0159ejn\u011bny, v leto\u0161n\u00edm roce se revolu\u010dn\u011b budou aktualizovat 2x ro\u010dn\u011b. Jak jsou na tom na\u0161i nejlep\u0161\u00ed hr\u00e1\u010di, kdo z\u00edsk\u00e1 v\u00fdhody v nadch\u00e1zej\u00edc\u00ed halov\u00e9 sez\u00f3n\u011b? Um\u00edst\u011bn\u00ed nejlep\u0161\u00edch ve sv\u00fdch ro\u010dn\u00edc\u00edch narozen\u00ed a na celost\u00e1tn\u00edch \u017eeb\u0159\u00ed\u010dc\u00edch: Ond\u0159ej Kratochv\u00edl &#8211; RN 16, C\u017d 34 &#8211; dorost Nat\u00e1lie Davidov\u00e1 &#8211; RN 18, C\u017d 44 [&hellip;]<\/p>\n","protected":false},"author":2,"featured_media":5924,"comment_status":"open","ping_status":"open","sticky":false,"template":"brizy-blank-template.php","format":"gallery","meta":{"_monsterinsights_skip_tracking":false,"_monsterinsights_sitenote_active":false,"_monsterinsights_sitenote_note":"","_monsterinsights_sitenote_category":0,"footnotes":""},"categories":[10],"tags":[],"yoast_head":"<!-- This site is optimized with the Yoast SEO plugin v24.5 - https:\/\/yoast.com\/wordpress\/plugins\/seo\/ -->\n<title>Celost\u00e1tn\u00ed a krajsk\u00e9 \u017eeb\u0159\u00ed\u010dky za uplynulou sez\u00f3nu zve\u0159ejn\u011bny - LTC Pardubice<\/title>\n<meta name=\"robots\" content=\"index, follow, max-snippet:-1, max-image-preview:large, max-video-preview:-1\" \/>\n<link rel=\"canonical\" href=\"https:\/\/www.ltcpardubice.cz\/?p=5900\" \/>\n<meta property=\"og:locale\" content=\"cs_CZ\" \/>\n<meta property=\"og:type\" content=\"article\" \/>\n<meta property=\"og:title\" content=\"Celost\u00e1tn\u00ed a krajsk\u00e9 \u017eeb\u0159\u00ed\u010dky za uplynulou sez\u00f3nu zve\u0159ejn\u011bny - LTC Pardubice\" \/>\n<meta property=\"og:description\" content=\"Celost\u00e1tn\u00ed a krajsk\u00e9 \u017eeb\u0159\u00ed\u010dky byly uve\u0159ejn\u011bny, v leto\u0161n\u00edm roce se revolu\u010dn\u011b budou aktualizovat 2x ro\u010dn\u011b. Jak jsou na tom na\u0161i nejlep\u0161\u00ed hr\u00e1\u010di, kdo z\u00edsk\u00e1 v\u00fdhody v nadch\u00e1zej\u00edc\u00ed halov\u00e9 sez\u00f3n\u011b? Um\u00edst\u011bn\u00ed nejlep\u0161\u00edch ve sv\u00fdch ro\u010dn\u00edc\u00edch narozen\u00ed a na celost\u00e1tn\u00edch \u017eeb\u0159\u00ed\u010dc\u00edch: Ond\u0159ej Kratochv\u00edl &#8211; RN 16, C\u017d 34 &#8211; dorost Nat\u00e1lie Davidov\u00e1 &#8211; RN 18, C\u017d 44 [&hellip;]\" \/>\n<meta property=\"og:url\" content=\"https:\/\/www.ltcpardubice.cz\/?p=5900\" \/>\n<meta property=\"og:site_name\" content=\"LTC Pardubice\" \/>\n<meta property=\"article:published_time\" content=\"2020-10-06T19:26:14+00:00\" \/>\n<meta property=\"article:modified_time\" content=\"2020-10-11T09:42:02+00:00\" \/>\n<meta property=\"og:image\" content=\"https:\/\/www.ltcpardubice.cz\/wp-content\/uploads\/2020\/10\/3-1.jpg\" \/>\n\t<meta property=\"og:image:width\" content=\"600\" \/>\n\t<meta property=\"og:image:height\" content=\"600\" \/>\n\t<meta property=\"og:image:type\" content=\"image\/jpeg\" \/>\n<meta name=\"author\" content=\"Eva Z\u00e1labsk\u00e1\" \/>\n<meta name=\"twitter:card\" content=\"summary_large_image\" \/>\n<meta name=\"twitter:label1\" content=\"Napsal(a)\" \/>\n\t<meta name=\"twitter:data1\" content=\"Eva Z\u00e1labsk\u00e1\" \/>\n\t<meta name=\"twitter:label2\" content=\"Odhadovan\u00e1 doba \u010dten\u00ed\" \/>\n\t<meta name=\"twitter:data2\" content=\"1 minuta\" \/>\n<script type=\"application\/ld+json\" class=\"yoast-schema-graph\">{\"@context\":\"https:\/\/schema.org\",\"@graph\":[{\"@type\":\"WebPage\",\"@id\":\"https:\/\/www.ltcpardubice.cz\/?p=5900\",\"url\":\"https:\/\/www.ltcpardubice.cz\/?p=5900\",\"name\":\"Celost\u00e1tn\u00ed a krajsk\u00e9 \u017eeb\u0159\u00ed\u010dky za uplynulou sez\u00f3nu zve\u0159ejn\u011bny - LTC Pardubice\",\"isPartOf\":{\"@id\":\"https:\/\/www.ltcpardubice.cz\/#website\"},\"primaryImageOfPage\":{\"@id\":\"https:\/\/www.ltcpardubice.cz\/?p=5900#primaryimage\"},\"image\":{\"@id\":\"https:\/\/www.ltcpardubice.cz\/?p=5900#primaryimage\"},\"thumbnailUrl\":\"https:\/\/www.ltcpardubice.cz\/wp-content\/uploads\/2020\/10\/3-1.jpg\",\"datePublished\":\"2020-10-06T19:26:14+00:00\",\"dateModified\":\"2020-10-11T09:42:02+00:00\",\"author\":{\"@id\":\"https:\/\/www.ltcpardubice.cz\/#\/schema\/person\/8f5f3a741b9adea57419864489f31541\"},\"breadcrumb\":{\"@id\":\"https:\/\/www.ltcpardubice.cz\/?p=5900#breadcrumb\"},\"inLanguage\":\"cs\",\"potentialAction\":[{\"@type\":\"ReadAction\",\"target\":[\"https:\/\/www.ltcpardubice.cz\/?p=5900\"]}]},{\"@type\":\"ImageObject\",\"inLanguage\":\"cs\",\"@id\":\"https:\/\/www.ltcpardubice.cz\/?p=5900#primaryimage\",\"url\":\"https:\/\/www.ltcpardubice.cz\/wp-content\/uploads\/2020\/10\/3-1.jpg\",\"contentUrl\":\"https:\/\/www.ltcpardubice.cz\/wp-content\/uploads\/2020\/10\/3-1.jpg\",\"width\":600,\"height\":600},{\"@type\":\"BreadcrumbList\",\"@id\":\"https:\/\/www.ltcpardubice.cz\/?p=5900#breadcrumb\",\"itemListElement\":[{\"@type\":\"ListItem\",\"position\":1,\"name\":\"Home\",\"item\":\"https:\/\/www.ltcpardubice.cz\/\"},{\"@type\":\"ListItem\",\"position\":2,\"name\":\"Celost\u00e1tn\u00ed a krajsk\u00e9 \u017eeb\u0159\u00ed\u010dky za uplynulou sez\u00f3nu zve\u0159ejn\u011bny\"}]},{\"@type\":\"WebSite\",\"@id\":\"https:\/\/www.ltcpardubice.cz\/#website\",\"url\":\"https:\/\/www.ltcpardubice.cz\/\",\"name\":\"LTC Pardubice\",\"description\":\"Str\u00e1nky tenisov\u00e9ho klubu LTC Pardubice\",\"potentialAction\":[{\"@type\":\"SearchAction\",\"target\":{\"@type\":\"EntryPoint\",\"urlTemplate\":\"https:\/\/www.ltcpardubice.cz\/?s={search_term_string}\"},\"query-input\":{\"@type\":\"PropertyValueSpecification\",\"valueRequired\":true,\"valueName\":\"search_term_string\"}}],\"inLanguage\":\"cs\"},{\"@type\":\"Person\",\"@id\":\"https:\/\/www.ltcpardubice.cz\/#\/schema\/person\/8f5f3a741b9adea57419864489f31541\",\"name\":\"Eva Z\u00e1labsk\u00e1\",\"image\":{\"@type\":\"ImageObject\",\"inLanguage\":\"cs\",\"@id\":\"https:\/\/www.ltcpardubice.cz\/#\/schema\/person\/image\/\",\"url\":\"https:\/\/secure.gravatar.com\/avatar\/fece9555d8859e0080e4a5ae7edcc925?s=96&d=mm&r=g\",\"contentUrl\":\"https:\/\/secure.gravatar.com\/avatar\/fece9555d8859e0080e4a5ae7edcc925?s=96&d=mm&r=g\",\"caption\":\"Eva Z\u00e1labsk\u00e1\"},\"url\":\"https:\/\/www.ltcpardubice.cz\/?author=2\"}]}<\/script>\n<!-- \/ Yoast SEO plugin. -->","yoast_head_json":{"title":"Celost\u00e1tn\u00ed a krajsk\u00e9 \u017eeb\u0159\u00ed\u010dky za uplynulou sez\u00f3nu zve\u0159ejn\u011bny - LTC Pardubice","robots":{"index":"index","follow":"follow","max-snippet":"max-snippet:-1","max-image-preview":"max-image-preview:large","max-video-preview":"max-video-preview:-1"},"canonical":"https:\/\/www.ltcpardubice.cz\/?p=5900","og_locale":"cs_CZ","og_type":"article","og_title":"Celost\u00e1tn\u00ed a krajsk\u00e9 \u017eeb\u0159\u00ed\u010dky za uplynulou sez\u00f3nu zve\u0159ejn\u011bny - LTC Pardubice","og_description":"Celost\u00e1tn\u00ed a krajsk\u00e9 \u017eeb\u0159\u00ed\u010dky byly uve\u0159ejn\u011bny, v leto\u0161n\u00edm roce se revolu\u010dn\u011b budou aktualizovat 2x ro\u010dn\u011b. Jak jsou na tom na\u0161i nejlep\u0161\u00ed hr\u00e1\u010di, kdo z\u00edsk\u00e1 v\u00fdhody v nadch\u00e1zej\u00edc\u00ed halov\u00e9 sez\u00f3n\u011b? Um\u00edst\u011bn\u00ed nejlep\u0161\u00edch ve sv\u00fdch ro\u010dn\u00edc\u00edch narozen\u00ed a na celost\u00e1tn\u00edch \u017eeb\u0159\u00ed\u010dc\u00edch: Ond\u0159ej Kratochv\u00edl &#8211; RN 16, C\u017d 34 &#8211; dorost Nat\u00e1lie Davidov\u00e1 &#8211; RN 18, C\u017d 44 [&hellip;]","og_url":"https:\/\/www.ltcpardubice.cz\/?p=5900","og_site_name":"LTC Pardubice","article_published_time":"2020-10-06T19:26:14+00:00","article_modified_time":"2020-10-11T09:42:02+00:00","og_image":[{"width":600,"height":600,"url":"https:\/\/www.ltcpardubice.cz\/wp-content\/uploads\/2020\/10\/3-1.jpg","type":"image\/jpeg"}],"author":"Eva Z\u00e1labsk\u00e1","twitter_card":"summary_large_image","twitter_misc":{"Napsal(a)":"Eva Z\u00e1labsk\u00e1","Odhadovan\u00e1 doba \u010dten\u00ed":"1 minuta"},"schema":{"@context":"https:\/\/schema.org","@graph":[{"@type":"WebPage","@id":"https:\/\/www.ltcpardubice.cz\/?p=5900","url":"https:\/\/www.ltcpardubice.cz\/?p=5900","name":"Celost\u00e1tn\u00ed a krajsk\u00e9 \u017eeb\u0159\u00ed\u010dky za uplynulou sez\u00f3nu zve\u0159ejn\u011bny - LTC Pardubice","isPartOf":{"@id":"https:\/\/www.ltcpardubice.cz\/#website"},"primaryImageOfPage":{"@id":"https:\/\/www.ltcpardubice.cz\/?p=5900#primaryimage"},"image":{"@id":"https:\/\/www.ltcpardubice.cz\/?p=5900#primaryimage"},"thumbnailUrl":"https:\/\/www.ltcpardubice.cz\/wp-content\/uploads\/2020\/10\/3-1.jpg","datePublished":"2020-10-06T19:26:14+00:00","dateModified":"2020-10-11T09:42:02+00:00","author":{"@id":"https:\/\/www.ltcpardubice.cz\/#\/schema\/person\/8f5f3a741b9adea57419864489f31541"},"breadcrumb":{"@id":"https:\/\/www.ltcpardubice.cz\/?p=5900#breadcrumb"},"inLanguage":"cs","potentialAction":[{"@type":"ReadAction","target":["https:\/\/www.ltcpardubice.cz\/?p=5900"]}]},{"@type":"ImageObject","inLanguage":"cs","@id":"https:\/\/www.ltcpardubice.cz\/?p=5900#primaryimage","url":"https:\/\/www.ltcpardubice.cz\/wp-content\/uploads\/2020\/10\/3-1.jpg","contentUrl":"https:\/\/www.ltcpardubice.cz\/wp-content\/uploads\/2020\/10\/3-1.jpg","width":600,"height":600},{"@type":"BreadcrumbList","@id":"https:\/\/www.ltcpardubice.cz\/?p=5900#breadcrumb","itemListElement":[{"@type":"ListItem","position":1,"name":"Home","item":"https:\/\/www.ltcpardubice.cz\/"},{"@type":"ListItem","position":2,"name":"Celost\u00e1tn\u00ed a krajsk\u00e9 \u017eeb\u0159\u00ed\u010dky za uplynulou sez\u00f3nu zve\u0159ejn\u011bny"}]},{"@type":"WebSite","@id":"https:\/\/www.ltcpardubice.cz\/#website","url":"https:\/\/www.ltcpardubice.cz\/","name":"LTC Pardubice","description":"Str\u00e1nky tenisov\u00e9ho klubu LTC Pardubice","potentialAction":[{"@type":"SearchAction","target":{"@type":"EntryPoint","urlTemplate":"https:\/\/www.ltcpardubice.cz\/?s={search_term_string}"},"query-input":{"@type":"PropertyValueSpecification","valueRequired":true,"valueName":"search_term_string"}}],"inLanguage":"cs"},{"@type":"Person","@id":"https:\/\/www.ltcpardubice.cz\/#\/schema\/person\/8f5f3a741b9adea57419864489f31541","name":"Eva Z\u00e1labsk\u00e1","image":{"@type":"ImageObject","inLanguage":"cs","@id":"https:\/\/www.ltcpardubice.cz\/#\/schema\/person\/image\/","url":"https:\/\/secure.gravatar.com\/avatar\/fece9555d8859e0080e4a5ae7edcc925?s=96&d=mm&r=g","contentUrl":"https:\/\/secure.gravatar.com\/avatar\/fece9555d8859e0080e4a5ae7edcc925?s=96&d=mm&r=g","caption":"Eva Z\u00e1labsk\u00e1"},"url":"https:\/\/www.ltcpardubice.cz\/?author=2"}]}},"brizy_media":[],"_links":{"self":[{"href":"https:\/\/www.ltcpardubice.cz\/index.php?rest_route=\/wp\/v2\/posts\/5900"}],"collection":[{"href":"https:\/\/www.ltcpardubice.cz\/index.php?rest_route=\/wp\/v2\/posts"}],"about":[{"href":"https:\/\/www.ltcpardubice.cz\/index.php?rest_route=\/wp\/v2\/types\/post"}],"author":[{"embeddable":true,"href":"https:\/\/www.ltcpardubice.cz\/index.php?rest_route=\/wp\/v2\/users\/2"}],"replies":[{"embeddable":true,"href":"https:\/\/www.ltcpardubice.cz\/index.php?rest_route=%2Fwp%2Fv2%2Fcomments&post=5900"}],"version-history":[{"count":6,"href":"https:\/\/www.ltcpardubice.cz\/index.php?rest_route=\/wp\/v2\/posts\/5900\/revisions"}],"predecessor-version":[{"id":5922,"href":"https:\/\/www.ltcpardubice.cz\/index.php?rest_route=\/wp\/v2\/posts\/5900\/revisions\/5922"}],"wp:featuredmedia":[{"embeddable":true,"href":"https:\/\/www.ltcpardubice.cz\/index.php?rest_route=\/wp\/v2\/media\/5924"}],"wp:attachment":[{"href":"https:\/\/www.ltcpardubice.cz\/index.php?rest_route=%2Fwp%2Fv2%2Fmedia&parent=5900"}],"wp:term":[{"taxonomy":"category","embeddable":true,"href":"https:\/\/www.ltcpardubice.cz\/index.php?rest_route=%2Fwp%2Fv2%2Fcategories&post=5900"},{"taxonomy":"post_tag","embeddable":true,"href":"https:\/\/www.ltcpardubice.cz\/index.php?rest_route=%2Fwp%2Fv2%2Ftags&post=5900"}],"curies":[{"name":"wp","href":"https:\/\/api.w.org\/{rel}","templated":true}]}}