{"id":5912,"date":"2020-10-09T11:22:23","date_gmt":"2020-10-09T11:22:23","guid":{"rendered":"https:\/\/www.ltcpardubice.cz\/?p=5912"},"modified":"2020-10-28T19:34:38","modified_gmt":"2020-10-28T19:34:38","slug":"pozor-dle-narizeni-vlady-a-mzcr-je-uzavrena-od-pondeli-12-10-hala-ltc-na-14-dnu-o-dalsim-vyvoji-budete-informovani","status":"publish","type":"post","link":"https:\/\/www.ltcpardubice.cz\/?p=5912","title":{"rendered":"POZOR &#8211; dle na\u0159\u00edzen\u00ed vl\u00e1dy a MZ\u010cR je uzav\u0159ena od pond\u011bl\u00ed 12.10. hala LTC &#8211; hala je uzav\u0159ena do skon\u010den\u00ed nouzov\u00e9ho stavu a dal\u0161\u00edch informac\u00ed vl\u00e1dy."},"content":{"rendered":"","protected":false},"excerpt":{"rendered":"","protected":false},"author":2,"featured_media":434,"comment_status":"open","ping_status":"open","sticky":false,"template":"","format":"standard","meta":{"_monsterinsights_skip_tracking":false,"_monsterinsights_sitenote_active":false,"_monsterinsights_sitenote_note":"","_monsterinsights_sitenote_category":0,"footnotes":""},"categories":[10],"tags":[],"yoast_head":"<!-- This site is optimized with the Yoast SEO plugin v24.5 - https:\/\/yoast.com\/wordpress\/plugins\/seo\/ -->\n<title>POZOR - dle na\u0159\u00edzen\u00ed vl\u00e1dy a MZ\u010cR je uzav\u0159ena od pond\u011bl\u00ed 12.10. hala LTC - hala je uzav\u0159ena do skon\u010den\u00ed nouzov\u00e9ho stavu a dal\u0161\u00edch informac\u00ed vl\u00e1dy. - LTC Pardubice<\/title>\n<meta name=\"robots\" content=\"index, follow, max-snippet:-1, max-image-preview:large, max-video-preview:-1\" \/>\n<link rel=\"canonical\" href=\"https:\/\/www.ltcpardubice.cz\/?p=5912\" \/>\n<meta property=\"og:locale\" content=\"cs_CZ\" \/>\n<meta property=\"og:type\" content=\"article\" \/>\n<meta property=\"og:title\" content=\"POZOR - dle na\u0159\u00edzen\u00ed vl\u00e1dy a MZ\u010cR je uzav\u0159ena od pond\u011bl\u00ed 12.10. hala LTC - hala je uzav\u0159ena do skon\u010den\u00ed nouzov\u00e9ho stavu a dal\u0161\u00edch informac\u00ed vl\u00e1dy. - LTC Pardubice\" \/>\n<meta property=\"og:url\" content=\"https:\/\/www.ltcpardubice.cz\/?p=5912\" \/>\n<meta property=\"og:site_name\" content=\"LTC Pardubice\" \/>\n<meta property=\"article:published_time\" content=\"2020-10-09T11:22:23+00:00\" \/>\n<meta property=\"article:modified_time\" content=\"2020-10-28T19:34:38+00:00\" \/>\n<meta property=\"og:image\" content=\"https:\/\/www.ltcpardubice.cz\/wp-content\/uploads\/2020\/06\/ltcpardubice.jpeg\" \/>\n\t<meta property=\"og:image:width\" content=\"259\" \/>\n\t<meta property=\"og:image:height\" content=\"194\" \/>\n\t<meta property=\"og:image:type\" content=\"image\/jpeg\" \/>\n<meta name=\"author\" content=\"Eva Z\u00e1labsk\u00e1\" \/>\n<meta name=\"twitter:card\" content=\"summary_large_image\" \/>\n<meta name=\"twitter:label1\" content=\"Napsal(a)\" \/>\n\t<meta name=\"twitter:data1\" content=\"Eva Z\u00e1labsk\u00e1\" \/>\n<script type=\"application\/ld+json\" class=\"yoast-schema-graph\">{\"@context\":\"https:\/\/schema.org\",\"@graph\":[{\"@type\":\"WebPage\",\"@id\":\"https:\/\/www.ltcpardubice.cz\/?p=5912\",\"url\":\"https:\/\/www.ltcpardubice.cz\/?p=5912\",\"name\":\"POZOR - dle na\u0159\u00edzen\u00ed vl\u00e1dy a MZ\u010cR je uzav\u0159ena od pond\u011bl\u00ed 12.10. hala LTC - hala je uzav\u0159ena do skon\u010den\u00ed nouzov\u00e9ho stavu a dal\u0161\u00edch informac\u00ed vl\u00e1dy. - LTC Pardubice\",\"isPartOf\":{\"@id\":\"https:\/\/www.ltcpardubice.cz\/#website\"},\"primaryImageOfPage\":{\"@id\":\"https:\/\/www.ltcpardubice.cz\/?p=5912#primaryimage\"},\"image\":{\"@id\":\"https:\/\/www.ltcpardubice.cz\/?p=5912#primaryimage\"},\"thumbnailUrl\":\"https:\/\/www.ltcpardubice.cz\/wp-content\/uploads\/2020\/06\/ltcpardubice.jpeg\",\"datePublished\":\"2020-10-09T11:22:23+00:00\",\"dateModified\":\"2020-10-28T19:34:38+00:00\",\"author\":{\"@id\":\"https:\/\/www.ltcpardubice.cz\/#\/schema\/person\/8f5f3a741b9adea57419864489f31541\"},\"breadcrumb\":{\"@id\":\"https:\/\/www.ltcpardubice.cz\/?p=5912#breadcrumb\"},\"inLanguage\":\"cs\",\"potentialAction\":[{\"@type\":\"ReadAction\",\"target\":[\"https:\/\/www.ltcpardubice.cz\/?p=5912\"]}]},{\"@type\":\"ImageObject\",\"inLanguage\":\"cs\",\"@id\":\"https:\/\/www.ltcpardubice.cz\/?p=5912#primaryimage\",\"url\":\"https:\/\/www.ltcpardubice.cz\/wp-content\/uploads\/2020\/06\/ltcpardubice.jpeg\",\"contentUrl\":\"https:\/\/www.ltcpardubice.cz\/wp-content\/uploads\/2020\/06\/ltcpardubice.jpeg\",\"width\":259,\"height\":194},{\"@type\":\"BreadcrumbList\",\"@id\":\"https:\/\/www.ltcpardubice.cz\/?p=5912#breadcrumb\",\"itemListElement\":[{\"@type\":\"ListItem\",\"position\":1,\"name\":\"Home\",\"item\":\"https:\/\/www.ltcpardubice.cz\/\"},{\"@type\":\"ListItem\",\"position\":2,\"name\":\"POZOR &#8211; dle na\u0159\u00edzen\u00ed vl\u00e1dy a MZ\u010cR je uzav\u0159ena od pond\u011bl\u00ed 12.10. hala LTC &#8211; hala je uzav\u0159ena do skon\u010den\u00ed nouzov\u00e9ho stavu a dal\u0161\u00edch informac\u00ed vl\u00e1dy.\"}]},{\"@type\":\"WebSite\",\"@id\":\"https:\/\/www.ltcpardubice.cz\/#website\",\"url\":\"https:\/\/www.ltcpardubice.cz\/\",\"name\":\"LTC Pardubice\",\"description\":\"Str\u00e1nky tenisov\u00e9ho klubu LTC Pardubice\",\"potentialAction\":[{\"@type\":\"SearchAction\",\"target\":{\"@type\":\"EntryPoint\",\"urlTemplate\":\"https:\/\/www.ltcpardubice.cz\/?s={search_term_string}\"},\"query-input\":{\"@type\":\"PropertyValueSpecification\",\"valueRequired\":true,\"valueName\":\"search_term_string\"}}],\"inLanguage\":\"cs\"},{\"@type\":\"Person\",\"@id\":\"https:\/\/www.ltcpardubice.cz\/#\/schema\/person\/8f5f3a741b9adea57419864489f31541\",\"name\":\"Eva Z\u00e1labsk\u00e1\",\"image\":{\"@type\":\"ImageObject\",\"inLanguage\":\"cs\",\"@id\":\"https:\/\/www.ltcpardubice.cz\/#\/schema\/person\/image\/\",\"url\":\"https:\/\/secure.gravatar.com\/avatar\/fece9555d8859e0080e4a5ae7edcc925?s=96&d=mm&r=g\",\"contentUrl\":\"https:\/\/secure.gravatar.com\/avatar\/fece9555d8859e0080e4a5ae7edcc925?s=96&d=mm&r=g\",\"caption\":\"Eva Z\u00e1labsk\u00e1\"},\"url\":\"https:\/\/www.ltcpardubice.cz\/?author=2\"}]}<\/script>\n<!-- \/ Yoast SEO plugin. -->","yoast_head_json":{"title":"POZOR - dle na\u0159\u00edzen\u00ed vl\u00e1dy a MZ\u010cR je uzav\u0159ena od pond\u011bl\u00ed 12.10. hala LTC - hala je uzav\u0159ena do skon\u010den\u00ed nouzov\u00e9ho stavu a dal\u0161\u00edch informac\u00ed vl\u00e1dy. - LTC Pardubice","robots":{"index":"index","follow":"follow","max-snippet":"max-snippet:-1","max-image-preview":"max-image-preview:large","max-video-preview":"max-video-preview:-1"},"canonical":"https:\/\/www.ltcpardubice.cz\/?p=5912","og_locale":"cs_CZ","og_type":"article","og_title":"POZOR - dle na\u0159\u00edzen\u00ed vl\u00e1dy a MZ\u010cR je uzav\u0159ena od pond\u011bl\u00ed 12.10. hala LTC - hala je uzav\u0159ena do skon\u010den\u00ed nouzov\u00e9ho stavu a dal\u0161\u00edch informac\u00ed vl\u00e1dy. - LTC Pardubice","og_url":"https:\/\/www.ltcpardubice.cz\/?p=5912","og_site_name":"LTC Pardubice","article_published_time":"2020-10-09T11:22:23+00:00","article_modified_time":"2020-10-28T19:34:38+00:00","og_image":[{"width":259,"height":194,"url":"https:\/\/www.ltcpardubice.cz\/wp-content\/uploads\/2020\/06\/ltcpardubice.jpeg","type":"image\/jpeg"}],"author":"Eva Z\u00e1labsk\u00e1","twitter_card":"summary_large_image","twitter_misc":{"Napsal(a)":"Eva Z\u00e1labsk\u00e1"},"schema":{"@context":"https:\/\/schema.org","@graph":[{"@type":"WebPage","@id":"https:\/\/www.ltcpardubice.cz\/?p=5912","url":"https:\/\/www.ltcpardubice.cz\/?p=5912","name":"POZOR - dle na\u0159\u00edzen\u00ed vl\u00e1dy a MZ\u010cR je uzav\u0159ena od pond\u011bl\u00ed 12.10. hala LTC - hala je uzav\u0159ena do skon\u010den\u00ed nouzov\u00e9ho stavu a dal\u0161\u00edch informac\u00ed vl\u00e1dy. - LTC Pardubice","isPartOf":{"@id":"https:\/\/www.ltcpardubice.cz\/#website"},"primaryImageOfPage":{"@id":"https:\/\/www.ltcpardubice.cz\/?p=5912#primaryimage"},"image":{"@id":"https:\/\/www.ltcpardubice.cz\/?p=5912#primaryimage"},"thumbnailUrl":"https:\/\/www.ltcpardubice.cz\/wp-content\/uploads\/2020\/06\/ltcpardubice.jpeg","datePublished":"2020-10-09T11:22:23+00:00","dateModified":"2020-10-28T19:34:38+00:00","author":{"@id":"https:\/\/www.ltcpardubice.cz\/#\/schema\/person\/8f5f3a741b9adea57419864489f31541"},"breadcrumb":{"@id":"https:\/\/www.ltcpardubice.cz\/?p=5912#breadcrumb"},"inLanguage":"cs","potentialAction":[{"@type":"ReadAction","target":["https:\/\/www.ltcpardubice.cz\/?p=5912"]}]},{"@type":"ImageObject","inLanguage":"cs","@id":"https:\/\/www.ltcpardubice.cz\/?p=5912#primaryimage","url":"https:\/\/www.ltcpardubice.cz\/wp-content\/uploads\/2020\/06\/ltcpardubice.jpeg","contentUrl":"https:\/\/www.ltcpardubice.cz\/wp-content\/uploads\/2020\/06\/ltcpardubice.jpeg","width":259,"height":194},{"@type":"BreadcrumbList","@id":"https:\/\/www.ltcpardubice.cz\/?p=5912#breadcrumb","itemListElement":[{"@type":"ListItem","position":1,"name":"Home","item":"https:\/\/www.ltcpardubice.cz\/"},{"@type":"ListItem","position":2,"name":"POZOR &#8211; dle na\u0159\u00edzen\u00ed vl\u00e1dy a MZ\u010cR je uzav\u0159ena od pond\u011bl\u00ed 12.10. hala LTC &#8211; hala je uzav\u0159ena do skon\u010den\u00ed nouzov\u00e9ho stavu a dal\u0161\u00edch informac\u00ed vl\u00e1dy."}]},{"@type":"WebSite","@id":"https:\/\/www.ltcpardubice.cz\/#website","url":"https:\/\/www.ltcpardubice.cz\/","name":"LTC Pardubice","description":"Str\u00e1nky tenisov\u00e9ho klubu LTC Pardubice","potentialAction":[{"@type":"SearchAction","target":{"@type":"EntryPoint","urlTemplate":"https:\/\/www.ltcpardubice.cz\/?s={search_term_string}"},"query-input":{"@type":"PropertyValueSpecification","valueRequired":true,"valueName":"search_term_string"}}],"inLanguage":"cs"},{"@type":"Person","@id":"https:\/\/www.ltcpardubice.cz\/#\/schema\/person\/8f5f3a741b9adea57419864489f31541","name":"Eva Z\u00e1labsk\u00e1","image":{"@type":"ImageObject","inLanguage":"cs","@id":"https:\/\/www.ltcpardubice.cz\/#\/schema\/person\/image\/","url":"https:\/\/secure.gravatar.com\/avatar\/fece9555d8859e0080e4a5ae7edcc925?s=96&d=mm&r=g","contentUrl":"https:\/\/secure.gravatar.com\/avatar\/fece9555d8859e0080e4a5ae7edcc925?s=96&d=mm&r=g","caption":"Eva Z\u00e1labsk\u00e1"},"url":"https:\/\/www.ltcpardubice.cz\/?author=2"}]}},"brizy_media":[],"_links":{"self":[{"href":"https:\/\/www.ltcpardubice.cz\/index.php?rest_route=\/wp\/v2\/posts\/5912"}],"collection":[{"href":"https:\/\/www.ltcpardubice.cz\/index.php?rest_route=\/wp\/v2\/posts"}],"about":[{"href":"https:\/\/www.ltcpardubice.cz\/index.php?rest_route=\/wp\/v2\/types\/post"}],"author":[{"embeddable":true,"href":"https:\/\/www.ltcpardubice.cz\/index.php?rest_route=\/wp\/v2\/users\/2"}],"replies":[{"embeddable":true,"href":"https:\/\/www.ltcpardubice.cz\/index.php?rest_route=%2Fwp%2Fv2%2Fcomments&post=5912"}],"version-history":[{"count":3,"href":"https:\/\/www.ltcpardubice.cz\/index.php?rest_route=\/wp\/v2\/posts\/5912\/revisions"}],"predecessor-version":[{"id":6063,"href":"https:\/\/www.ltcpardubice.cz\/index.php?rest_route=\/wp\/v2\/posts\/5912\/revisions\/6063"}],"wp:featuredmedia":[{"embeddable":true,"href":"https:\/\/www.ltcpardubice.cz\/index.php?rest_route=\/wp\/v2\/media\/434"}],"wp:attachment":[{"href":"https:\/\/www.ltcpardubice.cz\/index.php?rest_route=%2Fwp%2Fv2%2Fmedia&parent=5912"}],"wp:term":[{"taxonomy":"category","embeddable":true,"href":"https:\/\/www.ltcpardubice.cz\/index.php?rest_route=%2Fwp%2Fv2%2Fcategories&post=5912"},{"taxonomy":"post_tag","embeddable":true,"href":"https:\/\/www.ltcpardubice.cz\/index.php?rest_route=%2Fwp%2Fv2%2Ftags&post=5912"}],"curies":[{"name":"wp","href":"https:\/\/api.w.org\/{rel}","templated":true}]}}