{"id":5956,"date":"2020-10-23T20:02:50","date_gmt":"2020-10-23T20:02:50","guid":{"rendered":"https:\/\/www.ltcpardubice.cz\/?p=5956"},"modified":"2020-10-24T19:38:31","modified_gmt":"2020-10-24T19:38:31","slug":"muzeme-hrat-tenis-venku","status":"publish","type":"post","link":"https:\/\/www.ltcpardubice.cz\/?p=5956","title":{"rendered":"M\u016f\u017eeme hr\u00e1t tenis venku?"},"content":{"rendered":"\n<p>Ve \u010dtvrtek to vypadalo, \u017ee ne. V p\u00e1tek:<\/p>\n\n\n\n<h3 class=\"wp-block-heading\">Kluby mohou otev\u0159\u00edt venkovn\u00ed kurty pro ve\u0159ejnost. Prymula povoluje provozov\u00e1n\u00ed otev\u0159en\u00fdch sportovi\u0161\u0165<\/h3>\n\n\n\n<p><em>23.10.2020<\/em><\/p>\n\n\n\n<p>\u010cesk\u00fd tenisov\u00fd svaz d\u00e1v\u00e1 zelenou v\u0161em klub\u016fm \u010cTS pro otev\u0159en\u00ed sv\u00fdch venkovn\u00edch sportovi\u0161\u0165 a to na z\u00e1klad\u011b vyj\u00e1d\u0159en\u00ed ministra zdravotnictv\u00ed Romana Prymuly viz video:&nbsp;<a href=\"https:\/\/twitter.com\/i\/status\/1319190851206193152\">https:\/\/twitter.com\/\u2026851206193152<\/a>. Prymula na ot\u00e1zku \u201eMohu j\u00edt na venkovn\u00ed sportovi\u0161t\u011b?\u201c doslova \u0159ekl: \u201ePokud hovo\u0159\u00edme o&nbsp;zevn\u00edch sportovi\u0161t\u00edch, Tak tam samoz\u0159ejm\u011b mohu provozovat individu\u00e1ln\u00ed sport, nicm\u00e9n\u011b jsou tady velmi tvrd\u00e1 omezen\u00ed, kdy v&nbsp;podstat\u011b tam teoreticky mohou b\u00fdt pouze 2&nbsp;osoby\u201c.<img loading=\"lazy\" decoding=\"async\" src=\"http:\/\/cztenis.cz\/data\/4072\/primula.jpg\" alt=\"\" width=\"500\" height=\"375\"><\/p>\n","protected":false},"excerpt":{"rendered":"<p>Ve \u010dtvrtek to vypadalo, \u017ee ne. V p\u00e1tek: Kluby mohou otev\u0159\u00edt venkovn\u00ed kurty pro ve\u0159ejnost. Prymula povoluje provozov\u00e1n\u00ed otev\u0159en\u00fdch sportovi\u0161\u0165 23.10.2020 \u010cesk\u00fd tenisov\u00fd svaz d\u00e1v\u00e1 zelenou v\u0161em klub\u016fm \u010cTS pro otev\u0159en\u00ed sv\u00fdch venkovn\u00edch sportovi\u0161\u0165 a to na z\u00e1klad\u011b vyj\u00e1d\u0159en\u00ed ministra zdravotnictv\u00ed Romana Prymuly viz video:&nbsp;https:\/\/twitter.com\/\u2026851206193152. Prymula na ot\u00e1zku \u201eMohu j\u00edt na venkovn\u00ed sportovi\u0161t\u011b?\u201c doslova \u0159ekl: [&hellip;]<\/p>\n","protected":false},"author":2,"featured_media":434,"comment_status":"open","ping_status":"open","sticky":false,"template":"","format":"standard","meta":{"_monsterinsights_skip_tracking":false,"_monsterinsights_sitenote_active":false,"_monsterinsights_sitenote_note":"","_monsterinsights_sitenote_category":0,"footnotes":""},"categories":[10],"tags":[],"yoast_head":"<!-- This site is optimized with the Yoast SEO plugin v24.5 - https:\/\/yoast.com\/wordpress\/plugins\/seo\/ -->\n<title>M\u016f\u017eeme hr\u00e1t tenis venku? - LTC Pardubice<\/title>\n<meta name=\"robots\" content=\"index, follow, max-snippet:-1, max-image-preview:large, max-video-preview:-1\" \/>\n<link rel=\"canonical\" href=\"https:\/\/www.ltcpardubice.cz\/?p=5956\" \/>\n<meta property=\"og:locale\" content=\"cs_CZ\" \/>\n<meta property=\"og:type\" content=\"article\" \/>\n<meta property=\"og:title\" content=\"M\u016f\u017eeme hr\u00e1t tenis venku? - LTC Pardubice\" \/>\n<meta property=\"og:description\" content=\"Ve \u010dtvrtek to vypadalo, \u017ee ne. V p\u00e1tek: Kluby mohou otev\u0159\u00edt venkovn\u00ed kurty pro ve\u0159ejnost. Prymula povoluje provozov\u00e1n\u00ed otev\u0159en\u00fdch sportovi\u0161\u0165 23.10.2020 \u010cesk\u00fd tenisov\u00fd svaz d\u00e1v\u00e1 zelenou v\u0161em klub\u016fm \u010cTS pro otev\u0159en\u00ed sv\u00fdch venkovn\u00edch sportovi\u0161\u0165 a to na z\u00e1klad\u011b vyj\u00e1d\u0159en\u00ed ministra zdravotnictv\u00ed Romana Prymuly viz video:&nbsp;https:\/\/twitter.com\/\u2026851206193152. Prymula na ot\u00e1zku \u201eMohu j\u00edt na venkovn\u00ed sportovi\u0161t\u011b?\u201c doslova \u0159ekl: [&hellip;]\" \/>\n<meta property=\"og:url\" content=\"https:\/\/www.ltcpardubice.cz\/?p=5956\" \/>\n<meta property=\"og:site_name\" content=\"LTC Pardubice\" \/>\n<meta property=\"article:published_time\" content=\"2020-10-23T20:02:50+00:00\" \/>\n<meta property=\"article:modified_time\" content=\"2020-10-24T19:38:31+00:00\" \/>\n<meta property=\"og:image\" content=\"https:\/\/www.ltcpardubice.cz\/wp-content\/uploads\/2020\/06\/ltcpardubice.jpeg\" \/>\n\t<meta property=\"og:image:width\" content=\"259\" \/>\n\t<meta property=\"og:image:height\" content=\"194\" \/>\n\t<meta property=\"og:image:type\" content=\"image\/jpeg\" \/>\n<meta name=\"author\" content=\"Eva Z\u00e1labsk\u00e1\" \/>\n<meta name=\"twitter:card\" content=\"summary_large_image\" \/>\n<meta name=\"twitter:label1\" content=\"Napsal(a)\" \/>\n\t<meta name=\"twitter:data1\" content=\"Eva Z\u00e1labsk\u00e1\" \/>\n\t<meta name=\"twitter:label2\" content=\"Odhadovan\u00e1 doba \u010dten\u00ed\" \/>\n\t<meta name=\"twitter:data2\" content=\"1 minuta\" \/>\n<script type=\"application\/ld+json\" class=\"yoast-schema-graph\">{\"@context\":\"https:\/\/schema.org\",\"@graph\":[{\"@type\":\"WebPage\",\"@id\":\"https:\/\/www.ltcpardubice.cz\/?p=5956\",\"url\":\"https:\/\/www.ltcpardubice.cz\/?p=5956\",\"name\":\"M\u016f\u017eeme hr\u00e1t tenis venku? - LTC Pardubice\",\"isPartOf\":{\"@id\":\"https:\/\/www.ltcpardubice.cz\/#website\"},\"primaryImageOfPage\":{\"@id\":\"https:\/\/www.ltcpardubice.cz\/?p=5956#primaryimage\"},\"image\":{\"@id\":\"https:\/\/www.ltcpardubice.cz\/?p=5956#primaryimage\"},\"thumbnailUrl\":\"https:\/\/www.ltcpardubice.cz\/wp-content\/uploads\/2020\/06\/ltcpardubice.jpeg\",\"datePublished\":\"2020-10-23T20:02:50+00:00\",\"dateModified\":\"2020-10-24T19:38:31+00:00\",\"author\":{\"@id\":\"https:\/\/www.ltcpardubice.cz\/#\/schema\/person\/8f5f3a741b9adea57419864489f31541\"},\"breadcrumb\":{\"@id\":\"https:\/\/www.ltcpardubice.cz\/?p=5956#breadcrumb\"},\"inLanguage\":\"cs\",\"potentialAction\":[{\"@type\":\"ReadAction\",\"target\":[\"https:\/\/www.ltcpardubice.cz\/?p=5956\"]}]},{\"@type\":\"ImageObject\",\"inLanguage\":\"cs\",\"@id\":\"https:\/\/www.ltcpardubice.cz\/?p=5956#primaryimage\",\"url\":\"https:\/\/www.ltcpardubice.cz\/wp-content\/uploads\/2020\/06\/ltcpardubice.jpeg\",\"contentUrl\":\"https:\/\/www.ltcpardubice.cz\/wp-content\/uploads\/2020\/06\/ltcpardubice.jpeg\",\"width\":259,\"height\":194},{\"@type\":\"BreadcrumbList\",\"@id\":\"https:\/\/www.ltcpardubice.cz\/?p=5956#breadcrumb\",\"itemListElement\":[{\"@type\":\"ListItem\",\"position\":1,\"name\":\"Home\",\"item\":\"https:\/\/www.ltcpardubice.cz\/\"},{\"@type\":\"ListItem\",\"position\":2,\"name\":\"M\u016f\u017eeme hr\u00e1t tenis venku?\"}]},{\"@type\":\"WebSite\",\"@id\":\"https:\/\/www.ltcpardubice.cz\/#website\",\"url\":\"https:\/\/www.ltcpardubice.cz\/\",\"name\":\"LTC Pardubice\",\"description\":\"Str\u00e1nky tenisov\u00e9ho klubu LTC Pardubice\",\"potentialAction\":[{\"@type\":\"SearchAction\",\"target\":{\"@type\":\"EntryPoint\",\"urlTemplate\":\"https:\/\/www.ltcpardubice.cz\/?s={search_term_string}\"},\"query-input\":{\"@type\":\"PropertyValueSpecification\",\"valueRequired\":true,\"valueName\":\"search_term_string\"}}],\"inLanguage\":\"cs\"},{\"@type\":\"Person\",\"@id\":\"https:\/\/www.ltcpardubice.cz\/#\/schema\/person\/8f5f3a741b9adea57419864489f31541\",\"name\":\"Eva Z\u00e1labsk\u00e1\",\"image\":{\"@type\":\"ImageObject\",\"inLanguage\":\"cs\",\"@id\":\"https:\/\/www.ltcpardubice.cz\/#\/schema\/person\/image\/\",\"url\":\"https:\/\/secure.gravatar.com\/avatar\/fece9555d8859e0080e4a5ae7edcc925?s=96&d=mm&r=g\",\"contentUrl\":\"https:\/\/secure.gravatar.com\/avatar\/fece9555d8859e0080e4a5ae7edcc925?s=96&d=mm&r=g\",\"caption\":\"Eva Z\u00e1labsk\u00e1\"},\"url\":\"https:\/\/www.ltcpardubice.cz\/?author=2\"}]}<\/script>\n<!-- \/ Yoast SEO plugin. -->","yoast_head_json":{"title":"M\u016f\u017eeme hr\u00e1t tenis venku? - LTC Pardubice","robots":{"index":"index","follow":"follow","max-snippet":"max-snippet:-1","max-image-preview":"max-image-preview:large","max-video-preview":"max-video-preview:-1"},"canonical":"https:\/\/www.ltcpardubice.cz\/?p=5956","og_locale":"cs_CZ","og_type":"article","og_title":"M\u016f\u017eeme hr\u00e1t tenis venku? - LTC Pardubice","og_description":"Ve \u010dtvrtek to vypadalo, \u017ee ne. V p\u00e1tek: Kluby mohou otev\u0159\u00edt venkovn\u00ed kurty pro ve\u0159ejnost. Prymula povoluje provozov\u00e1n\u00ed otev\u0159en\u00fdch sportovi\u0161\u0165 23.10.2020 \u010cesk\u00fd tenisov\u00fd svaz d\u00e1v\u00e1 zelenou v\u0161em klub\u016fm \u010cTS pro otev\u0159en\u00ed sv\u00fdch venkovn\u00edch sportovi\u0161\u0165 a to na z\u00e1klad\u011b vyj\u00e1d\u0159en\u00ed ministra zdravotnictv\u00ed Romana Prymuly viz video:&nbsp;https:\/\/twitter.com\/\u2026851206193152. Prymula na ot\u00e1zku \u201eMohu j\u00edt na venkovn\u00ed sportovi\u0161t\u011b?\u201c doslova \u0159ekl: [&hellip;]","og_url":"https:\/\/www.ltcpardubice.cz\/?p=5956","og_site_name":"LTC Pardubice","article_published_time":"2020-10-23T20:02:50+00:00","article_modified_time":"2020-10-24T19:38:31+00:00","og_image":[{"width":259,"height":194,"url":"https:\/\/www.ltcpardubice.cz\/wp-content\/uploads\/2020\/06\/ltcpardubice.jpeg","type":"image\/jpeg"}],"author":"Eva Z\u00e1labsk\u00e1","twitter_card":"summary_large_image","twitter_misc":{"Napsal(a)":"Eva Z\u00e1labsk\u00e1","Odhadovan\u00e1 doba \u010dten\u00ed":"1 minuta"},"schema":{"@context":"https:\/\/schema.org","@graph":[{"@type":"WebPage","@id":"https:\/\/www.ltcpardubice.cz\/?p=5956","url":"https:\/\/www.ltcpardubice.cz\/?p=5956","name":"M\u016f\u017eeme hr\u00e1t tenis venku? - LTC Pardubice","isPartOf":{"@id":"https:\/\/www.ltcpardubice.cz\/#website"},"primaryImageOfPage":{"@id":"https:\/\/www.ltcpardubice.cz\/?p=5956#primaryimage"},"image":{"@id":"https:\/\/www.ltcpardubice.cz\/?p=5956#primaryimage"},"thumbnailUrl":"https:\/\/www.ltcpardubice.cz\/wp-content\/uploads\/2020\/06\/ltcpardubice.jpeg","datePublished":"2020-10-23T20:02:50+00:00","dateModified":"2020-10-24T19:38:31+00:00","author":{"@id":"https:\/\/www.ltcpardubice.cz\/#\/schema\/person\/8f5f3a741b9adea57419864489f31541"},"breadcrumb":{"@id":"https:\/\/www.ltcpardubice.cz\/?p=5956#breadcrumb"},"inLanguage":"cs","potentialAction":[{"@type":"ReadAction","target":["https:\/\/www.ltcpardubice.cz\/?p=5956"]}]},{"@type":"ImageObject","inLanguage":"cs","@id":"https:\/\/www.ltcpardubice.cz\/?p=5956#primaryimage","url":"https:\/\/www.ltcpardubice.cz\/wp-content\/uploads\/2020\/06\/ltcpardubice.jpeg","contentUrl":"https:\/\/www.ltcpardubice.cz\/wp-content\/uploads\/2020\/06\/ltcpardubice.jpeg","width":259,"height":194},{"@type":"BreadcrumbList","@id":"https:\/\/www.ltcpardubice.cz\/?p=5956#breadcrumb","itemListElement":[{"@type":"ListItem","position":1,"name":"Home","item":"https:\/\/www.ltcpardubice.cz\/"},{"@type":"ListItem","position":2,"name":"M\u016f\u017eeme hr\u00e1t tenis venku?"}]},{"@type":"WebSite","@id":"https:\/\/www.ltcpardubice.cz\/#website","url":"https:\/\/www.ltcpardubice.cz\/","name":"LTC Pardubice","description":"Str\u00e1nky tenisov\u00e9ho klubu LTC Pardubice","potentialAction":[{"@type":"SearchAction","target":{"@type":"EntryPoint","urlTemplate":"https:\/\/www.ltcpardubice.cz\/?s={search_term_string}"},"query-input":{"@type":"PropertyValueSpecification","valueRequired":true,"valueName":"search_term_string"}}],"inLanguage":"cs"},{"@type":"Person","@id":"https:\/\/www.ltcpardubice.cz\/#\/schema\/person\/8f5f3a741b9adea57419864489f31541","name":"Eva Z\u00e1labsk\u00e1","image":{"@type":"ImageObject","inLanguage":"cs","@id":"https:\/\/www.ltcpardubice.cz\/#\/schema\/person\/image\/","url":"https:\/\/secure.gravatar.com\/avatar\/fece9555d8859e0080e4a5ae7edcc925?s=96&d=mm&r=g","contentUrl":"https:\/\/secure.gravatar.com\/avatar\/fece9555d8859e0080e4a5ae7edcc925?s=96&d=mm&r=g","caption":"Eva Z\u00e1labsk\u00e1"},"url":"https:\/\/www.ltcpardubice.cz\/?author=2"}]}},"brizy_media":[],"_links":{"self":[{"href":"https:\/\/www.ltcpardubice.cz\/index.php?rest_route=\/wp\/v2\/posts\/5956"}],"collection":[{"href":"https:\/\/www.ltcpardubice.cz\/index.php?rest_route=\/wp\/v2\/posts"}],"about":[{"href":"https:\/\/www.ltcpardubice.cz\/index.php?rest_route=\/wp\/v2\/types\/post"}],"author":[{"embeddable":true,"href":"https:\/\/www.ltcpardubice.cz\/index.php?rest_route=\/wp\/v2\/users\/2"}],"replies":[{"embeddable":true,"href":"https:\/\/www.ltcpardubice.cz\/index.php?rest_route=%2Fwp%2Fv2%2Fcomments&post=5956"}],"version-history":[{"count":1,"href":"https:\/\/www.ltcpardubice.cz\/index.php?rest_route=\/wp\/v2\/posts\/5956\/revisions"}],"predecessor-version":[{"id":5957,"href":"https:\/\/www.ltcpardubice.cz\/index.php?rest_route=\/wp\/v2\/posts\/5956\/revisions\/5957"}],"wp:featuredmedia":[{"embeddable":true,"href":"https:\/\/www.ltcpardubice.cz\/index.php?rest_route=\/wp\/v2\/media\/434"}],"wp:attachment":[{"href":"https:\/\/www.ltcpardubice.cz\/index.php?rest_route=%2Fwp%2Fv2%2Fmedia&parent=5956"}],"wp:term":[{"taxonomy":"category","embeddable":true,"href":"https:\/\/www.ltcpardubice.cz\/index.php?rest_route=%2Fwp%2Fv2%2Fcategories&post=5956"},{"taxonomy":"post_tag","embeddable":true,"href":"https:\/\/www.ltcpardubice.cz\/index.php?rest_route=%2Fwp%2Fv2%2Ftags&post=5956"}],"curies":[{"name":"wp","href":"https:\/\/api.w.org\/{rel}","templated":true}]}}