{"id":6130,"date":"2020-11-30T16:01:00","date_gmt":"2020-11-30T16:01:00","guid":{"rendered":"https:\/\/www.ltcpardubice.cz\/?p=6130"},"modified":"2020-12-11T09:58:25","modified_gmt":"2020-12-11T09:58:25","slug":"tenisova-extraliga-bude","status":"publish","type":"post","link":"https:\/\/www.ltcpardubice.cz\/?p=6130","title":{"rendered":"Tenisov\u00e1 extraliga bude"},"content":{"rendered":"\n<p>Tenisov\u00e1 extraliga 2020 se odehraje v term\u00ednu 12.-16.12.2020 v \u0158\u00ed\u00ad\u010danech a Prost\u011bjov\u011b. Ze sout\u011b\u017ee se odhl\u00e1sily t\u00fdmy Jihlavy a Severo\u010desk\u00e9, co\u017e sout\u011b\u017e zjednodu\u0161ilo. Bude se hr\u00e1t ve dvou skupin\u00e1ch (\u0158\u00ed\u010dany a Prost\u011bjov) po t\u0159ech t\u00fdmech syst\u00e9mem ka\u017ed\u00fd s ka\u017ed\u00fdm a v\u00edt\u011bz skupiny postoup\u00ed do fin\u00e1le (v \u0158\u00ed\u010danech). V prost\u011bjovsk\u00e9 skupin\u011b je: Prost\u011bjov, P\u0159erov a Pardubice, v \u0159\u00ed\u010dansk\u00e9 skupin\u011b: \u0160tvanice, Sparta, \u0158\u00ed\u010dany. <\/p>\n","protected":false},"excerpt":{"rendered":"<p>Tenisov\u00e1 extraliga 2020 se odehraje v term\u00ednu 12.-16.12.2020 v \u0158\u00ed\u00ad\u010danech a Prost\u011bjov\u011b. Ze sout\u011b\u017ee se odhl\u00e1sily t\u00fdmy Jihlavy a Severo\u010desk\u00e9, co\u017e sout\u011b\u017e zjednodu\u0161ilo. Bude se hr\u00e1t ve dvou skupin\u00e1ch (\u0158\u00ed\u010dany a Prost\u011bjov) po t\u0159ech t\u00fdmech syst\u00e9mem ka\u017ed\u00fd s ka\u017ed\u00fdm a v\u00edt\u011bz skupiny postoup\u00ed do fin\u00e1le (v \u0158\u00ed\u010danech). V prost\u011bjovsk\u00e9 skupin\u011b je: Prost\u011bjov, P\u0159erov a Pardubice, [&hellip;]<\/p>\n","protected":false},"author":2,"featured_media":6132,"comment_status":"open","ping_status":"open","sticky":false,"template":"","format":"standard","meta":{"_monsterinsights_skip_tracking":false,"_monsterinsights_sitenote_active":false,"_monsterinsights_sitenote_note":"","_monsterinsights_sitenote_category":0,"footnotes":""},"categories":[10],"tags":[],"yoast_head":"<!-- This site is optimized with the Yoast SEO plugin v24.5 - https:\/\/yoast.com\/wordpress\/plugins\/seo\/ -->\n<title>Tenisov\u00e1 extraliga bude - LTC Pardubice<\/title>\n<meta name=\"robots\" content=\"index, follow, max-snippet:-1, max-image-preview:large, max-video-preview:-1\" \/>\n<link rel=\"canonical\" href=\"https:\/\/www.ltcpardubice.cz\/?p=6130\" \/>\n<meta property=\"og:locale\" content=\"cs_CZ\" \/>\n<meta property=\"og:type\" content=\"article\" \/>\n<meta property=\"og:title\" content=\"Tenisov\u00e1 extraliga bude - LTC Pardubice\" \/>\n<meta property=\"og:description\" content=\"Tenisov\u00e1 extraliga 2020 se odehraje v term\u00ednu 12.-16.12.2020 v \u0158\u00ed\u00ad\u010danech a Prost\u011bjov\u011b. Ze sout\u011b\u017ee se odhl\u00e1sily t\u00fdmy Jihlavy a Severo\u010desk\u00e9, co\u017e sout\u011b\u017e zjednodu\u0161ilo. Bude se hr\u00e1t ve dvou skupin\u00e1ch (\u0158\u00ed\u010dany a Prost\u011bjov) po t\u0159ech t\u00fdmech syst\u00e9mem ka\u017ed\u00fd s ka\u017ed\u00fdm a v\u00edt\u011bz skupiny postoup\u00ed do fin\u00e1le (v \u0158\u00ed\u010danech). V prost\u011bjovsk\u00e9 skupin\u011b je: Prost\u011bjov, P\u0159erov a Pardubice, [&hellip;]\" \/>\n<meta property=\"og:url\" content=\"https:\/\/www.ltcpardubice.cz\/?p=6130\" \/>\n<meta property=\"og:site_name\" content=\"LTC Pardubice\" \/>\n<meta property=\"article:published_time\" content=\"2020-11-30T16:01:00+00:00\" \/>\n<meta property=\"article:modified_time\" content=\"2020-12-11T09:58:25+00:00\" \/>\n<meta property=\"og:image\" content=\"https:\/\/www.ltcpardubice.cz\/wp-content\/uploads\/2020\/11\/koronavirus.png\" \/>\n\t<meta property=\"og:image:width\" content=\"300\" \/>\n\t<meta property=\"og:image:height\" content=\"168\" \/>\n\t<meta property=\"og:image:type\" content=\"image\/png\" \/>\n<meta name=\"author\" content=\"Eva Z\u00e1labsk\u00e1\" \/>\n<meta name=\"twitter:card\" content=\"summary_large_image\" \/>\n<meta name=\"twitter:label1\" content=\"Napsal(a)\" \/>\n\t<meta name=\"twitter:data1\" content=\"Eva Z\u00e1labsk\u00e1\" \/>\n<script type=\"application\/ld+json\" class=\"yoast-schema-graph\">{\"@context\":\"https:\/\/schema.org\",\"@graph\":[{\"@type\":\"WebPage\",\"@id\":\"https:\/\/www.ltcpardubice.cz\/?p=6130\",\"url\":\"https:\/\/www.ltcpardubice.cz\/?p=6130\",\"name\":\"Tenisov\u00e1 extraliga bude - LTC Pardubice\",\"isPartOf\":{\"@id\":\"https:\/\/www.ltcpardubice.cz\/#website\"},\"primaryImageOfPage\":{\"@id\":\"https:\/\/www.ltcpardubice.cz\/?p=6130#primaryimage\"},\"image\":{\"@id\":\"https:\/\/www.ltcpardubice.cz\/?p=6130#primaryimage\"},\"thumbnailUrl\":\"https:\/\/www.ltcpardubice.cz\/wp-content\/uploads\/2020\/11\/koronavirus.png\",\"datePublished\":\"2020-11-30T16:01:00+00:00\",\"dateModified\":\"2020-12-11T09:58:25+00:00\",\"author\":{\"@id\":\"https:\/\/www.ltcpardubice.cz\/#\/schema\/person\/8f5f3a741b9adea57419864489f31541\"},\"breadcrumb\":{\"@id\":\"https:\/\/www.ltcpardubice.cz\/?p=6130#breadcrumb\"},\"inLanguage\":\"cs\",\"potentialAction\":[{\"@type\":\"ReadAction\",\"target\":[\"https:\/\/www.ltcpardubice.cz\/?p=6130\"]}]},{\"@type\":\"ImageObject\",\"inLanguage\":\"cs\",\"@id\":\"https:\/\/www.ltcpardubice.cz\/?p=6130#primaryimage\",\"url\":\"https:\/\/www.ltcpardubice.cz\/wp-content\/uploads\/2020\/11\/koronavirus.png\",\"contentUrl\":\"https:\/\/www.ltcpardubice.cz\/wp-content\/uploads\/2020\/11\/koronavirus.png\",\"width\":300,\"height\":168},{\"@type\":\"BreadcrumbList\",\"@id\":\"https:\/\/www.ltcpardubice.cz\/?p=6130#breadcrumb\",\"itemListElement\":[{\"@type\":\"ListItem\",\"position\":1,\"name\":\"Home\",\"item\":\"https:\/\/www.ltcpardubice.cz\/\"},{\"@type\":\"ListItem\",\"position\":2,\"name\":\"Tenisov\u00e1 extraliga bude\"}]},{\"@type\":\"WebSite\",\"@id\":\"https:\/\/www.ltcpardubice.cz\/#website\",\"url\":\"https:\/\/www.ltcpardubice.cz\/\",\"name\":\"LTC Pardubice\",\"description\":\"Str\u00e1nky tenisov\u00e9ho klubu LTC Pardubice\",\"potentialAction\":[{\"@type\":\"SearchAction\",\"target\":{\"@type\":\"EntryPoint\",\"urlTemplate\":\"https:\/\/www.ltcpardubice.cz\/?s={search_term_string}\"},\"query-input\":{\"@type\":\"PropertyValueSpecification\",\"valueRequired\":true,\"valueName\":\"search_term_string\"}}],\"inLanguage\":\"cs\"},{\"@type\":\"Person\",\"@id\":\"https:\/\/www.ltcpardubice.cz\/#\/schema\/person\/8f5f3a741b9adea57419864489f31541\",\"name\":\"Eva Z\u00e1labsk\u00e1\",\"image\":{\"@type\":\"ImageObject\",\"inLanguage\":\"cs\",\"@id\":\"https:\/\/www.ltcpardubice.cz\/#\/schema\/person\/image\/\",\"url\":\"https:\/\/secure.gravatar.com\/avatar\/fece9555d8859e0080e4a5ae7edcc925?s=96&d=mm&r=g\",\"contentUrl\":\"https:\/\/secure.gravatar.com\/avatar\/fece9555d8859e0080e4a5ae7edcc925?s=96&d=mm&r=g\",\"caption\":\"Eva Z\u00e1labsk\u00e1\"},\"url\":\"https:\/\/www.ltcpardubice.cz\/?author=2\"}]}<\/script>\n<!-- \/ Yoast SEO plugin. -->","yoast_head_json":{"title":"Tenisov\u00e1 extraliga bude - LTC Pardubice","robots":{"index":"index","follow":"follow","max-snippet":"max-snippet:-1","max-image-preview":"max-image-preview:large","max-video-preview":"max-video-preview:-1"},"canonical":"https:\/\/www.ltcpardubice.cz\/?p=6130","og_locale":"cs_CZ","og_type":"article","og_title":"Tenisov\u00e1 extraliga bude - LTC Pardubice","og_description":"Tenisov\u00e1 extraliga 2020 se odehraje v term\u00ednu 12.-16.12.2020 v \u0158\u00ed\u00ad\u010danech a Prost\u011bjov\u011b. Ze sout\u011b\u017ee se odhl\u00e1sily t\u00fdmy Jihlavy a Severo\u010desk\u00e9, co\u017e sout\u011b\u017e zjednodu\u0161ilo. Bude se hr\u00e1t ve dvou skupin\u00e1ch (\u0158\u00ed\u010dany a Prost\u011bjov) po t\u0159ech t\u00fdmech syst\u00e9mem ka\u017ed\u00fd s ka\u017ed\u00fdm a v\u00edt\u011bz skupiny postoup\u00ed do fin\u00e1le (v \u0158\u00ed\u010danech). V prost\u011bjovsk\u00e9 skupin\u011b je: Prost\u011bjov, P\u0159erov a Pardubice, [&hellip;]","og_url":"https:\/\/www.ltcpardubice.cz\/?p=6130","og_site_name":"LTC Pardubice","article_published_time":"2020-11-30T16:01:00+00:00","article_modified_time":"2020-12-11T09:58:25+00:00","og_image":[{"width":300,"height":168,"url":"https:\/\/www.ltcpardubice.cz\/wp-content\/uploads\/2020\/11\/koronavirus.png","type":"image\/png"}],"author":"Eva Z\u00e1labsk\u00e1","twitter_card":"summary_large_image","twitter_misc":{"Napsal(a)":"Eva Z\u00e1labsk\u00e1"},"schema":{"@context":"https:\/\/schema.org","@graph":[{"@type":"WebPage","@id":"https:\/\/www.ltcpardubice.cz\/?p=6130","url":"https:\/\/www.ltcpardubice.cz\/?p=6130","name":"Tenisov\u00e1 extraliga bude - LTC Pardubice","isPartOf":{"@id":"https:\/\/www.ltcpardubice.cz\/#website"},"primaryImageOfPage":{"@id":"https:\/\/www.ltcpardubice.cz\/?p=6130#primaryimage"},"image":{"@id":"https:\/\/www.ltcpardubice.cz\/?p=6130#primaryimage"},"thumbnailUrl":"https:\/\/www.ltcpardubice.cz\/wp-content\/uploads\/2020\/11\/koronavirus.png","datePublished":"2020-11-30T16:01:00+00:00","dateModified":"2020-12-11T09:58:25+00:00","author":{"@id":"https:\/\/www.ltcpardubice.cz\/#\/schema\/person\/8f5f3a741b9adea57419864489f31541"},"breadcrumb":{"@id":"https:\/\/www.ltcpardubice.cz\/?p=6130#breadcrumb"},"inLanguage":"cs","potentialAction":[{"@type":"ReadAction","target":["https:\/\/www.ltcpardubice.cz\/?p=6130"]}]},{"@type":"ImageObject","inLanguage":"cs","@id":"https:\/\/www.ltcpardubice.cz\/?p=6130#primaryimage","url":"https:\/\/www.ltcpardubice.cz\/wp-content\/uploads\/2020\/11\/koronavirus.png","contentUrl":"https:\/\/www.ltcpardubice.cz\/wp-content\/uploads\/2020\/11\/koronavirus.png","width":300,"height":168},{"@type":"BreadcrumbList","@id":"https:\/\/www.ltcpardubice.cz\/?p=6130#breadcrumb","itemListElement":[{"@type":"ListItem","position":1,"name":"Home","item":"https:\/\/www.ltcpardubice.cz\/"},{"@type":"ListItem","position":2,"name":"Tenisov\u00e1 extraliga bude"}]},{"@type":"WebSite","@id":"https:\/\/www.ltcpardubice.cz\/#website","url":"https:\/\/www.ltcpardubice.cz\/","name":"LTC Pardubice","description":"Str\u00e1nky tenisov\u00e9ho klubu LTC Pardubice","potentialAction":[{"@type":"SearchAction","target":{"@type":"EntryPoint","urlTemplate":"https:\/\/www.ltcpardubice.cz\/?s={search_term_string}"},"query-input":{"@type":"PropertyValueSpecification","valueRequired":true,"valueName":"search_term_string"}}],"inLanguage":"cs"},{"@type":"Person","@id":"https:\/\/www.ltcpardubice.cz\/#\/schema\/person\/8f5f3a741b9adea57419864489f31541","name":"Eva Z\u00e1labsk\u00e1","image":{"@type":"ImageObject","inLanguage":"cs","@id":"https:\/\/www.ltcpardubice.cz\/#\/schema\/person\/image\/","url":"https:\/\/secure.gravatar.com\/avatar\/fece9555d8859e0080e4a5ae7edcc925?s=96&d=mm&r=g","contentUrl":"https:\/\/secure.gravatar.com\/avatar\/fece9555d8859e0080e4a5ae7edcc925?s=96&d=mm&r=g","caption":"Eva Z\u00e1labsk\u00e1"},"url":"https:\/\/www.ltcpardubice.cz\/?author=2"}]}},"brizy_media":[],"_links":{"self":[{"href":"https:\/\/www.ltcpardubice.cz\/index.php?rest_route=\/wp\/v2\/posts\/6130"}],"collection":[{"href":"https:\/\/www.ltcpardubice.cz\/index.php?rest_route=\/wp\/v2\/posts"}],"about":[{"href":"https:\/\/www.ltcpardubice.cz\/index.php?rest_route=\/wp\/v2\/types\/post"}],"author":[{"embeddable":true,"href":"https:\/\/www.ltcpardubice.cz\/index.php?rest_route=\/wp\/v2\/users\/2"}],"replies":[{"embeddable":true,"href":"https:\/\/www.ltcpardubice.cz\/index.php?rest_route=%2Fwp%2Fv2%2Fcomments&post=6130"}],"version-history":[{"count":1,"href":"https:\/\/www.ltcpardubice.cz\/index.php?rest_route=\/wp\/v2\/posts\/6130\/revisions"}],"predecessor-version":[{"id":6133,"href":"https:\/\/www.ltcpardubice.cz\/index.php?rest_route=\/wp\/v2\/posts\/6130\/revisions\/6133"}],"wp:featuredmedia":[{"embeddable":true,"href":"https:\/\/www.ltcpardubice.cz\/index.php?rest_route=\/wp\/v2\/media\/6132"}],"wp:attachment":[{"href":"https:\/\/www.ltcpardubice.cz\/index.php?rest_route=%2Fwp%2Fv2%2Fmedia&parent=6130"}],"wp:term":[{"taxonomy":"category","embeddable":true,"href":"https:\/\/www.ltcpardubice.cz\/index.php?rest_route=%2Fwp%2Fv2%2Fcategories&post=6130"},{"taxonomy":"post_tag","embeddable":true,"href":"https:\/\/www.ltcpardubice.cz\/index.php?rest_route=%2Fwp%2Fv2%2Ftags&post=6130"}],"curies":[{"name":"wp","href":"https:\/\/api.w.org\/{rel}","templated":true}]}}