{"id":6448,"date":"2020-12-15T08:13:57","date_gmt":"2020-12-15T08:13:57","guid":{"rendered":"https:\/\/www.ltcpardubice.cz\/?p=6448"},"modified":"2020-12-15T09:09:48","modified_gmt":"2020-12-15T09:09:48","slug":"tenisova-extraliga-2020","status":"publish","type":"post","link":"https:\/\/www.ltcpardubice.cz\/?p=6448","title":{"rendered":"Tenisov\u00e1 extraliga 2020"},"content":{"rendered":"\n<p>V Prost\u011bjov\u011b a v \u0158\u00ed\u010danech se odehr\u00e1lo semifin\u00e1le extraligy 2020. N\u00e1\u0161 celek byl nalosov\u00e1n do prost\u011bjovsk\u00e9 skupiny, kde se utkal 13.12. s Prechezou P\u0159erov a 14.12. s Prost\u011bjovem. Prost\u011bjov porazil v \u00favodn\u00edm z\u00e1pase 12.12. P\u0159erov 6:3. LTC bylo pos\u00edleno pouze 2 cizinci A. Martinem (ATP 101) a K. de Schepperem. Bohu\u017eel na\u0161e st\u00e1l\u00e1 opora U. Ignatik, moment\u00e1ln\u011b \u017eij\u00edc\u00ed v Rumunsku, nemohl vzhledem k povinn\u00e9 14 denn\u00ed karant\u00e9n\u011b po n\u00e1vratu p\u0159ijet. Vyp\u016fj\u010den\u00fd hr\u00e1\u010d na pozici 3 T. Jirou\u0161ek se na posledn\u00ed chv\u00edli zranil a tak mu\u017estvo doplnil druholigov\u00e1 \u0160. Van\u010du\u0159\u00edk. S P\u0159erovem jsme prohr\u00e1li 3:6, body p\u0159inesli V. Vlkovsk\u00e1, K. de Schepper a p\u00e1nsk\u00e1 \u010dty\u0159hra de Schepper, Van\u010du\u0159\u00edk. V z\u00e1pase s Prost\u011bjovem bodovala pouze Z. Z\u00e1labsk\u00e1, vyrovnan\u00e9 bitvy svedli A. Martin, K. de Schepper a V. Vlkovsk\u00e1. \u0160koda hor\u0161\u00ed formy 101. hr\u00e1\u010de sv\u011bta Slov\u00e1ka A. Martina, kter\u00fd bohu\u017eel bod neud\u011blal. Po 2 prohr\u00e1ch jsme spolu s \u0158\u00ed\u010dany obsadili d\u011blen\u00e9 5. a 6. m\u00edsto. Ve fin\u00e1le se utk\u00e1 Sparta Praha s Prost\u011bjovem, z\u00e1pas bude\u0161 vys\u00edlat \u010desk\u00e9 televize. V\u0161echny z\u00e1pasy a live score jsme mohli sledovat na streamu Vista Sport. <\/p>\n\n\n\n<p>Prost\u011bjov se stal druh\u00fdm finalistou tenisov\u00e9 extraligy &#8211; Sport.cz<\/p>\n\n\n\n<figure class=\"wp-block-table\"><table><tbody><tr><td><strong>Prost\u011bjov:<\/strong><\/td><\/tr><tr><td>P\u0159erov &#8211; Pardubice 6:3<\/td><\/tr><tr><td>Michnev &#8211; Van\u010du\u0159\u00edk 6:1, 6:1, Noskov\u00e1 &#8211; Z\u00e1labsk\u00e1 6:3, 6:3, Posp\u00ed\u0161il &#8211; Vlkovsk\u00fd 6:2, 6:3, Miklov\u00e1 &#8211; Vlkovsk\u00e1 2:6, 3:6, Klein &#8211; Martin 6:1, 6:4, Nejedl\u00fd &#8211; De Schepper 1:6, 2:6, Noskov\u00e1, Kub\u00e1\u0148ov\u00e1 &#8211; Vlkovsk\u00e1, Zalabsk\u00e1 6:3, 6:4, Klein, Michnev &#8211; Martin, Vlkovsk\u00fd 6:4, 6:4, Kellovsk\u00fd, Posp\u00ed\u0161il &#8211; De Schepper, Van\u010du\u0159\u00edk 6:4, 6:7, 9:11.<\/td><\/tr><tr><td>Prost\u011bjov &#8211; Pardubice 6:1<\/td><\/tr><tr><td>Svr\u010dina &#8211; Van\u010du\u0159\u00edk 6:1, 6:1, Poljak &#8211; Vlkovsk\u00fd 6:0, 6:1, Bejlek &#8211; Z\u00e1labsk\u00e1 3:6, 6:7, Klimovi\u010dov\u00e1 &#8211; Vlkovsk\u00e1 7:6, 5:7, 6:3, Lehe\u010dka &#8211; Martin 7:6, 6:3, Sa\u010dko &#8211; De Schepper 7:5, 7:6, Bejlek, \u0160truplov\u00e1 &#8211; Vlkovsk\u00e1, Z\u00e1labsk\u00e1 1:0 skre\u010d.<\/td><\/tr><tr><td>Kone\u010dn\u00e9 po\u0159ad\u00ed:<\/td><\/tr><tr><td>1. Prost\u011bjov 2\/2<\/td><\/tr><tr><td>2. P\u0159erov 2\/1<\/td><\/tr><tr><td>3. Pardubice 2\/0<\/td><\/tr><\/tbody><\/table><\/figure>\n\n\n\n<p>  <\/p>\n","protected":false},"excerpt":{"rendered":"<p>V Prost\u011bjov\u011b a v \u0158\u00ed\u010danech se odehr\u00e1lo semifin\u00e1le extraligy 2020. N\u00e1\u0161 celek byl nalosov\u00e1n do prost\u011bjovsk\u00e9 skupiny, kde se utkal 13.12. s Prechezou P\u0159erov a 14.12. s Prost\u011bjovem. Prost\u011bjov porazil v \u00favodn\u00edm z\u00e1pase 12.12. P\u0159erov 6:3. LTC bylo pos\u00edleno pouze 2 cizinci A. Martinem (ATP 101) a K. de Schepperem. Bohu\u017eel na\u0161e st\u00e1l\u00e1 opora U. [&hellip;]<\/p>\n","protected":false},"author":2,"featured_media":6449,"comment_status":"open","ping_status":"open","sticky":false,"template":"","format":"standard","meta":{"_monsterinsights_skip_tracking":false,"_monsterinsights_sitenote_active":false,"_monsterinsights_sitenote_note":"","_monsterinsights_sitenote_category":0,"footnotes":""},"categories":[10],"tags":[],"yoast_head":"<!-- This site is optimized with the Yoast SEO plugin v24.5 - https:\/\/yoast.com\/wordpress\/plugins\/seo\/ -->\n<title>Tenisov\u00e1 extraliga 2020 - LTC Pardubice<\/title>\n<meta name=\"robots\" content=\"index, follow, max-snippet:-1, max-image-preview:large, max-video-preview:-1\" \/>\n<link rel=\"canonical\" href=\"https:\/\/www.ltcpardubice.cz\/?p=6448\" \/>\n<meta property=\"og:locale\" content=\"cs_CZ\" \/>\n<meta property=\"og:type\" content=\"article\" \/>\n<meta property=\"og:title\" content=\"Tenisov\u00e1 extraliga 2020 - LTC Pardubice\" \/>\n<meta property=\"og:description\" content=\"V Prost\u011bjov\u011b a v \u0158\u00ed\u010danech se odehr\u00e1lo semifin\u00e1le extraligy 2020. N\u00e1\u0161 celek byl nalosov\u00e1n do prost\u011bjovsk\u00e9 skupiny, kde se utkal 13.12. s Prechezou P\u0159erov a 14.12. s Prost\u011bjovem. Prost\u011bjov porazil v \u00favodn\u00edm z\u00e1pase 12.12. P\u0159erov 6:3. LTC bylo pos\u00edleno pouze 2 cizinci A. Martinem (ATP 101) a K. de Schepperem. Bohu\u017eel na\u0161e st\u00e1l\u00e1 opora U. [&hellip;]\" \/>\n<meta property=\"og:url\" content=\"https:\/\/www.ltcpardubice.cz\/?p=6448\" \/>\n<meta property=\"og:site_name\" content=\"LTC Pardubice\" \/>\n<meta property=\"article:published_time\" content=\"2020-12-15T08:13:57+00:00\" \/>\n<meta property=\"article:modified_time\" content=\"2020-12-15T09:09:48+00:00\" \/>\n<meta property=\"og:image\" content=\"https:\/\/www.ltcpardubice.cz\/wp-content\/uploads\/2020\/12\/zuzka.jpg\" \/>\n\t<meta property=\"og:image:width\" content=\"300\" \/>\n\t<meta property=\"og:image:height\" content=\"200\" \/>\n\t<meta property=\"og:image:type\" content=\"image\/jpeg\" \/>\n<meta name=\"author\" content=\"Eva Z\u00e1labsk\u00e1\" \/>\n<meta name=\"twitter:card\" content=\"summary_large_image\" \/>\n<meta name=\"twitter:label1\" content=\"Napsal(a)\" \/>\n\t<meta name=\"twitter:data1\" content=\"Eva Z\u00e1labsk\u00e1\" \/>\n\t<meta name=\"twitter:label2\" content=\"Odhadovan\u00e1 doba \u010dten\u00ed\" \/>\n\t<meta name=\"twitter:data2\" content=\"2 minuty\" \/>\n<script type=\"application\/ld+json\" class=\"yoast-schema-graph\">{\"@context\":\"https:\/\/schema.org\",\"@graph\":[{\"@type\":\"WebPage\",\"@id\":\"https:\/\/www.ltcpardubice.cz\/?p=6448\",\"url\":\"https:\/\/www.ltcpardubice.cz\/?p=6448\",\"name\":\"Tenisov\u00e1 extraliga 2020 - LTC Pardubice\",\"isPartOf\":{\"@id\":\"https:\/\/www.ltcpardubice.cz\/#website\"},\"primaryImageOfPage\":{\"@id\":\"https:\/\/www.ltcpardubice.cz\/?p=6448#primaryimage\"},\"image\":{\"@id\":\"https:\/\/www.ltcpardubice.cz\/?p=6448#primaryimage\"},\"thumbnailUrl\":\"https:\/\/www.ltcpardubice.cz\/wp-content\/uploads\/2020\/12\/zuzka.jpg\",\"datePublished\":\"2020-12-15T08:13:57+00:00\",\"dateModified\":\"2020-12-15T09:09:48+00:00\",\"author\":{\"@id\":\"https:\/\/www.ltcpardubice.cz\/#\/schema\/person\/8f5f3a741b9adea57419864489f31541\"},\"breadcrumb\":{\"@id\":\"https:\/\/www.ltcpardubice.cz\/?p=6448#breadcrumb\"},\"inLanguage\":\"cs\",\"potentialAction\":[{\"@type\":\"ReadAction\",\"target\":[\"https:\/\/www.ltcpardubice.cz\/?p=6448\"]}]},{\"@type\":\"ImageObject\",\"inLanguage\":\"cs\",\"@id\":\"https:\/\/www.ltcpardubice.cz\/?p=6448#primaryimage\",\"url\":\"https:\/\/www.ltcpardubice.cz\/wp-content\/uploads\/2020\/12\/zuzka.jpg\",\"contentUrl\":\"https:\/\/www.ltcpardubice.cz\/wp-content\/uploads\/2020\/12\/zuzka.jpg\",\"width\":300,\"height\":200},{\"@type\":\"BreadcrumbList\",\"@id\":\"https:\/\/www.ltcpardubice.cz\/?p=6448#breadcrumb\",\"itemListElement\":[{\"@type\":\"ListItem\",\"position\":1,\"name\":\"Home\",\"item\":\"https:\/\/www.ltcpardubice.cz\/\"},{\"@type\":\"ListItem\",\"position\":2,\"name\":\"Tenisov\u00e1 extraliga 2020\"}]},{\"@type\":\"WebSite\",\"@id\":\"https:\/\/www.ltcpardubice.cz\/#website\",\"url\":\"https:\/\/www.ltcpardubice.cz\/\",\"name\":\"LTC Pardubice\",\"description\":\"Str\u00e1nky tenisov\u00e9ho klubu LTC Pardubice\",\"potentialAction\":[{\"@type\":\"SearchAction\",\"target\":{\"@type\":\"EntryPoint\",\"urlTemplate\":\"https:\/\/www.ltcpardubice.cz\/?s={search_term_string}\"},\"query-input\":{\"@type\":\"PropertyValueSpecification\",\"valueRequired\":true,\"valueName\":\"search_term_string\"}}],\"inLanguage\":\"cs\"},{\"@type\":\"Person\",\"@id\":\"https:\/\/www.ltcpardubice.cz\/#\/schema\/person\/8f5f3a741b9adea57419864489f31541\",\"name\":\"Eva Z\u00e1labsk\u00e1\",\"image\":{\"@type\":\"ImageObject\",\"inLanguage\":\"cs\",\"@id\":\"https:\/\/www.ltcpardubice.cz\/#\/schema\/person\/image\/\",\"url\":\"https:\/\/secure.gravatar.com\/avatar\/fece9555d8859e0080e4a5ae7edcc925?s=96&d=mm&r=g\",\"contentUrl\":\"https:\/\/secure.gravatar.com\/avatar\/fece9555d8859e0080e4a5ae7edcc925?s=96&d=mm&r=g\",\"caption\":\"Eva Z\u00e1labsk\u00e1\"},\"url\":\"https:\/\/www.ltcpardubice.cz\/?author=2\"}]}<\/script>\n<!-- \/ Yoast SEO plugin. -->","yoast_head_json":{"title":"Tenisov\u00e1 extraliga 2020 - LTC Pardubice","robots":{"index":"index","follow":"follow","max-snippet":"max-snippet:-1","max-image-preview":"max-image-preview:large","max-video-preview":"max-video-preview:-1"},"canonical":"https:\/\/www.ltcpardubice.cz\/?p=6448","og_locale":"cs_CZ","og_type":"article","og_title":"Tenisov\u00e1 extraliga 2020 - LTC Pardubice","og_description":"V Prost\u011bjov\u011b a v \u0158\u00ed\u010danech se odehr\u00e1lo semifin\u00e1le extraligy 2020. N\u00e1\u0161 celek byl nalosov\u00e1n do prost\u011bjovsk\u00e9 skupiny, kde se utkal 13.12. s Prechezou P\u0159erov a 14.12. s Prost\u011bjovem. Prost\u011bjov porazil v \u00favodn\u00edm z\u00e1pase 12.12. P\u0159erov 6:3. LTC bylo pos\u00edleno pouze 2 cizinci A. Martinem (ATP 101) a K. de Schepperem. Bohu\u017eel na\u0161e st\u00e1l\u00e1 opora U. [&hellip;]","og_url":"https:\/\/www.ltcpardubice.cz\/?p=6448","og_site_name":"LTC Pardubice","article_published_time":"2020-12-15T08:13:57+00:00","article_modified_time":"2020-12-15T09:09:48+00:00","og_image":[{"width":300,"height":200,"url":"https:\/\/www.ltcpardubice.cz\/wp-content\/uploads\/2020\/12\/zuzka.jpg","type":"image\/jpeg"}],"author":"Eva Z\u00e1labsk\u00e1","twitter_card":"summary_large_image","twitter_misc":{"Napsal(a)":"Eva Z\u00e1labsk\u00e1","Odhadovan\u00e1 doba \u010dten\u00ed":"2 minuty"},"schema":{"@context":"https:\/\/schema.org","@graph":[{"@type":"WebPage","@id":"https:\/\/www.ltcpardubice.cz\/?p=6448","url":"https:\/\/www.ltcpardubice.cz\/?p=6448","name":"Tenisov\u00e1 extraliga 2020 - LTC Pardubice","isPartOf":{"@id":"https:\/\/www.ltcpardubice.cz\/#website"},"primaryImageOfPage":{"@id":"https:\/\/www.ltcpardubice.cz\/?p=6448#primaryimage"},"image":{"@id":"https:\/\/www.ltcpardubice.cz\/?p=6448#primaryimage"},"thumbnailUrl":"https:\/\/www.ltcpardubice.cz\/wp-content\/uploads\/2020\/12\/zuzka.jpg","datePublished":"2020-12-15T08:13:57+00:00","dateModified":"2020-12-15T09:09:48+00:00","author":{"@id":"https:\/\/www.ltcpardubice.cz\/#\/schema\/person\/8f5f3a741b9adea57419864489f31541"},"breadcrumb":{"@id":"https:\/\/www.ltcpardubice.cz\/?p=6448#breadcrumb"},"inLanguage":"cs","potentialAction":[{"@type":"ReadAction","target":["https:\/\/www.ltcpardubice.cz\/?p=6448"]}]},{"@type":"ImageObject","inLanguage":"cs","@id":"https:\/\/www.ltcpardubice.cz\/?p=6448#primaryimage","url":"https:\/\/www.ltcpardubice.cz\/wp-content\/uploads\/2020\/12\/zuzka.jpg","contentUrl":"https:\/\/www.ltcpardubice.cz\/wp-content\/uploads\/2020\/12\/zuzka.jpg","width":300,"height":200},{"@type":"BreadcrumbList","@id":"https:\/\/www.ltcpardubice.cz\/?p=6448#breadcrumb","itemListElement":[{"@type":"ListItem","position":1,"name":"Home","item":"https:\/\/www.ltcpardubice.cz\/"},{"@type":"ListItem","position":2,"name":"Tenisov\u00e1 extraliga 2020"}]},{"@type":"WebSite","@id":"https:\/\/www.ltcpardubice.cz\/#website","url":"https:\/\/www.ltcpardubice.cz\/","name":"LTC Pardubice","description":"Str\u00e1nky tenisov\u00e9ho klubu LTC Pardubice","potentialAction":[{"@type":"SearchAction","target":{"@type":"EntryPoint","urlTemplate":"https:\/\/www.ltcpardubice.cz\/?s={search_term_string}"},"query-input":{"@type":"PropertyValueSpecification","valueRequired":true,"valueName":"search_term_string"}}],"inLanguage":"cs"},{"@type":"Person","@id":"https:\/\/www.ltcpardubice.cz\/#\/schema\/person\/8f5f3a741b9adea57419864489f31541","name":"Eva Z\u00e1labsk\u00e1","image":{"@type":"ImageObject","inLanguage":"cs","@id":"https:\/\/www.ltcpardubice.cz\/#\/schema\/person\/image\/","url":"https:\/\/secure.gravatar.com\/avatar\/fece9555d8859e0080e4a5ae7edcc925?s=96&d=mm&r=g","contentUrl":"https:\/\/secure.gravatar.com\/avatar\/fece9555d8859e0080e4a5ae7edcc925?s=96&d=mm&r=g","caption":"Eva Z\u00e1labsk\u00e1"},"url":"https:\/\/www.ltcpardubice.cz\/?author=2"}]}},"brizy_media":[],"_links":{"self":[{"href":"https:\/\/www.ltcpardubice.cz\/index.php?rest_route=\/wp\/v2\/posts\/6448"}],"collection":[{"href":"https:\/\/www.ltcpardubice.cz\/index.php?rest_route=\/wp\/v2\/posts"}],"about":[{"href":"https:\/\/www.ltcpardubice.cz\/index.php?rest_route=\/wp\/v2\/types\/post"}],"author":[{"embeddable":true,"href":"https:\/\/www.ltcpardubice.cz\/index.php?rest_route=\/wp\/v2\/users\/2"}],"replies":[{"embeddable":true,"href":"https:\/\/www.ltcpardubice.cz\/index.php?rest_route=%2Fwp%2Fv2%2Fcomments&post=6448"}],"version-history":[{"count":2,"href":"https:\/\/www.ltcpardubice.cz\/index.php?rest_route=\/wp\/v2\/posts\/6448\/revisions"}],"predecessor-version":[{"id":6451,"href":"https:\/\/www.ltcpardubice.cz\/index.php?rest_route=\/wp\/v2\/posts\/6448\/revisions\/6451"}],"wp:featuredmedia":[{"embeddable":true,"href":"https:\/\/www.ltcpardubice.cz\/index.php?rest_route=\/wp\/v2\/media\/6449"}],"wp:attachment":[{"href":"https:\/\/www.ltcpardubice.cz\/index.php?rest_route=%2Fwp%2Fv2%2Fmedia&parent=6448"}],"wp:term":[{"taxonomy":"category","embeddable":true,"href":"https:\/\/www.ltcpardubice.cz\/index.php?rest_route=%2Fwp%2Fv2%2Fcategories&post=6448"},{"taxonomy":"post_tag","embeddable":true,"href":"https:\/\/www.ltcpardubice.cz\/index.php?rest_route=%2Fwp%2Fv2%2Ftags&post=6448"}],"curies":[{"name":"wp","href":"https:\/\/api.w.org\/{rel}","templated":true}]}}