{"id":6452,"date":"2020-12-16T13:22:32","date_gmt":"2020-12-16T13:22:32","guid":{"rendered":"https:\/\/www.ltcpardubice.cz\/?p=6452"},"modified":"2020-12-16T13:22:33","modified_gmt":"2020-12-16T13:22:33","slug":"uzavreni-haly-od-18-12-2020-0000-hod-do-23-12-2359","status":"publish","type":"post","link":"https:\/\/www.ltcpardubice.cz\/?p=6452","title":{"rendered":"Uzav\u0159en\u00ed haly od 18.12.2020 00:00 hod. do 23.12. 23:59"},"content":{"rendered":"\n<p>Dle vl\u00e1dn\u00edho usnesen\u00ed \u010cesk\u00e9 republiky ze dne 14.12.2020 \u010d. 1332 o p\u0159ijet\u00ed krizov\u00e9ho opat\u0159en\u00ed. S \u00fa\u010dinnost\u00ed od 18.12. 00:00 se dle \u010dl\u00e1nku 2 odst. g ZAKAZUJE provoz a pou\u017e\u00edv\u00e1n\u00ed sportovi\u0161\u0165 ve vnit\u0159n\u00edch prostorech staveb (nap\u0159. t\u011blocvi\u010dny, h\u0159i\u0161t\u011b, kluzi\u0161t\u011b, KURTY, ringy,&#8230;..) a vnit\u0159n\u00edch prostor venkovn\u00edch sportovi\u0161\u0165 s n\u011bkolika v\u00fdjimkami mezi kter\u00e9 pat\u0159\u00ed sportovn\u00ed p\u0159\u00edprava profesion\u00e1ln\u00edch sportovc\u016f a podnikatelsk\u00e9 sportovn\u00ed \u010dinnosti v r\u00e1mci p\u0159\u00edpravy na sout\u011b\u017ee organizovan\u00fdch sportovn\u00edmi svazy. N\u00e1rodn\u00ed sportovn\u00ed agentura, \u010cesk\u00e1 unie sport\u016f a \u010cesk\u00fd tenisov\u00fd svaz intenzivn\u011b vyjedn\u00e1vaj\u00ed o otev\u0159en\u00ed alespo\u0148 vnit\u0159n\u00edch sportovi\u0161\u0165 pro individu\u00e1ln\u00ed sporty, kdy sportovci nejsou v kontaktu, nap\u0159. tenis nebo badminton. Je tedy mo\u017en\u00e9, \u017ee se b\u011bhem z\u00edt\u0159ka je\u0161t\u011b podm\u00ednky sportov\u00e1n\u00ed v hale LTC uprav\u00ed.<\/p>\n","protected":false},"excerpt":{"rendered":"<p>Dle vl\u00e1dn\u00edho usnesen\u00ed \u010cesk\u00e9 republiky ze dne 14.12.2020 \u010d. 1332 o p\u0159ijet\u00ed krizov\u00e9ho opat\u0159en\u00ed. S \u00fa\u010dinnost\u00ed od 18.12. 00:00 se dle \u010dl\u00e1nku 2 odst. g ZAKAZUJE provoz a pou\u017e\u00edv\u00e1n\u00ed sportovi\u0161\u0165 ve vnit\u0159n\u00edch prostorech staveb (nap\u0159. t\u011blocvi\u010dny, h\u0159i\u0161t\u011b, kluzi\u0161t\u011b, KURTY, ringy,&#8230;..) a vnit\u0159n\u00edch prostor venkovn\u00edch sportovi\u0161\u0165 s n\u011bkolika v\u00fdjimkami mezi kter\u00e9 pat\u0159\u00ed sportovn\u00ed p\u0159\u00edprava profesion\u00e1ln\u00edch sportovc\u016f [&hellip;]<\/p>\n","protected":false},"author":2,"featured_media":6453,"comment_status":"open","ping_status":"open","sticky":false,"template":"","format":"standard","meta":{"_monsterinsights_skip_tracking":false,"_monsterinsights_sitenote_active":false,"_monsterinsights_sitenote_note":"","_monsterinsights_sitenote_category":0,"footnotes":""},"categories":[10],"tags":[],"yoast_head":"<!-- This site is optimized with the Yoast SEO plugin v24.5 - https:\/\/yoast.com\/wordpress\/plugins\/seo\/ -->\n<title>Uzav\u0159en\u00ed haly od 18.12.2020 00:00 hod. do 23.12. 23:59 - LTC Pardubice<\/title>\n<meta name=\"robots\" content=\"index, follow, max-snippet:-1, max-image-preview:large, max-video-preview:-1\" \/>\n<link rel=\"canonical\" href=\"https:\/\/www.ltcpardubice.cz\/?p=6452\" \/>\n<meta property=\"og:locale\" content=\"cs_CZ\" \/>\n<meta property=\"og:type\" content=\"article\" \/>\n<meta property=\"og:title\" content=\"Uzav\u0159en\u00ed haly od 18.12.2020 00:00 hod. do 23.12. 23:59 - LTC Pardubice\" \/>\n<meta property=\"og:description\" content=\"Dle vl\u00e1dn\u00edho usnesen\u00ed \u010cesk\u00e9 republiky ze dne 14.12.2020 \u010d. 1332 o p\u0159ijet\u00ed krizov\u00e9ho opat\u0159en\u00ed. S \u00fa\u010dinnost\u00ed od 18.12. 00:00 se dle \u010dl\u00e1nku 2 odst. g ZAKAZUJE provoz a pou\u017e\u00edv\u00e1n\u00ed sportovi\u0161\u0165 ve vnit\u0159n\u00edch prostorech staveb (nap\u0159. t\u011blocvi\u010dny, h\u0159i\u0161t\u011b, kluzi\u0161t\u011b, KURTY, ringy,&#8230;..) a vnit\u0159n\u00edch prostor venkovn\u00edch sportovi\u0161\u0165 s n\u011bkolika v\u00fdjimkami mezi kter\u00e9 pat\u0159\u00ed sportovn\u00ed p\u0159\u00edprava profesion\u00e1ln\u00edch sportovc\u016f [&hellip;]\" \/>\n<meta property=\"og:url\" content=\"https:\/\/www.ltcpardubice.cz\/?p=6452\" \/>\n<meta property=\"og:site_name\" content=\"LTC Pardubice\" \/>\n<meta property=\"article:published_time\" content=\"2020-12-16T13:22:32+00:00\" \/>\n<meta property=\"article:modified_time\" content=\"2020-12-16T13:22:33+00:00\" \/>\n<meta property=\"og:image\" content=\"https:\/\/www.ltcpardubice.cz\/wp-content\/uploads\/2020\/12\/lockdown.jpg\" \/>\n\t<meta property=\"og:image:width\" content=\"303\" \/>\n\t<meta property=\"og:image:height\" content=\"166\" \/>\n\t<meta property=\"og:image:type\" content=\"image\/jpeg\" \/>\n<meta name=\"author\" content=\"Eva Z\u00e1labsk\u00e1\" \/>\n<meta name=\"twitter:card\" content=\"summary_large_image\" \/>\n<meta name=\"twitter:label1\" content=\"Napsal(a)\" \/>\n\t<meta name=\"twitter:data1\" content=\"Eva Z\u00e1labsk\u00e1\" \/>\n\t<meta name=\"twitter:label2\" content=\"Odhadovan\u00e1 doba \u010dten\u00ed\" \/>\n\t<meta name=\"twitter:data2\" content=\"1 minuta\" \/>\n<script type=\"application\/ld+json\" class=\"yoast-schema-graph\">{\"@context\":\"https:\/\/schema.org\",\"@graph\":[{\"@type\":\"WebPage\",\"@id\":\"https:\/\/www.ltcpardubice.cz\/?p=6452\",\"url\":\"https:\/\/www.ltcpardubice.cz\/?p=6452\",\"name\":\"Uzav\u0159en\u00ed haly od 18.12.2020 00:00 hod. do 23.12. 23:59 - LTC Pardubice\",\"isPartOf\":{\"@id\":\"https:\/\/www.ltcpardubice.cz\/#website\"},\"primaryImageOfPage\":{\"@id\":\"https:\/\/www.ltcpardubice.cz\/?p=6452#primaryimage\"},\"image\":{\"@id\":\"https:\/\/www.ltcpardubice.cz\/?p=6452#primaryimage\"},\"thumbnailUrl\":\"https:\/\/www.ltcpardubice.cz\/wp-content\/uploads\/2020\/12\/lockdown.jpg\",\"datePublished\":\"2020-12-16T13:22:32+00:00\",\"dateModified\":\"2020-12-16T13:22:33+00:00\",\"author\":{\"@id\":\"https:\/\/www.ltcpardubice.cz\/#\/schema\/person\/8f5f3a741b9adea57419864489f31541\"},\"breadcrumb\":{\"@id\":\"https:\/\/www.ltcpardubice.cz\/?p=6452#breadcrumb\"},\"inLanguage\":\"cs\",\"potentialAction\":[{\"@type\":\"ReadAction\",\"target\":[\"https:\/\/www.ltcpardubice.cz\/?p=6452\"]}]},{\"@type\":\"ImageObject\",\"inLanguage\":\"cs\",\"@id\":\"https:\/\/www.ltcpardubice.cz\/?p=6452#primaryimage\",\"url\":\"https:\/\/www.ltcpardubice.cz\/wp-content\/uploads\/2020\/12\/lockdown.jpg\",\"contentUrl\":\"https:\/\/www.ltcpardubice.cz\/wp-content\/uploads\/2020\/12\/lockdown.jpg\",\"width\":303,\"height\":166},{\"@type\":\"BreadcrumbList\",\"@id\":\"https:\/\/www.ltcpardubice.cz\/?p=6452#breadcrumb\",\"itemListElement\":[{\"@type\":\"ListItem\",\"position\":1,\"name\":\"Home\",\"item\":\"https:\/\/www.ltcpardubice.cz\/\"},{\"@type\":\"ListItem\",\"position\":2,\"name\":\"Uzav\u0159en\u00ed haly od 18.12.2020 00:00 hod. do 23.12. 23:59\"}]},{\"@type\":\"WebSite\",\"@id\":\"https:\/\/www.ltcpardubice.cz\/#website\",\"url\":\"https:\/\/www.ltcpardubice.cz\/\",\"name\":\"LTC Pardubice\",\"description\":\"Str\u00e1nky tenisov\u00e9ho klubu LTC Pardubice\",\"potentialAction\":[{\"@type\":\"SearchAction\",\"target\":{\"@type\":\"EntryPoint\",\"urlTemplate\":\"https:\/\/www.ltcpardubice.cz\/?s={search_term_string}\"},\"query-input\":{\"@type\":\"PropertyValueSpecification\",\"valueRequired\":true,\"valueName\":\"search_term_string\"}}],\"inLanguage\":\"cs\"},{\"@type\":\"Person\",\"@id\":\"https:\/\/www.ltcpardubice.cz\/#\/schema\/person\/8f5f3a741b9adea57419864489f31541\",\"name\":\"Eva Z\u00e1labsk\u00e1\",\"image\":{\"@type\":\"ImageObject\",\"inLanguage\":\"cs\",\"@id\":\"https:\/\/www.ltcpardubice.cz\/#\/schema\/person\/image\/\",\"url\":\"https:\/\/secure.gravatar.com\/avatar\/fece9555d8859e0080e4a5ae7edcc925?s=96&d=mm&r=g\",\"contentUrl\":\"https:\/\/secure.gravatar.com\/avatar\/fece9555d8859e0080e4a5ae7edcc925?s=96&d=mm&r=g\",\"caption\":\"Eva Z\u00e1labsk\u00e1\"},\"url\":\"https:\/\/www.ltcpardubice.cz\/?author=2\"}]}<\/script>\n<!-- \/ Yoast SEO plugin. -->","yoast_head_json":{"title":"Uzav\u0159en\u00ed haly od 18.12.2020 00:00 hod. do 23.12. 23:59 - LTC Pardubice","robots":{"index":"index","follow":"follow","max-snippet":"max-snippet:-1","max-image-preview":"max-image-preview:large","max-video-preview":"max-video-preview:-1"},"canonical":"https:\/\/www.ltcpardubice.cz\/?p=6452","og_locale":"cs_CZ","og_type":"article","og_title":"Uzav\u0159en\u00ed haly od 18.12.2020 00:00 hod. do 23.12. 23:59 - LTC Pardubice","og_description":"Dle vl\u00e1dn\u00edho usnesen\u00ed \u010cesk\u00e9 republiky ze dne 14.12.2020 \u010d. 1332 o p\u0159ijet\u00ed krizov\u00e9ho opat\u0159en\u00ed. S \u00fa\u010dinnost\u00ed od 18.12. 00:00 se dle \u010dl\u00e1nku 2 odst. g ZAKAZUJE provoz a pou\u017e\u00edv\u00e1n\u00ed sportovi\u0161\u0165 ve vnit\u0159n\u00edch prostorech staveb (nap\u0159. t\u011blocvi\u010dny, h\u0159i\u0161t\u011b, kluzi\u0161t\u011b, KURTY, ringy,&#8230;..) a vnit\u0159n\u00edch prostor venkovn\u00edch sportovi\u0161\u0165 s n\u011bkolika v\u00fdjimkami mezi kter\u00e9 pat\u0159\u00ed sportovn\u00ed p\u0159\u00edprava profesion\u00e1ln\u00edch sportovc\u016f [&hellip;]","og_url":"https:\/\/www.ltcpardubice.cz\/?p=6452","og_site_name":"LTC Pardubice","article_published_time":"2020-12-16T13:22:32+00:00","article_modified_time":"2020-12-16T13:22:33+00:00","og_image":[{"width":303,"height":166,"url":"https:\/\/www.ltcpardubice.cz\/wp-content\/uploads\/2020\/12\/lockdown.jpg","type":"image\/jpeg"}],"author":"Eva Z\u00e1labsk\u00e1","twitter_card":"summary_large_image","twitter_misc":{"Napsal(a)":"Eva Z\u00e1labsk\u00e1","Odhadovan\u00e1 doba \u010dten\u00ed":"1 minuta"},"schema":{"@context":"https:\/\/schema.org","@graph":[{"@type":"WebPage","@id":"https:\/\/www.ltcpardubice.cz\/?p=6452","url":"https:\/\/www.ltcpardubice.cz\/?p=6452","name":"Uzav\u0159en\u00ed haly od 18.12.2020 00:00 hod. do 23.12. 23:59 - LTC Pardubice","isPartOf":{"@id":"https:\/\/www.ltcpardubice.cz\/#website"},"primaryImageOfPage":{"@id":"https:\/\/www.ltcpardubice.cz\/?p=6452#primaryimage"},"image":{"@id":"https:\/\/www.ltcpardubice.cz\/?p=6452#primaryimage"},"thumbnailUrl":"https:\/\/www.ltcpardubice.cz\/wp-content\/uploads\/2020\/12\/lockdown.jpg","datePublished":"2020-12-16T13:22:32+00:00","dateModified":"2020-12-16T13:22:33+00:00","author":{"@id":"https:\/\/www.ltcpardubice.cz\/#\/schema\/person\/8f5f3a741b9adea57419864489f31541"},"breadcrumb":{"@id":"https:\/\/www.ltcpardubice.cz\/?p=6452#breadcrumb"},"inLanguage":"cs","potentialAction":[{"@type":"ReadAction","target":["https:\/\/www.ltcpardubice.cz\/?p=6452"]}]},{"@type":"ImageObject","inLanguage":"cs","@id":"https:\/\/www.ltcpardubice.cz\/?p=6452#primaryimage","url":"https:\/\/www.ltcpardubice.cz\/wp-content\/uploads\/2020\/12\/lockdown.jpg","contentUrl":"https:\/\/www.ltcpardubice.cz\/wp-content\/uploads\/2020\/12\/lockdown.jpg","width":303,"height":166},{"@type":"BreadcrumbList","@id":"https:\/\/www.ltcpardubice.cz\/?p=6452#breadcrumb","itemListElement":[{"@type":"ListItem","position":1,"name":"Home","item":"https:\/\/www.ltcpardubice.cz\/"},{"@type":"ListItem","position":2,"name":"Uzav\u0159en\u00ed haly od 18.12.2020 00:00 hod. do 23.12. 23:59"}]},{"@type":"WebSite","@id":"https:\/\/www.ltcpardubice.cz\/#website","url":"https:\/\/www.ltcpardubice.cz\/","name":"LTC Pardubice","description":"Str\u00e1nky tenisov\u00e9ho klubu LTC Pardubice","potentialAction":[{"@type":"SearchAction","target":{"@type":"EntryPoint","urlTemplate":"https:\/\/www.ltcpardubice.cz\/?s={search_term_string}"},"query-input":{"@type":"PropertyValueSpecification","valueRequired":true,"valueName":"search_term_string"}}],"inLanguage":"cs"},{"@type":"Person","@id":"https:\/\/www.ltcpardubice.cz\/#\/schema\/person\/8f5f3a741b9adea57419864489f31541","name":"Eva Z\u00e1labsk\u00e1","image":{"@type":"ImageObject","inLanguage":"cs","@id":"https:\/\/www.ltcpardubice.cz\/#\/schema\/person\/image\/","url":"https:\/\/secure.gravatar.com\/avatar\/fece9555d8859e0080e4a5ae7edcc925?s=96&d=mm&r=g","contentUrl":"https:\/\/secure.gravatar.com\/avatar\/fece9555d8859e0080e4a5ae7edcc925?s=96&d=mm&r=g","caption":"Eva Z\u00e1labsk\u00e1"},"url":"https:\/\/www.ltcpardubice.cz\/?author=2"}]}},"brizy_media":[],"_links":{"self":[{"href":"https:\/\/www.ltcpardubice.cz\/index.php?rest_route=\/wp\/v2\/posts\/6452"}],"collection":[{"href":"https:\/\/www.ltcpardubice.cz\/index.php?rest_route=\/wp\/v2\/posts"}],"about":[{"href":"https:\/\/www.ltcpardubice.cz\/index.php?rest_route=\/wp\/v2\/types\/post"}],"author":[{"embeddable":true,"href":"https:\/\/www.ltcpardubice.cz\/index.php?rest_route=\/wp\/v2\/users\/2"}],"replies":[{"embeddable":true,"href":"https:\/\/www.ltcpardubice.cz\/index.php?rest_route=%2Fwp%2Fv2%2Fcomments&post=6452"}],"version-history":[{"count":1,"href":"https:\/\/www.ltcpardubice.cz\/index.php?rest_route=\/wp\/v2\/posts\/6452\/revisions"}],"predecessor-version":[{"id":6454,"href":"https:\/\/www.ltcpardubice.cz\/index.php?rest_route=\/wp\/v2\/posts\/6452\/revisions\/6454"}],"wp:featuredmedia":[{"embeddable":true,"href":"https:\/\/www.ltcpardubice.cz\/index.php?rest_route=\/wp\/v2\/media\/6453"}],"wp:attachment":[{"href":"https:\/\/www.ltcpardubice.cz\/index.php?rest_route=%2Fwp%2Fv2%2Fmedia&parent=6452"}],"wp:term":[{"taxonomy":"category","embeddable":true,"href":"https:\/\/www.ltcpardubice.cz\/index.php?rest_route=%2Fwp%2Fv2%2Fcategories&post=6452"},{"taxonomy":"post_tag","embeddable":true,"href":"https:\/\/www.ltcpardubice.cz\/index.php?rest_route=%2Fwp%2Fv2%2Ftags&post=6452"}],"curies":[{"name":"wp","href":"https:\/\/api.w.org\/{rel}","templated":true}]}}