{"id":6477,"date":"2021-03-08T17:11:22","date_gmt":"2021-03-08T17:11:22","guid":{"rendered":"https:\/\/www.ltcpardubice.cz\/?p=6477"},"modified":"2021-03-08T17:13:44","modified_gmt":"2021-03-08T17:13:44","slug":"informace-ceskeho-tenisoveho-svazu-k-sezone-2021","status":"publish","type":"post","link":"https:\/\/www.ltcpardubice.cz\/?p=6477","title":{"rendered":"Informace \u010cesk\u00e9ho tenisov\u00e9ho svazu k sez\u00f3n\u011b 2021"},"content":{"rendered":"\n<p><strong>Ozn\u00e1men\u00ed ST\u00da &#8211; d\u016fle\u017eit\u00e9 term\u00edny<\/strong>:<br>1)\u00a0<strong>V\u0161echna HM\u010cR, turnaje a p\u0159ebory<\/strong>\u00a0za\u0159azen\u00e9 do Zimn\u00ed TL \u010cTS 2020\/21 do 31. 3. 2021 se ru\u0161\u00ed. Poplatky za za\u0159azen\u00ed t\u011bchto turnaj\u016f do ZTL budou klub\u016fm oblastn\u00edmi svazy vr\u00e1ceny.<br>2)\u00a0<strong>O syst\u00e9mu sout\u011b\u017e\u00ed sm\u00ed\u0161en\u00fdch dru\u017estev<\/strong>\u00a0dosp\u011bl\u00fdch \u0159\u00edzen\u00e9 \u010cTS (2. liga) a nejvy\u0161\u0161\u00edch oblastn\u00edch sout\u011b\u017e\u00ed v\u0161ech \u017eeb\u0159\u00ed\u010dkov\u00fdch kategori\u00ed (divize dosp\u011bl\u00fdch a Moneta Poh\u00e1r prezidenta \u010cTS dorostu a obou kategori\u00ed \u017eactva) bude rozhodnuto do 24. 3. 2021<br>3)\u00a0<strong>O syst\u00e9mu<\/strong>\u00a0odehr\u00e1n\u00ed ostatn\u00edch\u00a0<strong>oblastn\u00edch sout\u011b\u017e\u00ed dru\u017estev<\/strong>\u00a0ve v\u0161ech kategori\u00ed rozhodnou p\u0159\u00edslu\u0161n\u00e9 oblastn\u00ed tenisov\u00e9 svazy, term\u00edn rozhodnut\u00ed nen\u00ed ustanoven.<br>4)\u00a0<strong>Term\u00ednov\u00e1 listina L\u00e9to 2021<\/strong>\u00a0vyjde 15. 3. 2021 v\u00a0\u010dase 00:00.<br>5)\u00a0<strong>Hostov\u00e1n\u00ed<\/strong>\u00a0mus\u00ed b\u00fdt v Informa\u010dn\u00edho syst\u00e9mu \u010cTS v\u010detn\u011b souhlasu obou klub\u016f a uskute\u010dn\u011bn\u00fdch plateb vy\u0159\u00edzeno nejpozd\u011bji\u00a0<strong>do 31. 3. 2021 24:00<\/strong>.<br>6)\u00a0<strong>Zad\u00e1v\u00e1n\u00ed soupisek<\/strong>\u00a0do Informa\u010dn\u00edho syst\u00e9mu \u010cTS v\u0161ech sout\u011b\u017e\u00ed bude povoleno od\u00a0<strong>5. do 18. dubna 2021<\/strong>.<\/p>\n","protected":false},"excerpt":{"rendered":"<p>Ozn\u00e1men\u00ed ST\u00da &#8211; d\u016fle\u017eit\u00e9 term\u00edny:1)\u00a0V\u0161echna HM\u010cR, turnaje a p\u0159ebory\u00a0za\u0159azen\u00e9 do Zimn\u00ed TL \u010cTS 2020\/21 do 31. 3. 2021 se ru\u0161\u00ed. Poplatky za za\u0159azen\u00ed t\u011bchto turnaj\u016f do ZTL budou klub\u016fm oblastn\u00edmi svazy vr\u00e1ceny.2)\u00a0O syst\u00e9mu sout\u011b\u017e\u00ed sm\u00ed\u0161en\u00fdch dru\u017estev\u00a0dosp\u011bl\u00fdch \u0159\u00edzen\u00e9 \u010cTS (2. liga) a nejvy\u0161\u0161\u00edch oblastn\u00edch sout\u011b\u017e\u00ed v\u0161ech \u017eeb\u0159\u00ed\u010dkov\u00fdch kategori\u00ed (divize dosp\u011bl\u00fdch a Moneta Poh\u00e1r prezidenta \u010cTS dorostu [&hellip;]<\/p>\n","protected":false},"author":2,"featured_media":6479,"comment_status":"open","ping_status":"open","sticky":false,"template":"","format":"standard","meta":{"_monsterinsights_skip_tracking":false,"_monsterinsights_sitenote_active":false,"_monsterinsights_sitenote_note":"","_monsterinsights_sitenote_category":0,"footnotes":""},"categories":[10],"tags":[],"yoast_head":"<!-- This site is optimized with the Yoast SEO plugin v24.5 - https:\/\/yoast.com\/wordpress\/plugins\/seo\/ -->\n<title>Informace \u010cesk\u00e9ho tenisov\u00e9ho svazu k sez\u00f3n\u011b 2021 - LTC Pardubice<\/title>\n<meta name=\"robots\" content=\"index, follow, max-snippet:-1, max-image-preview:large, max-video-preview:-1\" \/>\n<link rel=\"canonical\" href=\"https:\/\/www.ltcpardubice.cz\/?p=6477\" \/>\n<meta property=\"og:locale\" content=\"cs_CZ\" \/>\n<meta property=\"og:type\" content=\"article\" \/>\n<meta property=\"og:title\" content=\"Informace \u010cesk\u00e9ho tenisov\u00e9ho svazu k sez\u00f3n\u011b 2021 - LTC Pardubice\" \/>\n<meta property=\"og:description\" content=\"Ozn\u00e1men\u00ed ST\u00da &#8211; d\u016fle\u017eit\u00e9 term\u00edny:1)\u00a0V\u0161echna HM\u010cR, turnaje a p\u0159ebory\u00a0za\u0159azen\u00e9 do Zimn\u00ed TL \u010cTS 2020\/21 do 31. 3. 2021 se ru\u0161\u00ed. Poplatky za za\u0159azen\u00ed t\u011bchto turnaj\u016f do ZTL budou klub\u016fm oblastn\u00edmi svazy vr\u00e1ceny.2)\u00a0O syst\u00e9mu sout\u011b\u017e\u00ed sm\u00ed\u0161en\u00fdch dru\u017estev\u00a0dosp\u011bl\u00fdch \u0159\u00edzen\u00e9 \u010cTS (2. liga) a nejvy\u0161\u0161\u00edch oblastn\u00edch sout\u011b\u017e\u00ed v\u0161ech \u017eeb\u0159\u00ed\u010dkov\u00fdch kategori\u00ed (divize dosp\u011bl\u00fdch a Moneta Poh\u00e1r prezidenta \u010cTS dorostu [&hellip;]\" \/>\n<meta property=\"og:url\" content=\"https:\/\/www.ltcpardubice.cz\/?p=6477\" \/>\n<meta property=\"og:site_name\" content=\"LTC Pardubice\" \/>\n<meta property=\"article:published_time\" content=\"2021-03-08T17:11:22+00:00\" \/>\n<meta property=\"article:modified_time\" content=\"2021-03-08T17:13:44+00:00\" \/>\n<meta property=\"og:image\" content=\"https:\/\/www.ltcpardubice.cz\/wp-content\/uploads\/2021\/03\/logo-CTS2.jpg\" \/>\n\t<meta property=\"og:image:width\" content=\"512\" \/>\n\t<meta property=\"og:image:height\" content=\"349\" \/>\n\t<meta property=\"og:image:type\" content=\"image\/jpeg\" \/>\n<meta name=\"author\" content=\"Eva Z\u00e1labsk\u00e1\" \/>\n<meta name=\"twitter:card\" content=\"summary_large_image\" \/>\n<meta name=\"twitter:label1\" content=\"Napsal(a)\" \/>\n\t<meta name=\"twitter:data1\" content=\"Eva Z\u00e1labsk\u00e1\" \/>\n\t<meta name=\"twitter:label2\" content=\"Odhadovan\u00e1 doba \u010dten\u00ed\" \/>\n\t<meta name=\"twitter:data2\" content=\"1 minuta\" \/>\n<script type=\"application\/ld+json\" class=\"yoast-schema-graph\">{\"@context\":\"https:\/\/schema.org\",\"@graph\":[{\"@type\":\"WebPage\",\"@id\":\"https:\/\/www.ltcpardubice.cz\/?p=6477\",\"url\":\"https:\/\/www.ltcpardubice.cz\/?p=6477\",\"name\":\"Informace \u010cesk\u00e9ho tenisov\u00e9ho svazu k sez\u00f3n\u011b 2021 - LTC Pardubice\",\"isPartOf\":{\"@id\":\"https:\/\/www.ltcpardubice.cz\/#website\"},\"primaryImageOfPage\":{\"@id\":\"https:\/\/www.ltcpardubice.cz\/?p=6477#primaryimage\"},\"image\":{\"@id\":\"https:\/\/www.ltcpardubice.cz\/?p=6477#primaryimage\"},\"thumbnailUrl\":\"https:\/\/www.ltcpardubice.cz\/wp-content\/uploads\/2021\/03\/logo-CTS2.jpg\",\"datePublished\":\"2021-03-08T17:11:22+00:00\",\"dateModified\":\"2021-03-08T17:13:44+00:00\",\"author\":{\"@id\":\"https:\/\/www.ltcpardubice.cz\/#\/schema\/person\/8f5f3a741b9adea57419864489f31541\"},\"breadcrumb\":{\"@id\":\"https:\/\/www.ltcpardubice.cz\/?p=6477#breadcrumb\"},\"inLanguage\":\"cs\",\"potentialAction\":[{\"@type\":\"ReadAction\",\"target\":[\"https:\/\/www.ltcpardubice.cz\/?p=6477\"]}]},{\"@type\":\"ImageObject\",\"inLanguage\":\"cs\",\"@id\":\"https:\/\/www.ltcpardubice.cz\/?p=6477#primaryimage\",\"url\":\"https:\/\/www.ltcpardubice.cz\/wp-content\/uploads\/2021\/03\/logo-CTS2.jpg\",\"contentUrl\":\"https:\/\/www.ltcpardubice.cz\/wp-content\/uploads\/2021\/03\/logo-CTS2.jpg\",\"width\":512,\"height\":349},{\"@type\":\"BreadcrumbList\",\"@id\":\"https:\/\/www.ltcpardubice.cz\/?p=6477#breadcrumb\",\"itemListElement\":[{\"@type\":\"ListItem\",\"position\":1,\"name\":\"Home\",\"item\":\"https:\/\/www.ltcpardubice.cz\/\"},{\"@type\":\"ListItem\",\"position\":2,\"name\":\"Informace \u010cesk\u00e9ho tenisov\u00e9ho svazu k sez\u00f3n\u011b 2021\"}]},{\"@type\":\"WebSite\",\"@id\":\"https:\/\/www.ltcpardubice.cz\/#website\",\"url\":\"https:\/\/www.ltcpardubice.cz\/\",\"name\":\"LTC Pardubice\",\"description\":\"Str\u00e1nky tenisov\u00e9ho klubu LTC Pardubice\",\"potentialAction\":[{\"@type\":\"SearchAction\",\"target\":{\"@type\":\"EntryPoint\",\"urlTemplate\":\"https:\/\/www.ltcpardubice.cz\/?s={search_term_string}\"},\"query-input\":{\"@type\":\"PropertyValueSpecification\",\"valueRequired\":true,\"valueName\":\"search_term_string\"}}],\"inLanguage\":\"cs\"},{\"@type\":\"Person\",\"@id\":\"https:\/\/www.ltcpardubice.cz\/#\/schema\/person\/8f5f3a741b9adea57419864489f31541\",\"name\":\"Eva Z\u00e1labsk\u00e1\",\"image\":{\"@type\":\"ImageObject\",\"inLanguage\":\"cs\",\"@id\":\"https:\/\/www.ltcpardubice.cz\/#\/schema\/person\/image\/\",\"url\":\"https:\/\/secure.gravatar.com\/avatar\/fece9555d8859e0080e4a5ae7edcc925?s=96&d=mm&r=g\",\"contentUrl\":\"https:\/\/secure.gravatar.com\/avatar\/fece9555d8859e0080e4a5ae7edcc925?s=96&d=mm&r=g\",\"caption\":\"Eva Z\u00e1labsk\u00e1\"},\"url\":\"https:\/\/www.ltcpardubice.cz\/?author=2\"}]}<\/script>\n<!-- \/ Yoast SEO plugin. -->","yoast_head_json":{"title":"Informace \u010cesk\u00e9ho tenisov\u00e9ho svazu k sez\u00f3n\u011b 2021 - LTC Pardubice","robots":{"index":"index","follow":"follow","max-snippet":"max-snippet:-1","max-image-preview":"max-image-preview:large","max-video-preview":"max-video-preview:-1"},"canonical":"https:\/\/www.ltcpardubice.cz\/?p=6477","og_locale":"cs_CZ","og_type":"article","og_title":"Informace \u010cesk\u00e9ho tenisov\u00e9ho svazu k sez\u00f3n\u011b 2021 - LTC Pardubice","og_description":"Ozn\u00e1men\u00ed ST\u00da &#8211; d\u016fle\u017eit\u00e9 term\u00edny:1)\u00a0V\u0161echna HM\u010cR, turnaje a p\u0159ebory\u00a0za\u0159azen\u00e9 do Zimn\u00ed TL \u010cTS 2020\/21 do 31. 3. 2021 se ru\u0161\u00ed. Poplatky za za\u0159azen\u00ed t\u011bchto turnaj\u016f do ZTL budou klub\u016fm oblastn\u00edmi svazy vr\u00e1ceny.2)\u00a0O syst\u00e9mu sout\u011b\u017e\u00ed sm\u00ed\u0161en\u00fdch dru\u017estev\u00a0dosp\u011bl\u00fdch \u0159\u00edzen\u00e9 \u010cTS (2. liga) a nejvy\u0161\u0161\u00edch oblastn\u00edch sout\u011b\u017e\u00ed v\u0161ech \u017eeb\u0159\u00ed\u010dkov\u00fdch kategori\u00ed (divize dosp\u011bl\u00fdch a Moneta Poh\u00e1r prezidenta \u010cTS dorostu [&hellip;]","og_url":"https:\/\/www.ltcpardubice.cz\/?p=6477","og_site_name":"LTC Pardubice","article_published_time":"2021-03-08T17:11:22+00:00","article_modified_time":"2021-03-08T17:13:44+00:00","og_image":[{"width":512,"height":349,"url":"https:\/\/www.ltcpardubice.cz\/wp-content\/uploads\/2021\/03\/logo-CTS2.jpg","type":"image\/jpeg"}],"author":"Eva Z\u00e1labsk\u00e1","twitter_card":"summary_large_image","twitter_misc":{"Napsal(a)":"Eva Z\u00e1labsk\u00e1","Odhadovan\u00e1 doba \u010dten\u00ed":"1 minuta"},"schema":{"@context":"https:\/\/schema.org","@graph":[{"@type":"WebPage","@id":"https:\/\/www.ltcpardubice.cz\/?p=6477","url":"https:\/\/www.ltcpardubice.cz\/?p=6477","name":"Informace \u010cesk\u00e9ho tenisov\u00e9ho svazu k sez\u00f3n\u011b 2021 - LTC Pardubice","isPartOf":{"@id":"https:\/\/www.ltcpardubice.cz\/#website"},"primaryImageOfPage":{"@id":"https:\/\/www.ltcpardubice.cz\/?p=6477#primaryimage"},"image":{"@id":"https:\/\/www.ltcpardubice.cz\/?p=6477#primaryimage"},"thumbnailUrl":"https:\/\/www.ltcpardubice.cz\/wp-content\/uploads\/2021\/03\/logo-CTS2.jpg","datePublished":"2021-03-08T17:11:22+00:00","dateModified":"2021-03-08T17:13:44+00:00","author":{"@id":"https:\/\/www.ltcpardubice.cz\/#\/schema\/person\/8f5f3a741b9adea57419864489f31541"},"breadcrumb":{"@id":"https:\/\/www.ltcpardubice.cz\/?p=6477#breadcrumb"},"inLanguage":"cs","potentialAction":[{"@type":"ReadAction","target":["https:\/\/www.ltcpardubice.cz\/?p=6477"]}]},{"@type":"ImageObject","inLanguage":"cs","@id":"https:\/\/www.ltcpardubice.cz\/?p=6477#primaryimage","url":"https:\/\/www.ltcpardubice.cz\/wp-content\/uploads\/2021\/03\/logo-CTS2.jpg","contentUrl":"https:\/\/www.ltcpardubice.cz\/wp-content\/uploads\/2021\/03\/logo-CTS2.jpg","width":512,"height":349},{"@type":"BreadcrumbList","@id":"https:\/\/www.ltcpardubice.cz\/?p=6477#breadcrumb","itemListElement":[{"@type":"ListItem","position":1,"name":"Home","item":"https:\/\/www.ltcpardubice.cz\/"},{"@type":"ListItem","position":2,"name":"Informace \u010cesk\u00e9ho tenisov\u00e9ho svazu k sez\u00f3n\u011b 2021"}]},{"@type":"WebSite","@id":"https:\/\/www.ltcpardubice.cz\/#website","url":"https:\/\/www.ltcpardubice.cz\/","name":"LTC Pardubice","description":"Str\u00e1nky tenisov\u00e9ho klubu LTC Pardubice","potentialAction":[{"@type":"SearchAction","target":{"@type":"EntryPoint","urlTemplate":"https:\/\/www.ltcpardubice.cz\/?s={search_term_string}"},"query-input":{"@type":"PropertyValueSpecification","valueRequired":true,"valueName":"search_term_string"}}],"inLanguage":"cs"},{"@type":"Person","@id":"https:\/\/www.ltcpardubice.cz\/#\/schema\/person\/8f5f3a741b9adea57419864489f31541","name":"Eva Z\u00e1labsk\u00e1","image":{"@type":"ImageObject","inLanguage":"cs","@id":"https:\/\/www.ltcpardubice.cz\/#\/schema\/person\/image\/","url":"https:\/\/secure.gravatar.com\/avatar\/fece9555d8859e0080e4a5ae7edcc925?s=96&d=mm&r=g","contentUrl":"https:\/\/secure.gravatar.com\/avatar\/fece9555d8859e0080e4a5ae7edcc925?s=96&d=mm&r=g","caption":"Eva Z\u00e1labsk\u00e1"},"url":"https:\/\/www.ltcpardubice.cz\/?author=2"}]}},"brizy_media":[],"_links":{"self":[{"href":"https:\/\/www.ltcpardubice.cz\/index.php?rest_route=\/wp\/v2\/posts\/6477"}],"collection":[{"href":"https:\/\/www.ltcpardubice.cz\/index.php?rest_route=\/wp\/v2\/posts"}],"about":[{"href":"https:\/\/www.ltcpardubice.cz\/index.php?rest_route=\/wp\/v2\/types\/post"}],"author":[{"embeddable":true,"href":"https:\/\/www.ltcpardubice.cz\/index.php?rest_route=\/wp\/v2\/users\/2"}],"replies":[{"embeddable":true,"href":"https:\/\/www.ltcpardubice.cz\/index.php?rest_route=%2Fwp%2Fv2%2Fcomments&post=6477"}],"version-history":[{"count":2,"href":"https:\/\/www.ltcpardubice.cz\/index.php?rest_route=\/wp\/v2\/posts\/6477\/revisions"}],"predecessor-version":[{"id":6481,"href":"https:\/\/www.ltcpardubice.cz\/index.php?rest_route=\/wp\/v2\/posts\/6477\/revisions\/6481"}],"wp:featuredmedia":[{"embeddable":true,"href":"https:\/\/www.ltcpardubice.cz\/index.php?rest_route=\/wp\/v2\/media\/6479"}],"wp:attachment":[{"href":"https:\/\/www.ltcpardubice.cz\/index.php?rest_route=%2Fwp%2Fv2%2Fmedia&parent=6477"}],"wp:term":[{"taxonomy":"category","embeddable":true,"href":"https:\/\/www.ltcpardubice.cz\/index.php?rest_route=%2Fwp%2Fv2%2Fcategories&post=6477"},{"taxonomy":"post_tag","embeddable":true,"href":"https:\/\/www.ltcpardubice.cz\/index.php?rest_route=%2Fwp%2Fv2%2Ftags&post=6477"}],"curies":[{"name":"wp","href":"https:\/\/api.w.org\/{rel}","templated":true}]}}