{"id":6484,"date":"2021-03-14T15:46:32","date_gmt":"2021-03-14T15:46:32","guid":{"rendered":"https:\/\/www.ltcpardubice.cz\/?p=6484"},"modified":"2021-03-14T15:49:28","modified_gmt":"2021-03-14T15:49:28","slug":"kdy-zacneme-hrat-venku","status":"publish","type":"post","link":"https:\/\/www.ltcpardubice.cz\/?p=6484","title":{"rendered":"Kdy za\u010dneme hr\u00e1t venku?"},"content":{"rendered":"\n<p>Zat\u00edm se zd\u00e1, \u017ee se za\u010d\u00e1tek jarn\u00ed sez\u00f3ny odkl\u00e1d\u00e1 p\u0159edev\u0161\u00edm vzhledem k po\u010das\u00ed. Snad se p\u0159edpov\u011b\u010f m\u00fdl\u00ed a dvorce se postupn\u011b za\u010dnou p\u0159ipravovat ke h\u0159e. V t\u00fddnu od 22.3. by se m\u011blo po\u010das\u00ed kone\u010dn\u011b umoud\u0159it, tak snad i p\u0159es Covid za\u010dneme brzy tr\u00e9novat. Pros\u00edm v\u0161echny hr\u00e1\u010de a rodi\u010de, aby byli v kontaktu se sv\u00fdmi tren\u00e9ry, abychom mohli postupn\u011b pl\u00e1novat rozvrh tr\u00e9nink\u016f. V \u00favodu ur\u010dit\u011b mus\u00edme po\u010d\u00edtat s maxim\u00e1ln\u011b  hr\u00e1\u010di na dvorci.<\/p>\n\n\n\n<p>Sou\u010dasn\u011b p<strong>ros\u00edme v\u0161echny \u010dleny o zaplacen\u00ed p\u0159\u00edsp\u011bvk\u016f na letn\u00ed sezonu 2021!!!<\/strong><\/p>\n\n\n\n<p><strong>Term\u00edn byl do konce ledna 2021!!! <\/strong><strong>(na \u00fa\u010det LTC Pardubice 1201117349\/0800).<\/strong><\/p>\n","protected":false},"excerpt":{"rendered":"<p>Zat\u00edm se zd\u00e1, \u017ee se za\u010d\u00e1tek jarn\u00ed sez\u00f3ny odkl\u00e1d\u00e1 p\u0159edev\u0161\u00edm vzhledem k po\u010das\u00ed. Snad se p\u0159edpov\u011b\u010f m\u00fdl\u00ed a dvorce se postupn\u011b za\u010dnou p\u0159ipravovat ke h\u0159e. V t\u00fddnu od 22.3. by se m\u011blo po\u010das\u00ed kone\u010dn\u011b umoud\u0159it, tak snad i p\u0159es Covid za\u010dneme brzy tr\u00e9novat. Pros\u00edm v\u0161echny hr\u00e1\u010de a rodi\u010de, aby byli v kontaktu se sv\u00fdmi tren\u00e9ry, [&hellip;]<\/p>\n","protected":false},"author":2,"featured_media":434,"comment_status":"open","ping_status":"open","sticky":false,"template":"","format":"standard","meta":{"_monsterinsights_skip_tracking":false,"_monsterinsights_sitenote_active":false,"_monsterinsights_sitenote_note":"","_monsterinsights_sitenote_category":0,"footnotes":""},"categories":[10],"tags":[],"yoast_head":"<!-- This site is optimized with the Yoast SEO plugin v24.5 - https:\/\/yoast.com\/wordpress\/plugins\/seo\/ -->\n<title>Kdy za\u010dneme hr\u00e1t venku? - LTC Pardubice<\/title>\n<meta name=\"robots\" content=\"index, follow, max-snippet:-1, max-image-preview:large, max-video-preview:-1\" \/>\n<link rel=\"canonical\" href=\"https:\/\/www.ltcpardubice.cz\/?p=6484\" \/>\n<meta property=\"og:locale\" content=\"cs_CZ\" \/>\n<meta property=\"og:type\" content=\"article\" \/>\n<meta property=\"og:title\" content=\"Kdy za\u010dneme hr\u00e1t venku? - LTC Pardubice\" \/>\n<meta property=\"og:description\" content=\"Zat\u00edm se zd\u00e1, \u017ee se za\u010d\u00e1tek jarn\u00ed sez\u00f3ny odkl\u00e1d\u00e1 p\u0159edev\u0161\u00edm vzhledem k po\u010das\u00ed. Snad se p\u0159edpov\u011b\u010f m\u00fdl\u00ed a dvorce se postupn\u011b za\u010dnou p\u0159ipravovat ke h\u0159e. V t\u00fddnu od 22.3. by se m\u011blo po\u010das\u00ed kone\u010dn\u011b umoud\u0159it, tak snad i p\u0159es Covid za\u010dneme brzy tr\u00e9novat. Pros\u00edm v\u0161echny hr\u00e1\u010de a rodi\u010de, aby byli v kontaktu se sv\u00fdmi tren\u00e9ry, [&hellip;]\" \/>\n<meta property=\"og:url\" content=\"https:\/\/www.ltcpardubice.cz\/?p=6484\" \/>\n<meta property=\"og:site_name\" content=\"LTC Pardubice\" \/>\n<meta property=\"article:published_time\" content=\"2021-03-14T15:46:32+00:00\" \/>\n<meta property=\"article:modified_time\" content=\"2021-03-14T15:49:28+00:00\" \/>\n<meta property=\"og:image\" content=\"https:\/\/www.ltcpardubice.cz\/wp-content\/uploads\/2020\/06\/ltcpardubice.jpeg\" \/>\n\t<meta property=\"og:image:width\" content=\"259\" \/>\n\t<meta property=\"og:image:height\" content=\"194\" \/>\n\t<meta property=\"og:image:type\" content=\"image\/jpeg\" \/>\n<meta name=\"author\" content=\"Eva Z\u00e1labsk\u00e1\" \/>\n<meta name=\"twitter:card\" content=\"summary_large_image\" \/>\n<meta name=\"twitter:label1\" content=\"Napsal(a)\" \/>\n\t<meta name=\"twitter:data1\" content=\"Eva Z\u00e1labsk\u00e1\" \/>\n\t<meta name=\"twitter:label2\" content=\"Odhadovan\u00e1 doba \u010dten\u00ed\" \/>\n\t<meta name=\"twitter:data2\" content=\"1 minuta\" \/>\n<script type=\"application\/ld+json\" class=\"yoast-schema-graph\">{\"@context\":\"https:\/\/schema.org\",\"@graph\":[{\"@type\":\"WebPage\",\"@id\":\"https:\/\/www.ltcpardubice.cz\/?p=6484\",\"url\":\"https:\/\/www.ltcpardubice.cz\/?p=6484\",\"name\":\"Kdy za\u010dneme hr\u00e1t venku? - LTC Pardubice\",\"isPartOf\":{\"@id\":\"https:\/\/www.ltcpardubice.cz\/#website\"},\"primaryImageOfPage\":{\"@id\":\"https:\/\/www.ltcpardubice.cz\/?p=6484#primaryimage\"},\"image\":{\"@id\":\"https:\/\/www.ltcpardubice.cz\/?p=6484#primaryimage\"},\"thumbnailUrl\":\"https:\/\/www.ltcpardubice.cz\/wp-content\/uploads\/2020\/06\/ltcpardubice.jpeg\",\"datePublished\":\"2021-03-14T15:46:32+00:00\",\"dateModified\":\"2021-03-14T15:49:28+00:00\",\"author\":{\"@id\":\"https:\/\/www.ltcpardubice.cz\/#\/schema\/person\/8f5f3a741b9adea57419864489f31541\"},\"breadcrumb\":{\"@id\":\"https:\/\/www.ltcpardubice.cz\/?p=6484#breadcrumb\"},\"inLanguage\":\"cs\",\"potentialAction\":[{\"@type\":\"ReadAction\",\"target\":[\"https:\/\/www.ltcpardubice.cz\/?p=6484\"]}]},{\"@type\":\"ImageObject\",\"inLanguage\":\"cs\",\"@id\":\"https:\/\/www.ltcpardubice.cz\/?p=6484#primaryimage\",\"url\":\"https:\/\/www.ltcpardubice.cz\/wp-content\/uploads\/2020\/06\/ltcpardubice.jpeg\",\"contentUrl\":\"https:\/\/www.ltcpardubice.cz\/wp-content\/uploads\/2020\/06\/ltcpardubice.jpeg\",\"width\":259,\"height\":194},{\"@type\":\"BreadcrumbList\",\"@id\":\"https:\/\/www.ltcpardubice.cz\/?p=6484#breadcrumb\",\"itemListElement\":[{\"@type\":\"ListItem\",\"position\":1,\"name\":\"Home\",\"item\":\"https:\/\/www.ltcpardubice.cz\/\"},{\"@type\":\"ListItem\",\"position\":2,\"name\":\"Kdy za\u010dneme hr\u00e1t venku?\"}]},{\"@type\":\"WebSite\",\"@id\":\"https:\/\/www.ltcpardubice.cz\/#website\",\"url\":\"https:\/\/www.ltcpardubice.cz\/\",\"name\":\"LTC Pardubice\",\"description\":\"Str\u00e1nky tenisov\u00e9ho klubu LTC Pardubice\",\"potentialAction\":[{\"@type\":\"SearchAction\",\"target\":{\"@type\":\"EntryPoint\",\"urlTemplate\":\"https:\/\/www.ltcpardubice.cz\/?s={search_term_string}\"},\"query-input\":{\"@type\":\"PropertyValueSpecification\",\"valueRequired\":true,\"valueName\":\"search_term_string\"}}],\"inLanguage\":\"cs\"},{\"@type\":\"Person\",\"@id\":\"https:\/\/www.ltcpardubice.cz\/#\/schema\/person\/8f5f3a741b9adea57419864489f31541\",\"name\":\"Eva Z\u00e1labsk\u00e1\",\"image\":{\"@type\":\"ImageObject\",\"inLanguage\":\"cs\",\"@id\":\"https:\/\/www.ltcpardubice.cz\/#\/schema\/person\/image\/\",\"url\":\"https:\/\/secure.gravatar.com\/avatar\/fece9555d8859e0080e4a5ae7edcc925?s=96&d=mm&r=g\",\"contentUrl\":\"https:\/\/secure.gravatar.com\/avatar\/fece9555d8859e0080e4a5ae7edcc925?s=96&d=mm&r=g\",\"caption\":\"Eva Z\u00e1labsk\u00e1\"},\"url\":\"https:\/\/www.ltcpardubice.cz\/?author=2\"}]}<\/script>\n<!-- \/ Yoast SEO plugin. -->","yoast_head_json":{"title":"Kdy za\u010dneme hr\u00e1t venku? - LTC Pardubice","robots":{"index":"index","follow":"follow","max-snippet":"max-snippet:-1","max-image-preview":"max-image-preview:large","max-video-preview":"max-video-preview:-1"},"canonical":"https:\/\/www.ltcpardubice.cz\/?p=6484","og_locale":"cs_CZ","og_type":"article","og_title":"Kdy za\u010dneme hr\u00e1t venku? - LTC Pardubice","og_description":"Zat\u00edm se zd\u00e1, \u017ee se za\u010d\u00e1tek jarn\u00ed sez\u00f3ny odkl\u00e1d\u00e1 p\u0159edev\u0161\u00edm vzhledem k po\u010das\u00ed. Snad se p\u0159edpov\u011b\u010f m\u00fdl\u00ed a dvorce se postupn\u011b za\u010dnou p\u0159ipravovat ke h\u0159e. V t\u00fddnu od 22.3. by se m\u011blo po\u010das\u00ed kone\u010dn\u011b umoud\u0159it, tak snad i p\u0159es Covid za\u010dneme brzy tr\u00e9novat. Pros\u00edm v\u0161echny hr\u00e1\u010de a rodi\u010de, aby byli v kontaktu se sv\u00fdmi tren\u00e9ry, [&hellip;]","og_url":"https:\/\/www.ltcpardubice.cz\/?p=6484","og_site_name":"LTC Pardubice","article_published_time":"2021-03-14T15:46:32+00:00","article_modified_time":"2021-03-14T15:49:28+00:00","og_image":[{"width":259,"height":194,"url":"https:\/\/www.ltcpardubice.cz\/wp-content\/uploads\/2020\/06\/ltcpardubice.jpeg","type":"image\/jpeg"}],"author":"Eva Z\u00e1labsk\u00e1","twitter_card":"summary_large_image","twitter_misc":{"Napsal(a)":"Eva Z\u00e1labsk\u00e1","Odhadovan\u00e1 doba \u010dten\u00ed":"1 minuta"},"schema":{"@context":"https:\/\/schema.org","@graph":[{"@type":"WebPage","@id":"https:\/\/www.ltcpardubice.cz\/?p=6484","url":"https:\/\/www.ltcpardubice.cz\/?p=6484","name":"Kdy za\u010dneme hr\u00e1t venku? - LTC Pardubice","isPartOf":{"@id":"https:\/\/www.ltcpardubice.cz\/#website"},"primaryImageOfPage":{"@id":"https:\/\/www.ltcpardubice.cz\/?p=6484#primaryimage"},"image":{"@id":"https:\/\/www.ltcpardubice.cz\/?p=6484#primaryimage"},"thumbnailUrl":"https:\/\/www.ltcpardubice.cz\/wp-content\/uploads\/2020\/06\/ltcpardubice.jpeg","datePublished":"2021-03-14T15:46:32+00:00","dateModified":"2021-03-14T15:49:28+00:00","author":{"@id":"https:\/\/www.ltcpardubice.cz\/#\/schema\/person\/8f5f3a741b9adea57419864489f31541"},"breadcrumb":{"@id":"https:\/\/www.ltcpardubice.cz\/?p=6484#breadcrumb"},"inLanguage":"cs","potentialAction":[{"@type":"ReadAction","target":["https:\/\/www.ltcpardubice.cz\/?p=6484"]}]},{"@type":"ImageObject","inLanguage":"cs","@id":"https:\/\/www.ltcpardubice.cz\/?p=6484#primaryimage","url":"https:\/\/www.ltcpardubice.cz\/wp-content\/uploads\/2020\/06\/ltcpardubice.jpeg","contentUrl":"https:\/\/www.ltcpardubice.cz\/wp-content\/uploads\/2020\/06\/ltcpardubice.jpeg","width":259,"height":194},{"@type":"BreadcrumbList","@id":"https:\/\/www.ltcpardubice.cz\/?p=6484#breadcrumb","itemListElement":[{"@type":"ListItem","position":1,"name":"Home","item":"https:\/\/www.ltcpardubice.cz\/"},{"@type":"ListItem","position":2,"name":"Kdy za\u010dneme hr\u00e1t venku?"}]},{"@type":"WebSite","@id":"https:\/\/www.ltcpardubice.cz\/#website","url":"https:\/\/www.ltcpardubice.cz\/","name":"LTC Pardubice","description":"Str\u00e1nky tenisov\u00e9ho klubu LTC Pardubice","potentialAction":[{"@type":"SearchAction","target":{"@type":"EntryPoint","urlTemplate":"https:\/\/www.ltcpardubice.cz\/?s={search_term_string}"},"query-input":{"@type":"PropertyValueSpecification","valueRequired":true,"valueName":"search_term_string"}}],"inLanguage":"cs"},{"@type":"Person","@id":"https:\/\/www.ltcpardubice.cz\/#\/schema\/person\/8f5f3a741b9adea57419864489f31541","name":"Eva Z\u00e1labsk\u00e1","image":{"@type":"ImageObject","inLanguage":"cs","@id":"https:\/\/www.ltcpardubice.cz\/#\/schema\/person\/image\/","url":"https:\/\/secure.gravatar.com\/avatar\/fece9555d8859e0080e4a5ae7edcc925?s=96&d=mm&r=g","contentUrl":"https:\/\/secure.gravatar.com\/avatar\/fece9555d8859e0080e4a5ae7edcc925?s=96&d=mm&r=g","caption":"Eva Z\u00e1labsk\u00e1"},"url":"https:\/\/www.ltcpardubice.cz\/?author=2"}]}},"brizy_media":[],"_links":{"self":[{"href":"https:\/\/www.ltcpardubice.cz\/index.php?rest_route=\/wp\/v2\/posts\/6484"}],"collection":[{"href":"https:\/\/www.ltcpardubice.cz\/index.php?rest_route=\/wp\/v2\/posts"}],"about":[{"href":"https:\/\/www.ltcpardubice.cz\/index.php?rest_route=\/wp\/v2\/types\/post"}],"author":[{"embeddable":true,"href":"https:\/\/www.ltcpardubice.cz\/index.php?rest_route=\/wp\/v2\/users\/2"}],"replies":[{"embeddable":true,"href":"https:\/\/www.ltcpardubice.cz\/index.php?rest_route=%2Fwp%2Fv2%2Fcomments&post=6484"}],"version-history":[{"count":2,"href":"https:\/\/www.ltcpardubice.cz\/index.php?rest_route=\/wp\/v2\/posts\/6484\/revisions"}],"predecessor-version":[{"id":6486,"href":"https:\/\/www.ltcpardubice.cz\/index.php?rest_route=\/wp\/v2\/posts\/6484\/revisions\/6486"}],"wp:featuredmedia":[{"embeddable":true,"href":"https:\/\/www.ltcpardubice.cz\/index.php?rest_route=\/wp\/v2\/media\/434"}],"wp:attachment":[{"href":"https:\/\/www.ltcpardubice.cz\/index.php?rest_route=%2Fwp%2Fv2%2Fmedia&parent=6484"}],"wp:term":[{"taxonomy":"category","embeddable":true,"href":"https:\/\/www.ltcpardubice.cz\/index.php?rest_route=%2Fwp%2Fv2%2Fcategories&post=6484"},{"taxonomy":"post_tag","embeddable":true,"href":"https:\/\/www.ltcpardubice.cz\/index.php?rest_route=%2Fwp%2Fv2%2Ftags&post=6484"}],"curies":[{"name":"wp","href":"https:\/\/api.w.org\/{rel}","templated":true}]}}