{"id":6748,"date":"2021-05-12T05:14:59","date_gmt":"2021-05-12T05:14:59","guid":{"rendered":"https:\/\/www.ltcpardubice.cz\/?p=6748"},"modified":"2021-05-12T05:15:01","modified_gmt":"2021-05-12T05:15:01","slug":"informace-vcots-k-soutezim-druzstev","status":"publish","type":"post","link":"https:\/\/www.ltcpardubice.cz\/?p=6748","title":{"rendered":"Informace V\u010dOTS k sout\u011b\u017e\u00edm dru\u017estev"},"content":{"rendered":"\n<p>SOUT\u011a\u017dE DRU\u017dSTEV 2021- SYST\u00c9M SOUT\u011a\u017d\u00cd<br>Sout\u011b\u017ee sm\u00ed\u0161en\u00fdch dru\u017estev \u0159\u00edzen\u00e9 V\u010cOTS se budou hr\u00e1t zkr\u00e1cenou formou na t\u0159i kola \u2013 vy\u0159azovac\u00edm<br>zp\u016fsobem o v\u0161echna um\u00edst\u011bn\u00ed. Term\u00edn zah\u00e1jen\u00ed sout\u011b\u017e\u00ed bude sobota 29. kv\u011btna nebo sobota 5. \u010dervna pro<br>kategorie: dosp\u011bl\u00ed, star\u0161\u00ed \u017eactvo, n\u00e1sledn\u00e9 ned\u011ble pro kategorie: dorost, mlad\u0161\u00ed \u017eactvo a senio\u0159i). Pokud<br>sout\u011b\u017ee nebudou zah\u00e1jeny do 5. \u010dervna, budou pravd\u011bpodobn\u011b zru\u0161eny. Pro sout\u011b\u017ee dru\u017estev BABYTENISU<br>a MINITENISU bude o syst\u00e9mu rozhodnuto do 15. kv\u011btna.<br>Kluby maj\u00ed mo\u017enost svoje dru\u017estva bez pokuty odhl\u00e1sit do 22. kv\u011btna.<br>Rozlosov\u00e1n\u00ed bude provedeno na z\u00e1klad\u011b prov\u00e1d\u011bc\u00edho p\u0159edpisu 2020\/1 ST\u00da \u010cTS, odkaz zde: nasazen\u00ed<br>dru\u017estev do hrac\u00edho pl\u00e1nu pro 8 \u00fa\u010dastn\u00edk\u016f<br>Rozlosov\u00e1n\u00ed bude zve\u0159ejn\u011bno v IS do 15. kv\u011btna.<br>Za\u010d\u00e1tek utk\u00e1n\u00ed v 9:00<br>Dosp\u011bl\u00ed: Postupy -v\u00edt\u011bz V\u010d. divize do 2. ligy,<br>-v\u00edt\u011bzov\u00e9 2 KP do V\u010d.divize<br>-v\u00edt\u011bzov\u00e9 1. t\u0159\u00eddy do KP dle p\u0159\u00edslu\u0161nosti<br>-v\u00edt\u011bzov\u00e9 2. t\u0159. do p\u0159\u00edslu\u0161n\u00e9 1. t\u0159\u00eddy p\u0159\u00edmo nebo z bar\u00e1\u017ee v z\u00e1vislosti na<br>po\u010dtu sestupuj\u00edc\u00edch z vy\u0161\u0161\u00ed sout\u011b\u017ee<br>Sestupy -z V\u010c.divize do KP dru\u017estvo na 8. m\u00edst\u011b, v p\u0159\u00edpad\u011b sestupu dru\u017estva V\u010c<br>oblasti z 2. ligy sestupuj\u00ed do KP dru\u017estva ze 7. \u2013 8. m\u00edsta dle p\u0159\u00edslu\u0161nosti,<br>p\u0159i sestupu 2 dru\u017estev z 2. ligy, sestupuj\u00ed ze 6. \u2013 8. m\u00edsta<br>-z KP dru\u017estva podle sestup\u016f z V\u010c divize, 1 \u2013 4 dru\u017estva<br>-z 1. t\u0159\u00eddy dru\u017estva um\u00edst\u011bn\u00e1 na 8., p\u0159\u00edp. 7. (6.) m\u00edst\u011b v n\u00e1vaznosti<br>na sestupuj\u00edc\u00ed z KP a postupuj\u00edc\u00ed ze 2. t\u0159\u00eddy, 2 \u2013 5 dru\u017estev celkem<br>p\u0159i variant\u011b 3 (5) sestupuj\u00edc\u00edch<br>-z 2. t\u0159\u00eddy se nesestupuje<br>Dorost: Postupy -v\u00edt\u011bz Poh\u00e1r prezidenta na Mistrovstv\u00ed \u010cR,<br>St. \u017eactvo -v\u00edt\u011bzov\u00e9 2 KP do Poh\u00e1r prezidenta,<br>Ml. \u017eactvo -v\u00edt\u011bzov\u00e9 1. t\u0159\u00eddy do p\u0159\u00edslu\u0161n\u00e9ho KP,<br>Sestupy -z Poh\u00e1r prezidenta do KP dru\u017estva na 7. a 8. m\u00edst\u011b,<br>-z KP do 1. t\u0159\u00eddy dru\u017estva na 8. a 7. m\u00edst\u011b dle p\u0159\u00edslu\u0161nosti,<br>-z 1. t\u0159\u00eddy se nesestupuje<br>Za\u010d\u00e1tek utk\u00e1n\u00ed v 10:00<br>Senio\u0159i<br>Postupy -v\u00edt\u011bz 1. t\u0159\u00eddy do KP<br>Sestupy -z KP do 1. t\u0159\u00eddy dru\u017estvo na 8. m\u00edst\u011b<br>-z 1. t\u0159\u00eddy se nesestupuje<\/p>\n","protected":false},"excerpt":{"rendered":"<p>SOUT\u011a\u017dE DRU\u017dSTEV 2021- SYST\u00c9M SOUT\u011a\u017d\u00cdSout\u011b\u017ee sm\u00ed\u0161en\u00fdch dru\u017estev \u0159\u00edzen\u00e9 V\u010cOTS se budou hr\u00e1t zkr\u00e1cenou formou na t\u0159i kola \u2013 vy\u0159azovac\u00edmzp\u016fsobem o v\u0161echna um\u00edst\u011bn\u00ed. Term\u00edn zah\u00e1jen\u00ed sout\u011b\u017e\u00ed bude sobota 29. kv\u011btna nebo sobota 5. \u010dervna prokategorie: dosp\u011bl\u00ed, star\u0161\u00ed \u017eactvo, n\u00e1sledn\u00e9 ned\u011ble pro kategorie: dorost, mlad\u0161\u00ed \u017eactvo a senio\u0159i). Pokudsout\u011b\u017ee nebudou zah\u00e1jeny do 5. \u010dervna, budou pravd\u011bpodobn\u011b zru\u0161eny. [&hellip;]<\/p>\n","protected":false},"author":2,"featured_media":6749,"comment_status":"open","ping_status":"open","sticky":false,"template":"","format":"standard","meta":{"_monsterinsights_skip_tracking":false,"_monsterinsights_sitenote_active":false,"_monsterinsights_sitenote_note":"","_monsterinsights_sitenote_category":0,"footnotes":""},"categories":[10],"tags":[],"yoast_head":"<!-- This site is optimized with the Yoast SEO plugin v24.5 - https:\/\/yoast.com\/wordpress\/plugins\/seo\/ -->\n<title>Informace V\u010dOTS k sout\u011b\u017e\u00edm dru\u017estev - LTC Pardubice<\/title>\n<meta name=\"robots\" content=\"index, follow, max-snippet:-1, max-image-preview:large, max-video-preview:-1\" \/>\n<link rel=\"canonical\" href=\"https:\/\/www.ltcpardubice.cz\/?p=6748\" \/>\n<meta property=\"og:locale\" content=\"cs_CZ\" \/>\n<meta property=\"og:type\" content=\"article\" \/>\n<meta property=\"og:title\" content=\"Informace V\u010dOTS k sout\u011b\u017e\u00edm dru\u017estev - LTC Pardubice\" \/>\n<meta property=\"og:description\" content=\"SOUT\u011a\u017dE DRU\u017dSTEV 2021- SYST\u00c9M SOUT\u011a\u017d\u00cdSout\u011b\u017ee sm\u00ed\u0161en\u00fdch dru\u017estev \u0159\u00edzen\u00e9 V\u010cOTS se budou hr\u00e1t zkr\u00e1cenou formou na t\u0159i kola \u2013 vy\u0159azovac\u00edmzp\u016fsobem o v\u0161echna um\u00edst\u011bn\u00ed. Term\u00edn zah\u00e1jen\u00ed sout\u011b\u017e\u00ed bude sobota 29. kv\u011btna nebo sobota 5. \u010dervna prokategorie: dosp\u011bl\u00ed, star\u0161\u00ed \u017eactvo, n\u00e1sledn\u00e9 ned\u011ble pro kategorie: dorost, mlad\u0161\u00ed \u017eactvo a senio\u0159i). Pokudsout\u011b\u017ee nebudou zah\u00e1jeny do 5. \u010dervna, budou pravd\u011bpodobn\u011b zru\u0161eny. [&hellip;]\" \/>\n<meta property=\"og:url\" content=\"https:\/\/www.ltcpardubice.cz\/?p=6748\" \/>\n<meta property=\"og:site_name\" content=\"LTC Pardubice\" \/>\n<meta property=\"article:published_time\" content=\"2021-05-12T05:14:59+00:00\" \/>\n<meta property=\"article:modified_time\" content=\"2021-05-12T05:15:01+00:00\" \/>\n<meta property=\"og:image\" content=\"https:\/\/www.ltcpardubice.cz\/wp-content\/uploads\/2021\/05\/tenis_1-1481x500-1.jpg\" \/>\n\t<meta property=\"og:image:width\" content=\"1481\" \/>\n\t<meta property=\"og:image:height\" content=\"500\" \/>\n\t<meta property=\"og:image:type\" content=\"image\/jpeg\" \/>\n<meta name=\"author\" content=\"Eva Z\u00e1labsk\u00e1\" \/>\n<meta name=\"twitter:card\" content=\"summary_large_image\" \/>\n<meta name=\"twitter:label1\" content=\"Napsal(a)\" \/>\n\t<meta name=\"twitter:data1\" content=\"Eva Z\u00e1labsk\u00e1\" \/>\n\t<meta name=\"twitter:label2\" content=\"Odhadovan\u00e1 doba \u010dten\u00ed\" \/>\n\t<meta name=\"twitter:data2\" content=\"2 minuty\" \/>\n<script type=\"application\/ld+json\" class=\"yoast-schema-graph\">{\"@context\":\"https:\/\/schema.org\",\"@graph\":[{\"@type\":\"WebPage\",\"@id\":\"https:\/\/www.ltcpardubice.cz\/?p=6748\",\"url\":\"https:\/\/www.ltcpardubice.cz\/?p=6748\",\"name\":\"Informace V\u010dOTS k sout\u011b\u017e\u00edm dru\u017estev - LTC Pardubice\",\"isPartOf\":{\"@id\":\"https:\/\/www.ltcpardubice.cz\/#website\"},\"primaryImageOfPage\":{\"@id\":\"https:\/\/www.ltcpardubice.cz\/?p=6748#primaryimage\"},\"image\":{\"@id\":\"https:\/\/www.ltcpardubice.cz\/?p=6748#primaryimage\"},\"thumbnailUrl\":\"https:\/\/www.ltcpardubice.cz\/wp-content\/uploads\/2021\/05\/tenis_1-1481x500-1.jpg\",\"datePublished\":\"2021-05-12T05:14:59+00:00\",\"dateModified\":\"2021-05-12T05:15:01+00:00\",\"author\":{\"@id\":\"https:\/\/www.ltcpardubice.cz\/#\/schema\/person\/8f5f3a741b9adea57419864489f31541\"},\"breadcrumb\":{\"@id\":\"https:\/\/www.ltcpardubice.cz\/?p=6748#breadcrumb\"},\"inLanguage\":\"cs\",\"potentialAction\":[{\"@type\":\"ReadAction\",\"target\":[\"https:\/\/www.ltcpardubice.cz\/?p=6748\"]}]},{\"@type\":\"ImageObject\",\"inLanguage\":\"cs\",\"@id\":\"https:\/\/www.ltcpardubice.cz\/?p=6748#primaryimage\",\"url\":\"https:\/\/www.ltcpardubice.cz\/wp-content\/uploads\/2021\/05\/tenis_1-1481x500-1.jpg\",\"contentUrl\":\"https:\/\/www.ltcpardubice.cz\/wp-content\/uploads\/2021\/05\/tenis_1-1481x500-1.jpg\",\"width\":1481,\"height\":500},{\"@type\":\"BreadcrumbList\",\"@id\":\"https:\/\/www.ltcpardubice.cz\/?p=6748#breadcrumb\",\"itemListElement\":[{\"@type\":\"ListItem\",\"position\":1,\"name\":\"Home\",\"item\":\"https:\/\/www.ltcpardubice.cz\/\"},{\"@type\":\"ListItem\",\"position\":2,\"name\":\"Informace V\u010dOTS k sout\u011b\u017e\u00edm dru\u017estev\"}]},{\"@type\":\"WebSite\",\"@id\":\"https:\/\/www.ltcpardubice.cz\/#website\",\"url\":\"https:\/\/www.ltcpardubice.cz\/\",\"name\":\"LTC Pardubice\",\"description\":\"Str\u00e1nky tenisov\u00e9ho klubu LTC Pardubice\",\"potentialAction\":[{\"@type\":\"SearchAction\",\"target\":{\"@type\":\"EntryPoint\",\"urlTemplate\":\"https:\/\/www.ltcpardubice.cz\/?s={search_term_string}\"},\"query-input\":{\"@type\":\"PropertyValueSpecification\",\"valueRequired\":true,\"valueName\":\"search_term_string\"}}],\"inLanguage\":\"cs\"},{\"@type\":\"Person\",\"@id\":\"https:\/\/www.ltcpardubice.cz\/#\/schema\/person\/8f5f3a741b9adea57419864489f31541\",\"name\":\"Eva Z\u00e1labsk\u00e1\",\"image\":{\"@type\":\"ImageObject\",\"inLanguage\":\"cs\",\"@id\":\"https:\/\/www.ltcpardubice.cz\/#\/schema\/person\/image\/\",\"url\":\"https:\/\/secure.gravatar.com\/avatar\/fece9555d8859e0080e4a5ae7edcc925?s=96&d=mm&r=g\",\"contentUrl\":\"https:\/\/secure.gravatar.com\/avatar\/fece9555d8859e0080e4a5ae7edcc925?s=96&d=mm&r=g\",\"caption\":\"Eva Z\u00e1labsk\u00e1\"},\"url\":\"https:\/\/www.ltcpardubice.cz\/?author=2\"}]}<\/script>\n<!-- \/ Yoast SEO plugin. -->","yoast_head_json":{"title":"Informace V\u010dOTS k sout\u011b\u017e\u00edm dru\u017estev - LTC Pardubice","robots":{"index":"index","follow":"follow","max-snippet":"max-snippet:-1","max-image-preview":"max-image-preview:large","max-video-preview":"max-video-preview:-1"},"canonical":"https:\/\/www.ltcpardubice.cz\/?p=6748","og_locale":"cs_CZ","og_type":"article","og_title":"Informace V\u010dOTS k sout\u011b\u017e\u00edm dru\u017estev - LTC Pardubice","og_description":"SOUT\u011a\u017dE DRU\u017dSTEV 2021- SYST\u00c9M SOUT\u011a\u017d\u00cdSout\u011b\u017ee sm\u00ed\u0161en\u00fdch dru\u017estev \u0159\u00edzen\u00e9 V\u010cOTS se budou hr\u00e1t zkr\u00e1cenou formou na t\u0159i kola \u2013 vy\u0159azovac\u00edmzp\u016fsobem o v\u0161echna um\u00edst\u011bn\u00ed. Term\u00edn zah\u00e1jen\u00ed sout\u011b\u017e\u00ed bude sobota 29. kv\u011btna nebo sobota 5. \u010dervna prokategorie: dosp\u011bl\u00ed, star\u0161\u00ed \u017eactvo, n\u00e1sledn\u00e9 ned\u011ble pro kategorie: dorost, mlad\u0161\u00ed \u017eactvo a senio\u0159i). Pokudsout\u011b\u017ee nebudou zah\u00e1jeny do 5. \u010dervna, budou pravd\u011bpodobn\u011b zru\u0161eny. [&hellip;]","og_url":"https:\/\/www.ltcpardubice.cz\/?p=6748","og_site_name":"LTC Pardubice","article_published_time":"2021-05-12T05:14:59+00:00","article_modified_time":"2021-05-12T05:15:01+00:00","og_image":[{"width":1481,"height":500,"url":"https:\/\/www.ltcpardubice.cz\/wp-content\/uploads\/2021\/05\/tenis_1-1481x500-1.jpg","type":"image\/jpeg"}],"author":"Eva Z\u00e1labsk\u00e1","twitter_card":"summary_large_image","twitter_misc":{"Napsal(a)":"Eva Z\u00e1labsk\u00e1","Odhadovan\u00e1 doba \u010dten\u00ed":"2 minuty"},"schema":{"@context":"https:\/\/schema.org","@graph":[{"@type":"WebPage","@id":"https:\/\/www.ltcpardubice.cz\/?p=6748","url":"https:\/\/www.ltcpardubice.cz\/?p=6748","name":"Informace V\u010dOTS k sout\u011b\u017e\u00edm dru\u017estev - LTC Pardubice","isPartOf":{"@id":"https:\/\/www.ltcpardubice.cz\/#website"},"primaryImageOfPage":{"@id":"https:\/\/www.ltcpardubice.cz\/?p=6748#primaryimage"},"image":{"@id":"https:\/\/www.ltcpardubice.cz\/?p=6748#primaryimage"},"thumbnailUrl":"https:\/\/www.ltcpardubice.cz\/wp-content\/uploads\/2021\/05\/tenis_1-1481x500-1.jpg","datePublished":"2021-05-12T05:14:59+00:00","dateModified":"2021-05-12T05:15:01+00:00","author":{"@id":"https:\/\/www.ltcpardubice.cz\/#\/schema\/person\/8f5f3a741b9adea57419864489f31541"},"breadcrumb":{"@id":"https:\/\/www.ltcpardubice.cz\/?p=6748#breadcrumb"},"inLanguage":"cs","potentialAction":[{"@type":"ReadAction","target":["https:\/\/www.ltcpardubice.cz\/?p=6748"]}]},{"@type":"ImageObject","inLanguage":"cs","@id":"https:\/\/www.ltcpardubice.cz\/?p=6748#primaryimage","url":"https:\/\/www.ltcpardubice.cz\/wp-content\/uploads\/2021\/05\/tenis_1-1481x500-1.jpg","contentUrl":"https:\/\/www.ltcpardubice.cz\/wp-content\/uploads\/2021\/05\/tenis_1-1481x500-1.jpg","width":1481,"height":500},{"@type":"BreadcrumbList","@id":"https:\/\/www.ltcpardubice.cz\/?p=6748#breadcrumb","itemListElement":[{"@type":"ListItem","position":1,"name":"Home","item":"https:\/\/www.ltcpardubice.cz\/"},{"@type":"ListItem","position":2,"name":"Informace V\u010dOTS k sout\u011b\u017e\u00edm dru\u017estev"}]},{"@type":"WebSite","@id":"https:\/\/www.ltcpardubice.cz\/#website","url":"https:\/\/www.ltcpardubice.cz\/","name":"LTC Pardubice","description":"Str\u00e1nky tenisov\u00e9ho klubu LTC Pardubice","potentialAction":[{"@type":"SearchAction","target":{"@type":"EntryPoint","urlTemplate":"https:\/\/www.ltcpardubice.cz\/?s={search_term_string}"},"query-input":{"@type":"PropertyValueSpecification","valueRequired":true,"valueName":"search_term_string"}}],"inLanguage":"cs"},{"@type":"Person","@id":"https:\/\/www.ltcpardubice.cz\/#\/schema\/person\/8f5f3a741b9adea57419864489f31541","name":"Eva Z\u00e1labsk\u00e1","image":{"@type":"ImageObject","inLanguage":"cs","@id":"https:\/\/www.ltcpardubice.cz\/#\/schema\/person\/image\/","url":"https:\/\/secure.gravatar.com\/avatar\/fece9555d8859e0080e4a5ae7edcc925?s=96&d=mm&r=g","contentUrl":"https:\/\/secure.gravatar.com\/avatar\/fece9555d8859e0080e4a5ae7edcc925?s=96&d=mm&r=g","caption":"Eva Z\u00e1labsk\u00e1"},"url":"https:\/\/www.ltcpardubice.cz\/?author=2"}]}},"brizy_media":[],"_links":{"self":[{"href":"https:\/\/www.ltcpardubice.cz\/index.php?rest_route=\/wp\/v2\/posts\/6748"}],"collection":[{"href":"https:\/\/www.ltcpardubice.cz\/index.php?rest_route=\/wp\/v2\/posts"}],"about":[{"href":"https:\/\/www.ltcpardubice.cz\/index.php?rest_route=\/wp\/v2\/types\/post"}],"author":[{"embeddable":true,"href":"https:\/\/www.ltcpardubice.cz\/index.php?rest_route=\/wp\/v2\/users\/2"}],"replies":[{"embeddable":true,"href":"https:\/\/www.ltcpardubice.cz\/index.php?rest_route=%2Fwp%2Fv2%2Fcomments&post=6748"}],"version-history":[{"count":1,"href":"https:\/\/www.ltcpardubice.cz\/index.php?rest_route=\/wp\/v2\/posts\/6748\/revisions"}],"predecessor-version":[{"id":6750,"href":"https:\/\/www.ltcpardubice.cz\/index.php?rest_route=\/wp\/v2\/posts\/6748\/revisions\/6750"}],"wp:featuredmedia":[{"embeddable":true,"href":"https:\/\/www.ltcpardubice.cz\/index.php?rest_route=\/wp\/v2\/media\/6749"}],"wp:attachment":[{"href":"https:\/\/www.ltcpardubice.cz\/index.php?rest_route=%2Fwp%2Fv2%2Fmedia&parent=6748"}],"wp:term":[{"taxonomy":"category","embeddable":true,"href":"https:\/\/www.ltcpardubice.cz\/index.php?rest_route=%2Fwp%2Fv2%2Fcategories&post=6748"},{"taxonomy":"post_tag","embeddable":true,"href":"https:\/\/www.ltcpardubice.cz\/index.php?rest_route=%2Fwp%2Fv2%2Ftags&post=6748"}],"curies":[{"name":"wp","href":"https:\/\/api.w.org\/{rel}","templated":true}]}}