{"id":6801,"date":"2021-06-14T10:54:28","date_gmt":"2021-06-14T10:54:28","guid":{"rendered":"https:\/\/www.ltcpardubice.cz\/?p=6801"},"modified":"2021-06-15T05:11:09","modified_gmt":"2021-06-15T05:11:09","slug":"oblastni-prebory-jednotlivcu-12-14-6","status":"publish","type":"post","link":"https:\/\/www.ltcpardubice.cz\/?p=6801","title":{"rendered":"Oblastn\u00ed p\u0159ebory jednotlivc\u016f 12. &#8211; 14.6."},"content":{"rendered":"\n<p>12.-14.6. se konaly Oblastn\u00ed p\u0159ebory v\u0161ech v\u011bkov\u00fdch kategori\u00ed. Bojovalo se o postup na M\u010cR. V kategorii dosp\u011bl\u00fdch V. Vlkovsk\u00fd prohr\u00e1l v Hradci Kr\u00e1lov\u00e9 ve fin\u00e1le dvouhry po boji se Su\u010dem 6\/7 3\/6. V kategorii \u017een uhr\u00e1la fin\u00e1le dvouhry ve Vysok\u00e9m M\u00fdt\u011b A. Wasserbauerov\u00e1, kter\u00e1 spolu s Kroisovou vyhr\u00e1la \u010dty\u0159hru. V kategorii dorostu jsme m\u011bli asi nejv\u011bt\u0161\u00ed o\u010dek\u00e1v\u00e1n\u00ed, kdo se probojuje na Pardubickou juniorku p\u0159\u00edmo. V. Veigert skon\u010dil na dom\u00e1c\u00edch dvorc\u00edch v semifin\u00e1le na raket\u011b Hor\u00e1lka, ostatn\u00ed je\u0161t\u011b d\u0159\u00edve. O. Kratochv\u00edl spolu s N\u00e1pravn\u00edkem zv\u00edt\u011bzili alespo\u0148 ve \u010dty\u0159h\u0159e. V kategorii dorostenek vyhr\u00e1la na Tesle Pce \u010dty\u0159hru N. Davidov\u00e1 spolu s Hejtm\u00e1nkovou. P\u0159\u00edm\u00fd postup se tedy nekonal. Ve star\u0161\u00edch \u017e\u00e1c\u00edch byl F. Dym\u00e1k ve \u010dtvrtfin\u00e1le, stejn\u011b jako D. Vaverka v \u017e\u00e1c\u00edch mlad\u0161\u00edch. A. Honigov\u00e1 si odvezla bronz ze dvouhry v kategorii mlad\u0161\u00edch \u017e\u00e1ky\u0148. Celkem se OP z\u00fa\u010dastnilo 22 na\u0161ich hr\u00e1\u010d\u016f. V\u0161echny v\u00fdsledky na www.cztenis.cz.<\/p>\n","protected":false},"excerpt":{"rendered":"<p>12.-14.6. se konaly Oblastn\u00ed p\u0159ebory v\u0161ech v\u011bkov\u00fdch kategori\u00ed. Bojovalo se o postup na M\u010cR. V kategorii dosp\u011bl\u00fdch V. Vlkovsk\u00fd prohr\u00e1l v Hradci Kr\u00e1lov\u00e9 ve fin\u00e1le dvouhry po boji se Su\u010dem 6\/7 3\/6. V kategorii \u017een uhr\u00e1la fin\u00e1le dvouhry ve Vysok\u00e9m M\u00fdt\u011b A. Wasserbauerov\u00e1, kter\u00e1 spolu s Kroisovou vyhr\u00e1la \u010dty\u0159hru. V kategorii dorostu jsme m\u011bli asi [&hellip;]<\/p>\n","protected":false},"author":2,"featured_media":4320,"comment_status":"open","ping_status":"open","sticky":false,"template":"","format":"standard","meta":{"_monsterinsights_skip_tracking":false,"_monsterinsights_sitenote_active":false,"_monsterinsights_sitenote_note":"","_monsterinsights_sitenote_category":0,"footnotes":""},"categories":[10],"tags":[],"yoast_head":"<!-- This site is optimized with the Yoast SEO plugin v24.5 - https:\/\/yoast.com\/wordpress\/plugins\/seo\/ -->\n<title>Oblastn\u00ed p\u0159ebory jednotlivc\u016f 12. - 14.6. - LTC Pardubice<\/title>\n<meta name=\"robots\" content=\"index, follow, max-snippet:-1, max-image-preview:large, max-video-preview:-1\" \/>\n<link rel=\"canonical\" href=\"https:\/\/www.ltcpardubice.cz\/?p=6801\" \/>\n<meta property=\"og:locale\" content=\"cs_CZ\" \/>\n<meta property=\"og:type\" content=\"article\" \/>\n<meta property=\"og:title\" content=\"Oblastn\u00ed p\u0159ebory jednotlivc\u016f 12. - 14.6. - LTC Pardubice\" \/>\n<meta property=\"og:description\" content=\"12.-14.6. se konaly Oblastn\u00ed p\u0159ebory v\u0161ech v\u011bkov\u00fdch kategori\u00ed. Bojovalo se o postup na M\u010cR. V kategorii dosp\u011bl\u00fdch V. Vlkovsk\u00fd prohr\u00e1l v Hradci Kr\u00e1lov\u00e9 ve fin\u00e1le dvouhry po boji se Su\u010dem 6\/7 3\/6. V kategorii \u017een uhr\u00e1la fin\u00e1le dvouhry ve Vysok\u00e9m M\u00fdt\u011b A. Wasserbauerov\u00e1, kter\u00e1 spolu s Kroisovou vyhr\u00e1la \u010dty\u0159hru. V kategorii dorostu jsme m\u011bli asi [&hellip;]\" \/>\n<meta property=\"og:url\" content=\"https:\/\/www.ltcpardubice.cz\/?p=6801\" \/>\n<meta property=\"og:site_name\" content=\"LTC Pardubice\" \/>\n<meta property=\"article:published_time\" content=\"2021-06-14T10:54:28+00:00\" \/>\n<meta property=\"article:modified_time\" content=\"2021-06-15T05:11:09+00:00\" \/>\n<meta property=\"og:image\" content=\"https:\/\/www.ltcpardubice.cz\/wp-content\/uploads\/2020\/08\/was.jpg\" \/>\n\t<meta property=\"og:image:width\" content=\"154\" \/>\n\t<meta property=\"og:image:height\" content=\"167\" \/>\n\t<meta property=\"og:image:type\" content=\"image\/jpeg\" \/>\n<meta name=\"author\" content=\"Eva Z\u00e1labsk\u00e1\" \/>\n<meta name=\"twitter:card\" content=\"summary_large_image\" \/>\n<meta name=\"twitter:label1\" content=\"Napsal(a)\" \/>\n\t<meta name=\"twitter:data1\" content=\"Eva Z\u00e1labsk\u00e1\" \/>\n\t<meta name=\"twitter:label2\" content=\"Odhadovan\u00e1 doba \u010dten\u00ed\" \/>\n\t<meta name=\"twitter:data2\" content=\"1 minuta\" \/>\n<script type=\"application\/ld+json\" class=\"yoast-schema-graph\">{\"@context\":\"https:\/\/schema.org\",\"@graph\":[{\"@type\":\"WebPage\",\"@id\":\"https:\/\/www.ltcpardubice.cz\/?p=6801\",\"url\":\"https:\/\/www.ltcpardubice.cz\/?p=6801\",\"name\":\"Oblastn\u00ed p\u0159ebory jednotlivc\u016f 12. - 14.6. - LTC Pardubice\",\"isPartOf\":{\"@id\":\"https:\/\/www.ltcpardubice.cz\/#website\"},\"primaryImageOfPage\":{\"@id\":\"https:\/\/www.ltcpardubice.cz\/?p=6801#primaryimage\"},\"image\":{\"@id\":\"https:\/\/www.ltcpardubice.cz\/?p=6801#primaryimage\"},\"thumbnailUrl\":\"https:\/\/www.ltcpardubice.cz\/wp-content\/uploads\/2020\/08\/was.jpg\",\"datePublished\":\"2021-06-14T10:54:28+00:00\",\"dateModified\":\"2021-06-15T05:11:09+00:00\",\"author\":{\"@id\":\"https:\/\/www.ltcpardubice.cz\/#\/schema\/person\/8f5f3a741b9adea57419864489f31541\"},\"breadcrumb\":{\"@id\":\"https:\/\/www.ltcpardubice.cz\/?p=6801#breadcrumb\"},\"inLanguage\":\"cs\",\"potentialAction\":[{\"@type\":\"ReadAction\",\"target\":[\"https:\/\/www.ltcpardubice.cz\/?p=6801\"]}]},{\"@type\":\"ImageObject\",\"inLanguage\":\"cs\",\"@id\":\"https:\/\/www.ltcpardubice.cz\/?p=6801#primaryimage\",\"url\":\"https:\/\/www.ltcpardubice.cz\/wp-content\/uploads\/2020\/08\/was.jpg\",\"contentUrl\":\"https:\/\/www.ltcpardubice.cz\/wp-content\/uploads\/2020\/08\/was.jpg\",\"width\":154,\"height\":167},{\"@type\":\"BreadcrumbList\",\"@id\":\"https:\/\/www.ltcpardubice.cz\/?p=6801#breadcrumb\",\"itemListElement\":[{\"@type\":\"ListItem\",\"position\":1,\"name\":\"Home\",\"item\":\"https:\/\/www.ltcpardubice.cz\/\"},{\"@type\":\"ListItem\",\"position\":2,\"name\":\"Oblastn\u00ed p\u0159ebory jednotlivc\u016f 12. &#8211; 14.6.\"}]},{\"@type\":\"WebSite\",\"@id\":\"https:\/\/www.ltcpardubice.cz\/#website\",\"url\":\"https:\/\/www.ltcpardubice.cz\/\",\"name\":\"LTC Pardubice\",\"description\":\"Str\u00e1nky tenisov\u00e9ho klubu LTC Pardubice\",\"potentialAction\":[{\"@type\":\"SearchAction\",\"target\":{\"@type\":\"EntryPoint\",\"urlTemplate\":\"https:\/\/www.ltcpardubice.cz\/?s={search_term_string}\"},\"query-input\":{\"@type\":\"PropertyValueSpecification\",\"valueRequired\":true,\"valueName\":\"search_term_string\"}}],\"inLanguage\":\"cs\"},{\"@type\":\"Person\",\"@id\":\"https:\/\/www.ltcpardubice.cz\/#\/schema\/person\/8f5f3a741b9adea57419864489f31541\",\"name\":\"Eva Z\u00e1labsk\u00e1\",\"image\":{\"@type\":\"ImageObject\",\"inLanguage\":\"cs\",\"@id\":\"https:\/\/www.ltcpardubice.cz\/#\/schema\/person\/image\/\",\"url\":\"https:\/\/secure.gravatar.com\/avatar\/fece9555d8859e0080e4a5ae7edcc925?s=96&d=mm&r=g\",\"contentUrl\":\"https:\/\/secure.gravatar.com\/avatar\/fece9555d8859e0080e4a5ae7edcc925?s=96&d=mm&r=g\",\"caption\":\"Eva Z\u00e1labsk\u00e1\"},\"url\":\"https:\/\/www.ltcpardubice.cz\/?author=2\"}]}<\/script>\n<!-- \/ Yoast SEO plugin. -->","yoast_head_json":{"title":"Oblastn\u00ed p\u0159ebory jednotlivc\u016f 12. - 14.6. - LTC Pardubice","robots":{"index":"index","follow":"follow","max-snippet":"max-snippet:-1","max-image-preview":"max-image-preview:large","max-video-preview":"max-video-preview:-1"},"canonical":"https:\/\/www.ltcpardubice.cz\/?p=6801","og_locale":"cs_CZ","og_type":"article","og_title":"Oblastn\u00ed p\u0159ebory jednotlivc\u016f 12. - 14.6. - LTC Pardubice","og_description":"12.-14.6. se konaly Oblastn\u00ed p\u0159ebory v\u0161ech v\u011bkov\u00fdch kategori\u00ed. Bojovalo se o postup na M\u010cR. V kategorii dosp\u011bl\u00fdch V. Vlkovsk\u00fd prohr\u00e1l v Hradci Kr\u00e1lov\u00e9 ve fin\u00e1le dvouhry po boji se Su\u010dem 6\/7 3\/6. V kategorii \u017een uhr\u00e1la fin\u00e1le dvouhry ve Vysok\u00e9m M\u00fdt\u011b A. Wasserbauerov\u00e1, kter\u00e1 spolu s Kroisovou vyhr\u00e1la \u010dty\u0159hru. V kategorii dorostu jsme m\u011bli asi [&hellip;]","og_url":"https:\/\/www.ltcpardubice.cz\/?p=6801","og_site_name":"LTC Pardubice","article_published_time":"2021-06-14T10:54:28+00:00","article_modified_time":"2021-06-15T05:11:09+00:00","og_image":[{"width":154,"height":167,"url":"https:\/\/www.ltcpardubice.cz\/wp-content\/uploads\/2020\/08\/was.jpg","type":"image\/jpeg"}],"author":"Eva Z\u00e1labsk\u00e1","twitter_card":"summary_large_image","twitter_misc":{"Napsal(a)":"Eva Z\u00e1labsk\u00e1","Odhadovan\u00e1 doba \u010dten\u00ed":"1 minuta"},"schema":{"@context":"https:\/\/schema.org","@graph":[{"@type":"WebPage","@id":"https:\/\/www.ltcpardubice.cz\/?p=6801","url":"https:\/\/www.ltcpardubice.cz\/?p=6801","name":"Oblastn\u00ed p\u0159ebory jednotlivc\u016f 12. - 14.6. - LTC Pardubice","isPartOf":{"@id":"https:\/\/www.ltcpardubice.cz\/#website"},"primaryImageOfPage":{"@id":"https:\/\/www.ltcpardubice.cz\/?p=6801#primaryimage"},"image":{"@id":"https:\/\/www.ltcpardubice.cz\/?p=6801#primaryimage"},"thumbnailUrl":"https:\/\/www.ltcpardubice.cz\/wp-content\/uploads\/2020\/08\/was.jpg","datePublished":"2021-06-14T10:54:28+00:00","dateModified":"2021-06-15T05:11:09+00:00","author":{"@id":"https:\/\/www.ltcpardubice.cz\/#\/schema\/person\/8f5f3a741b9adea57419864489f31541"},"breadcrumb":{"@id":"https:\/\/www.ltcpardubice.cz\/?p=6801#breadcrumb"},"inLanguage":"cs","potentialAction":[{"@type":"ReadAction","target":["https:\/\/www.ltcpardubice.cz\/?p=6801"]}]},{"@type":"ImageObject","inLanguage":"cs","@id":"https:\/\/www.ltcpardubice.cz\/?p=6801#primaryimage","url":"https:\/\/www.ltcpardubice.cz\/wp-content\/uploads\/2020\/08\/was.jpg","contentUrl":"https:\/\/www.ltcpardubice.cz\/wp-content\/uploads\/2020\/08\/was.jpg","width":154,"height":167},{"@type":"BreadcrumbList","@id":"https:\/\/www.ltcpardubice.cz\/?p=6801#breadcrumb","itemListElement":[{"@type":"ListItem","position":1,"name":"Home","item":"https:\/\/www.ltcpardubice.cz\/"},{"@type":"ListItem","position":2,"name":"Oblastn\u00ed p\u0159ebory jednotlivc\u016f 12. &#8211; 14.6."}]},{"@type":"WebSite","@id":"https:\/\/www.ltcpardubice.cz\/#website","url":"https:\/\/www.ltcpardubice.cz\/","name":"LTC Pardubice","description":"Str\u00e1nky tenisov\u00e9ho klubu LTC Pardubice","potentialAction":[{"@type":"SearchAction","target":{"@type":"EntryPoint","urlTemplate":"https:\/\/www.ltcpardubice.cz\/?s={search_term_string}"},"query-input":{"@type":"PropertyValueSpecification","valueRequired":true,"valueName":"search_term_string"}}],"inLanguage":"cs"},{"@type":"Person","@id":"https:\/\/www.ltcpardubice.cz\/#\/schema\/person\/8f5f3a741b9adea57419864489f31541","name":"Eva Z\u00e1labsk\u00e1","image":{"@type":"ImageObject","inLanguage":"cs","@id":"https:\/\/www.ltcpardubice.cz\/#\/schema\/person\/image\/","url":"https:\/\/secure.gravatar.com\/avatar\/fece9555d8859e0080e4a5ae7edcc925?s=96&d=mm&r=g","contentUrl":"https:\/\/secure.gravatar.com\/avatar\/fece9555d8859e0080e4a5ae7edcc925?s=96&d=mm&r=g","caption":"Eva Z\u00e1labsk\u00e1"},"url":"https:\/\/www.ltcpardubice.cz\/?author=2"}]}},"brizy_media":[],"_links":{"self":[{"href":"https:\/\/www.ltcpardubice.cz\/index.php?rest_route=\/wp\/v2\/posts\/6801"}],"collection":[{"href":"https:\/\/www.ltcpardubice.cz\/index.php?rest_route=\/wp\/v2\/posts"}],"about":[{"href":"https:\/\/www.ltcpardubice.cz\/index.php?rest_route=\/wp\/v2\/types\/post"}],"author":[{"embeddable":true,"href":"https:\/\/www.ltcpardubice.cz\/index.php?rest_route=\/wp\/v2\/users\/2"}],"replies":[{"embeddable":true,"href":"https:\/\/www.ltcpardubice.cz\/index.php?rest_route=%2Fwp%2Fv2%2Fcomments&post=6801"}],"version-history":[{"count":2,"href":"https:\/\/www.ltcpardubice.cz\/index.php?rest_route=\/wp\/v2\/posts\/6801\/revisions"}],"predecessor-version":[{"id":6805,"href":"https:\/\/www.ltcpardubice.cz\/index.php?rest_route=\/wp\/v2\/posts\/6801\/revisions\/6805"}],"wp:featuredmedia":[{"embeddable":true,"href":"https:\/\/www.ltcpardubice.cz\/index.php?rest_route=\/wp\/v2\/media\/4320"}],"wp:attachment":[{"href":"https:\/\/www.ltcpardubice.cz\/index.php?rest_route=%2Fwp%2Fv2%2Fmedia&parent=6801"}],"wp:term":[{"taxonomy":"category","embeddable":true,"href":"https:\/\/www.ltcpardubice.cz\/index.php?rest_route=%2Fwp%2Fv2%2Fcategories&post=6801"},{"taxonomy":"post_tag","embeddable":true,"href":"https:\/\/www.ltcpardubice.cz\/index.php?rest_route=%2Fwp%2Fv2%2Ftags&post=6801"}],"curies":[{"name":"wp","href":"https:\/\/api.w.org\/{rel}","templated":true}]}}