{"id":6835,"date":"2021-08-17T07:47:16","date_gmt":"2021-08-17T07:47:16","guid":{"rendered":"https:\/\/www.ltcpardubice.cz\/?p=6835"},"modified":"2021-08-17T07:47:18","modified_gmt":"2021-08-17T07:47:18","slug":"ohlednuti-za-pardubickou-juniorkou","status":"publish","type":"post","link":"https:\/\/www.ltcpardubice.cz\/?p=6835","title":{"rendered":"Ohl\u00e9dnut\u00ed za Pardubickou juniorkou"},"content":{"rendered":"\n<p>PJ &#8211; M\u010cR dorostu vyhr\u00e1l Daniel Siniakov k kategorii chlapc\u016f, kdy\u017e ve fin\u00e1le p\u0159ehr\u00e1l Men\u0161\u00edka, kategorii d\u00edvek ovl\u00e1dla Linda Noskov\u00e1, na kterou ve fin\u00e1le nesta\u010dila Bart\u016f\u0148kov\u00e1. A jak si vedli z\u00e1stupci LTC Pardubice? Jenozna\u010dn\u011b nejlep\u0161\u00ed v\u00fdkon podal Ond\u0159ej Kratochv\u00edl, kter\u00fd si uhr\u00e1l \u0159e\u010deno &#8222;tenisov\u011b&#8220; kolo a kolo. P\u0159edev\u0161\u00edm v\u00fdhra ve dvouh\u0159e 7\/6 ve 3. sad\u011b nad Oplu\u0161tilem je cenn\u00e1. Dal\u0161\u00ed na\u0161i z\u00e1stupci Skokan, He\u0159manov\u00e1 a Davidov\u00e1 se lou\u010dili v 1. kole. Zaznamenali jsme ale p\u0159ece jenom jedno v\u00edt\u011bzstv\u00ed: <\/p>\n\n\n\n<p><strong>Dovednostn\u00ed sout\u011b\u017e<\/strong><\/p>\n\n\n\n<p>T\u0159et\u00ed ro\u010dn\u00edk dovednostn\u00ed sout\u011b\u017ee \u201e\u010c\u00e1ra\u201c p\u0159i Pardubick\u00e9 juniorce 2021 vyhr\u00e1l Ond\u0159ej Skokan, kter\u00fd ve fin\u00e1le porazil Kate\u0159inu Mandel\u00edkovou. V souboji o t\u0159et\u00ed m\u00edsto Jakub Jupa byl pora\u017een Ond\u0159ejem V\u00e1lkem, kdy\u017e jeho m\u00ed\u010dek se sice zastavil bl\u00ed\u017ee z\u00e1kladn\u00ed \u010d\u00e1ry, ale potom se o n\u011bkolik centimetr\u016f vr\u00e1til zp\u011bt. Pr\u00e1v\u011b tento mal\u00fd rozd\u00edl v\u0161ak znamenal pro V\u00e1lka v\u00fdhru reproduktor JBL a Jupovi zbyly o\u010di pro pl\u00e1\u010d. V\u00edt\u011bz Ond\u0159ej Skokan pro\u0161el celou sout\u011b\u017e\u00ed naprosto hladce a dvakr\u00e1t dokonce zaparkoval sv\u016fj m\u00ed\u010d p\u0159\u00edmo na z\u00e1kladn\u00ed \u010d\u00e1\u0159e. Skokan z\u00edskal sluch\u00e1tka Apple Airpods 2 a pora\u017een\u00e1 finalistka Kate\u0159ina Mandel\u00edkov\u00e1 ode\u0161la s powerbankou. Sout\u011b\u017ee se z\u00fa\u010dastnilo 43 hr\u00e1\u010d\u016f a hr\u00e1\u010dek.<\/p>\n","protected":false},"excerpt":{"rendered":"<p>PJ &#8211; M\u010cR dorostu vyhr\u00e1l Daniel Siniakov k kategorii chlapc\u016f, kdy\u017e ve fin\u00e1le p\u0159ehr\u00e1l Men\u0161\u00edka, kategorii d\u00edvek ovl\u00e1dla Linda Noskov\u00e1, na kterou ve fin\u00e1le nesta\u010dila Bart\u016f\u0148kov\u00e1. A jak si vedli z\u00e1stupci LTC Pardubice? Jenozna\u010dn\u011b nejlep\u0161\u00ed v\u00fdkon podal Ond\u0159ej Kratochv\u00edl, kter\u00fd si uhr\u00e1l \u0159e\u010deno &#8222;tenisov\u011b&#8220; kolo a kolo. P\u0159edev\u0161\u00edm v\u00fdhra ve dvouh\u0159e 7\/6 ve 3. sad\u011b [&hellip;]<\/p>\n","protected":false},"author":2,"featured_media":6824,"comment_status":"open","ping_status":"open","sticky":false,"template":"","format":"standard","meta":{"_monsterinsights_skip_tracking":false,"_monsterinsights_sitenote_active":false,"_monsterinsights_sitenote_note":"","_monsterinsights_sitenote_category":0,"footnotes":""},"categories":[10],"tags":[],"yoast_head":"<!-- This site is optimized with the Yoast SEO plugin v24.5 - https:\/\/yoast.com\/wordpress\/plugins\/seo\/ -->\n<title>Ohl\u00e9dnut\u00ed za Pardubickou juniorkou - LTC Pardubice<\/title>\n<meta name=\"robots\" content=\"index, follow, max-snippet:-1, max-image-preview:large, max-video-preview:-1\" \/>\n<link rel=\"canonical\" href=\"https:\/\/www.ltcpardubice.cz\/?p=6835\" \/>\n<meta property=\"og:locale\" content=\"cs_CZ\" \/>\n<meta property=\"og:type\" content=\"article\" \/>\n<meta property=\"og:title\" content=\"Ohl\u00e9dnut\u00ed za Pardubickou juniorkou - LTC Pardubice\" \/>\n<meta property=\"og:description\" content=\"PJ &#8211; M\u010cR dorostu vyhr\u00e1l Daniel Siniakov k kategorii chlapc\u016f, kdy\u017e ve fin\u00e1le p\u0159ehr\u00e1l Men\u0161\u00edka, kategorii d\u00edvek ovl\u00e1dla Linda Noskov\u00e1, na kterou ve fin\u00e1le nesta\u010dila Bart\u016f\u0148kov\u00e1. A jak si vedli z\u00e1stupci LTC Pardubice? Jenozna\u010dn\u011b nejlep\u0161\u00ed v\u00fdkon podal Ond\u0159ej Kratochv\u00edl, kter\u00fd si uhr\u00e1l \u0159e\u010deno &#8222;tenisov\u011b&#8220; kolo a kolo. P\u0159edev\u0161\u00edm v\u00fdhra ve dvouh\u0159e 7\/6 ve 3. sad\u011b [&hellip;]\" \/>\n<meta property=\"og:url\" content=\"https:\/\/www.ltcpardubice.cz\/?p=6835\" \/>\n<meta property=\"og:site_name\" content=\"LTC Pardubice\" \/>\n<meta property=\"article:published_time\" content=\"2021-08-17T07:47:16+00:00\" \/>\n<meta property=\"article:modified_time\" content=\"2021-08-17T07:47:18+00:00\" \/>\n<meta property=\"og:image\" content=\"https:\/\/www.ltcpardubice.cz\/wp-content\/uploads\/2021\/07\/logo-pce-juniorka.png\" \/>\n\t<meta property=\"og:image:width\" content=\"500\" \/>\n\t<meta property=\"og:image:height\" content=\"500\" \/>\n\t<meta property=\"og:image:type\" content=\"image\/png\" \/>\n<meta name=\"author\" content=\"Eva Z\u00e1labsk\u00e1\" \/>\n<meta name=\"twitter:card\" content=\"summary_large_image\" \/>\n<meta name=\"twitter:label1\" content=\"Napsal(a)\" \/>\n\t<meta name=\"twitter:data1\" content=\"Eva Z\u00e1labsk\u00e1\" \/>\n\t<meta name=\"twitter:label2\" content=\"Odhadovan\u00e1 doba \u010dten\u00ed\" \/>\n\t<meta name=\"twitter:data2\" content=\"1 minuta\" \/>\n<script type=\"application\/ld+json\" class=\"yoast-schema-graph\">{\"@context\":\"https:\/\/schema.org\",\"@graph\":[{\"@type\":\"WebPage\",\"@id\":\"https:\/\/www.ltcpardubice.cz\/?p=6835\",\"url\":\"https:\/\/www.ltcpardubice.cz\/?p=6835\",\"name\":\"Ohl\u00e9dnut\u00ed za Pardubickou juniorkou - LTC Pardubice\",\"isPartOf\":{\"@id\":\"https:\/\/www.ltcpardubice.cz\/#website\"},\"primaryImageOfPage\":{\"@id\":\"https:\/\/www.ltcpardubice.cz\/?p=6835#primaryimage\"},\"image\":{\"@id\":\"https:\/\/www.ltcpardubice.cz\/?p=6835#primaryimage\"},\"thumbnailUrl\":\"https:\/\/www.ltcpardubice.cz\/wp-content\/uploads\/2021\/07\/logo-pce-juniorka.png\",\"datePublished\":\"2021-08-17T07:47:16+00:00\",\"dateModified\":\"2021-08-17T07:47:18+00:00\",\"author\":{\"@id\":\"https:\/\/www.ltcpardubice.cz\/#\/schema\/person\/8f5f3a741b9adea57419864489f31541\"},\"breadcrumb\":{\"@id\":\"https:\/\/www.ltcpardubice.cz\/?p=6835#breadcrumb\"},\"inLanguage\":\"cs\",\"potentialAction\":[{\"@type\":\"ReadAction\",\"target\":[\"https:\/\/www.ltcpardubice.cz\/?p=6835\"]}]},{\"@type\":\"ImageObject\",\"inLanguage\":\"cs\",\"@id\":\"https:\/\/www.ltcpardubice.cz\/?p=6835#primaryimage\",\"url\":\"https:\/\/www.ltcpardubice.cz\/wp-content\/uploads\/2021\/07\/logo-pce-juniorka.png\",\"contentUrl\":\"https:\/\/www.ltcpardubice.cz\/wp-content\/uploads\/2021\/07\/logo-pce-juniorka.png\",\"width\":500,\"height\":500},{\"@type\":\"BreadcrumbList\",\"@id\":\"https:\/\/www.ltcpardubice.cz\/?p=6835#breadcrumb\",\"itemListElement\":[{\"@type\":\"ListItem\",\"position\":1,\"name\":\"Home\",\"item\":\"https:\/\/www.ltcpardubice.cz\/\"},{\"@type\":\"ListItem\",\"position\":2,\"name\":\"Ohl\u00e9dnut\u00ed za Pardubickou juniorkou\"}]},{\"@type\":\"WebSite\",\"@id\":\"https:\/\/www.ltcpardubice.cz\/#website\",\"url\":\"https:\/\/www.ltcpardubice.cz\/\",\"name\":\"LTC Pardubice\",\"description\":\"Str\u00e1nky tenisov\u00e9ho klubu LTC Pardubice\",\"potentialAction\":[{\"@type\":\"SearchAction\",\"target\":{\"@type\":\"EntryPoint\",\"urlTemplate\":\"https:\/\/www.ltcpardubice.cz\/?s={search_term_string}\"},\"query-input\":{\"@type\":\"PropertyValueSpecification\",\"valueRequired\":true,\"valueName\":\"search_term_string\"}}],\"inLanguage\":\"cs\"},{\"@type\":\"Person\",\"@id\":\"https:\/\/www.ltcpardubice.cz\/#\/schema\/person\/8f5f3a741b9adea57419864489f31541\",\"name\":\"Eva Z\u00e1labsk\u00e1\",\"image\":{\"@type\":\"ImageObject\",\"inLanguage\":\"cs\",\"@id\":\"https:\/\/www.ltcpardubice.cz\/#\/schema\/person\/image\/\",\"url\":\"https:\/\/secure.gravatar.com\/avatar\/fece9555d8859e0080e4a5ae7edcc925?s=96&d=mm&r=g\",\"contentUrl\":\"https:\/\/secure.gravatar.com\/avatar\/fece9555d8859e0080e4a5ae7edcc925?s=96&d=mm&r=g\",\"caption\":\"Eva Z\u00e1labsk\u00e1\"},\"url\":\"https:\/\/www.ltcpardubice.cz\/?author=2\"}]}<\/script>\n<!-- \/ Yoast SEO plugin. -->","yoast_head_json":{"title":"Ohl\u00e9dnut\u00ed za Pardubickou juniorkou - LTC Pardubice","robots":{"index":"index","follow":"follow","max-snippet":"max-snippet:-1","max-image-preview":"max-image-preview:large","max-video-preview":"max-video-preview:-1"},"canonical":"https:\/\/www.ltcpardubice.cz\/?p=6835","og_locale":"cs_CZ","og_type":"article","og_title":"Ohl\u00e9dnut\u00ed za Pardubickou juniorkou - LTC Pardubice","og_description":"PJ &#8211; M\u010cR dorostu vyhr\u00e1l Daniel Siniakov k kategorii chlapc\u016f, kdy\u017e ve fin\u00e1le p\u0159ehr\u00e1l Men\u0161\u00edka, kategorii d\u00edvek ovl\u00e1dla Linda Noskov\u00e1, na kterou ve fin\u00e1le nesta\u010dila Bart\u016f\u0148kov\u00e1. A jak si vedli z\u00e1stupci LTC Pardubice? Jenozna\u010dn\u011b nejlep\u0161\u00ed v\u00fdkon podal Ond\u0159ej Kratochv\u00edl, kter\u00fd si uhr\u00e1l \u0159e\u010deno &#8222;tenisov\u011b&#8220; kolo a kolo. P\u0159edev\u0161\u00edm v\u00fdhra ve dvouh\u0159e 7\/6 ve 3. sad\u011b [&hellip;]","og_url":"https:\/\/www.ltcpardubice.cz\/?p=6835","og_site_name":"LTC Pardubice","article_published_time":"2021-08-17T07:47:16+00:00","article_modified_time":"2021-08-17T07:47:18+00:00","og_image":[{"width":500,"height":500,"url":"https:\/\/www.ltcpardubice.cz\/wp-content\/uploads\/2021\/07\/logo-pce-juniorka.png","type":"image\/png"}],"author":"Eva Z\u00e1labsk\u00e1","twitter_card":"summary_large_image","twitter_misc":{"Napsal(a)":"Eva Z\u00e1labsk\u00e1","Odhadovan\u00e1 doba \u010dten\u00ed":"1 minuta"},"schema":{"@context":"https:\/\/schema.org","@graph":[{"@type":"WebPage","@id":"https:\/\/www.ltcpardubice.cz\/?p=6835","url":"https:\/\/www.ltcpardubice.cz\/?p=6835","name":"Ohl\u00e9dnut\u00ed za Pardubickou juniorkou - LTC Pardubice","isPartOf":{"@id":"https:\/\/www.ltcpardubice.cz\/#website"},"primaryImageOfPage":{"@id":"https:\/\/www.ltcpardubice.cz\/?p=6835#primaryimage"},"image":{"@id":"https:\/\/www.ltcpardubice.cz\/?p=6835#primaryimage"},"thumbnailUrl":"https:\/\/www.ltcpardubice.cz\/wp-content\/uploads\/2021\/07\/logo-pce-juniorka.png","datePublished":"2021-08-17T07:47:16+00:00","dateModified":"2021-08-17T07:47:18+00:00","author":{"@id":"https:\/\/www.ltcpardubice.cz\/#\/schema\/person\/8f5f3a741b9adea57419864489f31541"},"breadcrumb":{"@id":"https:\/\/www.ltcpardubice.cz\/?p=6835#breadcrumb"},"inLanguage":"cs","potentialAction":[{"@type":"ReadAction","target":["https:\/\/www.ltcpardubice.cz\/?p=6835"]}]},{"@type":"ImageObject","inLanguage":"cs","@id":"https:\/\/www.ltcpardubice.cz\/?p=6835#primaryimage","url":"https:\/\/www.ltcpardubice.cz\/wp-content\/uploads\/2021\/07\/logo-pce-juniorka.png","contentUrl":"https:\/\/www.ltcpardubice.cz\/wp-content\/uploads\/2021\/07\/logo-pce-juniorka.png","width":500,"height":500},{"@type":"BreadcrumbList","@id":"https:\/\/www.ltcpardubice.cz\/?p=6835#breadcrumb","itemListElement":[{"@type":"ListItem","position":1,"name":"Home","item":"https:\/\/www.ltcpardubice.cz\/"},{"@type":"ListItem","position":2,"name":"Ohl\u00e9dnut\u00ed za Pardubickou juniorkou"}]},{"@type":"WebSite","@id":"https:\/\/www.ltcpardubice.cz\/#website","url":"https:\/\/www.ltcpardubice.cz\/","name":"LTC Pardubice","description":"Str\u00e1nky tenisov\u00e9ho klubu LTC Pardubice","potentialAction":[{"@type":"SearchAction","target":{"@type":"EntryPoint","urlTemplate":"https:\/\/www.ltcpardubice.cz\/?s={search_term_string}"},"query-input":{"@type":"PropertyValueSpecification","valueRequired":true,"valueName":"search_term_string"}}],"inLanguage":"cs"},{"@type":"Person","@id":"https:\/\/www.ltcpardubice.cz\/#\/schema\/person\/8f5f3a741b9adea57419864489f31541","name":"Eva Z\u00e1labsk\u00e1","image":{"@type":"ImageObject","inLanguage":"cs","@id":"https:\/\/www.ltcpardubice.cz\/#\/schema\/person\/image\/","url":"https:\/\/secure.gravatar.com\/avatar\/fece9555d8859e0080e4a5ae7edcc925?s=96&d=mm&r=g","contentUrl":"https:\/\/secure.gravatar.com\/avatar\/fece9555d8859e0080e4a5ae7edcc925?s=96&d=mm&r=g","caption":"Eva Z\u00e1labsk\u00e1"},"url":"https:\/\/www.ltcpardubice.cz\/?author=2"}]}},"brizy_media":[],"_links":{"self":[{"href":"https:\/\/www.ltcpardubice.cz\/index.php?rest_route=\/wp\/v2\/posts\/6835"}],"collection":[{"href":"https:\/\/www.ltcpardubice.cz\/index.php?rest_route=\/wp\/v2\/posts"}],"about":[{"href":"https:\/\/www.ltcpardubice.cz\/index.php?rest_route=\/wp\/v2\/types\/post"}],"author":[{"embeddable":true,"href":"https:\/\/www.ltcpardubice.cz\/index.php?rest_route=\/wp\/v2\/users\/2"}],"replies":[{"embeddable":true,"href":"https:\/\/www.ltcpardubice.cz\/index.php?rest_route=%2Fwp%2Fv2%2Fcomments&post=6835"}],"version-history":[{"count":1,"href":"https:\/\/www.ltcpardubice.cz\/index.php?rest_route=\/wp\/v2\/posts\/6835\/revisions"}],"predecessor-version":[{"id":6836,"href":"https:\/\/www.ltcpardubice.cz\/index.php?rest_route=\/wp\/v2\/posts\/6835\/revisions\/6836"}],"wp:featuredmedia":[{"embeddable":true,"href":"https:\/\/www.ltcpardubice.cz\/index.php?rest_route=\/wp\/v2\/media\/6824"}],"wp:attachment":[{"href":"https:\/\/www.ltcpardubice.cz\/index.php?rest_route=%2Fwp%2Fv2%2Fmedia&parent=6835"}],"wp:term":[{"taxonomy":"category","embeddable":true,"href":"https:\/\/www.ltcpardubice.cz\/index.php?rest_route=%2Fwp%2Fv2%2Fcategories&post=6835"},{"taxonomy":"post_tag","embeddable":true,"href":"https:\/\/www.ltcpardubice.cz\/index.php?rest_route=%2Fwp%2Fv2%2Ftags&post=6835"}],"curies":[{"name":"wp","href":"https:\/\/api.w.org\/{rel}","templated":true}]}}