{"id":6975,"date":"2022-03-29T09:54:31","date_gmt":"2022-03-29T09:54:31","guid":{"rendered":"https:\/\/www.ltcpardubice.cz\/?p=6975"},"modified":"2022-03-29T09:59:52","modified_gmt":"2022-03-29T09:59:52","slug":"nasi-hraci-na-turnajich-v-breznu","status":"publish","type":"post","link":"https:\/\/www.ltcpardubice.cz\/?p=6975","title":{"rendered":"Na\u0161i hr\u00e1\u010di na turnaj\u00edch v b\u0159eznu"},"content":{"rendered":"\n<p>V kategorii dosp\u011bl\u00fdch se da\u0159ilo O. Skokanovi (na sn\u00edmku), kter\u00fd na turnaji v \u017damberku do\u0161el ve dvouh\u0159e a\u017e do semifin\u00e1le (porazil Krej\u010d\u00edho a Mal\u00e9ho), spolu s L. Kelnarem se probojovali a\u017e do fin\u00e1le \u010dty\u0159hry. Na turnaji ve Dvo\u0159e Kr\u00e1lov\u00e9 z\u00edskal op\u011bt bronz ve dvouh\u0159e (porazil V. Tal\u00e1ba a Jahelku). Podobn\u011b si na turnaji v \u017damberku vedl. i L. Kelnar, kter\u00fd se tak\u00e9 probojoval do semifin\u00e1le dvouhry a do fin\u00e1le \u010dty\u0159hry. <\/p>\n\n\n\n<p>V dorosteneck\u00e9 kategorii si \u00fasp\u011b\u0161n\u011b vedla A. Vobo\u0159ilov\u00e1, kter\u00e1 vyhr\u00e1la turnaj v Kol\u00edn\u011b ve dvouh\u0159e (vyhr\u00e1la 4 z\u00e1pasy, ve fin\u00e1le j\u00ed skre\u010dovala Jel\u00ednkov\u00e1) i ve \u010dty\u0159h\u0159e spolu s Jel\u00ednkovou. O t\u00fdden d\u0159\u00edve z\u00edskala v Chocni ve dvouh\u0159e st\u0159\u00edbro, ve \u010dty\u0159h\u0159e zlato.  Na B turnaji star\u0161\u00edch \u017e\u00e1ky\u0148 byla v pra\u017esk\u00fdch Vyso\u010danech v semifin\u00e1le dvouhry i \u010dty\u0159hry  F. Vala byl na Tempu Praha ve fin\u00e1le dvouhry a vyhr\u00e1l \u010dty\u0159hru, v Kol\u00edn\u011b skon\u010dil v semifin\u00e1le dvouhry a \u010dty\u0159hru op\u011bt vyhr\u00e1l.<\/p>\n\n\n\n<p>V \u017e\u00e1kovsk\u00fdch kategori\u00edch byla A. Honigov\u00e1 (star\u0161\u00ed \u017eactvo) dvakr\u00e1t v semifin\u00e1le dvouhry v Hradci Kr\u00e1lov\u00e9, ve \u010dty\u0159h\u0159e 1x ve fin\u00e1le, 1x spolu s E. Zb\u011bhl\u00edkovou vyhr\u00e1ly. Ve stejn\u00e9 kategorii hr\u00e1l \u00fasp\u011b\u0161n\u011b i D. \u0160mejc, kter\u00fd byl ve dvouh\u0159e v Hradci Kr\u00e1lov\u00e9 v semifin\u00e1le. V kategorii mlad\u0161\u00edho \u017eactva byli na turnaji na pardubick\u00e9 Tesle J. Hrube\u0161 i J. Novotn\u00fd v semifin\u00e1le dvouhry, spolu pak z\u00edskali st\u0159\u00edbro ve \u010dty\u0159h\u0159e. J. Novotn\u00fd byl v semifin\u00e1le dvouhry i v Hradci kr\u00e1lov\u00e9. J. \u0158\u00edhov\u00e1 byla 2x v semifin\u00e1le dvouhry a ve fin\u00e1le \u010dty\u0159hry v Hradci Kr\u00e1lov\u00e9 a na Tesle Pardubice (spolu s A. Mare\u0161ovou).<\/p>\n","protected":false},"excerpt":{"rendered":"<p>V kategorii dosp\u011bl\u00fdch se da\u0159ilo O. Skokanovi (na sn\u00edmku), kter\u00fd na turnaji v \u017damberku do\u0161el ve dvouh\u0159e a\u017e do semifin\u00e1le (porazil Krej\u010d\u00edho a Mal\u00e9ho), spolu s L. Kelnarem se probojovali a\u017e do fin\u00e1le \u010dty\u0159hry. Na turnaji ve Dvo\u0159e Kr\u00e1lov\u00e9 z\u00edskal op\u011bt bronz ve dvouh\u0159e (porazil V. Tal\u00e1ba a Jahelku). Podobn\u011b si na turnaji v \u017damberku [&hellip;]<\/p>\n","protected":false},"author":2,"featured_media":5127,"comment_status":"open","ping_status":"open","sticky":false,"template":"","format":"standard","meta":{"_monsterinsights_skip_tracking":false,"_monsterinsights_sitenote_active":false,"_monsterinsights_sitenote_note":"","_monsterinsights_sitenote_category":0,"footnotes":""},"categories":[10],"tags":[],"yoast_head":"<!-- This site is optimized with the Yoast SEO plugin v24.5 - https:\/\/yoast.com\/wordpress\/plugins\/seo\/ -->\n<title>Na\u0161i hr\u00e1\u010di na turnaj\u00edch v b\u0159eznu - LTC Pardubice<\/title>\n<meta name=\"robots\" content=\"index, follow, max-snippet:-1, max-image-preview:large, max-video-preview:-1\" \/>\n<link rel=\"canonical\" href=\"https:\/\/www.ltcpardubice.cz\/?p=6975\" \/>\n<meta property=\"og:locale\" content=\"cs_CZ\" \/>\n<meta property=\"og:type\" content=\"article\" \/>\n<meta property=\"og:title\" content=\"Na\u0161i hr\u00e1\u010di na turnaj\u00edch v b\u0159eznu - LTC Pardubice\" \/>\n<meta property=\"og:description\" content=\"V kategorii dosp\u011bl\u00fdch se da\u0159ilo O. Skokanovi (na sn\u00edmku), kter\u00fd na turnaji v \u017damberku do\u0161el ve dvouh\u0159e a\u017e do semifin\u00e1le (porazil Krej\u010d\u00edho a Mal\u00e9ho), spolu s L. Kelnarem se probojovali a\u017e do fin\u00e1le \u010dty\u0159hry. Na turnaji ve Dvo\u0159e Kr\u00e1lov\u00e9 z\u00edskal op\u011bt bronz ve dvouh\u0159e (porazil V. Tal\u00e1ba a Jahelku). Podobn\u011b si na turnaji v \u017damberku [&hellip;]\" \/>\n<meta property=\"og:url\" content=\"https:\/\/www.ltcpardubice.cz\/?p=6975\" \/>\n<meta property=\"og:site_name\" content=\"LTC Pardubice\" \/>\n<meta property=\"article:published_time\" content=\"2022-03-29T09:54:31+00:00\" \/>\n<meta property=\"article:modified_time\" content=\"2022-03-29T09:59:52+00:00\" \/>\n<meta property=\"og:image\" content=\"https:\/\/www.ltcpardubice.cz\/wp-content\/uploads\/2020\/08\/Skoky2.jpg\" \/>\n\t<meta property=\"og:image:width\" content=\"346\" \/>\n\t<meta property=\"og:image:height\" content=\"315\" \/>\n\t<meta property=\"og:image:type\" content=\"image\/jpeg\" \/>\n<meta name=\"author\" content=\"Eva Z\u00e1labsk\u00e1\" \/>\n<meta name=\"twitter:card\" content=\"summary_large_image\" \/>\n<meta name=\"twitter:label1\" content=\"Napsal(a)\" \/>\n\t<meta name=\"twitter:data1\" content=\"Eva Z\u00e1labsk\u00e1\" \/>\n\t<meta name=\"twitter:label2\" content=\"Odhadovan\u00e1 doba \u010dten\u00ed\" \/>\n\t<meta name=\"twitter:data2\" content=\"2 minuty\" \/>\n<script type=\"application\/ld+json\" class=\"yoast-schema-graph\">{\"@context\":\"https:\/\/schema.org\",\"@graph\":[{\"@type\":\"WebPage\",\"@id\":\"https:\/\/www.ltcpardubice.cz\/?p=6975\",\"url\":\"https:\/\/www.ltcpardubice.cz\/?p=6975\",\"name\":\"Na\u0161i hr\u00e1\u010di na turnaj\u00edch v b\u0159eznu - LTC Pardubice\",\"isPartOf\":{\"@id\":\"https:\/\/www.ltcpardubice.cz\/#website\"},\"primaryImageOfPage\":{\"@id\":\"https:\/\/www.ltcpardubice.cz\/?p=6975#primaryimage\"},\"image\":{\"@id\":\"https:\/\/www.ltcpardubice.cz\/?p=6975#primaryimage\"},\"thumbnailUrl\":\"https:\/\/www.ltcpardubice.cz\/wp-content\/uploads\/2020\/08\/Skoky2.jpg\",\"datePublished\":\"2022-03-29T09:54:31+00:00\",\"dateModified\":\"2022-03-29T09:59:52+00:00\",\"author\":{\"@id\":\"https:\/\/www.ltcpardubice.cz\/#\/schema\/person\/8f5f3a741b9adea57419864489f31541\"},\"breadcrumb\":{\"@id\":\"https:\/\/www.ltcpardubice.cz\/?p=6975#breadcrumb\"},\"inLanguage\":\"cs\",\"potentialAction\":[{\"@type\":\"ReadAction\",\"target\":[\"https:\/\/www.ltcpardubice.cz\/?p=6975\"]}]},{\"@type\":\"ImageObject\",\"inLanguage\":\"cs\",\"@id\":\"https:\/\/www.ltcpardubice.cz\/?p=6975#primaryimage\",\"url\":\"https:\/\/www.ltcpardubice.cz\/wp-content\/uploads\/2020\/08\/Skoky2.jpg\",\"contentUrl\":\"https:\/\/www.ltcpardubice.cz\/wp-content\/uploads\/2020\/08\/Skoky2.jpg\",\"width\":346,\"height\":315},{\"@type\":\"BreadcrumbList\",\"@id\":\"https:\/\/www.ltcpardubice.cz\/?p=6975#breadcrumb\",\"itemListElement\":[{\"@type\":\"ListItem\",\"position\":1,\"name\":\"Home\",\"item\":\"https:\/\/www.ltcpardubice.cz\/\"},{\"@type\":\"ListItem\",\"position\":2,\"name\":\"Na\u0161i hr\u00e1\u010di na turnaj\u00edch v b\u0159eznu\"}]},{\"@type\":\"WebSite\",\"@id\":\"https:\/\/www.ltcpardubice.cz\/#website\",\"url\":\"https:\/\/www.ltcpardubice.cz\/\",\"name\":\"LTC Pardubice\",\"description\":\"Str\u00e1nky tenisov\u00e9ho klubu LTC Pardubice\",\"potentialAction\":[{\"@type\":\"SearchAction\",\"target\":{\"@type\":\"EntryPoint\",\"urlTemplate\":\"https:\/\/www.ltcpardubice.cz\/?s={search_term_string}\"},\"query-input\":{\"@type\":\"PropertyValueSpecification\",\"valueRequired\":true,\"valueName\":\"search_term_string\"}}],\"inLanguage\":\"cs\"},{\"@type\":\"Person\",\"@id\":\"https:\/\/www.ltcpardubice.cz\/#\/schema\/person\/8f5f3a741b9adea57419864489f31541\",\"name\":\"Eva Z\u00e1labsk\u00e1\",\"image\":{\"@type\":\"ImageObject\",\"inLanguage\":\"cs\",\"@id\":\"https:\/\/www.ltcpardubice.cz\/#\/schema\/person\/image\/\",\"url\":\"https:\/\/secure.gravatar.com\/avatar\/fece9555d8859e0080e4a5ae7edcc925?s=96&d=mm&r=g\",\"contentUrl\":\"https:\/\/secure.gravatar.com\/avatar\/fece9555d8859e0080e4a5ae7edcc925?s=96&d=mm&r=g\",\"caption\":\"Eva Z\u00e1labsk\u00e1\"},\"url\":\"https:\/\/www.ltcpardubice.cz\/?author=2\"}]}<\/script>\n<!-- \/ Yoast SEO plugin. -->","yoast_head_json":{"title":"Na\u0161i hr\u00e1\u010di na turnaj\u00edch v b\u0159eznu - LTC Pardubice","robots":{"index":"index","follow":"follow","max-snippet":"max-snippet:-1","max-image-preview":"max-image-preview:large","max-video-preview":"max-video-preview:-1"},"canonical":"https:\/\/www.ltcpardubice.cz\/?p=6975","og_locale":"cs_CZ","og_type":"article","og_title":"Na\u0161i hr\u00e1\u010di na turnaj\u00edch v b\u0159eznu - LTC Pardubice","og_description":"V kategorii dosp\u011bl\u00fdch se da\u0159ilo O. Skokanovi (na sn\u00edmku), kter\u00fd na turnaji v \u017damberku do\u0161el ve dvouh\u0159e a\u017e do semifin\u00e1le (porazil Krej\u010d\u00edho a Mal\u00e9ho), spolu s L. Kelnarem se probojovali a\u017e do fin\u00e1le \u010dty\u0159hry. Na turnaji ve Dvo\u0159e Kr\u00e1lov\u00e9 z\u00edskal op\u011bt bronz ve dvouh\u0159e (porazil V. Tal\u00e1ba a Jahelku). Podobn\u011b si na turnaji v \u017damberku [&hellip;]","og_url":"https:\/\/www.ltcpardubice.cz\/?p=6975","og_site_name":"LTC Pardubice","article_published_time":"2022-03-29T09:54:31+00:00","article_modified_time":"2022-03-29T09:59:52+00:00","og_image":[{"width":346,"height":315,"url":"https:\/\/www.ltcpardubice.cz\/wp-content\/uploads\/2020\/08\/Skoky2.jpg","type":"image\/jpeg"}],"author":"Eva Z\u00e1labsk\u00e1","twitter_card":"summary_large_image","twitter_misc":{"Napsal(a)":"Eva Z\u00e1labsk\u00e1","Odhadovan\u00e1 doba \u010dten\u00ed":"2 minuty"},"schema":{"@context":"https:\/\/schema.org","@graph":[{"@type":"WebPage","@id":"https:\/\/www.ltcpardubice.cz\/?p=6975","url":"https:\/\/www.ltcpardubice.cz\/?p=6975","name":"Na\u0161i hr\u00e1\u010di na turnaj\u00edch v b\u0159eznu - LTC Pardubice","isPartOf":{"@id":"https:\/\/www.ltcpardubice.cz\/#website"},"primaryImageOfPage":{"@id":"https:\/\/www.ltcpardubice.cz\/?p=6975#primaryimage"},"image":{"@id":"https:\/\/www.ltcpardubice.cz\/?p=6975#primaryimage"},"thumbnailUrl":"https:\/\/www.ltcpardubice.cz\/wp-content\/uploads\/2020\/08\/Skoky2.jpg","datePublished":"2022-03-29T09:54:31+00:00","dateModified":"2022-03-29T09:59:52+00:00","author":{"@id":"https:\/\/www.ltcpardubice.cz\/#\/schema\/person\/8f5f3a741b9adea57419864489f31541"},"breadcrumb":{"@id":"https:\/\/www.ltcpardubice.cz\/?p=6975#breadcrumb"},"inLanguage":"cs","potentialAction":[{"@type":"ReadAction","target":["https:\/\/www.ltcpardubice.cz\/?p=6975"]}]},{"@type":"ImageObject","inLanguage":"cs","@id":"https:\/\/www.ltcpardubice.cz\/?p=6975#primaryimage","url":"https:\/\/www.ltcpardubice.cz\/wp-content\/uploads\/2020\/08\/Skoky2.jpg","contentUrl":"https:\/\/www.ltcpardubice.cz\/wp-content\/uploads\/2020\/08\/Skoky2.jpg","width":346,"height":315},{"@type":"BreadcrumbList","@id":"https:\/\/www.ltcpardubice.cz\/?p=6975#breadcrumb","itemListElement":[{"@type":"ListItem","position":1,"name":"Home","item":"https:\/\/www.ltcpardubice.cz\/"},{"@type":"ListItem","position":2,"name":"Na\u0161i hr\u00e1\u010di na turnaj\u00edch v b\u0159eznu"}]},{"@type":"WebSite","@id":"https:\/\/www.ltcpardubice.cz\/#website","url":"https:\/\/www.ltcpardubice.cz\/","name":"LTC Pardubice","description":"Str\u00e1nky tenisov\u00e9ho klubu LTC Pardubice","potentialAction":[{"@type":"SearchAction","target":{"@type":"EntryPoint","urlTemplate":"https:\/\/www.ltcpardubice.cz\/?s={search_term_string}"},"query-input":{"@type":"PropertyValueSpecification","valueRequired":true,"valueName":"search_term_string"}}],"inLanguage":"cs"},{"@type":"Person","@id":"https:\/\/www.ltcpardubice.cz\/#\/schema\/person\/8f5f3a741b9adea57419864489f31541","name":"Eva Z\u00e1labsk\u00e1","image":{"@type":"ImageObject","inLanguage":"cs","@id":"https:\/\/www.ltcpardubice.cz\/#\/schema\/person\/image\/","url":"https:\/\/secure.gravatar.com\/avatar\/fece9555d8859e0080e4a5ae7edcc925?s=96&d=mm&r=g","contentUrl":"https:\/\/secure.gravatar.com\/avatar\/fece9555d8859e0080e4a5ae7edcc925?s=96&d=mm&r=g","caption":"Eva Z\u00e1labsk\u00e1"},"url":"https:\/\/www.ltcpardubice.cz\/?author=2"}]}},"brizy_media":[],"_links":{"self":[{"href":"https:\/\/www.ltcpardubice.cz\/index.php?rest_route=\/wp\/v2\/posts\/6975"}],"collection":[{"href":"https:\/\/www.ltcpardubice.cz\/index.php?rest_route=\/wp\/v2\/posts"}],"about":[{"href":"https:\/\/www.ltcpardubice.cz\/index.php?rest_route=\/wp\/v2\/types\/post"}],"author":[{"embeddable":true,"href":"https:\/\/www.ltcpardubice.cz\/index.php?rest_route=\/wp\/v2\/users\/2"}],"replies":[{"embeddable":true,"href":"https:\/\/www.ltcpardubice.cz\/index.php?rest_route=%2Fwp%2Fv2%2Fcomments&post=6975"}],"version-history":[{"count":2,"href":"https:\/\/www.ltcpardubice.cz\/index.php?rest_route=\/wp\/v2\/posts\/6975\/revisions"}],"predecessor-version":[{"id":6978,"href":"https:\/\/www.ltcpardubice.cz\/index.php?rest_route=\/wp\/v2\/posts\/6975\/revisions\/6978"}],"wp:featuredmedia":[{"embeddable":true,"href":"https:\/\/www.ltcpardubice.cz\/index.php?rest_route=\/wp\/v2\/media\/5127"}],"wp:attachment":[{"href":"https:\/\/www.ltcpardubice.cz\/index.php?rest_route=%2Fwp%2Fv2%2Fmedia&parent=6975"}],"wp:term":[{"taxonomy":"category","embeddable":true,"href":"https:\/\/www.ltcpardubice.cz\/index.php?rest_route=%2Fwp%2Fv2%2Fcategories&post=6975"},{"taxonomy":"post_tag","embeddable":true,"href":"https:\/\/www.ltcpardubice.cz\/index.php?rest_route=%2Fwp%2Fv2%2Ftags&post=6975"}],"curies":[{"name":"wp","href":"https:\/\/api.w.org\/{rel}","templated":true}]}}