{"id":6983,"date":"2022-04-25T12:27:08","date_gmt":"2022-04-25T12:27:08","guid":{"rendered":"https:\/\/www.ltcpardubice.cz\/?p=6983"},"modified":"2022-04-25T12:27:10","modified_gmt":"2022-04-25T12:27:10","slug":"souteze-druzstev-2022-2","status":"publish","type":"post","link":"https:\/\/www.ltcpardubice.cz\/?p=6983","title":{"rendered":"Sout\u011b\u017ee dru\u017estev 2022"},"content":{"rendered":"\n<p>Po 2 letech s koronavirem se v leto\u0161n\u00edm roce uskute\u010dn\u00ed sout\u011b\u017ee dru\u017estev v norm\u00e1ln\u00edm form\u00e1tu 7 z\u00e1pas\u016f v nejvy\u0161\u0161\u00edch sout\u011b\u017e\u00edch a 4-6 z\u00e1pas\u016f v ni\u017e\u0161\u00edch sout\u011b\u017e\u00edch. V kategorii dosp\u011bl\u00fdch tak krom\u011b Tenisov\u00e9 extraligy m\u016f\u017eeme na\u0161e hr\u00e1\u010de vid\u011bt ve 2. lize a ve V\u00fdchodo\u010desk\u00e9 divizi. Ve v\u0161ech ml\u00e1de\u017enick\u00fdch kategori\u00edch m\u00e1me zastoupen\u00ed v nejvy\u0161\u0161\u00edch sout\u011b\u017e\u00edch MONETA &#8211; O poh\u00e1r prezidenta \u010cTS, kde hraj\u00ed A dru\u017estva, B dru\u017estva reprezentuj\u00ed v ni\u017e\u0161\u00edch sout\u011b\u017e\u00edch. Utk\u00e1n\u00ed startuj\u00ed 30.4. a 1.5. Po\u0159ad\u00ed utk\u00e1n\u00ed, soupisky a v\u00fdsledky najdete p\u0159ehledn\u011b na webu \u010cTS <a href=\"https:\/\/cztenis.cz\/\">https:\/\/cztenis.cz\/<\/a> v rubrice sout\u011b\u017ee dru\u017estev po jednotliv\u00fdch v\u011bkov\u00fdch kategori\u00edch. Posledn\u00ed 2 roky se hr\u00e1la pouze 3 utk\u00e1n\u00ed a z\u00e1jem z \u0159ad hr\u00e1\u010d\u016f byl enormn\u00ed, v leto\u0161n\u00edm na\u0161lapan\u00e9m ro\u010dn\u00edku se ji\u017e za\u010d\u00ednaj\u00ed mno\u017eit omluvenky. Tak nakonec uvid\u00edme, jak v\u0161e dopadne. <\/p>\n","protected":false},"excerpt":{"rendered":"<p>Po 2 letech s koronavirem se v leto\u0161n\u00edm roce uskute\u010dn\u00ed sout\u011b\u017ee dru\u017estev v norm\u00e1ln\u00edm form\u00e1tu 7 z\u00e1pas\u016f v nejvy\u0161\u0161\u00edch sout\u011b\u017e\u00edch a 4-6 z\u00e1pas\u016f v ni\u017e\u0161\u00edch sout\u011b\u017e\u00edch. V kategorii dosp\u011bl\u00fdch tak krom\u011b Tenisov\u00e9 extraligy m\u016f\u017eeme na\u0161e hr\u00e1\u010de vid\u011bt ve 2. lize a ve V\u00fdchodo\u010desk\u00e9 divizi. Ve v\u0161ech ml\u00e1de\u017enick\u00fdch kategori\u00edch m\u00e1me zastoupen\u00ed v nejvy\u0161\u0161\u00edch sout\u011b\u017e\u00edch MONETA &#8211; [&hellip;]<\/p>\n","protected":false},"author":2,"featured_media":434,"comment_status":"open","ping_status":"open","sticky":false,"template":"","format":"standard","meta":{"_monsterinsights_skip_tracking":false,"_monsterinsights_sitenote_active":false,"_monsterinsights_sitenote_note":"","_monsterinsights_sitenote_category":0,"footnotes":""},"categories":[10],"tags":[],"yoast_head":"<!-- This site is optimized with the Yoast SEO plugin v24.5 - https:\/\/yoast.com\/wordpress\/plugins\/seo\/ -->\n<title>Sout\u011b\u017ee dru\u017estev 2022 - LTC Pardubice<\/title>\n<meta name=\"robots\" content=\"index, follow, max-snippet:-1, max-image-preview:large, max-video-preview:-1\" \/>\n<link rel=\"canonical\" href=\"https:\/\/www.ltcpardubice.cz\/?p=6983\" \/>\n<meta property=\"og:locale\" content=\"cs_CZ\" \/>\n<meta property=\"og:type\" content=\"article\" \/>\n<meta property=\"og:title\" content=\"Sout\u011b\u017ee dru\u017estev 2022 - LTC Pardubice\" \/>\n<meta property=\"og:description\" content=\"Po 2 letech s koronavirem se v leto\u0161n\u00edm roce uskute\u010dn\u00ed sout\u011b\u017ee dru\u017estev v norm\u00e1ln\u00edm form\u00e1tu 7 z\u00e1pas\u016f v nejvy\u0161\u0161\u00edch sout\u011b\u017e\u00edch a 4-6 z\u00e1pas\u016f v ni\u017e\u0161\u00edch sout\u011b\u017e\u00edch. V kategorii dosp\u011bl\u00fdch tak krom\u011b Tenisov\u00e9 extraligy m\u016f\u017eeme na\u0161e hr\u00e1\u010de vid\u011bt ve 2. lize a ve V\u00fdchodo\u010desk\u00e9 divizi. Ve v\u0161ech ml\u00e1de\u017enick\u00fdch kategori\u00edch m\u00e1me zastoupen\u00ed v nejvy\u0161\u0161\u00edch sout\u011b\u017e\u00edch MONETA &#8211; [&hellip;]\" \/>\n<meta property=\"og:url\" content=\"https:\/\/www.ltcpardubice.cz\/?p=6983\" \/>\n<meta property=\"og:site_name\" content=\"LTC Pardubice\" \/>\n<meta property=\"article:published_time\" content=\"2022-04-25T12:27:08+00:00\" \/>\n<meta property=\"article:modified_time\" content=\"2022-04-25T12:27:10+00:00\" \/>\n<meta property=\"og:image\" content=\"https:\/\/www.ltcpardubice.cz\/wp-content\/uploads\/2020\/06\/ltcpardubice.jpeg\" \/>\n\t<meta property=\"og:image:width\" content=\"259\" \/>\n\t<meta property=\"og:image:height\" content=\"194\" \/>\n\t<meta property=\"og:image:type\" content=\"image\/jpeg\" \/>\n<meta name=\"author\" content=\"Eva Z\u00e1labsk\u00e1\" \/>\n<meta name=\"twitter:card\" content=\"summary_large_image\" \/>\n<meta name=\"twitter:label1\" content=\"Napsal(a)\" \/>\n\t<meta name=\"twitter:data1\" content=\"Eva Z\u00e1labsk\u00e1\" \/>\n\t<meta name=\"twitter:label2\" content=\"Odhadovan\u00e1 doba \u010dten\u00ed\" \/>\n\t<meta name=\"twitter:data2\" content=\"1 minuta\" \/>\n<script type=\"application\/ld+json\" class=\"yoast-schema-graph\">{\"@context\":\"https:\/\/schema.org\",\"@graph\":[{\"@type\":\"WebPage\",\"@id\":\"https:\/\/www.ltcpardubice.cz\/?p=6983\",\"url\":\"https:\/\/www.ltcpardubice.cz\/?p=6983\",\"name\":\"Sout\u011b\u017ee dru\u017estev 2022 - LTC Pardubice\",\"isPartOf\":{\"@id\":\"https:\/\/www.ltcpardubice.cz\/#website\"},\"primaryImageOfPage\":{\"@id\":\"https:\/\/www.ltcpardubice.cz\/?p=6983#primaryimage\"},\"image\":{\"@id\":\"https:\/\/www.ltcpardubice.cz\/?p=6983#primaryimage\"},\"thumbnailUrl\":\"https:\/\/www.ltcpardubice.cz\/wp-content\/uploads\/2020\/06\/ltcpardubice.jpeg\",\"datePublished\":\"2022-04-25T12:27:08+00:00\",\"dateModified\":\"2022-04-25T12:27:10+00:00\",\"author\":{\"@id\":\"https:\/\/www.ltcpardubice.cz\/#\/schema\/person\/8f5f3a741b9adea57419864489f31541\"},\"breadcrumb\":{\"@id\":\"https:\/\/www.ltcpardubice.cz\/?p=6983#breadcrumb\"},\"inLanguage\":\"cs\",\"potentialAction\":[{\"@type\":\"ReadAction\",\"target\":[\"https:\/\/www.ltcpardubice.cz\/?p=6983\"]}]},{\"@type\":\"ImageObject\",\"inLanguage\":\"cs\",\"@id\":\"https:\/\/www.ltcpardubice.cz\/?p=6983#primaryimage\",\"url\":\"https:\/\/www.ltcpardubice.cz\/wp-content\/uploads\/2020\/06\/ltcpardubice.jpeg\",\"contentUrl\":\"https:\/\/www.ltcpardubice.cz\/wp-content\/uploads\/2020\/06\/ltcpardubice.jpeg\",\"width\":259,\"height\":194},{\"@type\":\"BreadcrumbList\",\"@id\":\"https:\/\/www.ltcpardubice.cz\/?p=6983#breadcrumb\",\"itemListElement\":[{\"@type\":\"ListItem\",\"position\":1,\"name\":\"Home\",\"item\":\"https:\/\/www.ltcpardubice.cz\/\"},{\"@type\":\"ListItem\",\"position\":2,\"name\":\"Sout\u011b\u017ee dru\u017estev 2022\"}]},{\"@type\":\"WebSite\",\"@id\":\"https:\/\/www.ltcpardubice.cz\/#website\",\"url\":\"https:\/\/www.ltcpardubice.cz\/\",\"name\":\"LTC Pardubice\",\"description\":\"Str\u00e1nky tenisov\u00e9ho klubu LTC Pardubice\",\"potentialAction\":[{\"@type\":\"SearchAction\",\"target\":{\"@type\":\"EntryPoint\",\"urlTemplate\":\"https:\/\/www.ltcpardubice.cz\/?s={search_term_string}\"},\"query-input\":{\"@type\":\"PropertyValueSpecification\",\"valueRequired\":true,\"valueName\":\"search_term_string\"}}],\"inLanguage\":\"cs\"},{\"@type\":\"Person\",\"@id\":\"https:\/\/www.ltcpardubice.cz\/#\/schema\/person\/8f5f3a741b9adea57419864489f31541\",\"name\":\"Eva Z\u00e1labsk\u00e1\",\"image\":{\"@type\":\"ImageObject\",\"inLanguage\":\"cs\",\"@id\":\"https:\/\/www.ltcpardubice.cz\/#\/schema\/person\/image\/\",\"url\":\"https:\/\/secure.gravatar.com\/avatar\/fece9555d8859e0080e4a5ae7edcc925?s=96&d=mm&r=g\",\"contentUrl\":\"https:\/\/secure.gravatar.com\/avatar\/fece9555d8859e0080e4a5ae7edcc925?s=96&d=mm&r=g\",\"caption\":\"Eva Z\u00e1labsk\u00e1\"},\"url\":\"https:\/\/www.ltcpardubice.cz\/?author=2\"}]}<\/script>\n<!-- \/ Yoast SEO plugin. -->","yoast_head_json":{"title":"Sout\u011b\u017ee dru\u017estev 2022 - LTC Pardubice","robots":{"index":"index","follow":"follow","max-snippet":"max-snippet:-1","max-image-preview":"max-image-preview:large","max-video-preview":"max-video-preview:-1"},"canonical":"https:\/\/www.ltcpardubice.cz\/?p=6983","og_locale":"cs_CZ","og_type":"article","og_title":"Sout\u011b\u017ee dru\u017estev 2022 - LTC Pardubice","og_description":"Po 2 letech s koronavirem se v leto\u0161n\u00edm roce uskute\u010dn\u00ed sout\u011b\u017ee dru\u017estev v norm\u00e1ln\u00edm form\u00e1tu 7 z\u00e1pas\u016f v nejvy\u0161\u0161\u00edch sout\u011b\u017e\u00edch a 4-6 z\u00e1pas\u016f v ni\u017e\u0161\u00edch sout\u011b\u017e\u00edch. V kategorii dosp\u011bl\u00fdch tak krom\u011b Tenisov\u00e9 extraligy m\u016f\u017eeme na\u0161e hr\u00e1\u010de vid\u011bt ve 2. lize a ve V\u00fdchodo\u010desk\u00e9 divizi. Ve v\u0161ech ml\u00e1de\u017enick\u00fdch kategori\u00edch m\u00e1me zastoupen\u00ed v nejvy\u0161\u0161\u00edch sout\u011b\u017e\u00edch MONETA &#8211; [&hellip;]","og_url":"https:\/\/www.ltcpardubice.cz\/?p=6983","og_site_name":"LTC Pardubice","article_published_time":"2022-04-25T12:27:08+00:00","article_modified_time":"2022-04-25T12:27:10+00:00","og_image":[{"width":259,"height":194,"url":"https:\/\/www.ltcpardubice.cz\/wp-content\/uploads\/2020\/06\/ltcpardubice.jpeg","type":"image\/jpeg"}],"author":"Eva Z\u00e1labsk\u00e1","twitter_card":"summary_large_image","twitter_misc":{"Napsal(a)":"Eva Z\u00e1labsk\u00e1","Odhadovan\u00e1 doba \u010dten\u00ed":"1 minuta"},"schema":{"@context":"https:\/\/schema.org","@graph":[{"@type":"WebPage","@id":"https:\/\/www.ltcpardubice.cz\/?p=6983","url":"https:\/\/www.ltcpardubice.cz\/?p=6983","name":"Sout\u011b\u017ee dru\u017estev 2022 - LTC Pardubice","isPartOf":{"@id":"https:\/\/www.ltcpardubice.cz\/#website"},"primaryImageOfPage":{"@id":"https:\/\/www.ltcpardubice.cz\/?p=6983#primaryimage"},"image":{"@id":"https:\/\/www.ltcpardubice.cz\/?p=6983#primaryimage"},"thumbnailUrl":"https:\/\/www.ltcpardubice.cz\/wp-content\/uploads\/2020\/06\/ltcpardubice.jpeg","datePublished":"2022-04-25T12:27:08+00:00","dateModified":"2022-04-25T12:27:10+00:00","author":{"@id":"https:\/\/www.ltcpardubice.cz\/#\/schema\/person\/8f5f3a741b9adea57419864489f31541"},"breadcrumb":{"@id":"https:\/\/www.ltcpardubice.cz\/?p=6983#breadcrumb"},"inLanguage":"cs","potentialAction":[{"@type":"ReadAction","target":["https:\/\/www.ltcpardubice.cz\/?p=6983"]}]},{"@type":"ImageObject","inLanguage":"cs","@id":"https:\/\/www.ltcpardubice.cz\/?p=6983#primaryimage","url":"https:\/\/www.ltcpardubice.cz\/wp-content\/uploads\/2020\/06\/ltcpardubice.jpeg","contentUrl":"https:\/\/www.ltcpardubice.cz\/wp-content\/uploads\/2020\/06\/ltcpardubice.jpeg","width":259,"height":194},{"@type":"BreadcrumbList","@id":"https:\/\/www.ltcpardubice.cz\/?p=6983#breadcrumb","itemListElement":[{"@type":"ListItem","position":1,"name":"Home","item":"https:\/\/www.ltcpardubice.cz\/"},{"@type":"ListItem","position":2,"name":"Sout\u011b\u017ee dru\u017estev 2022"}]},{"@type":"WebSite","@id":"https:\/\/www.ltcpardubice.cz\/#website","url":"https:\/\/www.ltcpardubice.cz\/","name":"LTC Pardubice","description":"Str\u00e1nky tenisov\u00e9ho klubu LTC Pardubice","potentialAction":[{"@type":"SearchAction","target":{"@type":"EntryPoint","urlTemplate":"https:\/\/www.ltcpardubice.cz\/?s={search_term_string}"},"query-input":{"@type":"PropertyValueSpecification","valueRequired":true,"valueName":"search_term_string"}}],"inLanguage":"cs"},{"@type":"Person","@id":"https:\/\/www.ltcpardubice.cz\/#\/schema\/person\/8f5f3a741b9adea57419864489f31541","name":"Eva Z\u00e1labsk\u00e1","image":{"@type":"ImageObject","inLanguage":"cs","@id":"https:\/\/www.ltcpardubice.cz\/#\/schema\/person\/image\/","url":"https:\/\/secure.gravatar.com\/avatar\/fece9555d8859e0080e4a5ae7edcc925?s=96&d=mm&r=g","contentUrl":"https:\/\/secure.gravatar.com\/avatar\/fece9555d8859e0080e4a5ae7edcc925?s=96&d=mm&r=g","caption":"Eva Z\u00e1labsk\u00e1"},"url":"https:\/\/www.ltcpardubice.cz\/?author=2"}]}},"brizy_media":[],"_links":{"self":[{"href":"https:\/\/www.ltcpardubice.cz\/index.php?rest_route=\/wp\/v2\/posts\/6983"}],"collection":[{"href":"https:\/\/www.ltcpardubice.cz\/index.php?rest_route=\/wp\/v2\/posts"}],"about":[{"href":"https:\/\/www.ltcpardubice.cz\/index.php?rest_route=\/wp\/v2\/types\/post"}],"author":[{"embeddable":true,"href":"https:\/\/www.ltcpardubice.cz\/index.php?rest_route=\/wp\/v2\/users\/2"}],"replies":[{"embeddable":true,"href":"https:\/\/www.ltcpardubice.cz\/index.php?rest_route=%2Fwp%2Fv2%2Fcomments&post=6983"}],"version-history":[{"count":1,"href":"https:\/\/www.ltcpardubice.cz\/index.php?rest_route=\/wp\/v2\/posts\/6983\/revisions"}],"predecessor-version":[{"id":6984,"href":"https:\/\/www.ltcpardubice.cz\/index.php?rest_route=\/wp\/v2\/posts\/6983\/revisions\/6984"}],"wp:featuredmedia":[{"embeddable":true,"href":"https:\/\/www.ltcpardubice.cz\/index.php?rest_route=\/wp\/v2\/media\/434"}],"wp:attachment":[{"href":"https:\/\/www.ltcpardubice.cz\/index.php?rest_route=%2Fwp%2Fv2%2Fmedia&parent=6983"}],"wp:term":[{"taxonomy":"category","embeddable":true,"href":"https:\/\/www.ltcpardubice.cz\/index.php?rest_route=%2Fwp%2Fv2%2Fcategories&post=6983"},{"taxonomy":"post_tag","embeddable":true,"href":"https:\/\/www.ltcpardubice.cz\/index.php?rest_route=%2Fwp%2Fv2%2Ftags&post=6983"}],"curies":[{"name":"wp","href":"https:\/\/api.w.org\/{rel}","templated":true}]}}