{"id":7000,"date":"2022-05-18T13:12:44","date_gmt":"2022-05-18T13:12:44","guid":{"rendered":"https:\/\/www.ltcpardubice.cz\/?p=7000"},"modified":"2022-05-18T13:12:46","modified_gmt":"2022-05-18T13:12:46","slug":"k-blascikova-na-deaflympiade-v-brazilii","status":"publish","type":"post","link":"https:\/\/www.ltcpardubice.cz\/?p=7000","title":{"rendered":"K. Bla\u0161\u010d\u00edkov\u00e1 na Deaflympi\u00e1d\u011b v Braz\u00edlii"},"content":{"rendered":"\n<p>K. Bla\u0161\u010d\u00edkov\u00e1, spolu s J. \u0160m\u00e9dkem zam\u00ed\u0159ili letos na Olympi\u00e1du nesly\u0161\u00edc\u00edch do Braz\u00edlie. Pro oba hr\u00e1\u010de skon\u010dila velik\u00fdm \u00fasp\u011bchem. J. \u0160m\u00e9dek vyhr\u00e1l cel\u00fd turnaj v mu\u017esk\u00e9 dvouh\u0159e a spolu s K. Bla\u0161\u010d\u00edkovou dominovali ve sm\u00ed\u0161en\u00e9 \u010dty\u0159h\u0159e. V\u00edce info na:<a href=\"https:\/\/www.tichezpravy.cz\/jak-se-katka-blascikova-protancila-k-tenisu-na-deaflympiade-v-brazilii\/\">https:\/\/www.tichezpravy.cz\/jak-se-katka-blascikova-protancila-k-tenisu-na-deaflympiade-v-brazilii\/<\/a><\/p>\n","protected":false},"excerpt":{"rendered":"<p>K. Bla\u0161\u010d\u00edkov\u00e1, spolu s J. \u0160m\u00e9dkem zam\u00ed\u0159ili letos na Olympi\u00e1du nesly\u0161\u00edc\u00edch do Braz\u00edlie. Pro oba hr\u00e1\u010de skon\u010dila velik\u00fdm \u00fasp\u011bchem. J. \u0160m\u00e9dek vyhr\u00e1l cel\u00fd turnaj v mu\u017esk\u00e9 dvouh\u0159e a spolu s K. Bla\u0161\u010d\u00edkovou dominovali ve sm\u00ed\u0161en\u00e9 \u010dty\u0159h\u0159e. V\u00edce info na:https:\/\/www.tichezpravy.cz\/jak-se-katka-blascikova-protancila-k-tenisu-na-deaflympiade-v-brazilii\/<\/p>\n","protected":false},"author":2,"featured_media":7001,"comment_status":"open","ping_status":"open","sticky":false,"template":"","format":"standard","meta":{"_monsterinsights_skip_tracking":false,"_monsterinsights_sitenote_active":false,"_monsterinsights_sitenote_note":"","_monsterinsights_sitenote_category":0,"footnotes":""},"categories":[10],"tags":[],"yoast_head":"<!-- This site is optimized with the Yoast SEO plugin v24.5 - https:\/\/yoast.com\/wordpress\/plugins\/seo\/ -->\n<title>K. Bla\u0161\u010d\u00edkov\u00e1 na Deaflympi\u00e1d\u011b v Braz\u00edlii - LTC Pardubice<\/title>\n<meta name=\"robots\" content=\"index, follow, max-snippet:-1, max-image-preview:large, max-video-preview:-1\" \/>\n<link rel=\"canonical\" href=\"https:\/\/www.ltcpardubice.cz\/?p=7000\" \/>\n<meta property=\"og:locale\" content=\"cs_CZ\" \/>\n<meta property=\"og:type\" content=\"article\" \/>\n<meta property=\"og:title\" content=\"K. Bla\u0161\u010d\u00edkov\u00e1 na Deaflympi\u00e1d\u011b v Braz\u00edlii - LTC Pardubice\" \/>\n<meta property=\"og:description\" content=\"K. Bla\u0161\u010d\u00edkov\u00e1, spolu s J. \u0160m\u00e9dkem zam\u00ed\u0159ili letos na Olympi\u00e1du nesly\u0161\u00edc\u00edch do Braz\u00edlie. Pro oba hr\u00e1\u010de skon\u010dila velik\u00fdm \u00fasp\u011bchem. J. \u0160m\u00e9dek vyhr\u00e1l cel\u00fd turnaj v mu\u017esk\u00e9 dvouh\u0159e a spolu s K. Bla\u0161\u010d\u00edkovou dominovali ve sm\u00ed\u0161en\u00e9 \u010dty\u0159h\u0159e. V\u00edce info na:https:\/\/www.tichezpravy.cz\/jak-se-katka-blascikova-protancila-k-tenisu-na-deaflympiade-v-brazilii\/\" \/>\n<meta property=\"og:url\" content=\"https:\/\/www.ltcpardubice.cz\/?p=7000\" \/>\n<meta property=\"og:site_name\" content=\"LTC Pardubice\" \/>\n<meta property=\"article:published_time\" content=\"2022-05-18T13:12:44+00:00\" \/>\n<meta property=\"article:modified_time\" content=\"2022-05-18T13:12:46+00:00\" \/>\n<meta property=\"og:image\" content=\"https:\/\/www.ltcpardubice.cz\/wp-content\/uploads\/2022\/05\/Blascsmed.jpg\" \/>\n\t<meta property=\"og:image:width\" content=\"1600\" \/>\n\t<meta property=\"og:image:height\" content=\"739\" \/>\n\t<meta property=\"og:image:type\" content=\"image\/jpeg\" \/>\n<meta name=\"author\" content=\"Eva Z\u00e1labsk\u00e1\" \/>\n<meta name=\"twitter:card\" content=\"summary_large_image\" \/>\n<meta name=\"twitter:label1\" content=\"Napsal(a)\" \/>\n\t<meta name=\"twitter:data1\" content=\"Eva Z\u00e1labsk\u00e1\" \/>\n\t<meta name=\"twitter:label2\" content=\"Odhadovan\u00e1 doba \u010dten\u00ed\" \/>\n\t<meta name=\"twitter:data2\" content=\"1 minuta\" \/>\n<script type=\"application\/ld+json\" class=\"yoast-schema-graph\">{\"@context\":\"https:\/\/schema.org\",\"@graph\":[{\"@type\":\"WebPage\",\"@id\":\"https:\/\/www.ltcpardubice.cz\/?p=7000\",\"url\":\"https:\/\/www.ltcpardubice.cz\/?p=7000\",\"name\":\"K. Bla\u0161\u010d\u00edkov\u00e1 na Deaflympi\u00e1d\u011b v Braz\u00edlii - LTC Pardubice\",\"isPartOf\":{\"@id\":\"https:\/\/www.ltcpardubice.cz\/#website\"},\"primaryImageOfPage\":{\"@id\":\"https:\/\/www.ltcpardubice.cz\/?p=7000#primaryimage\"},\"image\":{\"@id\":\"https:\/\/www.ltcpardubice.cz\/?p=7000#primaryimage\"},\"thumbnailUrl\":\"https:\/\/www.ltcpardubice.cz\/wp-content\/uploads\/2022\/05\/Blascsmed.jpg\",\"datePublished\":\"2022-05-18T13:12:44+00:00\",\"dateModified\":\"2022-05-18T13:12:46+00:00\",\"author\":{\"@id\":\"https:\/\/www.ltcpardubice.cz\/#\/schema\/person\/8f5f3a741b9adea57419864489f31541\"},\"breadcrumb\":{\"@id\":\"https:\/\/www.ltcpardubice.cz\/?p=7000#breadcrumb\"},\"inLanguage\":\"cs\",\"potentialAction\":[{\"@type\":\"ReadAction\",\"target\":[\"https:\/\/www.ltcpardubice.cz\/?p=7000\"]}]},{\"@type\":\"ImageObject\",\"inLanguage\":\"cs\",\"@id\":\"https:\/\/www.ltcpardubice.cz\/?p=7000#primaryimage\",\"url\":\"https:\/\/www.ltcpardubice.cz\/wp-content\/uploads\/2022\/05\/Blascsmed.jpg\",\"contentUrl\":\"https:\/\/www.ltcpardubice.cz\/wp-content\/uploads\/2022\/05\/Blascsmed.jpg\",\"width\":1600,\"height\":739},{\"@type\":\"BreadcrumbList\",\"@id\":\"https:\/\/www.ltcpardubice.cz\/?p=7000#breadcrumb\",\"itemListElement\":[{\"@type\":\"ListItem\",\"position\":1,\"name\":\"Home\",\"item\":\"https:\/\/www.ltcpardubice.cz\/\"},{\"@type\":\"ListItem\",\"position\":2,\"name\":\"K. Bla\u0161\u010d\u00edkov\u00e1 na Deaflympi\u00e1d\u011b v Braz\u00edlii\"}]},{\"@type\":\"WebSite\",\"@id\":\"https:\/\/www.ltcpardubice.cz\/#website\",\"url\":\"https:\/\/www.ltcpardubice.cz\/\",\"name\":\"LTC Pardubice\",\"description\":\"Str\u00e1nky tenisov\u00e9ho klubu LTC Pardubice\",\"potentialAction\":[{\"@type\":\"SearchAction\",\"target\":{\"@type\":\"EntryPoint\",\"urlTemplate\":\"https:\/\/www.ltcpardubice.cz\/?s={search_term_string}\"},\"query-input\":{\"@type\":\"PropertyValueSpecification\",\"valueRequired\":true,\"valueName\":\"search_term_string\"}}],\"inLanguage\":\"cs\"},{\"@type\":\"Person\",\"@id\":\"https:\/\/www.ltcpardubice.cz\/#\/schema\/person\/8f5f3a741b9adea57419864489f31541\",\"name\":\"Eva Z\u00e1labsk\u00e1\",\"image\":{\"@type\":\"ImageObject\",\"inLanguage\":\"cs\",\"@id\":\"https:\/\/www.ltcpardubice.cz\/#\/schema\/person\/image\/\",\"url\":\"https:\/\/secure.gravatar.com\/avatar\/fece9555d8859e0080e4a5ae7edcc925?s=96&d=mm&r=g\",\"contentUrl\":\"https:\/\/secure.gravatar.com\/avatar\/fece9555d8859e0080e4a5ae7edcc925?s=96&d=mm&r=g\",\"caption\":\"Eva Z\u00e1labsk\u00e1\"},\"url\":\"https:\/\/www.ltcpardubice.cz\/?author=2\"}]}<\/script>\n<!-- \/ Yoast SEO plugin. -->","yoast_head_json":{"title":"K. Bla\u0161\u010d\u00edkov\u00e1 na Deaflympi\u00e1d\u011b v Braz\u00edlii - LTC Pardubice","robots":{"index":"index","follow":"follow","max-snippet":"max-snippet:-1","max-image-preview":"max-image-preview:large","max-video-preview":"max-video-preview:-1"},"canonical":"https:\/\/www.ltcpardubice.cz\/?p=7000","og_locale":"cs_CZ","og_type":"article","og_title":"K. Bla\u0161\u010d\u00edkov\u00e1 na Deaflympi\u00e1d\u011b v Braz\u00edlii - LTC Pardubice","og_description":"K. Bla\u0161\u010d\u00edkov\u00e1, spolu s J. \u0160m\u00e9dkem zam\u00ed\u0159ili letos na Olympi\u00e1du nesly\u0161\u00edc\u00edch do Braz\u00edlie. Pro oba hr\u00e1\u010de skon\u010dila velik\u00fdm \u00fasp\u011bchem. J. \u0160m\u00e9dek vyhr\u00e1l cel\u00fd turnaj v mu\u017esk\u00e9 dvouh\u0159e a spolu s K. Bla\u0161\u010d\u00edkovou dominovali ve sm\u00ed\u0161en\u00e9 \u010dty\u0159h\u0159e. V\u00edce info na:https:\/\/www.tichezpravy.cz\/jak-se-katka-blascikova-protancila-k-tenisu-na-deaflympiade-v-brazilii\/","og_url":"https:\/\/www.ltcpardubice.cz\/?p=7000","og_site_name":"LTC Pardubice","article_published_time":"2022-05-18T13:12:44+00:00","article_modified_time":"2022-05-18T13:12:46+00:00","og_image":[{"width":1600,"height":739,"url":"https:\/\/www.ltcpardubice.cz\/wp-content\/uploads\/2022\/05\/Blascsmed.jpg","type":"image\/jpeg"}],"author":"Eva Z\u00e1labsk\u00e1","twitter_card":"summary_large_image","twitter_misc":{"Napsal(a)":"Eva Z\u00e1labsk\u00e1","Odhadovan\u00e1 doba \u010dten\u00ed":"1 minuta"},"schema":{"@context":"https:\/\/schema.org","@graph":[{"@type":"WebPage","@id":"https:\/\/www.ltcpardubice.cz\/?p=7000","url":"https:\/\/www.ltcpardubice.cz\/?p=7000","name":"K. Bla\u0161\u010d\u00edkov\u00e1 na Deaflympi\u00e1d\u011b v Braz\u00edlii - LTC Pardubice","isPartOf":{"@id":"https:\/\/www.ltcpardubice.cz\/#website"},"primaryImageOfPage":{"@id":"https:\/\/www.ltcpardubice.cz\/?p=7000#primaryimage"},"image":{"@id":"https:\/\/www.ltcpardubice.cz\/?p=7000#primaryimage"},"thumbnailUrl":"https:\/\/www.ltcpardubice.cz\/wp-content\/uploads\/2022\/05\/Blascsmed.jpg","datePublished":"2022-05-18T13:12:44+00:00","dateModified":"2022-05-18T13:12:46+00:00","author":{"@id":"https:\/\/www.ltcpardubice.cz\/#\/schema\/person\/8f5f3a741b9adea57419864489f31541"},"breadcrumb":{"@id":"https:\/\/www.ltcpardubice.cz\/?p=7000#breadcrumb"},"inLanguage":"cs","potentialAction":[{"@type":"ReadAction","target":["https:\/\/www.ltcpardubice.cz\/?p=7000"]}]},{"@type":"ImageObject","inLanguage":"cs","@id":"https:\/\/www.ltcpardubice.cz\/?p=7000#primaryimage","url":"https:\/\/www.ltcpardubice.cz\/wp-content\/uploads\/2022\/05\/Blascsmed.jpg","contentUrl":"https:\/\/www.ltcpardubice.cz\/wp-content\/uploads\/2022\/05\/Blascsmed.jpg","width":1600,"height":739},{"@type":"BreadcrumbList","@id":"https:\/\/www.ltcpardubice.cz\/?p=7000#breadcrumb","itemListElement":[{"@type":"ListItem","position":1,"name":"Home","item":"https:\/\/www.ltcpardubice.cz\/"},{"@type":"ListItem","position":2,"name":"K. Bla\u0161\u010d\u00edkov\u00e1 na Deaflympi\u00e1d\u011b v Braz\u00edlii"}]},{"@type":"WebSite","@id":"https:\/\/www.ltcpardubice.cz\/#website","url":"https:\/\/www.ltcpardubice.cz\/","name":"LTC Pardubice","description":"Str\u00e1nky tenisov\u00e9ho klubu LTC Pardubice","potentialAction":[{"@type":"SearchAction","target":{"@type":"EntryPoint","urlTemplate":"https:\/\/www.ltcpardubice.cz\/?s={search_term_string}"},"query-input":{"@type":"PropertyValueSpecification","valueRequired":true,"valueName":"search_term_string"}}],"inLanguage":"cs"},{"@type":"Person","@id":"https:\/\/www.ltcpardubice.cz\/#\/schema\/person\/8f5f3a741b9adea57419864489f31541","name":"Eva Z\u00e1labsk\u00e1","image":{"@type":"ImageObject","inLanguage":"cs","@id":"https:\/\/www.ltcpardubice.cz\/#\/schema\/person\/image\/","url":"https:\/\/secure.gravatar.com\/avatar\/fece9555d8859e0080e4a5ae7edcc925?s=96&d=mm&r=g","contentUrl":"https:\/\/secure.gravatar.com\/avatar\/fece9555d8859e0080e4a5ae7edcc925?s=96&d=mm&r=g","caption":"Eva Z\u00e1labsk\u00e1"},"url":"https:\/\/www.ltcpardubice.cz\/?author=2"}]}},"brizy_media":[],"_links":{"self":[{"href":"https:\/\/www.ltcpardubice.cz\/index.php?rest_route=\/wp\/v2\/posts\/7000"}],"collection":[{"href":"https:\/\/www.ltcpardubice.cz\/index.php?rest_route=\/wp\/v2\/posts"}],"about":[{"href":"https:\/\/www.ltcpardubice.cz\/index.php?rest_route=\/wp\/v2\/types\/post"}],"author":[{"embeddable":true,"href":"https:\/\/www.ltcpardubice.cz\/index.php?rest_route=\/wp\/v2\/users\/2"}],"replies":[{"embeddable":true,"href":"https:\/\/www.ltcpardubice.cz\/index.php?rest_route=%2Fwp%2Fv2%2Fcomments&post=7000"}],"version-history":[{"count":1,"href":"https:\/\/www.ltcpardubice.cz\/index.php?rest_route=\/wp\/v2\/posts\/7000\/revisions"}],"predecessor-version":[{"id":7002,"href":"https:\/\/www.ltcpardubice.cz\/index.php?rest_route=\/wp\/v2\/posts\/7000\/revisions\/7002"}],"wp:featuredmedia":[{"embeddable":true,"href":"https:\/\/www.ltcpardubice.cz\/index.php?rest_route=\/wp\/v2\/media\/7001"}],"wp:attachment":[{"href":"https:\/\/www.ltcpardubice.cz\/index.php?rest_route=%2Fwp%2Fv2%2Fmedia&parent=7000"}],"wp:term":[{"taxonomy":"category","embeddable":true,"href":"https:\/\/www.ltcpardubice.cz\/index.php?rest_route=%2Fwp%2Fv2%2Fcategories&post=7000"},{"taxonomy":"post_tag","embeddable":true,"href":"https:\/\/www.ltcpardubice.cz\/index.php?rest_route=%2Fwp%2Fv2%2Ftags&post=7000"}],"curies":[{"name":"wp","href":"https:\/\/api.w.org\/{rel}","templated":true}]}}