{"id":7036,"date":"2022-09-11T07:45:36","date_gmt":"2022-09-11T07:45:36","guid":{"rendered":"https:\/\/www.ltcpardubice.cz\/?p=7036"},"modified":"2022-09-11T07:45:37","modified_gmt":"2022-09-11T07:45:37","slug":"vysledky-nasich-hracu-na-turnajich-v-srpnu","status":"publish","type":"post","link":"https:\/\/www.ltcpardubice.cz\/?p=7036","title":{"rendered":"V\u00fdsledky na\u0161ich hr\u00e1\u010d\u016f na turnaj\u00edch v srpnu"},"content":{"rendered":"\n<p>Filip Dym\u00e1k vyhr\u00e1l dvouhru na B turnaji v kategorii star\u0161\u00edch \u017e\u00e1k\u016f ve Znojm\u011b, kdy\u017e cel\u00fdm turnajem pro\u0161el bez zav\u00e1h\u00e1n\u00ed, byl ve \u010dtvrtfin\u00e1le na B turnaji v Brn\u011b, ve fin\u00e1le b\u00e9\u010dka ve dvouh\u0159e na Tesle Pardubice a vyhr\u00e1l \u010dty\u0159hru. Nav\u00edc uhr\u00e1l 2 semifin\u00e1le na C turnaj\u00edch v dorosteneck\u00e9 kategorii.<\/p>\n\n\n\n<p>Dominik \u0160mejc hr\u00e1l v kategorii star\u0161\u00edch \u017e\u00e1k\u016f C turnaje. Byl ve fin\u00e1le dvouhry v Hora\u017e\u010fovic\u00edch, vyhr\u00e1l dvouhru v Lip\u016fvce a Litomy\u0161li, byl d\u00e1le je\u0161t\u011b 2x ve fin\u00e1le dvouhry v Jind\u0159ichov\u011b Hradci a na HIT Hradec Kr\u00e1lov\u00e9.<\/p>\n\n\n\n<p>Dan Vaverka byl na C turnaj\u00edch star\u0161\u00edch \u017e\u00e1k\u016f v semifin\u00e1le ve \u017d\u010f\u00e1ru\/S\u00e1zavou a ve Svitav\u00e1ch, ve fin\u00e1le dvouhry i \u010dty\u0159hry v \u017damberku.<\/p>\n\n\n\n<p>Nat\u00e1lie Davidov\u00e1 hr\u00e1la v kategorii dosp\u011bl\u00fdch, kde usp\u011bla na B turnaji v \u017di\u017eelic\u00edch, kdy\u017e prohr\u00e1la a\u017e ve fin\u00e1le a p\u0159ipsala si n\u011bkolik cenn\u00fdch skalp\u016f, jako bonus p\u0159idala v\u00edt\u011bzstv\u00ed ve \u010dty\u0159h\u0159e. V pra\u017esk\u00fdch Mod\u0159anech byla na B turnaji \u017een ve fin\u00e1le \u010dty\u0159hry.<\/p>\n\n\n\n<p>Anna Vobo\u0159ilov\u00e1 vyhr\u00e1la B turnaj star\u0161\u00edch \u017e\u00e1ky\u0148 ve dvouh\u0159e i \u010dty\u0159h\u0159e v pra\u017esk\u00fdch Vyso\u010danech.<\/p>\n\n\n\n<p>Jitka \u0158\u00edhov\u00e1 vyhr\u00e1la C turnaj mlad\u0161\u00edch \u017e\u00e1ky\u0148 ve dvouh\u0159e v Hradci Kr\u00e1lov\u00e9 a byla ve fin\u00e1le \u010dty\u0159hry. Uhr\u00e1la i semifin\u00e1le dvouhry v Kol\u00edn\u011b.<\/p>\n\n\n\n<p>V\u0161em hr\u00e1\u010d\u016fm gratulujeme, jednotliv\u00e9 v\u00fdsledky naj\u00edt na str\u00e1nk\u00e1ch \u010cTS: <a href=\"http:\/\/cztenis.cz\">http:\/\/cztenis.cz<\/a><\/p>\n","protected":false},"excerpt":{"rendered":"<p>Filip Dym\u00e1k vyhr\u00e1l dvouhru na B turnaji v kategorii star\u0161\u00edch \u017e\u00e1k\u016f ve Znojm\u011b, kdy\u017e cel\u00fdm turnajem pro\u0161el bez zav\u00e1h\u00e1n\u00ed, byl ve \u010dtvrtfin\u00e1le na B turnaji v Brn\u011b, ve fin\u00e1le b\u00e9\u010dka ve dvouh\u0159e na Tesle Pardubice a vyhr\u00e1l \u010dty\u0159hru. Nav\u00edc uhr\u00e1l 2 semifin\u00e1le na C turnaj\u00edch v dorosteneck\u00e9 kategorii. Dominik \u0160mejc hr\u00e1l v kategorii star\u0161\u00edch \u017e\u00e1k\u016f [&hellip;]<\/p>\n","protected":false},"author":2,"featured_media":7037,"comment_status":"open","ping_status":"open","sticky":false,"template":"","format":"standard","meta":{"_monsterinsights_skip_tracking":false,"_monsterinsights_sitenote_active":false,"_monsterinsights_sitenote_note":"","_monsterinsights_sitenote_category":0,"footnotes":""},"categories":[10],"tags":[],"yoast_head":"<!-- This site is optimized with the Yoast SEO plugin v24.5 - https:\/\/yoast.com\/wordpress\/plugins\/seo\/ -->\n<title>V\u00fdsledky na\u0161ich hr\u00e1\u010d\u016f na turnaj\u00edch v srpnu - LTC Pardubice<\/title>\n<meta name=\"robots\" content=\"index, follow, max-snippet:-1, max-image-preview:large, max-video-preview:-1\" \/>\n<link rel=\"canonical\" href=\"https:\/\/www.ltcpardubice.cz\/?p=7036\" \/>\n<meta property=\"og:locale\" content=\"cs_CZ\" \/>\n<meta property=\"og:type\" content=\"article\" \/>\n<meta property=\"og:title\" content=\"V\u00fdsledky na\u0161ich hr\u00e1\u010d\u016f na turnaj\u00edch v srpnu - LTC Pardubice\" \/>\n<meta property=\"og:description\" content=\"Filip Dym\u00e1k vyhr\u00e1l dvouhru na B turnaji v kategorii star\u0161\u00edch \u017e\u00e1k\u016f ve Znojm\u011b, kdy\u017e cel\u00fdm turnajem pro\u0161el bez zav\u00e1h\u00e1n\u00ed, byl ve \u010dtvrtfin\u00e1le na B turnaji v Brn\u011b, ve fin\u00e1le b\u00e9\u010dka ve dvouh\u0159e na Tesle Pardubice a vyhr\u00e1l \u010dty\u0159hru. Nav\u00edc uhr\u00e1l 2 semifin\u00e1le na C turnaj\u00edch v dorosteneck\u00e9 kategorii. Dominik \u0160mejc hr\u00e1l v kategorii star\u0161\u00edch \u017e\u00e1k\u016f [&hellip;]\" \/>\n<meta property=\"og:url\" content=\"https:\/\/www.ltcpardubice.cz\/?p=7036\" \/>\n<meta property=\"og:site_name\" content=\"LTC Pardubice\" \/>\n<meta property=\"article:published_time\" content=\"2022-09-11T07:45:36+00:00\" \/>\n<meta property=\"article:modified_time\" content=\"2022-09-11T07:45:37+00:00\" \/>\n<meta property=\"og:image\" content=\"https:\/\/www.ltcpardubice.cz\/wp-content\/uploads\/2022\/09\/FilipDymak.jpg\" \/>\n\t<meta property=\"og:image:width\" content=\"1536\" \/>\n\t<meta property=\"og:image:height\" content=\"1152\" \/>\n\t<meta property=\"og:image:type\" content=\"image\/jpeg\" \/>\n<meta name=\"author\" content=\"Eva Z\u00e1labsk\u00e1\" \/>\n<meta name=\"twitter:card\" content=\"summary_large_image\" \/>\n<meta name=\"twitter:label1\" content=\"Napsal(a)\" \/>\n\t<meta name=\"twitter:data1\" content=\"Eva Z\u00e1labsk\u00e1\" \/>\n\t<meta name=\"twitter:label2\" content=\"Odhadovan\u00e1 doba \u010dten\u00ed\" \/>\n\t<meta name=\"twitter:data2\" content=\"2 minuty\" \/>\n<script type=\"application\/ld+json\" class=\"yoast-schema-graph\">{\"@context\":\"https:\/\/schema.org\",\"@graph\":[{\"@type\":\"WebPage\",\"@id\":\"https:\/\/www.ltcpardubice.cz\/?p=7036\",\"url\":\"https:\/\/www.ltcpardubice.cz\/?p=7036\",\"name\":\"V\u00fdsledky na\u0161ich hr\u00e1\u010d\u016f na turnaj\u00edch v srpnu - LTC Pardubice\",\"isPartOf\":{\"@id\":\"https:\/\/www.ltcpardubice.cz\/#website\"},\"primaryImageOfPage\":{\"@id\":\"https:\/\/www.ltcpardubice.cz\/?p=7036#primaryimage\"},\"image\":{\"@id\":\"https:\/\/www.ltcpardubice.cz\/?p=7036#primaryimage\"},\"thumbnailUrl\":\"https:\/\/www.ltcpardubice.cz\/wp-content\/uploads\/2022\/09\/FilipDymak.jpg\",\"datePublished\":\"2022-09-11T07:45:36+00:00\",\"dateModified\":\"2022-09-11T07:45:37+00:00\",\"author\":{\"@id\":\"https:\/\/www.ltcpardubice.cz\/#\/schema\/person\/8f5f3a741b9adea57419864489f31541\"},\"breadcrumb\":{\"@id\":\"https:\/\/www.ltcpardubice.cz\/?p=7036#breadcrumb\"},\"inLanguage\":\"cs\",\"potentialAction\":[{\"@type\":\"ReadAction\",\"target\":[\"https:\/\/www.ltcpardubice.cz\/?p=7036\"]}]},{\"@type\":\"ImageObject\",\"inLanguage\":\"cs\",\"@id\":\"https:\/\/www.ltcpardubice.cz\/?p=7036#primaryimage\",\"url\":\"https:\/\/www.ltcpardubice.cz\/wp-content\/uploads\/2022\/09\/FilipDymak.jpg\",\"contentUrl\":\"https:\/\/www.ltcpardubice.cz\/wp-content\/uploads\/2022\/09\/FilipDymak.jpg\",\"width\":1536,\"height\":1152},{\"@type\":\"BreadcrumbList\",\"@id\":\"https:\/\/www.ltcpardubice.cz\/?p=7036#breadcrumb\",\"itemListElement\":[{\"@type\":\"ListItem\",\"position\":1,\"name\":\"Home\",\"item\":\"https:\/\/www.ltcpardubice.cz\/\"},{\"@type\":\"ListItem\",\"position\":2,\"name\":\"V\u00fdsledky na\u0161ich hr\u00e1\u010d\u016f na turnaj\u00edch v srpnu\"}]},{\"@type\":\"WebSite\",\"@id\":\"https:\/\/www.ltcpardubice.cz\/#website\",\"url\":\"https:\/\/www.ltcpardubice.cz\/\",\"name\":\"LTC Pardubice\",\"description\":\"Str\u00e1nky tenisov\u00e9ho klubu LTC Pardubice\",\"potentialAction\":[{\"@type\":\"SearchAction\",\"target\":{\"@type\":\"EntryPoint\",\"urlTemplate\":\"https:\/\/www.ltcpardubice.cz\/?s={search_term_string}\"},\"query-input\":{\"@type\":\"PropertyValueSpecification\",\"valueRequired\":true,\"valueName\":\"search_term_string\"}}],\"inLanguage\":\"cs\"},{\"@type\":\"Person\",\"@id\":\"https:\/\/www.ltcpardubice.cz\/#\/schema\/person\/8f5f3a741b9adea57419864489f31541\",\"name\":\"Eva Z\u00e1labsk\u00e1\",\"image\":{\"@type\":\"ImageObject\",\"inLanguage\":\"cs\",\"@id\":\"https:\/\/www.ltcpardubice.cz\/#\/schema\/person\/image\/\",\"url\":\"https:\/\/secure.gravatar.com\/avatar\/fece9555d8859e0080e4a5ae7edcc925?s=96&d=mm&r=g\",\"contentUrl\":\"https:\/\/secure.gravatar.com\/avatar\/fece9555d8859e0080e4a5ae7edcc925?s=96&d=mm&r=g\",\"caption\":\"Eva Z\u00e1labsk\u00e1\"},\"url\":\"https:\/\/www.ltcpardubice.cz\/?author=2\"}]}<\/script>\n<!-- \/ Yoast SEO plugin. -->","yoast_head_json":{"title":"V\u00fdsledky na\u0161ich hr\u00e1\u010d\u016f na turnaj\u00edch v srpnu - LTC Pardubice","robots":{"index":"index","follow":"follow","max-snippet":"max-snippet:-1","max-image-preview":"max-image-preview:large","max-video-preview":"max-video-preview:-1"},"canonical":"https:\/\/www.ltcpardubice.cz\/?p=7036","og_locale":"cs_CZ","og_type":"article","og_title":"V\u00fdsledky na\u0161ich hr\u00e1\u010d\u016f na turnaj\u00edch v srpnu - LTC Pardubice","og_description":"Filip Dym\u00e1k vyhr\u00e1l dvouhru na B turnaji v kategorii star\u0161\u00edch \u017e\u00e1k\u016f ve Znojm\u011b, kdy\u017e cel\u00fdm turnajem pro\u0161el bez zav\u00e1h\u00e1n\u00ed, byl ve \u010dtvrtfin\u00e1le na B turnaji v Brn\u011b, ve fin\u00e1le b\u00e9\u010dka ve dvouh\u0159e na Tesle Pardubice a vyhr\u00e1l \u010dty\u0159hru. Nav\u00edc uhr\u00e1l 2 semifin\u00e1le na C turnaj\u00edch v dorosteneck\u00e9 kategorii. Dominik \u0160mejc hr\u00e1l v kategorii star\u0161\u00edch \u017e\u00e1k\u016f [&hellip;]","og_url":"https:\/\/www.ltcpardubice.cz\/?p=7036","og_site_name":"LTC Pardubice","article_published_time":"2022-09-11T07:45:36+00:00","article_modified_time":"2022-09-11T07:45:37+00:00","og_image":[{"width":1536,"height":1152,"url":"https:\/\/www.ltcpardubice.cz\/wp-content\/uploads\/2022\/09\/FilipDymak.jpg","type":"image\/jpeg"}],"author":"Eva Z\u00e1labsk\u00e1","twitter_card":"summary_large_image","twitter_misc":{"Napsal(a)":"Eva Z\u00e1labsk\u00e1","Odhadovan\u00e1 doba \u010dten\u00ed":"2 minuty"},"schema":{"@context":"https:\/\/schema.org","@graph":[{"@type":"WebPage","@id":"https:\/\/www.ltcpardubice.cz\/?p=7036","url":"https:\/\/www.ltcpardubice.cz\/?p=7036","name":"V\u00fdsledky na\u0161ich hr\u00e1\u010d\u016f na turnaj\u00edch v srpnu - LTC Pardubice","isPartOf":{"@id":"https:\/\/www.ltcpardubice.cz\/#website"},"primaryImageOfPage":{"@id":"https:\/\/www.ltcpardubice.cz\/?p=7036#primaryimage"},"image":{"@id":"https:\/\/www.ltcpardubice.cz\/?p=7036#primaryimage"},"thumbnailUrl":"https:\/\/www.ltcpardubice.cz\/wp-content\/uploads\/2022\/09\/FilipDymak.jpg","datePublished":"2022-09-11T07:45:36+00:00","dateModified":"2022-09-11T07:45:37+00:00","author":{"@id":"https:\/\/www.ltcpardubice.cz\/#\/schema\/person\/8f5f3a741b9adea57419864489f31541"},"breadcrumb":{"@id":"https:\/\/www.ltcpardubice.cz\/?p=7036#breadcrumb"},"inLanguage":"cs","potentialAction":[{"@type":"ReadAction","target":["https:\/\/www.ltcpardubice.cz\/?p=7036"]}]},{"@type":"ImageObject","inLanguage":"cs","@id":"https:\/\/www.ltcpardubice.cz\/?p=7036#primaryimage","url":"https:\/\/www.ltcpardubice.cz\/wp-content\/uploads\/2022\/09\/FilipDymak.jpg","contentUrl":"https:\/\/www.ltcpardubice.cz\/wp-content\/uploads\/2022\/09\/FilipDymak.jpg","width":1536,"height":1152},{"@type":"BreadcrumbList","@id":"https:\/\/www.ltcpardubice.cz\/?p=7036#breadcrumb","itemListElement":[{"@type":"ListItem","position":1,"name":"Home","item":"https:\/\/www.ltcpardubice.cz\/"},{"@type":"ListItem","position":2,"name":"V\u00fdsledky na\u0161ich hr\u00e1\u010d\u016f na turnaj\u00edch v srpnu"}]},{"@type":"WebSite","@id":"https:\/\/www.ltcpardubice.cz\/#website","url":"https:\/\/www.ltcpardubice.cz\/","name":"LTC Pardubice","description":"Str\u00e1nky tenisov\u00e9ho klubu LTC Pardubice","potentialAction":[{"@type":"SearchAction","target":{"@type":"EntryPoint","urlTemplate":"https:\/\/www.ltcpardubice.cz\/?s={search_term_string}"},"query-input":{"@type":"PropertyValueSpecification","valueRequired":true,"valueName":"search_term_string"}}],"inLanguage":"cs"},{"@type":"Person","@id":"https:\/\/www.ltcpardubice.cz\/#\/schema\/person\/8f5f3a741b9adea57419864489f31541","name":"Eva Z\u00e1labsk\u00e1","image":{"@type":"ImageObject","inLanguage":"cs","@id":"https:\/\/www.ltcpardubice.cz\/#\/schema\/person\/image\/","url":"https:\/\/secure.gravatar.com\/avatar\/fece9555d8859e0080e4a5ae7edcc925?s=96&d=mm&r=g","contentUrl":"https:\/\/secure.gravatar.com\/avatar\/fece9555d8859e0080e4a5ae7edcc925?s=96&d=mm&r=g","caption":"Eva Z\u00e1labsk\u00e1"},"url":"https:\/\/www.ltcpardubice.cz\/?author=2"}]}},"brizy_media":[],"_links":{"self":[{"href":"https:\/\/www.ltcpardubice.cz\/index.php?rest_route=\/wp\/v2\/posts\/7036"}],"collection":[{"href":"https:\/\/www.ltcpardubice.cz\/index.php?rest_route=\/wp\/v2\/posts"}],"about":[{"href":"https:\/\/www.ltcpardubice.cz\/index.php?rest_route=\/wp\/v2\/types\/post"}],"author":[{"embeddable":true,"href":"https:\/\/www.ltcpardubice.cz\/index.php?rest_route=\/wp\/v2\/users\/2"}],"replies":[{"embeddable":true,"href":"https:\/\/www.ltcpardubice.cz\/index.php?rest_route=%2Fwp%2Fv2%2Fcomments&post=7036"}],"version-history":[{"count":1,"href":"https:\/\/www.ltcpardubice.cz\/index.php?rest_route=\/wp\/v2\/posts\/7036\/revisions"}],"predecessor-version":[{"id":7038,"href":"https:\/\/www.ltcpardubice.cz\/index.php?rest_route=\/wp\/v2\/posts\/7036\/revisions\/7038"}],"wp:featuredmedia":[{"embeddable":true,"href":"https:\/\/www.ltcpardubice.cz\/index.php?rest_route=\/wp\/v2\/media\/7037"}],"wp:attachment":[{"href":"https:\/\/www.ltcpardubice.cz\/index.php?rest_route=%2Fwp%2Fv2%2Fmedia&parent=7036"}],"wp:term":[{"taxonomy":"category","embeddable":true,"href":"https:\/\/www.ltcpardubice.cz\/index.php?rest_route=%2Fwp%2Fv2%2Fcategories&post=7036"},{"taxonomy":"post_tag","embeddable":true,"href":"https:\/\/www.ltcpardubice.cz\/index.php?rest_route=%2Fwp%2Fv2%2Ftags&post=7036"}],"curies":[{"name":"wp","href":"https:\/\/api.w.org\/{rel}","templated":true}]}}