{"id":7052,"date":"2022-10-01T16:44:11","date_gmt":"2022-10-01T16:44:11","guid":{"rendered":"https:\/\/www.ltcpardubice.cz\/?p=7052"},"modified":"2022-10-01T16:44:14","modified_gmt":"2022-10-01T16:44:14","slug":"skvely-zaver-antukove-sezony-f-dymaka-a-a-voborilove","status":"publish","type":"post","link":"https:\/\/www.ltcpardubice.cz\/?p=7052","title":{"rendered":"Skv\u011bl\u00fd z\u00e1v\u011br antukov\u00e9 sez\u00f3ny F. Dym\u00e1ka a A. Vobo\u0159ilov\u00e9"},"content":{"rendered":"\n<p>F. Dym\u00e1k, kter\u00fd je posledn\u00edm rokem star\u0161\u00ed \u017e\u00e1k, se s antukovou sez\u00f3nou rozlou\u010dil v\u00edce ne\u017e d\u016fstojn\u011b. S kategori\u00ed star\u0161\u00edho \u017eactva se lou\u010dil v\u00edt\u011bzstv\u00edm a postupem do fin\u00e1le na 2 B turnaj\u00edch ve dvouh\u0159e i \u010dty\u0159h\u0159e, v nadch\u00e1zej\u00edc\u00ed dorosteneck\u00e9 kategorii ji\u017e sta\u010dil star\u0161\u00ed vrstevn\u00edky pozlobit. Ze 4 turnaj\u016f kategorie C byl 2x v semifin\u00e1le a 2x ve fin\u00e1le. Obzvl\u00e1\u0161t\u011b siln\u011b obsazen\u00fd turnaj v Opav\u011b byl vynikaj\u00edc\u00ed, kdy\u017e porazil nasazenou 16, 11 a 4, prohr\u00e1l a\u017e ve fin\u00e1le s 1. nasazen\u00fdm Barto\u0161em 6\/2, 2\/6, 6\/10 v super tiebreaku. V\u00fdsledky hr\u00e1\u010de: <a href=\"https:\/\/cztenis.cz\/hrac\/1042850\">https:\/\/cztenis.cz\/hrac\/1042850<\/a><\/p>\n\n\n\n<p>Stejn\u011b star\u00e1 A. Vobo\u0159ilov\u00e1  vyhr\u00e1la na z\u00e1v\u011br sez\u00f3ny 2 C turnaje ve dvouh\u0159e dorostu, oba shodn\u011b v Hradci Kr\u00e1lov\u00e9, zvl\u00e1\u0161\u0165 posledn\u00ed turnaj Masters Tommy Tour se vyda\u0159il. P\u0159ipsala si skalp 1. i 2. nasazen\u00e9 a s p\u0159ehledem vyhr\u00e1la, v\u00edt\u011bzstv\u00ed p\u0159idala i ve \u010dty\u0159h\u0159e. V\u00fdsledky hr\u00e1\u010dky: <a href=\"https:\/\/cztenis.cz\/hrac\/1036322\">https:\/\/cztenis.cz\/hrac\/1036322<\/a><\/p>\n\n\n\n<p>Na jak\u00e1 um\u00edst\u011bn\u00ed na C\u017d to bude na\u0161im hr\u00e1\u010d\u016fm sta\u010dit, se dozv\u00edme po 1. \u0159\u00edjnov\u00e9m v\u00edkendu.<\/p>\n","protected":false},"excerpt":{"rendered":"<p>F. Dym\u00e1k, kter\u00fd je posledn\u00edm rokem star\u0161\u00ed \u017e\u00e1k, se s antukovou sez\u00f3nou rozlou\u010dil v\u00edce ne\u017e d\u016fstojn\u011b. S kategori\u00ed star\u0161\u00edho \u017eactva se lou\u010dil v\u00edt\u011bzstv\u00edm a postupem do fin\u00e1le na 2 B turnaj\u00edch ve dvouh\u0159e i \u010dty\u0159h\u0159e, v nadch\u00e1zej\u00edc\u00ed dorosteneck\u00e9 kategorii ji\u017e sta\u010dil star\u0161\u00ed vrstevn\u00edky pozlobit. Ze 4 turnaj\u016f kategorie C byl 2x v semifin\u00e1le a 2x [&hellip;]<\/p>\n","protected":false},"author":2,"featured_media":7037,"comment_status":"open","ping_status":"open","sticky":false,"template":"","format":"standard","meta":{"_monsterinsights_skip_tracking":false,"_monsterinsights_sitenote_active":false,"_monsterinsights_sitenote_note":"","_monsterinsights_sitenote_category":0,"footnotes":""},"categories":[10],"tags":[],"yoast_head":"<!-- This site is optimized with the Yoast SEO plugin v24.5 - https:\/\/yoast.com\/wordpress\/plugins\/seo\/ -->\n<title>Skv\u011bl\u00fd z\u00e1v\u011br antukov\u00e9 sez\u00f3ny F. Dym\u00e1ka a A. Vobo\u0159ilov\u00e9 - LTC Pardubice<\/title>\n<meta name=\"robots\" content=\"index, follow, max-snippet:-1, max-image-preview:large, max-video-preview:-1\" \/>\n<link rel=\"canonical\" href=\"https:\/\/www.ltcpardubice.cz\/?p=7052\" \/>\n<meta property=\"og:locale\" content=\"cs_CZ\" \/>\n<meta property=\"og:type\" content=\"article\" \/>\n<meta property=\"og:title\" content=\"Skv\u011bl\u00fd z\u00e1v\u011br antukov\u00e9 sez\u00f3ny F. Dym\u00e1ka a A. Vobo\u0159ilov\u00e9 - LTC Pardubice\" \/>\n<meta property=\"og:description\" content=\"F. Dym\u00e1k, kter\u00fd je posledn\u00edm rokem star\u0161\u00ed \u017e\u00e1k, se s antukovou sez\u00f3nou rozlou\u010dil v\u00edce ne\u017e d\u016fstojn\u011b. S kategori\u00ed star\u0161\u00edho \u017eactva se lou\u010dil v\u00edt\u011bzstv\u00edm a postupem do fin\u00e1le na 2 B turnaj\u00edch ve dvouh\u0159e i \u010dty\u0159h\u0159e, v nadch\u00e1zej\u00edc\u00ed dorosteneck\u00e9 kategorii ji\u017e sta\u010dil star\u0161\u00ed vrstevn\u00edky pozlobit. Ze 4 turnaj\u016f kategorie C byl 2x v semifin\u00e1le a 2x [&hellip;]\" \/>\n<meta property=\"og:url\" content=\"https:\/\/www.ltcpardubice.cz\/?p=7052\" \/>\n<meta property=\"og:site_name\" content=\"LTC Pardubice\" \/>\n<meta property=\"article:published_time\" content=\"2022-10-01T16:44:11+00:00\" \/>\n<meta property=\"article:modified_time\" content=\"2022-10-01T16:44:14+00:00\" \/>\n<meta property=\"og:image\" content=\"https:\/\/www.ltcpardubice.cz\/wp-content\/uploads\/2022\/09\/FilipDymak.jpg\" \/>\n\t<meta property=\"og:image:width\" content=\"1536\" \/>\n\t<meta property=\"og:image:height\" content=\"1152\" \/>\n\t<meta property=\"og:image:type\" content=\"image\/jpeg\" \/>\n<meta name=\"author\" content=\"Eva Z\u00e1labsk\u00e1\" \/>\n<meta name=\"twitter:card\" content=\"summary_large_image\" \/>\n<meta name=\"twitter:label1\" content=\"Napsal(a)\" \/>\n\t<meta name=\"twitter:data1\" content=\"Eva Z\u00e1labsk\u00e1\" \/>\n\t<meta name=\"twitter:label2\" content=\"Odhadovan\u00e1 doba \u010dten\u00ed\" \/>\n\t<meta name=\"twitter:data2\" content=\"1 minuta\" \/>\n<script type=\"application\/ld+json\" class=\"yoast-schema-graph\">{\"@context\":\"https:\/\/schema.org\",\"@graph\":[{\"@type\":\"WebPage\",\"@id\":\"https:\/\/www.ltcpardubice.cz\/?p=7052\",\"url\":\"https:\/\/www.ltcpardubice.cz\/?p=7052\",\"name\":\"Skv\u011bl\u00fd z\u00e1v\u011br antukov\u00e9 sez\u00f3ny F. Dym\u00e1ka a A. Vobo\u0159ilov\u00e9 - LTC Pardubice\",\"isPartOf\":{\"@id\":\"https:\/\/www.ltcpardubice.cz\/#website\"},\"primaryImageOfPage\":{\"@id\":\"https:\/\/www.ltcpardubice.cz\/?p=7052#primaryimage\"},\"image\":{\"@id\":\"https:\/\/www.ltcpardubice.cz\/?p=7052#primaryimage\"},\"thumbnailUrl\":\"https:\/\/www.ltcpardubice.cz\/wp-content\/uploads\/2022\/09\/FilipDymak.jpg\",\"datePublished\":\"2022-10-01T16:44:11+00:00\",\"dateModified\":\"2022-10-01T16:44:14+00:00\",\"author\":{\"@id\":\"https:\/\/www.ltcpardubice.cz\/#\/schema\/person\/8f5f3a741b9adea57419864489f31541\"},\"breadcrumb\":{\"@id\":\"https:\/\/www.ltcpardubice.cz\/?p=7052#breadcrumb\"},\"inLanguage\":\"cs\",\"potentialAction\":[{\"@type\":\"ReadAction\",\"target\":[\"https:\/\/www.ltcpardubice.cz\/?p=7052\"]}]},{\"@type\":\"ImageObject\",\"inLanguage\":\"cs\",\"@id\":\"https:\/\/www.ltcpardubice.cz\/?p=7052#primaryimage\",\"url\":\"https:\/\/www.ltcpardubice.cz\/wp-content\/uploads\/2022\/09\/FilipDymak.jpg\",\"contentUrl\":\"https:\/\/www.ltcpardubice.cz\/wp-content\/uploads\/2022\/09\/FilipDymak.jpg\",\"width\":1536,\"height\":1152},{\"@type\":\"BreadcrumbList\",\"@id\":\"https:\/\/www.ltcpardubice.cz\/?p=7052#breadcrumb\",\"itemListElement\":[{\"@type\":\"ListItem\",\"position\":1,\"name\":\"Home\",\"item\":\"https:\/\/www.ltcpardubice.cz\/\"},{\"@type\":\"ListItem\",\"position\":2,\"name\":\"Skv\u011bl\u00fd z\u00e1v\u011br antukov\u00e9 sez\u00f3ny F. Dym\u00e1ka a A. Vobo\u0159ilov\u00e9\"}]},{\"@type\":\"WebSite\",\"@id\":\"https:\/\/www.ltcpardubice.cz\/#website\",\"url\":\"https:\/\/www.ltcpardubice.cz\/\",\"name\":\"LTC Pardubice\",\"description\":\"Str\u00e1nky tenisov\u00e9ho klubu LTC Pardubice\",\"potentialAction\":[{\"@type\":\"SearchAction\",\"target\":{\"@type\":\"EntryPoint\",\"urlTemplate\":\"https:\/\/www.ltcpardubice.cz\/?s={search_term_string}\"},\"query-input\":{\"@type\":\"PropertyValueSpecification\",\"valueRequired\":true,\"valueName\":\"search_term_string\"}}],\"inLanguage\":\"cs\"},{\"@type\":\"Person\",\"@id\":\"https:\/\/www.ltcpardubice.cz\/#\/schema\/person\/8f5f3a741b9adea57419864489f31541\",\"name\":\"Eva Z\u00e1labsk\u00e1\",\"image\":{\"@type\":\"ImageObject\",\"inLanguage\":\"cs\",\"@id\":\"https:\/\/www.ltcpardubice.cz\/#\/schema\/person\/image\/\",\"url\":\"https:\/\/secure.gravatar.com\/avatar\/fece9555d8859e0080e4a5ae7edcc925?s=96&d=mm&r=g\",\"contentUrl\":\"https:\/\/secure.gravatar.com\/avatar\/fece9555d8859e0080e4a5ae7edcc925?s=96&d=mm&r=g\",\"caption\":\"Eva Z\u00e1labsk\u00e1\"},\"url\":\"https:\/\/www.ltcpardubice.cz\/?author=2\"}]}<\/script>\n<!-- \/ Yoast SEO plugin. -->","yoast_head_json":{"title":"Skv\u011bl\u00fd z\u00e1v\u011br antukov\u00e9 sez\u00f3ny F. Dym\u00e1ka a A. Vobo\u0159ilov\u00e9 - LTC Pardubice","robots":{"index":"index","follow":"follow","max-snippet":"max-snippet:-1","max-image-preview":"max-image-preview:large","max-video-preview":"max-video-preview:-1"},"canonical":"https:\/\/www.ltcpardubice.cz\/?p=7052","og_locale":"cs_CZ","og_type":"article","og_title":"Skv\u011bl\u00fd z\u00e1v\u011br antukov\u00e9 sez\u00f3ny F. Dym\u00e1ka a A. Vobo\u0159ilov\u00e9 - LTC Pardubice","og_description":"F. Dym\u00e1k, kter\u00fd je posledn\u00edm rokem star\u0161\u00ed \u017e\u00e1k, se s antukovou sez\u00f3nou rozlou\u010dil v\u00edce ne\u017e d\u016fstojn\u011b. S kategori\u00ed star\u0161\u00edho \u017eactva se lou\u010dil v\u00edt\u011bzstv\u00edm a postupem do fin\u00e1le na 2 B turnaj\u00edch ve dvouh\u0159e i \u010dty\u0159h\u0159e, v nadch\u00e1zej\u00edc\u00ed dorosteneck\u00e9 kategorii ji\u017e sta\u010dil star\u0161\u00ed vrstevn\u00edky pozlobit. Ze 4 turnaj\u016f kategorie C byl 2x v semifin\u00e1le a 2x [&hellip;]","og_url":"https:\/\/www.ltcpardubice.cz\/?p=7052","og_site_name":"LTC Pardubice","article_published_time":"2022-10-01T16:44:11+00:00","article_modified_time":"2022-10-01T16:44:14+00:00","og_image":[{"width":1536,"height":1152,"url":"https:\/\/www.ltcpardubice.cz\/wp-content\/uploads\/2022\/09\/FilipDymak.jpg","type":"image\/jpeg"}],"author":"Eva Z\u00e1labsk\u00e1","twitter_card":"summary_large_image","twitter_misc":{"Napsal(a)":"Eva Z\u00e1labsk\u00e1","Odhadovan\u00e1 doba \u010dten\u00ed":"1 minuta"},"schema":{"@context":"https:\/\/schema.org","@graph":[{"@type":"WebPage","@id":"https:\/\/www.ltcpardubice.cz\/?p=7052","url":"https:\/\/www.ltcpardubice.cz\/?p=7052","name":"Skv\u011bl\u00fd z\u00e1v\u011br antukov\u00e9 sez\u00f3ny F. Dym\u00e1ka a A. Vobo\u0159ilov\u00e9 - LTC Pardubice","isPartOf":{"@id":"https:\/\/www.ltcpardubice.cz\/#website"},"primaryImageOfPage":{"@id":"https:\/\/www.ltcpardubice.cz\/?p=7052#primaryimage"},"image":{"@id":"https:\/\/www.ltcpardubice.cz\/?p=7052#primaryimage"},"thumbnailUrl":"https:\/\/www.ltcpardubice.cz\/wp-content\/uploads\/2022\/09\/FilipDymak.jpg","datePublished":"2022-10-01T16:44:11+00:00","dateModified":"2022-10-01T16:44:14+00:00","author":{"@id":"https:\/\/www.ltcpardubice.cz\/#\/schema\/person\/8f5f3a741b9adea57419864489f31541"},"breadcrumb":{"@id":"https:\/\/www.ltcpardubice.cz\/?p=7052#breadcrumb"},"inLanguage":"cs","potentialAction":[{"@type":"ReadAction","target":["https:\/\/www.ltcpardubice.cz\/?p=7052"]}]},{"@type":"ImageObject","inLanguage":"cs","@id":"https:\/\/www.ltcpardubice.cz\/?p=7052#primaryimage","url":"https:\/\/www.ltcpardubice.cz\/wp-content\/uploads\/2022\/09\/FilipDymak.jpg","contentUrl":"https:\/\/www.ltcpardubice.cz\/wp-content\/uploads\/2022\/09\/FilipDymak.jpg","width":1536,"height":1152},{"@type":"BreadcrumbList","@id":"https:\/\/www.ltcpardubice.cz\/?p=7052#breadcrumb","itemListElement":[{"@type":"ListItem","position":1,"name":"Home","item":"https:\/\/www.ltcpardubice.cz\/"},{"@type":"ListItem","position":2,"name":"Skv\u011bl\u00fd z\u00e1v\u011br antukov\u00e9 sez\u00f3ny F. Dym\u00e1ka a A. Vobo\u0159ilov\u00e9"}]},{"@type":"WebSite","@id":"https:\/\/www.ltcpardubice.cz\/#website","url":"https:\/\/www.ltcpardubice.cz\/","name":"LTC Pardubice","description":"Str\u00e1nky tenisov\u00e9ho klubu LTC Pardubice","potentialAction":[{"@type":"SearchAction","target":{"@type":"EntryPoint","urlTemplate":"https:\/\/www.ltcpardubice.cz\/?s={search_term_string}"},"query-input":{"@type":"PropertyValueSpecification","valueRequired":true,"valueName":"search_term_string"}}],"inLanguage":"cs"},{"@type":"Person","@id":"https:\/\/www.ltcpardubice.cz\/#\/schema\/person\/8f5f3a741b9adea57419864489f31541","name":"Eva Z\u00e1labsk\u00e1","image":{"@type":"ImageObject","inLanguage":"cs","@id":"https:\/\/www.ltcpardubice.cz\/#\/schema\/person\/image\/","url":"https:\/\/secure.gravatar.com\/avatar\/fece9555d8859e0080e4a5ae7edcc925?s=96&d=mm&r=g","contentUrl":"https:\/\/secure.gravatar.com\/avatar\/fece9555d8859e0080e4a5ae7edcc925?s=96&d=mm&r=g","caption":"Eva Z\u00e1labsk\u00e1"},"url":"https:\/\/www.ltcpardubice.cz\/?author=2"}]}},"brizy_media":[],"_links":{"self":[{"href":"https:\/\/www.ltcpardubice.cz\/index.php?rest_route=\/wp\/v2\/posts\/7052"}],"collection":[{"href":"https:\/\/www.ltcpardubice.cz\/index.php?rest_route=\/wp\/v2\/posts"}],"about":[{"href":"https:\/\/www.ltcpardubice.cz\/index.php?rest_route=\/wp\/v2\/types\/post"}],"author":[{"embeddable":true,"href":"https:\/\/www.ltcpardubice.cz\/index.php?rest_route=\/wp\/v2\/users\/2"}],"replies":[{"embeddable":true,"href":"https:\/\/www.ltcpardubice.cz\/index.php?rest_route=%2Fwp%2Fv2%2Fcomments&post=7052"}],"version-history":[{"count":1,"href":"https:\/\/www.ltcpardubice.cz\/index.php?rest_route=\/wp\/v2\/posts\/7052\/revisions"}],"predecessor-version":[{"id":7053,"href":"https:\/\/www.ltcpardubice.cz\/index.php?rest_route=\/wp\/v2\/posts\/7052\/revisions\/7053"}],"wp:featuredmedia":[{"embeddable":true,"href":"https:\/\/www.ltcpardubice.cz\/index.php?rest_route=\/wp\/v2\/media\/7037"}],"wp:attachment":[{"href":"https:\/\/www.ltcpardubice.cz\/index.php?rest_route=%2Fwp%2Fv2%2Fmedia&parent=7052"}],"wp:term":[{"taxonomy":"category","embeddable":true,"href":"https:\/\/www.ltcpardubice.cz\/index.php?rest_route=%2Fwp%2Fv2%2Fcategories&post=7052"},{"taxonomy":"post_tag","embeddable":true,"href":"https:\/\/www.ltcpardubice.cz\/index.php?rest_route=%2Fwp%2Fv2%2Ftags&post=7052"}],"curies":[{"name":"wp","href":"https:\/\/api.w.org\/{rel}","templated":true}]}}