{"id":7064,"date":"2022-11-19T16:06:16","date_gmt":"2022-11-19T16:06:16","guid":{"rendered":"https:\/\/www.ltcpardubice.cz\/?p=7064"},"modified":"2022-11-19T16:06:19","modified_gmt":"2022-11-19T16:06:19","slug":"zacala-halova-sezona-1922-23","status":"publish","type":"post","link":"https:\/\/www.ltcpardubice.cz\/?p=7064","title":{"rendered":"Za\u010dala halov\u00e1 sez\u00f3na 1922\/23"},"content":{"rendered":"\n<p>V polovin\u011b listopadu za\u010dala halov\u00e1 turnajov\u00e1 sez\u00f3na. V tomto term\u00ednu ji\u017e tradi\u010dn\u011b zahajuj\u00ed dosp\u011bl\u00ed Oblastn\u00edmi halov\u00fdmi p\u0159ebory. Velmi solidn\u011b zahr\u00e1l Luk\u00e1\u0161 Kelnar, kter\u00fd na OHP mu\u017e\u016f v Hradci Kr\u00e1lov\u00e9 pro\u0161el a\u017e do semifin\u00e1le. Na jeho raket\u011b skon\u010dil i 1. nasazen\u00fd B. Luk\u00e1\u0161. V\u00fdsledky na: <a href=\"https:\/\/cztenis.cz\/turnaj\/106920\/sezona\/Z2223\/vysledky\">https:\/\/cztenis.cz\/turnaj\/106920\/sezona\/Z2223\/vysledky<\/a> \u017deny hr\u00e1ly ji\u017e tradi\u010dn\u011b ve Vysok\u00e9m M\u00fdt\u011b, kde kolo uhr\u00e1la prvn\u00edm rokem dorostenky A. Vobo\u0159ilov\u00e1. 3. v\u00edkend v prosinci startuj\u00ed turnaji v\u0161echny ml\u00e1de\u017enick\u00e9 kategorie.<\/p>\n\n\n\n<p>Tenisov\u00e1 extraliga se odehraje 11.-14.12. 2022. N\u00e1s \u010dek\u00e1 po roce op\u011bt t\u00fdm Jihlavy. Hrajeme v Prost\u011bjove a v t\u00fdmu se p\u0159edstav\u00ed i na\u0161i kmenov\u00ed hr\u00e1\u010di Z. Z\u00e1labsk\u00e1, V. Vlkovsk\u00fd a O. Kratochv\u00edl. Podrobnosti na webu tenisovaextraliga.cz.<\/p>\n","protected":false},"excerpt":{"rendered":"<p>V polovin\u011b listopadu za\u010dala halov\u00e1 turnajov\u00e1 sez\u00f3na. V tomto term\u00ednu ji\u017e tradi\u010dn\u011b zahajuj\u00ed dosp\u011bl\u00ed Oblastn\u00edmi halov\u00fdmi p\u0159ebory. Velmi solidn\u011b zahr\u00e1l Luk\u00e1\u0161 Kelnar, kter\u00fd na OHP mu\u017e\u016f v Hradci Kr\u00e1lov\u00e9 pro\u0161el a\u017e do semifin\u00e1le. Na jeho raket\u011b skon\u010dil i 1. nasazen\u00fd B. Luk\u00e1\u0161. V\u00fdsledky na: https:\/\/cztenis.cz\/turnaj\/106920\/sezona\/Z2223\/vysledky \u017deny hr\u00e1ly ji\u017e tradi\u010dn\u011b ve Vysok\u00e9m M\u00fdt\u011b, kde kolo uhr\u00e1la [&hellip;]<\/p>\n","protected":false},"author":2,"featured_media":7065,"comment_status":"open","ping_status":"open","sticky":false,"template":"","format":"standard","meta":{"_monsterinsights_skip_tracking":false,"_monsterinsights_sitenote_active":false,"_monsterinsights_sitenote_note":"","_monsterinsights_sitenote_category":0,"footnotes":""},"categories":[10],"tags":[],"yoast_head":"<!-- This site is optimized with the Yoast SEO plugin v24.5 - https:\/\/yoast.com\/wordpress\/plugins\/seo\/ -->\n<title>Za\u010dala halov\u00e1 sez\u00f3na 1922\/23 - LTC Pardubice<\/title>\n<meta name=\"robots\" content=\"index, follow, max-snippet:-1, max-image-preview:large, max-video-preview:-1\" \/>\n<link rel=\"canonical\" href=\"https:\/\/www.ltcpardubice.cz\/?p=7064\" \/>\n<meta property=\"og:locale\" content=\"cs_CZ\" \/>\n<meta property=\"og:type\" content=\"article\" \/>\n<meta property=\"og:title\" content=\"Za\u010dala halov\u00e1 sez\u00f3na 1922\/23 - LTC Pardubice\" \/>\n<meta property=\"og:description\" content=\"V polovin\u011b listopadu za\u010dala halov\u00e1 turnajov\u00e1 sez\u00f3na. V tomto term\u00ednu ji\u017e tradi\u010dn\u011b zahajuj\u00ed dosp\u011bl\u00ed Oblastn\u00edmi halov\u00fdmi p\u0159ebory. Velmi solidn\u011b zahr\u00e1l Luk\u00e1\u0161 Kelnar, kter\u00fd na OHP mu\u017e\u016f v Hradci Kr\u00e1lov\u00e9 pro\u0161el a\u017e do semifin\u00e1le. Na jeho raket\u011b skon\u010dil i 1. nasazen\u00fd B. Luk\u00e1\u0161. V\u00fdsledky na: https:\/\/cztenis.cz\/turnaj\/106920\/sezona\/Z2223\/vysledky \u017deny hr\u00e1ly ji\u017e tradi\u010dn\u011b ve Vysok\u00e9m M\u00fdt\u011b, kde kolo uhr\u00e1la [&hellip;]\" \/>\n<meta property=\"og:url\" content=\"https:\/\/www.ltcpardubice.cz\/?p=7064\" \/>\n<meta property=\"og:site_name\" content=\"LTC Pardubice\" \/>\n<meta property=\"article:published_time\" content=\"2022-11-19T16:06:16+00:00\" \/>\n<meta property=\"article:modified_time\" content=\"2022-11-19T16:06:19+00:00\" \/>\n<meta property=\"og:image\" content=\"https:\/\/www.ltcpardubice.cz\/wp-content\/uploads\/2022\/11\/PJkelny.jpg\" \/>\n\t<meta property=\"og:image:width\" content=\"1200\" \/>\n\t<meta property=\"og:image:height\" content=\"800\" \/>\n\t<meta property=\"og:image:type\" content=\"image\/jpeg\" \/>\n<meta name=\"author\" content=\"Eva Z\u00e1labsk\u00e1\" \/>\n<meta name=\"twitter:card\" content=\"summary_large_image\" \/>\n<meta name=\"twitter:label1\" content=\"Napsal(a)\" \/>\n\t<meta name=\"twitter:data1\" content=\"Eva Z\u00e1labsk\u00e1\" \/>\n\t<meta name=\"twitter:label2\" content=\"Odhadovan\u00e1 doba \u010dten\u00ed\" \/>\n\t<meta name=\"twitter:data2\" content=\"1 minuta\" \/>\n<script type=\"application\/ld+json\" class=\"yoast-schema-graph\">{\"@context\":\"https:\/\/schema.org\",\"@graph\":[{\"@type\":\"WebPage\",\"@id\":\"https:\/\/www.ltcpardubice.cz\/?p=7064\",\"url\":\"https:\/\/www.ltcpardubice.cz\/?p=7064\",\"name\":\"Za\u010dala halov\u00e1 sez\u00f3na 1922\/23 - LTC Pardubice\",\"isPartOf\":{\"@id\":\"https:\/\/www.ltcpardubice.cz\/#website\"},\"primaryImageOfPage\":{\"@id\":\"https:\/\/www.ltcpardubice.cz\/?p=7064#primaryimage\"},\"image\":{\"@id\":\"https:\/\/www.ltcpardubice.cz\/?p=7064#primaryimage\"},\"thumbnailUrl\":\"https:\/\/www.ltcpardubice.cz\/wp-content\/uploads\/2022\/11\/PJkelny.jpg\",\"datePublished\":\"2022-11-19T16:06:16+00:00\",\"dateModified\":\"2022-11-19T16:06:19+00:00\",\"author\":{\"@id\":\"https:\/\/www.ltcpardubice.cz\/#\/schema\/person\/8f5f3a741b9adea57419864489f31541\"},\"breadcrumb\":{\"@id\":\"https:\/\/www.ltcpardubice.cz\/?p=7064#breadcrumb\"},\"inLanguage\":\"cs\",\"potentialAction\":[{\"@type\":\"ReadAction\",\"target\":[\"https:\/\/www.ltcpardubice.cz\/?p=7064\"]}]},{\"@type\":\"ImageObject\",\"inLanguage\":\"cs\",\"@id\":\"https:\/\/www.ltcpardubice.cz\/?p=7064#primaryimage\",\"url\":\"https:\/\/www.ltcpardubice.cz\/wp-content\/uploads\/2022\/11\/PJkelny.jpg\",\"contentUrl\":\"https:\/\/www.ltcpardubice.cz\/wp-content\/uploads\/2022\/11\/PJkelny.jpg\",\"width\":1200,\"height\":800},{\"@type\":\"BreadcrumbList\",\"@id\":\"https:\/\/www.ltcpardubice.cz\/?p=7064#breadcrumb\",\"itemListElement\":[{\"@type\":\"ListItem\",\"position\":1,\"name\":\"Home\",\"item\":\"https:\/\/www.ltcpardubice.cz\/\"},{\"@type\":\"ListItem\",\"position\":2,\"name\":\"Za\u010dala halov\u00e1 sez\u00f3na 1922\/23\"}]},{\"@type\":\"WebSite\",\"@id\":\"https:\/\/www.ltcpardubice.cz\/#website\",\"url\":\"https:\/\/www.ltcpardubice.cz\/\",\"name\":\"LTC Pardubice\",\"description\":\"Str\u00e1nky tenisov\u00e9ho klubu LTC Pardubice\",\"potentialAction\":[{\"@type\":\"SearchAction\",\"target\":{\"@type\":\"EntryPoint\",\"urlTemplate\":\"https:\/\/www.ltcpardubice.cz\/?s={search_term_string}\"},\"query-input\":{\"@type\":\"PropertyValueSpecification\",\"valueRequired\":true,\"valueName\":\"search_term_string\"}}],\"inLanguage\":\"cs\"},{\"@type\":\"Person\",\"@id\":\"https:\/\/www.ltcpardubice.cz\/#\/schema\/person\/8f5f3a741b9adea57419864489f31541\",\"name\":\"Eva Z\u00e1labsk\u00e1\",\"image\":{\"@type\":\"ImageObject\",\"inLanguage\":\"cs\",\"@id\":\"https:\/\/www.ltcpardubice.cz\/#\/schema\/person\/image\/\",\"url\":\"https:\/\/secure.gravatar.com\/avatar\/fece9555d8859e0080e4a5ae7edcc925?s=96&d=mm&r=g\",\"contentUrl\":\"https:\/\/secure.gravatar.com\/avatar\/fece9555d8859e0080e4a5ae7edcc925?s=96&d=mm&r=g\",\"caption\":\"Eva Z\u00e1labsk\u00e1\"},\"url\":\"https:\/\/www.ltcpardubice.cz\/?author=2\"}]}<\/script>\n<!-- \/ Yoast SEO plugin. -->","yoast_head_json":{"title":"Za\u010dala halov\u00e1 sez\u00f3na 1922\/23 - LTC Pardubice","robots":{"index":"index","follow":"follow","max-snippet":"max-snippet:-1","max-image-preview":"max-image-preview:large","max-video-preview":"max-video-preview:-1"},"canonical":"https:\/\/www.ltcpardubice.cz\/?p=7064","og_locale":"cs_CZ","og_type":"article","og_title":"Za\u010dala halov\u00e1 sez\u00f3na 1922\/23 - LTC Pardubice","og_description":"V polovin\u011b listopadu za\u010dala halov\u00e1 turnajov\u00e1 sez\u00f3na. V tomto term\u00ednu ji\u017e tradi\u010dn\u011b zahajuj\u00ed dosp\u011bl\u00ed Oblastn\u00edmi halov\u00fdmi p\u0159ebory. Velmi solidn\u011b zahr\u00e1l Luk\u00e1\u0161 Kelnar, kter\u00fd na OHP mu\u017e\u016f v Hradci Kr\u00e1lov\u00e9 pro\u0161el a\u017e do semifin\u00e1le. Na jeho raket\u011b skon\u010dil i 1. nasazen\u00fd B. Luk\u00e1\u0161. V\u00fdsledky na: https:\/\/cztenis.cz\/turnaj\/106920\/sezona\/Z2223\/vysledky \u017deny hr\u00e1ly ji\u017e tradi\u010dn\u011b ve Vysok\u00e9m M\u00fdt\u011b, kde kolo uhr\u00e1la [&hellip;]","og_url":"https:\/\/www.ltcpardubice.cz\/?p=7064","og_site_name":"LTC Pardubice","article_published_time":"2022-11-19T16:06:16+00:00","article_modified_time":"2022-11-19T16:06:19+00:00","og_image":[{"width":1200,"height":800,"url":"https:\/\/www.ltcpardubice.cz\/wp-content\/uploads\/2022\/11\/PJkelny.jpg","type":"image\/jpeg"}],"author":"Eva Z\u00e1labsk\u00e1","twitter_card":"summary_large_image","twitter_misc":{"Napsal(a)":"Eva Z\u00e1labsk\u00e1","Odhadovan\u00e1 doba \u010dten\u00ed":"1 minuta"},"schema":{"@context":"https:\/\/schema.org","@graph":[{"@type":"WebPage","@id":"https:\/\/www.ltcpardubice.cz\/?p=7064","url":"https:\/\/www.ltcpardubice.cz\/?p=7064","name":"Za\u010dala halov\u00e1 sez\u00f3na 1922\/23 - LTC Pardubice","isPartOf":{"@id":"https:\/\/www.ltcpardubice.cz\/#website"},"primaryImageOfPage":{"@id":"https:\/\/www.ltcpardubice.cz\/?p=7064#primaryimage"},"image":{"@id":"https:\/\/www.ltcpardubice.cz\/?p=7064#primaryimage"},"thumbnailUrl":"https:\/\/www.ltcpardubice.cz\/wp-content\/uploads\/2022\/11\/PJkelny.jpg","datePublished":"2022-11-19T16:06:16+00:00","dateModified":"2022-11-19T16:06:19+00:00","author":{"@id":"https:\/\/www.ltcpardubice.cz\/#\/schema\/person\/8f5f3a741b9adea57419864489f31541"},"breadcrumb":{"@id":"https:\/\/www.ltcpardubice.cz\/?p=7064#breadcrumb"},"inLanguage":"cs","potentialAction":[{"@type":"ReadAction","target":["https:\/\/www.ltcpardubice.cz\/?p=7064"]}]},{"@type":"ImageObject","inLanguage":"cs","@id":"https:\/\/www.ltcpardubice.cz\/?p=7064#primaryimage","url":"https:\/\/www.ltcpardubice.cz\/wp-content\/uploads\/2022\/11\/PJkelny.jpg","contentUrl":"https:\/\/www.ltcpardubice.cz\/wp-content\/uploads\/2022\/11\/PJkelny.jpg","width":1200,"height":800},{"@type":"BreadcrumbList","@id":"https:\/\/www.ltcpardubice.cz\/?p=7064#breadcrumb","itemListElement":[{"@type":"ListItem","position":1,"name":"Home","item":"https:\/\/www.ltcpardubice.cz\/"},{"@type":"ListItem","position":2,"name":"Za\u010dala halov\u00e1 sez\u00f3na 1922\/23"}]},{"@type":"WebSite","@id":"https:\/\/www.ltcpardubice.cz\/#website","url":"https:\/\/www.ltcpardubice.cz\/","name":"LTC Pardubice","description":"Str\u00e1nky tenisov\u00e9ho klubu LTC Pardubice","potentialAction":[{"@type":"SearchAction","target":{"@type":"EntryPoint","urlTemplate":"https:\/\/www.ltcpardubice.cz\/?s={search_term_string}"},"query-input":{"@type":"PropertyValueSpecification","valueRequired":true,"valueName":"search_term_string"}}],"inLanguage":"cs"},{"@type":"Person","@id":"https:\/\/www.ltcpardubice.cz\/#\/schema\/person\/8f5f3a741b9adea57419864489f31541","name":"Eva Z\u00e1labsk\u00e1","image":{"@type":"ImageObject","inLanguage":"cs","@id":"https:\/\/www.ltcpardubice.cz\/#\/schema\/person\/image\/","url":"https:\/\/secure.gravatar.com\/avatar\/fece9555d8859e0080e4a5ae7edcc925?s=96&d=mm&r=g","contentUrl":"https:\/\/secure.gravatar.com\/avatar\/fece9555d8859e0080e4a5ae7edcc925?s=96&d=mm&r=g","caption":"Eva Z\u00e1labsk\u00e1"},"url":"https:\/\/www.ltcpardubice.cz\/?author=2"}]}},"brizy_media":[],"_links":{"self":[{"href":"https:\/\/www.ltcpardubice.cz\/index.php?rest_route=\/wp\/v2\/posts\/7064"}],"collection":[{"href":"https:\/\/www.ltcpardubice.cz\/index.php?rest_route=\/wp\/v2\/posts"}],"about":[{"href":"https:\/\/www.ltcpardubice.cz\/index.php?rest_route=\/wp\/v2\/types\/post"}],"author":[{"embeddable":true,"href":"https:\/\/www.ltcpardubice.cz\/index.php?rest_route=\/wp\/v2\/users\/2"}],"replies":[{"embeddable":true,"href":"https:\/\/www.ltcpardubice.cz\/index.php?rest_route=%2Fwp%2Fv2%2Fcomments&post=7064"}],"version-history":[{"count":1,"href":"https:\/\/www.ltcpardubice.cz\/index.php?rest_route=\/wp\/v2\/posts\/7064\/revisions"}],"predecessor-version":[{"id":7066,"href":"https:\/\/www.ltcpardubice.cz\/index.php?rest_route=\/wp\/v2\/posts\/7064\/revisions\/7066"}],"wp:featuredmedia":[{"embeddable":true,"href":"https:\/\/www.ltcpardubice.cz\/index.php?rest_route=\/wp\/v2\/media\/7065"}],"wp:attachment":[{"href":"https:\/\/www.ltcpardubice.cz\/index.php?rest_route=%2Fwp%2Fv2%2Fmedia&parent=7064"}],"wp:term":[{"taxonomy":"category","embeddable":true,"href":"https:\/\/www.ltcpardubice.cz\/index.php?rest_route=%2Fwp%2Fv2%2Fcategories&post=7064"},{"taxonomy":"post_tag","embeddable":true,"href":"https:\/\/www.ltcpardubice.cz\/index.php?rest_route=%2Fwp%2Fv2%2Ftags&post=7064"}],"curies":[{"name":"wp","href":"https:\/\/api.w.org\/{rel}","templated":true}]}}