{"id":7083,"date":"2023-01-07T17:43:16","date_gmt":"2023-01-07T17:43:16","guid":{"rendered":"https:\/\/www.ltcpardubice.cz\/?p=7083"},"modified":"2023-01-07T17:43:17","modified_gmt":"2023-01-07T17:43:17","slug":"tenisova-extraliga-a-turnaje-na-prelomu-roku","status":"publish","type":"post","link":"https:\/\/www.ltcpardubice.cz\/?p=7083","title":{"rendered":"Tenisov\u00e1 extraliga a turnaje na p\u0159elomu roku"},"content":{"rendered":"\n<p>Celkov\u00e9 5.-6. m\u00edsto v Extralize tenisov\u00fdch dru\u017estev je maximem, na kter\u00e9 jsme mohli za dan\u00fdch podm\u00ednek dos\u00e1hnout. Jihlavu jsme porazili 5\/4 a na P\u0159erov a Prost\u011bjov na\u0161i hr\u00e1\u010di nem\u011bli. Nutno dodat, \u017ee p\u0159ed posledn\u00edm utk\u00e1n\u00edm v\u011bt\u0161ina na\u0161ich hr\u00e1\u010d\u016f onemocn\u011bla. Body si p\u0159ipsali Z. Z\u00e1labsk\u00e1 ve dvouh\u0159e a \u010dty\u0159h\u0159e spolu s A. Wasserbauerovou, na\u0161i hostuj\u00edc\u00ed hr\u00e1\u010di Kelovsk\u00fd a Jaloviec, bodem p\u0159isp\u011bl i O. Kratochv\u00edl. Na\u0161i kmenov\u00ed hr\u00e1\u010di zahr\u00e1li v\u0161ichni na hranici sv\u00fdch mo\u017enost\u00ed. Extraligu po boji vyhr\u00e1l Prost\u011bjov, kter\u00fd ve fin\u00e1le porazil p\u0159ekvapiv\u00e9ho \u00fa\u010dastn\u00edka RPM Spoje Praha 5\/4.<\/p>\n\n\n\n<p>P\u0159ed koncem roku se zada\u0159ilo na B turnaji dorostenek v Jihlav\u011b  A. Vobo\u0159ilov\u00e9, kter\u00e1 ve dvouh\u0159e do\u0161la a\u017e do fin\u00e1le. Na C turnaji mu\u017e\u016f v \u017damberku se \u00fa\u010dast\u00ed ve fin\u00e1le bl\u00fdsknul O. Skokan, studuj\u00edc\u00ed v sou\u010dasn\u00e9 dob\u011b na univerzit\u011b v USA.<\/p>\n","protected":false},"excerpt":{"rendered":"<p>Celkov\u00e9 5.-6. m\u00edsto v Extralize tenisov\u00fdch dru\u017estev je maximem, na kter\u00e9 jsme mohli za dan\u00fdch podm\u00ednek dos\u00e1hnout. Jihlavu jsme porazili 5\/4 a na P\u0159erov a Prost\u011bjov na\u0161i hr\u00e1\u010di nem\u011bli. Nutno dodat, \u017ee p\u0159ed posledn\u00edm utk\u00e1n\u00edm v\u011bt\u0161ina na\u0161ich hr\u00e1\u010d\u016f onemocn\u011bla. Body si p\u0159ipsali Z. Z\u00e1labsk\u00e1 ve dvouh\u0159e a \u010dty\u0159h\u0159e spolu s A. Wasserbauerovou, na\u0161i hostuj\u00edc\u00ed hr\u00e1\u010di [&hellip;]<\/p>\n","protected":false},"author":2,"featured_media":6449,"comment_status":"open","ping_status":"open","sticky":false,"template":"","format":"standard","meta":{"_monsterinsights_skip_tracking":false,"_monsterinsights_sitenote_active":false,"_monsterinsights_sitenote_note":"","_monsterinsights_sitenote_category":0,"footnotes":""},"categories":[10],"tags":[],"yoast_head":"<!-- This site is optimized with the Yoast SEO plugin v24.5 - https:\/\/yoast.com\/wordpress\/plugins\/seo\/ -->\n<title>Tenisov\u00e1 extraliga a turnaje na p\u0159elomu roku - LTC Pardubice<\/title>\n<meta name=\"robots\" content=\"index, follow, max-snippet:-1, max-image-preview:large, max-video-preview:-1\" \/>\n<link rel=\"canonical\" href=\"https:\/\/www.ltcpardubice.cz\/?p=7083\" \/>\n<meta property=\"og:locale\" content=\"cs_CZ\" \/>\n<meta property=\"og:type\" content=\"article\" \/>\n<meta property=\"og:title\" content=\"Tenisov\u00e1 extraliga a turnaje na p\u0159elomu roku - LTC Pardubice\" \/>\n<meta property=\"og:description\" content=\"Celkov\u00e9 5.-6. m\u00edsto v Extralize tenisov\u00fdch dru\u017estev je maximem, na kter\u00e9 jsme mohli za dan\u00fdch podm\u00ednek dos\u00e1hnout. Jihlavu jsme porazili 5\/4 a na P\u0159erov a Prost\u011bjov na\u0161i hr\u00e1\u010di nem\u011bli. Nutno dodat, \u017ee p\u0159ed posledn\u00edm utk\u00e1n\u00edm v\u011bt\u0161ina na\u0161ich hr\u00e1\u010d\u016f onemocn\u011bla. Body si p\u0159ipsali Z. Z\u00e1labsk\u00e1 ve dvouh\u0159e a \u010dty\u0159h\u0159e spolu s A. Wasserbauerovou, na\u0161i hostuj\u00edc\u00ed hr\u00e1\u010di [&hellip;]\" \/>\n<meta property=\"og:url\" content=\"https:\/\/www.ltcpardubice.cz\/?p=7083\" \/>\n<meta property=\"og:site_name\" content=\"LTC Pardubice\" \/>\n<meta property=\"article:published_time\" content=\"2023-01-07T17:43:16+00:00\" \/>\n<meta property=\"article:modified_time\" content=\"2023-01-07T17:43:17+00:00\" \/>\n<meta property=\"og:image\" content=\"https:\/\/www.ltcpardubice.cz\/wp-content\/uploads\/2020\/12\/zuzka.jpg\" \/>\n\t<meta property=\"og:image:width\" content=\"300\" \/>\n\t<meta property=\"og:image:height\" content=\"200\" \/>\n\t<meta property=\"og:image:type\" content=\"image\/jpeg\" \/>\n<meta name=\"author\" content=\"Eva Z\u00e1labsk\u00e1\" \/>\n<meta name=\"twitter:card\" content=\"summary_large_image\" \/>\n<meta name=\"twitter:label1\" content=\"Napsal(a)\" \/>\n\t<meta name=\"twitter:data1\" content=\"Eva Z\u00e1labsk\u00e1\" \/>\n\t<meta name=\"twitter:label2\" content=\"Odhadovan\u00e1 doba \u010dten\u00ed\" \/>\n\t<meta name=\"twitter:data2\" content=\"1 minuta\" \/>\n<script type=\"application\/ld+json\" class=\"yoast-schema-graph\">{\"@context\":\"https:\/\/schema.org\",\"@graph\":[{\"@type\":\"WebPage\",\"@id\":\"https:\/\/www.ltcpardubice.cz\/?p=7083\",\"url\":\"https:\/\/www.ltcpardubice.cz\/?p=7083\",\"name\":\"Tenisov\u00e1 extraliga a turnaje na p\u0159elomu roku - LTC Pardubice\",\"isPartOf\":{\"@id\":\"https:\/\/www.ltcpardubice.cz\/#website\"},\"primaryImageOfPage\":{\"@id\":\"https:\/\/www.ltcpardubice.cz\/?p=7083#primaryimage\"},\"image\":{\"@id\":\"https:\/\/www.ltcpardubice.cz\/?p=7083#primaryimage\"},\"thumbnailUrl\":\"https:\/\/www.ltcpardubice.cz\/wp-content\/uploads\/2020\/12\/zuzka.jpg\",\"datePublished\":\"2023-01-07T17:43:16+00:00\",\"dateModified\":\"2023-01-07T17:43:17+00:00\",\"author\":{\"@id\":\"https:\/\/www.ltcpardubice.cz\/#\/schema\/person\/8f5f3a741b9adea57419864489f31541\"},\"breadcrumb\":{\"@id\":\"https:\/\/www.ltcpardubice.cz\/?p=7083#breadcrumb\"},\"inLanguage\":\"cs\",\"potentialAction\":[{\"@type\":\"ReadAction\",\"target\":[\"https:\/\/www.ltcpardubice.cz\/?p=7083\"]}]},{\"@type\":\"ImageObject\",\"inLanguage\":\"cs\",\"@id\":\"https:\/\/www.ltcpardubice.cz\/?p=7083#primaryimage\",\"url\":\"https:\/\/www.ltcpardubice.cz\/wp-content\/uploads\/2020\/12\/zuzka.jpg\",\"contentUrl\":\"https:\/\/www.ltcpardubice.cz\/wp-content\/uploads\/2020\/12\/zuzka.jpg\",\"width\":300,\"height\":200},{\"@type\":\"BreadcrumbList\",\"@id\":\"https:\/\/www.ltcpardubice.cz\/?p=7083#breadcrumb\",\"itemListElement\":[{\"@type\":\"ListItem\",\"position\":1,\"name\":\"Home\",\"item\":\"https:\/\/www.ltcpardubice.cz\/\"},{\"@type\":\"ListItem\",\"position\":2,\"name\":\"Tenisov\u00e1 extraliga a turnaje na p\u0159elomu roku\"}]},{\"@type\":\"WebSite\",\"@id\":\"https:\/\/www.ltcpardubice.cz\/#website\",\"url\":\"https:\/\/www.ltcpardubice.cz\/\",\"name\":\"LTC Pardubice\",\"description\":\"Str\u00e1nky tenisov\u00e9ho klubu LTC Pardubice\",\"potentialAction\":[{\"@type\":\"SearchAction\",\"target\":{\"@type\":\"EntryPoint\",\"urlTemplate\":\"https:\/\/www.ltcpardubice.cz\/?s={search_term_string}\"},\"query-input\":{\"@type\":\"PropertyValueSpecification\",\"valueRequired\":true,\"valueName\":\"search_term_string\"}}],\"inLanguage\":\"cs\"},{\"@type\":\"Person\",\"@id\":\"https:\/\/www.ltcpardubice.cz\/#\/schema\/person\/8f5f3a741b9adea57419864489f31541\",\"name\":\"Eva Z\u00e1labsk\u00e1\",\"image\":{\"@type\":\"ImageObject\",\"inLanguage\":\"cs\",\"@id\":\"https:\/\/www.ltcpardubice.cz\/#\/schema\/person\/image\/\",\"url\":\"https:\/\/secure.gravatar.com\/avatar\/fece9555d8859e0080e4a5ae7edcc925?s=96&d=mm&r=g\",\"contentUrl\":\"https:\/\/secure.gravatar.com\/avatar\/fece9555d8859e0080e4a5ae7edcc925?s=96&d=mm&r=g\",\"caption\":\"Eva Z\u00e1labsk\u00e1\"},\"url\":\"https:\/\/www.ltcpardubice.cz\/?author=2\"}]}<\/script>\n<!-- \/ Yoast SEO plugin. -->","yoast_head_json":{"title":"Tenisov\u00e1 extraliga a turnaje na p\u0159elomu roku - LTC Pardubice","robots":{"index":"index","follow":"follow","max-snippet":"max-snippet:-1","max-image-preview":"max-image-preview:large","max-video-preview":"max-video-preview:-1"},"canonical":"https:\/\/www.ltcpardubice.cz\/?p=7083","og_locale":"cs_CZ","og_type":"article","og_title":"Tenisov\u00e1 extraliga a turnaje na p\u0159elomu roku - LTC Pardubice","og_description":"Celkov\u00e9 5.-6. m\u00edsto v Extralize tenisov\u00fdch dru\u017estev je maximem, na kter\u00e9 jsme mohli za dan\u00fdch podm\u00ednek dos\u00e1hnout. Jihlavu jsme porazili 5\/4 a na P\u0159erov a Prost\u011bjov na\u0161i hr\u00e1\u010di nem\u011bli. Nutno dodat, \u017ee p\u0159ed posledn\u00edm utk\u00e1n\u00edm v\u011bt\u0161ina na\u0161ich hr\u00e1\u010d\u016f onemocn\u011bla. Body si p\u0159ipsali Z. Z\u00e1labsk\u00e1 ve dvouh\u0159e a \u010dty\u0159h\u0159e spolu s A. Wasserbauerovou, na\u0161i hostuj\u00edc\u00ed hr\u00e1\u010di [&hellip;]","og_url":"https:\/\/www.ltcpardubice.cz\/?p=7083","og_site_name":"LTC Pardubice","article_published_time":"2023-01-07T17:43:16+00:00","article_modified_time":"2023-01-07T17:43:17+00:00","og_image":[{"width":300,"height":200,"url":"https:\/\/www.ltcpardubice.cz\/wp-content\/uploads\/2020\/12\/zuzka.jpg","type":"image\/jpeg"}],"author":"Eva Z\u00e1labsk\u00e1","twitter_card":"summary_large_image","twitter_misc":{"Napsal(a)":"Eva Z\u00e1labsk\u00e1","Odhadovan\u00e1 doba \u010dten\u00ed":"1 minuta"},"schema":{"@context":"https:\/\/schema.org","@graph":[{"@type":"WebPage","@id":"https:\/\/www.ltcpardubice.cz\/?p=7083","url":"https:\/\/www.ltcpardubice.cz\/?p=7083","name":"Tenisov\u00e1 extraliga a turnaje na p\u0159elomu roku - LTC Pardubice","isPartOf":{"@id":"https:\/\/www.ltcpardubice.cz\/#website"},"primaryImageOfPage":{"@id":"https:\/\/www.ltcpardubice.cz\/?p=7083#primaryimage"},"image":{"@id":"https:\/\/www.ltcpardubice.cz\/?p=7083#primaryimage"},"thumbnailUrl":"https:\/\/www.ltcpardubice.cz\/wp-content\/uploads\/2020\/12\/zuzka.jpg","datePublished":"2023-01-07T17:43:16+00:00","dateModified":"2023-01-07T17:43:17+00:00","author":{"@id":"https:\/\/www.ltcpardubice.cz\/#\/schema\/person\/8f5f3a741b9adea57419864489f31541"},"breadcrumb":{"@id":"https:\/\/www.ltcpardubice.cz\/?p=7083#breadcrumb"},"inLanguage":"cs","potentialAction":[{"@type":"ReadAction","target":["https:\/\/www.ltcpardubice.cz\/?p=7083"]}]},{"@type":"ImageObject","inLanguage":"cs","@id":"https:\/\/www.ltcpardubice.cz\/?p=7083#primaryimage","url":"https:\/\/www.ltcpardubice.cz\/wp-content\/uploads\/2020\/12\/zuzka.jpg","contentUrl":"https:\/\/www.ltcpardubice.cz\/wp-content\/uploads\/2020\/12\/zuzka.jpg","width":300,"height":200},{"@type":"BreadcrumbList","@id":"https:\/\/www.ltcpardubice.cz\/?p=7083#breadcrumb","itemListElement":[{"@type":"ListItem","position":1,"name":"Home","item":"https:\/\/www.ltcpardubice.cz\/"},{"@type":"ListItem","position":2,"name":"Tenisov\u00e1 extraliga a turnaje na p\u0159elomu roku"}]},{"@type":"WebSite","@id":"https:\/\/www.ltcpardubice.cz\/#website","url":"https:\/\/www.ltcpardubice.cz\/","name":"LTC Pardubice","description":"Str\u00e1nky tenisov\u00e9ho klubu LTC Pardubice","potentialAction":[{"@type":"SearchAction","target":{"@type":"EntryPoint","urlTemplate":"https:\/\/www.ltcpardubice.cz\/?s={search_term_string}"},"query-input":{"@type":"PropertyValueSpecification","valueRequired":true,"valueName":"search_term_string"}}],"inLanguage":"cs"},{"@type":"Person","@id":"https:\/\/www.ltcpardubice.cz\/#\/schema\/person\/8f5f3a741b9adea57419864489f31541","name":"Eva Z\u00e1labsk\u00e1","image":{"@type":"ImageObject","inLanguage":"cs","@id":"https:\/\/www.ltcpardubice.cz\/#\/schema\/person\/image\/","url":"https:\/\/secure.gravatar.com\/avatar\/fece9555d8859e0080e4a5ae7edcc925?s=96&d=mm&r=g","contentUrl":"https:\/\/secure.gravatar.com\/avatar\/fece9555d8859e0080e4a5ae7edcc925?s=96&d=mm&r=g","caption":"Eva Z\u00e1labsk\u00e1"},"url":"https:\/\/www.ltcpardubice.cz\/?author=2"}]}},"brizy_media":[],"_links":{"self":[{"href":"https:\/\/www.ltcpardubice.cz\/index.php?rest_route=\/wp\/v2\/posts\/7083"}],"collection":[{"href":"https:\/\/www.ltcpardubice.cz\/index.php?rest_route=\/wp\/v2\/posts"}],"about":[{"href":"https:\/\/www.ltcpardubice.cz\/index.php?rest_route=\/wp\/v2\/types\/post"}],"author":[{"embeddable":true,"href":"https:\/\/www.ltcpardubice.cz\/index.php?rest_route=\/wp\/v2\/users\/2"}],"replies":[{"embeddable":true,"href":"https:\/\/www.ltcpardubice.cz\/index.php?rest_route=%2Fwp%2Fv2%2Fcomments&post=7083"}],"version-history":[{"count":1,"href":"https:\/\/www.ltcpardubice.cz\/index.php?rest_route=\/wp\/v2\/posts\/7083\/revisions"}],"predecessor-version":[{"id":7084,"href":"https:\/\/www.ltcpardubice.cz\/index.php?rest_route=\/wp\/v2\/posts\/7083\/revisions\/7084"}],"wp:featuredmedia":[{"embeddable":true,"href":"https:\/\/www.ltcpardubice.cz\/index.php?rest_route=\/wp\/v2\/media\/6449"}],"wp:attachment":[{"href":"https:\/\/www.ltcpardubice.cz\/index.php?rest_route=%2Fwp%2Fv2%2Fmedia&parent=7083"}],"wp:term":[{"taxonomy":"category","embeddable":true,"href":"https:\/\/www.ltcpardubice.cz\/index.php?rest_route=%2Fwp%2Fv2%2Fcategories&post=7083"},{"taxonomy":"post_tag","embeddable":true,"href":"https:\/\/www.ltcpardubice.cz\/index.php?rest_route=%2Fwp%2Fv2%2Ftags&post=7083"}],"curies":[{"name":"wp","href":"https:\/\/api.w.org\/{rel}","templated":true}]}}