{"id":7100,"date":"2023-02-13T21:12:32","date_gmt":"2023-02-13T21:12:32","guid":{"rendered":"https:\/\/www.ltcpardubice.cz\/?p=7100"},"modified":"2023-02-13T21:12:34","modified_gmt":"2023-02-13T21:12:34","slug":"dulezite-turnaje-pridelene-cts-a-vcots-pro-letni-sezonu","status":"publish","type":"post","link":"https:\/\/www.ltcpardubice.cz\/?p=7100","title":{"rendered":"D\u016fle\u017eit\u00e9 turnaje p\u0159id\u011blen\u00e9 \u010cTS a V\u010dOTS pro letn\u00ed sez\u00f3nu"},"content":{"rendered":"\n<p>\u010cTS n\u00e1m ji\u017e tradi\u010dn\u011b p\u0159id\u011blil po\u0159adatelstv\u00ed A turnaje \u017een jako kvalifikaci na M\u010cR \u017een v Ostrav\u011b v term\u00ednu21. &#8211; 25.4. V\u010dOTS n\u00e1m umo\u017en\u00ed po\u0159\u00e1d\u00e1n\u00ed OP star\u0161\u00edch \u017e\u00e1k\u016f 10.-12.6. 2023, d\u00e1le turnaje kategorie B star\u0161\u00edch \u017e\u00e1ky\u0148 1.-4.7. a star\u0161\u00edch \u017e\u00e1k\u016f 17.-20.8. 2023. Pardubick\u00e1 juniorka se bude konat ve zm\u011bn\u011bn\u00e9m term\u00ednu 29.7.-4.8., kdy d\u016fvodem je  zm\u011bna mezin\u00e1rodn\u00edho kalend\u00e1\u0159e.<\/p>\n","protected":false},"excerpt":{"rendered":"<p>\u010cTS n\u00e1m ji\u017e tradi\u010dn\u011b p\u0159id\u011blil po\u0159adatelstv\u00ed A turnaje \u017een jako kvalifikaci na M\u010cR \u017een v Ostrav\u011b v term\u00ednu21. &#8211; 25.4. V\u010dOTS n\u00e1m umo\u017en\u00ed po\u0159\u00e1d\u00e1n\u00ed OP star\u0161\u00edch \u017e\u00e1k\u016f 10.-12.6. 2023, d\u00e1le turnaje kategorie B star\u0161\u00edch \u017e\u00e1ky\u0148 1.-4.7. a star\u0161\u00edch \u017e\u00e1k\u016f 17.-20.8. 2023. Pardubick\u00e1 juniorka se bude konat ve zm\u011bn\u011bn\u00e9m term\u00ednu 29.7.-4.8., kdy d\u016fvodem je zm\u011bna mezin\u00e1rodn\u00edho [&hellip;]<\/p>\n","protected":false},"author":2,"featured_media":154,"comment_status":"open","ping_status":"open","sticky":false,"template":"","format":"standard","meta":{"_monsterinsights_skip_tracking":false,"_monsterinsights_sitenote_active":false,"_monsterinsights_sitenote_note":"","_monsterinsights_sitenote_category":0,"footnotes":""},"categories":[10],"tags":[],"yoast_head":"<!-- This site is optimized with the Yoast SEO plugin v24.5 - https:\/\/yoast.com\/wordpress\/plugins\/seo\/ -->\n<title>D\u016fle\u017eit\u00e9 turnaje p\u0159id\u011blen\u00e9 \u010cTS a V\u010dOTS pro letn\u00ed sez\u00f3nu - LTC Pardubice<\/title>\n<meta name=\"robots\" content=\"index, follow, max-snippet:-1, max-image-preview:large, max-video-preview:-1\" \/>\n<link rel=\"canonical\" href=\"https:\/\/www.ltcpardubice.cz\/?p=7100\" \/>\n<meta property=\"og:locale\" content=\"cs_CZ\" \/>\n<meta property=\"og:type\" content=\"article\" \/>\n<meta property=\"og:title\" content=\"D\u016fle\u017eit\u00e9 turnaje p\u0159id\u011blen\u00e9 \u010cTS a V\u010dOTS pro letn\u00ed sez\u00f3nu - LTC Pardubice\" \/>\n<meta property=\"og:description\" content=\"\u010cTS n\u00e1m ji\u017e tradi\u010dn\u011b p\u0159id\u011blil po\u0159adatelstv\u00ed A turnaje \u017een jako kvalifikaci na M\u010cR \u017een v Ostrav\u011b v term\u00ednu21. &#8211; 25.4. V\u010dOTS n\u00e1m umo\u017en\u00ed po\u0159\u00e1d\u00e1n\u00ed OP star\u0161\u00edch \u017e\u00e1k\u016f 10.-12.6. 2023, d\u00e1le turnaje kategorie B star\u0161\u00edch \u017e\u00e1ky\u0148 1.-4.7. a star\u0161\u00edch \u017e\u00e1k\u016f 17.-20.8. 2023. Pardubick\u00e1 juniorka se bude konat ve zm\u011bn\u011bn\u00e9m term\u00ednu 29.7.-4.8., kdy d\u016fvodem je zm\u011bna mezin\u00e1rodn\u00edho [&hellip;]\" \/>\n<meta property=\"og:url\" content=\"https:\/\/www.ltcpardubice.cz\/?p=7100\" \/>\n<meta property=\"og:site_name\" content=\"LTC Pardubice\" \/>\n<meta property=\"article:published_time\" content=\"2023-02-13T21:12:32+00:00\" \/>\n<meta property=\"article:modified_time\" content=\"2023-02-13T21:12:34+00:00\" \/>\n<meta property=\"og:image\" content=\"https:\/\/www.ltcpardubice.cz\/wp-content\/uploads\/2020\/05\/50000000.jpg\" \/>\n\t<meta property=\"og:image:width\" content=\"720\" \/>\n\t<meta property=\"og:image:height\" content=\"200\" \/>\n\t<meta property=\"og:image:type\" content=\"image\/jpeg\" \/>\n<meta name=\"author\" content=\"Eva Z\u00e1labsk\u00e1\" \/>\n<meta name=\"twitter:card\" content=\"summary_large_image\" \/>\n<meta name=\"twitter:label1\" content=\"Napsal(a)\" \/>\n\t<meta name=\"twitter:data1\" content=\"Eva Z\u00e1labsk\u00e1\" \/>\n\t<meta name=\"twitter:label2\" content=\"Odhadovan\u00e1 doba \u010dten\u00ed\" \/>\n\t<meta name=\"twitter:data2\" content=\"1 minuta\" \/>\n<script type=\"application\/ld+json\" class=\"yoast-schema-graph\">{\"@context\":\"https:\/\/schema.org\",\"@graph\":[{\"@type\":\"WebPage\",\"@id\":\"https:\/\/www.ltcpardubice.cz\/?p=7100\",\"url\":\"https:\/\/www.ltcpardubice.cz\/?p=7100\",\"name\":\"D\u016fle\u017eit\u00e9 turnaje p\u0159id\u011blen\u00e9 \u010cTS a V\u010dOTS pro letn\u00ed sez\u00f3nu - LTC Pardubice\",\"isPartOf\":{\"@id\":\"https:\/\/www.ltcpardubice.cz\/#website\"},\"primaryImageOfPage\":{\"@id\":\"https:\/\/www.ltcpardubice.cz\/?p=7100#primaryimage\"},\"image\":{\"@id\":\"https:\/\/www.ltcpardubice.cz\/?p=7100#primaryimage\"},\"thumbnailUrl\":\"https:\/\/www.ltcpardubice.cz\/wp-content\/uploads\/2020\/05\/50000000.jpg\",\"datePublished\":\"2023-02-13T21:12:32+00:00\",\"dateModified\":\"2023-02-13T21:12:34+00:00\",\"author\":{\"@id\":\"https:\/\/www.ltcpardubice.cz\/#\/schema\/person\/8f5f3a741b9adea57419864489f31541\"},\"breadcrumb\":{\"@id\":\"https:\/\/www.ltcpardubice.cz\/?p=7100#breadcrumb\"},\"inLanguage\":\"cs\",\"potentialAction\":[{\"@type\":\"ReadAction\",\"target\":[\"https:\/\/www.ltcpardubice.cz\/?p=7100\"]}]},{\"@type\":\"ImageObject\",\"inLanguage\":\"cs\",\"@id\":\"https:\/\/www.ltcpardubice.cz\/?p=7100#primaryimage\",\"url\":\"https:\/\/www.ltcpardubice.cz\/wp-content\/uploads\/2020\/05\/50000000.jpg\",\"contentUrl\":\"https:\/\/www.ltcpardubice.cz\/wp-content\/uploads\/2020\/05\/50000000.jpg\",\"width\":720,\"height\":200},{\"@type\":\"BreadcrumbList\",\"@id\":\"https:\/\/www.ltcpardubice.cz\/?p=7100#breadcrumb\",\"itemListElement\":[{\"@type\":\"ListItem\",\"position\":1,\"name\":\"Home\",\"item\":\"https:\/\/www.ltcpardubice.cz\/\"},{\"@type\":\"ListItem\",\"position\":2,\"name\":\"D\u016fle\u017eit\u00e9 turnaje p\u0159id\u011blen\u00e9 \u010cTS a V\u010dOTS pro letn\u00ed sez\u00f3nu\"}]},{\"@type\":\"WebSite\",\"@id\":\"https:\/\/www.ltcpardubice.cz\/#website\",\"url\":\"https:\/\/www.ltcpardubice.cz\/\",\"name\":\"LTC Pardubice\",\"description\":\"Str\u00e1nky tenisov\u00e9ho klubu LTC Pardubice\",\"potentialAction\":[{\"@type\":\"SearchAction\",\"target\":{\"@type\":\"EntryPoint\",\"urlTemplate\":\"https:\/\/www.ltcpardubice.cz\/?s={search_term_string}\"},\"query-input\":{\"@type\":\"PropertyValueSpecification\",\"valueRequired\":true,\"valueName\":\"search_term_string\"}}],\"inLanguage\":\"cs\"},{\"@type\":\"Person\",\"@id\":\"https:\/\/www.ltcpardubice.cz\/#\/schema\/person\/8f5f3a741b9adea57419864489f31541\",\"name\":\"Eva Z\u00e1labsk\u00e1\",\"image\":{\"@type\":\"ImageObject\",\"inLanguage\":\"cs\",\"@id\":\"https:\/\/www.ltcpardubice.cz\/#\/schema\/person\/image\/\",\"url\":\"https:\/\/secure.gravatar.com\/avatar\/fece9555d8859e0080e4a5ae7edcc925?s=96&d=mm&r=g\",\"contentUrl\":\"https:\/\/secure.gravatar.com\/avatar\/fece9555d8859e0080e4a5ae7edcc925?s=96&d=mm&r=g\",\"caption\":\"Eva Z\u00e1labsk\u00e1\"},\"url\":\"https:\/\/www.ltcpardubice.cz\/?author=2\"}]}<\/script>\n<!-- \/ Yoast SEO plugin. -->","yoast_head_json":{"title":"D\u016fle\u017eit\u00e9 turnaje p\u0159id\u011blen\u00e9 \u010cTS a V\u010dOTS pro letn\u00ed sez\u00f3nu - LTC Pardubice","robots":{"index":"index","follow":"follow","max-snippet":"max-snippet:-1","max-image-preview":"max-image-preview:large","max-video-preview":"max-video-preview:-1"},"canonical":"https:\/\/www.ltcpardubice.cz\/?p=7100","og_locale":"cs_CZ","og_type":"article","og_title":"D\u016fle\u017eit\u00e9 turnaje p\u0159id\u011blen\u00e9 \u010cTS a V\u010dOTS pro letn\u00ed sez\u00f3nu - LTC Pardubice","og_description":"\u010cTS n\u00e1m ji\u017e tradi\u010dn\u011b p\u0159id\u011blil po\u0159adatelstv\u00ed A turnaje \u017een jako kvalifikaci na M\u010cR \u017een v Ostrav\u011b v term\u00ednu21. &#8211; 25.4. V\u010dOTS n\u00e1m umo\u017en\u00ed po\u0159\u00e1d\u00e1n\u00ed OP star\u0161\u00edch \u017e\u00e1k\u016f 10.-12.6. 2023, d\u00e1le turnaje kategorie B star\u0161\u00edch \u017e\u00e1ky\u0148 1.-4.7. a star\u0161\u00edch \u017e\u00e1k\u016f 17.-20.8. 2023. Pardubick\u00e1 juniorka se bude konat ve zm\u011bn\u011bn\u00e9m term\u00ednu 29.7.-4.8., kdy d\u016fvodem je zm\u011bna mezin\u00e1rodn\u00edho [&hellip;]","og_url":"https:\/\/www.ltcpardubice.cz\/?p=7100","og_site_name":"LTC Pardubice","article_published_time":"2023-02-13T21:12:32+00:00","article_modified_time":"2023-02-13T21:12:34+00:00","og_image":[{"width":720,"height":200,"url":"https:\/\/www.ltcpardubice.cz\/wp-content\/uploads\/2020\/05\/50000000.jpg","type":"image\/jpeg"}],"author":"Eva Z\u00e1labsk\u00e1","twitter_card":"summary_large_image","twitter_misc":{"Napsal(a)":"Eva Z\u00e1labsk\u00e1","Odhadovan\u00e1 doba \u010dten\u00ed":"1 minuta"},"schema":{"@context":"https:\/\/schema.org","@graph":[{"@type":"WebPage","@id":"https:\/\/www.ltcpardubice.cz\/?p=7100","url":"https:\/\/www.ltcpardubice.cz\/?p=7100","name":"D\u016fle\u017eit\u00e9 turnaje p\u0159id\u011blen\u00e9 \u010cTS a V\u010dOTS pro letn\u00ed sez\u00f3nu - LTC Pardubice","isPartOf":{"@id":"https:\/\/www.ltcpardubice.cz\/#website"},"primaryImageOfPage":{"@id":"https:\/\/www.ltcpardubice.cz\/?p=7100#primaryimage"},"image":{"@id":"https:\/\/www.ltcpardubice.cz\/?p=7100#primaryimage"},"thumbnailUrl":"https:\/\/www.ltcpardubice.cz\/wp-content\/uploads\/2020\/05\/50000000.jpg","datePublished":"2023-02-13T21:12:32+00:00","dateModified":"2023-02-13T21:12:34+00:00","author":{"@id":"https:\/\/www.ltcpardubice.cz\/#\/schema\/person\/8f5f3a741b9adea57419864489f31541"},"breadcrumb":{"@id":"https:\/\/www.ltcpardubice.cz\/?p=7100#breadcrumb"},"inLanguage":"cs","potentialAction":[{"@type":"ReadAction","target":["https:\/\/www.ltcpardubice.cz\/?p=7100"]}]},{"@type":"ImageObject","inLanguage":"cs","@id":"https:\/\/www.ltcpardubice.cz\/?p=7100#primaryimage","url":"https:\/\/www.ltcpardubice.cz\/wp-content\/uploads\/2020\/05\/50000000.jpg","contentUrl":"https:\/\/www.ltcpardubice.cz\/wp-content\/uploads\/2020\/05\/50000000.jpg","width":720,"height":200},{"@type":"BreadcrumbList","@id":"https:\/\/www.ltcpardubice.cz\/?p=7100#breadcrumb","itemListElement":[{"@type":"ListItem","position":1,"name":"Home","item":"https:\/\/www.ltcpardubice.cz\/"},{"@type":"ListItem","position":2,"name":"D\u016fle\u017eit\u00e9 turnaje p\u0159id\u011blen\u00e9 \u010cTS a V\u010dOTS pro letn\u00ed sez\u00f3nu"}]},{"@type":"WebSite","@id":"https:\/\/www.ltcpardubice.cz\/#website","url":"https:\/\/www.ltcpardubice.cz\/","name":"LTC Pardubice","description":"Str\u00e1nky tenisov\u00e9ho klubu LTC Pardubice","potentialAction":[{"@type":"SearchAction","target":{"@type":"EntryPoint","urlTemplate":"https:\/\/www.ltcpardubice.cz\/?s={search_term_string}"},"query-input":{"@type":"PropertyValueSpecification","valueRequired":true,"valueName":"search_term_string"}}],"inLanguage":"cs"},{"@type":"Person","@id":"https:\/\/www.ltcpardubice.cz\/#\/schema\/person\/8f5f3a741b9adea57419864489f31541","name":"Eva Z\u00e1labsk\u00e1","image":{"@type":"ImageObject","inLanguage":"cs","@id":"https:\/\/www.ltcpardubice.cz\/#\/schema\/person\/image\/","url":"https:\/\/secure.gravatar.com\/avatar\/fece9555d8859e0080e4a5ae7edcc925?s=96&d=mm&r=g","contentUrl":"https:\/\/secure.gravatar.com\/avatar\/fece9555d8859e0080e4a5ae7edcc925?s=96&d=mm&r=g","caption":"Eva Z\u00e1labsk\u00e1"},"url":"https:\/\/www.ltcpardubice.cz\/?author=2"}]}},"brizy_media":[],"_links":{"self":[{"href":"https:\/\/www.ltcpardubice.cz\/index.php?rest_route=\/wp\/v2\/posts\/7100"}],"collection":[{"href":"https:\/\/www.ltcpardubice.cz\/index.php?rest_route=\/wp\/v2\/posts"}],"about":[{"href":"https:\/\/www.ltcpardubice.cz\/index.php?rest_route=\/wp\/v2\/types\/post"}],"author":[{"embeddable":true,"href":"https:\/\/www.ltcpardubice.cz\/index.php?rest_route=\/wp\/v2\/users\/2"}],"replies":[{"embeddable":true,"href":"https:\/\/www.ltcpardubice.cz\/index.php?rest_route=%2Fwp%2Fv2%2Fcomments&post=7100"}],"version-history":[{"count":1,"href":"https:\/\/www.ltcpardubice.cz\/index.php?rest_route=\/wp\/v2\/posts\/7100\/revisions"}],"predecessor-version":[{"id":7101,"href":"https:\/\/www.ltcpardubice.cz\/index.php?rest_route=\/wp\/v2\/posts\/7100\/revisions\/7101"}],"wp:featuredmedia":[{"embeddable":true,"href":"https:\/\/www.ltcpardubice.cz\/index.php?rest_route=\/wp\/v2\/media\/154"}],"wp:attachment":[{"href":"https:\/\/www.ltcpardubice.cz\/index.php?rest_route=%2Fwp%2Fv2%2Fmedia&parent=7100"}],"wp:term":[{"taxonomy":"category","embeddable":true,"href":"https:\/\/www.ltcpardubice.cz\/index.php?rest_route=%2Fwp%2Fv2%2Fcategories&post=7100"},{"taxonomy":"post_tag","embeddable":true,"href":"https:\/\/www.ltcpardubice.cz\/index.php?rest_route=%2Fwp%2Fv2%2Ftags&post=7100"}],"curies":[{"name":"wp","href":"https:\/\/api.w.org\/{rel}","templated":true}]}}