{"id":7127,"date":"2023-05-24T16:42:05","date_gmt":"2023-05-24T16:42:05","guid":{"rendered":"https:\/\/www.ltcpardubice.cz\/?p=7127"},"modified":"2023-05-24T16:42:07","modified_gmt":"2023-05-24T16:42:07","slug":"oblastni-prebory-dorostu-a-mladsiho-zactva-2","status":"publish","type":"post","link":"https:\/\/www.ltcpardubice.cz\/?p=7127","title":{"rendered":"Oblastn\u00ed p\u0159ebory dorostu a mlad\u0161\u00edho \u017eactva"},"content":{"rendered":"\n<p>20.-22.5. se hr\u00e1ly OP dorostu a mlad\u0161\u00edho \u017eactva. OP dorostenc\u016f se uskute\u010dnily na Tesle Pardubice. Nemoc vy\u0159adila hlavn\u00edho favorita dom\u00e1c\u00edho \u0160mejkala. P\u0159\u00edle\u017eitosti se chytil n\u00e1\u0161 F. Dym\u00e1k, kter\u00fd se ve dvouh\u0159e probojoval do fin\u00e1le a zajistil si t\u00edm \u00fa\u010dast na M\u010cR dorostu Pardubick\u00e9 juniorce jako patn\u00e1ctilet\u00fd hr\u00e1\u010d. \u00dasp\u011bchem je v\u00fdhra ve 3 setech nad Rouchalem ve 2. kole, d\u00e1le nad \u0160m\u00eddem a p\u0159edev\u0161\u00edm v semifin\u00e1le oto\u010dil z\u00e1pas s 2. nasazen\u00fdm Podr\u00e1bsk\u00fdm ze stavu 0\/6 2\/5 a \u010dty\u0159 odvr\u00e1cen\u00fdch matchbol\u016f. Ve fin\u00e1le u\u017e do\u0161ly s\u00edly a s Fialou prohr\u00e1l. V\u00fdsledky na:<a href=\"https:\/\/cztenis.cz\/turnaj\/316920\/sezona\/L23\/vysledky\">https:\/\/cztenis.cz\/turnaj\/316920\/sezona\/L23\/vysledky<\/a>. Velk\u00e1 gratulace. Velmi solidn\u011b zahr\u00e1l na OP i star\u0161\u00ed \u017e\u00e1k D. \u0160mejc, kter\u00fd uhr\u00e1l 2 kola. Dorostenky se se\u0161ly ve Dvo\u0159e Kr\u00e1lov\u00e9. Na\u0161e \u017eel\u00edzko v ohni A. Vobo\u0159ilov\u00e1 pro\u0161la hladce do semifin\u00e1le, bohu\u017eel los na 1. nasazenou Bro\u017eovou potvrdil nadvl\u00e1du t\u00e9to hr\u00e1\u010dky v dorosteneck\u00e9 kategorii. A. Vobo\u0159ilov\u00e1 pak vyhr\u00e1la z\u00e1pas s dal\u0161\u00ed pora\u017eenou semifinalistkou Nov\u00e1k a stala se 1. n\u00e1hradnic\u00ed na PJ. Bronzovou medaili z\u00edskala na\u0161e hr\u00e1\u010dka i ve \u010dty\u0159h\u0159e. Kolo si uhr\u00e1la i star\u0161\u00ed \u017e\u00e1kyn\u011b Honigov\u00e1. V\u00fdsledky na:<a href=\"https:\/\/cztenis.cz\/turnaj\/416920\/sezona\/L23\/vysledky\">https:\/\/cztenis.cz\/turnaj\/416920\/sezona\/L23\/vysledky<\/a><\/p>\n\n\n\n<p>V kategorii mlad\u0161\u00edho \u017eactva jsme na OP p\u0159eborech m\u011bli minim\u00e1ln\u00ed zastoupen\u00ed, co\u017e je \u0161koda. Mlad\u0161\u00ed \u017e\u00e1ky hr\u00e1l pouze M. Filip, kter\u00fd uhr\u00e1l kolo. V\u00fdsledky na: <a href=\"https:\/\/cztenis.cz\/turnaj\/716920\/sezona\/L23\/vysledky\">https:\/\/cztenis.cz\/turnaj\/716920\/sezona\/L23\/vysledky<\/a><\/p>\n","protected":false},"excerpt":{"rendered":"<p>20.-22.5. se hr\u00e1ly OP dorostu a mlad\u0161\u00edho \u017eactva. OP dorostenc\u016f se uskute\u010dnily na Tesle Pardubice. Nemoc vy\u0159adila hlavn\u00edho favorita dom\u00e1c\u00edho \u0160mejkala. P\u0159\u00edle\u017eitosti se chytil n\u00e1\u0161 F. Dym\u00e1k, kter\u00fd se ve dvouh\u0159e probojoval do fin\u00e1le a zajistil si t\u00edm \u00fa\u010dast na M\u010cR dorostu Pardubick\u00e9 juniorce jako patn\u00e1ctilet\u00fd hr\u00e1\u010d. \u00dasp\u011bchem je v\u00fdhra ve 3 setech nad Rouchalem [&hellip;]<\/p>\n","protected":false},"author":2,"featured_media":7128,"comment_status":"open","ping_status":"open","sticky":false,"template":"","format":"standard","meta":{"_monsterinsights_skip_tracking":false,"_monsterinsights_sitenote_active":false,"_monsterinsights_sitenote_note":"","_monsterinsights_sitenote_category":0,"footnotes":""},"categories":[10],"tags":[],"yoast_head":"<!-- This site is optimized with the Yoast SEO plugin v24.5 - https:\/\/yoast.com\/wordpress\/plugins\/seo\/ -->\n<title>Oblastn\u00ed p\u0159ebory dorostu a mlad\u0161\u00edho \u017eactva - LTC Pardubice<\/title>\n<meta name=\"robots\" content=\"index, follow, max-snippet:-1, max-image-preview:large, max-video-preview:-1\" \/>\n<link rel=\"canonical\" href=\"https:\/\/www.ltcpardubice.cz\/?p=7127\" \/>\n<meta property=\"og:locale\" content=\"cs_CZ\" \/>\n<meta property=\"og:type\" content=\"article\" \/>\n<meta property=\"og:title\" content=\"Oblastn\u00ed p\u0159ebory dorostu a mlad\u0161\u00edho \u017eactva - LTC Pardubice\" \/>\n<meta property=\"og:description\" content=\"20.-22.5. se hr\u00e1ly OP dorostu a mlad\u0161\u00edho \u017eactva. OP dorostenc\u016f se uskute\u010dnily na Tesle Pardubice. Nemoc vy\u0159adila hlavn\u00edho favorita dom\u00e1c\u00edho \u0160mejkala. P\u0159\u00edle\u017eitosti se chytil n\u00e1\u0161 F. Dym\u00e1k, kter\u00fd se ve dvouh\u0159e probojoval do fin\u00e1le a zajistil si t\u00edm \u00fa\u010dast na M\u010cR dorostu Pardubick\u00e9 juniorce jako patn\u00e1ctilet\u00fd hr\u00e1\u010d. \u00dasp\u011bchem je v\u00fdhra ve 3 setech nad Rouchalem [&hellip;]\" \/>\n<meta property=\"og:url\" content=\"https:\/\/www.ltcpardubice.cz\/?p=7127\" \/>\n<meta property=\"og:site_name\" content=\"LTC Pardubice\" \/>\n<meta property=\"article:published_time\" content=\"2023-05-24T16:42:05+00:00\" \/>\n<meta property=\"article:modified_time\" content=\"2023-05-24T16:42:07+00:00\" \/>\n<meta property=\"og:image\" content=\"https:\/\/www.ltcpardubice.cz\/wp-content\/uploads\/2023\/05\/dymak-OP23.jpg\" \/>\n\t<meta property=\"og:image:width\" content=\"269\" \/>\n\t<meta property=\"og:image:height\" content=\"210\" \/>\n\t<meta property=\"og:image:type\" content=\"image\/jpeg\" \/>\n<meta name=\"author\" content=\"Eva Z\u00e1labsk\u00e1\" \/>\n<meta name=\"twitter:card\" content=\"summary_large_image\" \/>\n<meta name=\"twitter:label1\" content=\"Napsal(a)\" \/>\n\t<meta name=\"twitter:data1\" content=\"Eva Z\u00e1labsk\u00e1\" \/>\n\t<meta name=\"twitter:label2\" content=\"Odhadovan\u00e1 doba \u010dten\u00ed\" \/>\n\t<meta name=\"twitter:data2\" content=\"2 minuty\" \/>\n<script type=\"application\/ld+json\" class=\"yoast-schema-graph\">{\"@context\":\"https:\/\/schema.org\",\"@graph\":[{\"@type\":\"WebPage\",\"@id\":\"https:\/\/www.ltcpardubice.cz\/?p=7127\",\"url\":\"https:\/\/www.ltcpardubice.cz\/?p=7127\",\"name\":\"Oblastn\u00ed p\u0159ebory dorostu a mlad\u0161\u00edho \u017eactva - LTC Pardubice\",\"isPartOf\":{\"@id\":\"https:\/\/www.ltcpardubice.cz\/#website\"},\"primaryImageOfPage\":{\"@id\":\"https:\/\/www.ltcpardubice.cz\/?p=7127#primaryimage\"},\"image\":{\"@id\":\"https:\/\/www.ltcpardubice.cz\/?p=7127#primaryimage\"},\"thumbnailUrl\":\"https:\/\/www.ltcpardubice.cz\/wp-content\/uploads\/2023\/05\/dymak-OP23.jpg\",\"datePublished\":\"2023-05-24T16:42:05+00:00\",\"dateModified\":\"2023-05-24T16:42:07+00:00\",\"author\":{\"@id\":\"https:\/\/www.ltcpardubice.cz\/#\/schema\/person\/8f5f3a741b9adea57419864489f31541\"},\"breadcrumb\":{\"@id\":\"https:\/\/www.ltcpardubice.cz\/?p=7127#breadcrumb\"},\"inLanguage\":\"cs\",\"potentialAction\":[{\"@type\":\"ReadAction\",\"target\":[\"https:\/\/www.ltcpardubice.cz\/?p=7127\"]}]},{\"@type\":\"ImageObject\",\"inLanguage\":\"cs\",\"@id\":\"https:\/\/www.ltcpardubice.cz\/?p=7127#primaryimage\",\"url\":\"https:\/\/www.ltcpardubice.cz\/wp-content\/uploads\/2023\/05\/dymak-OP23.jpg\",\"contentUrl\":\"https:\/\/www.ltcpardubice.cz\/wp-content\/uploads\/2023\/05\/dymak-OP23.jpg\",\"width\":269,\"height\":210},{\"@type\":\"BreadcrumbList\",\"@id\":\"https:\/\/www.ltcpardubice.cz\/?p=7127#breadcrumb\",\"itemListElement\":[{\"@type\":\"ListItem\",\"position\":1,\"name\":\"Home\",\"item\":\"https:\/\/www.ltcpardubice.cz\/\"},{\"@type\":\"ListItem\",\"position\":2,\"name\":\"Oblastn\u00ed p\u0159ebory dorostu a mlad\u0161\u00edho \u017eactva\"}]},{\"@type\":\"WebSite\",\"@id\":\"https:\/\/www.ltcpardubice.cz\/#website\",\"url\":\"https:\/\/www.ltcpardubice.cz\/\",\"name\":\"LTC Pardubice\",\"description\":\"Str\u00e1nky tenisov\u00e9ho klubu LTC Pardubice\",\"potentialAction\":[{\"@type\":\"SearchAction\",\"target\":{\"@type\":\"EntryPoint\",\"urlTemplate\":\"https:\/\/www.ltcpardubice.cz\/?s={search_term_string}\"},\"query-input\":{\"@type\":\"PropertyValueSpecification\",\"valueRequired\":true,\"valueName\":\"search_term_string\"}}],\"inLanguage\":\"cs\"},{\"@type\":\"Person\",\"@id\":\"https:\/\/www.ltcpardubice.cz\/#\/schema\/person\/8f5f3a741b9adea57419864489f31541\",\"name\":\"Eva Z\u00e1labsk\u00e1\",\"image\":{\"@type\":\"ImageObject\",\"inLanguage\":\"cs\",\"@id\":\"https:\/\/www.ltcpardubice.cz\/#\/schema\/person\/image\/\",\"url\":\"https:\/\/secure.gravatar.com\/avatar\/fece9555d8859e0080e4a5ae7edcc925?s=96&d=mm&r=g\",\"contentUrl\":\"https:\/\/secure.gravatar.com\/avatar\/fece9555d8859e0080e4a5ae7edcc925?s=96&d=mm&r=g\",\"caption\":\"Eva Z\u00e1labsk\u00e1\"},\"url\":\"https:\/\/www.ltcpardubice.cz\/?author=2\"}]}<\/script>\n<!-- \/ Yoast SEO plugin. -->","yoast_head_json":{"title":"Oblastn\u00ed p\u0159ebory dorostu a mlad\u0161\u00edho \u017eactva - LTC Pardubice","robots":{"index":"index","follow":"follow","max-snippet":"max-snippet:-1","max-image-preview":"max-image-preview:large","max-video-preview":"max-video-preview:-1"},"canonical":"https:\/\/www.ltcpardubice.cz\/?p=7127","og_locale":"cs_CZ","og_type":"article","og_title":"Oblastn\u00ed p\u0159ebory dorostu a mlad\u0161\u00edho \u017eactva - LTC Pardubice","og_description":"20.-22.5. se hr\u00e1ly OP dorostu a mlad\u0161\u00edho \u017eactva. OP dorostenc\u016f se uskute\u010dnily na Tesle Pardubice. Nemoc vy\u0159adila hlavn\u00edho favorita dom\u00e1c\u00edho \u0160mejkala. P\u0159\u00edle\u017eitosti se chytil n\u00e1\u0161 F. Dym\u00e1k, kter\u00fd se ve dvouh\u0159e probojoval do fin\u00e1le a zajistil si t\u00edm \u00fa\u010dast na M\u010cR dorostu Pardubick\u00e9 juniorce jako patn\u00e1ctilet\u00fd hr\u00e1\u010d. \u00dasp\u011bchem je v\u00fdhra ve 3 setech nad Rouchalem [&hellip;]","og_url":"https:\/\/www.ltcpardubice.cz\/?p=7127","og_site_name":"LTC Pardubice","article_published_time":"2023-05-24T16:42:05+00:00","article_modified_time":"2023-05-24T16:42:07+00:00","og_image":[{"width":269,"height":210,"url":"https:\/\/www.ltcpardubice.cz\/wp-content\/uploads\/2023\/05\/dymak-OP23.jpg","type":"image\/jpeg"}],"author":"Eva Z\u00e1labsk\u00e1","twitter_card":"summary_large_image","twitter_misc":{"Napsal(a)":"Eva Z\u00e1labsk\u00e1","Odhadovan\u00e1 doba \u010dten\u00ed":"2 minuty"},"schema":{"@context":"https:\/\/schema.org","@graph":[{"@type":"WebPage","@id":"https:\/\/www.ltcpardubice.cz\/?p=7127","url":"https:\/\/www.ltcpardubice.cz\/?p=7127","name":"Oblastn\u00ed p\u0159ebory dorostu a mlad\u0161\u00edho \u017eactva - LTC Pardubice","isPartOf":{"@id":"https:\/\/www.ltcpardubice.cz\/#website"},"primaryImageOfPage":{"@id":"https:\/\/www.ltcpardubice.cz\/?p=7127#primaryimage"},"image":{"@id":"https:\/\/www.ltcpardubice.cz\/?p=7127#primaryimage"},"thumbnailUrl":"https:\/\/www.ltcpardubice.cz\/wp-content\/uploads\/2023\/05\/dymak-OP23.jpg","datePublished":"2023-05-24T16:42:05+00:00","dateModified":"2023-05-24T16:42:07+00:00","author":{"@id":"https:\/\/www.ltcpardubice.cz\/#\/schema\/person\/8f5f3a741b9adea57419864489f31541"},"breadcrumb":{"@id":"https:\/\/www.ltcpardubice.cz\/?p=7127#breadcrumb"},"inLanguage":"cs","potentialAction":[{"@type":"ReadAction","target":["https:\/\/www.ltcpardubice.cz\/?p=7127"]}]},{"@type":"ImageObject","inLanguage":"cs","@id":"https:\/\/www.ltcpardubice.cz\/?p=7127#primaryimage","url":"https:\/\/www.ltcpardubice.cz\/wp-content\/uploads\/2023\/05\/dymak-OP23.jpg","contentUrl":"https:\/\/www.ltcpardubice.cz\/wp-content\/uploads\/2023\/05\/dymak-OP23.jpg","width":269,"height":210},{"@type":"BreadcrumbList","@id":"https:\/\/www.ltcpardubice.cz\/?p=7127#breadcrumb","itemListElement":[{"@type":"ListItem","position":1,"name":"Home","item":"https:\/\/www.ltcpardubice.cz\/"},{"@type":"ListItem","position":2,"name":"Oblastn\u00ed p\u0159ebory dorostu a mlad\u0161\u00edho \u017eactva"}]},{"@type":"WebSite","@id":"https:\/\/www.ltcpardubice.cz\/#website","url":"https:\/\/www.ltcpardubice.cz\/","name":"LTC Pardubice","description":"Str\u00e1nky tenisov\u00e9ho klubu LTC Pardubice","potentialAction":[{"@type":"SearchAction","target":{"@type":"EntryPoint","urlTemplate":"https:\/\/www.ltcpardubice.cz\/?s={search_term_string}"},"query-input":{"@type":"PropertyValueSpecification","valueRequired":true,"valueName":"search_term_string"}}],"inLanguage":"cs"},{"@type":"Person","@id":"https:\/\/www.ltcpardubice.cz\/#\/schema\/person\/8f5f3a741b9adea57419864489f31541","name":"Eva Z\u00e1labsk\u00e1","image":{"@type":"ImageObject","inLanguage":"cs","@id":"https:\/\/www.ltcpardubice.cz\/#\/schema\/person\/image\/","url":"https:\/\/secure.gravatar.com\/avatar\/fece9555d8859e0080e4a5ae7edcc925?s=96&d=mm&r=g","contentUrl":"https:\/\/secure.gravatar.com\/avatar\/fece9555d8859e0080e4a5ae7edcc925?s=96&d=mm&r=g","caption":"Eva Z\u00e1labsk\u00e1"},"url":"https:\/\/www.ltcpardubice.cz\/?author=2"}]}},"brizy_media":[],"_links":{"self":[{"href":"https:\/\/www.ltcpardubice.cz\/index.php?rest_route=\/wp\/v2\/posts\/7127"}],"collection":[{"href":"https:\/\/www.ltcpardubice.cz\/index.php?rest_route=\/wp\/v2\/posts"}],"about":[{"href":"https:\/\/www.ltcpardubice.cz\/index.php?rest_route=\/wp\/v2\/types\/post"}],"author":[{"embeddable":true,"href":"https:\/\/www.ltcpardubice.cz\/index.php?rest_route=\/wp\/v2\/users\/2"}],"replies":[{"embeddable":true,"href":"https:\/\/www.ltcpardubice.cz\/index.php?rest_route=%2Fwp%2Fv2%2Fcomments&post=7127"}],"version-history":[{"count":1,"href":"https:\/\/www.ltcpardubice.cz\/index.php?rest_route=\/wp\/v2\/posts\/7127\/revisions"}],"predecessor-version":[{"id":7129,"href":"https:\/\/www.ltcpardubice.cz\/index.php?rest_route=\/wp\/v2\/posts\/7127\/revisions\/7129"}],"wp:featuredmedia":[{"embeddable":true,"href":"https:\/\/www.ltcpardubice.cz\/index.php?rest_route=\/wp\/v2\/media\/7128"}],"wp:attachment":[{"href":"https:\/\/www.ltcpardubice.cz\/index.php?rest_route=%2Fwp%2Fv2%2Fmedia&parent=7127"}],"wp:term":[{"taxonomy":"category","embeddable":true,"href":"https:\/\/www.ltcpardubice.cz\/index.php?rest_route=%2Fwp%2Fv2%2Fcategories&post=7127"},{"taxonomy":"post_tag","embeddable":true,"href":"https:\/\/www.ltcpardubice.cz\/index.php?rest_route=%2Fwp%2Fv2%2Ftags&post=7127"}],"curies":[{"name":"wp","href":"https:\/\/api.w.org\/{rel}","templated":true}]}}