{"id":7135,"date":"2023-06-05T19:38:06","date_gmt":"2023-06-05T19:38:06","guid":{"rendered":"https:\/\/www.ltcpardubice.cz\/?p=7135"},"modified":"2023-06-05T19:38:08","modified_gmt":"2023-06-05T19:38:08","slug":"4-a-5-kolo-mistrovskych-utkani","status":"publish","type":"post","link":"https:\/\/www.ltcpardubice.cz\/?p=7135","title":{"rendered":"4. a 5. kolo mistrovsk\u00fdch utk\u00e1n\u00ed"},"content":{"rendered":"\n<p>Divizn\u00ed t\u00fdm jasn\u011b p\u0159ehr\u00e1l ve 4. kole Svitavy 7:2 a v 5. kole Pern\u0161t\u00fdn Pardubice 9:0 a zcela p\u0159esv\u011bd\u010div\u011b obsazuje 2. p\u0159\u00ed\u010dku v divizi, \u0161koda nepoznamenat, \u017ee jsme takto siln\u00fd a v pohod\u011b hraj\u00edc\u00ed t\u00fdm nem\u011bli proti nejv\u011bt\u0161\u00edmu favoritovi ve 2. kole HIT Hradec Kr\u00e1lov\u00e9. V Pardubick\u00e9m p\u0159eboru zv\u00edt\u011bzila z\u00e1loha dosp\u011bl\u00fdch s USK Pardubice 7:2 a s B t\u00fdmem Svitav 6:3 a zajistila tak p\u0159\u00edslu\u0161nost i pro p\u0159\u00ed\u0161t\u00ed rok.<\/p>\n\n\n\n<p>Dorosteneck\u00e1, zna\u010dn\u011b omlazen\u00e1 dru\u017estva, bohu\u017eel na svoji p\u0159\u00edle\u017eitost \u010dekaj\u00ed. Ve 4. kole A t\u00fdm jasn\u011b porazil slo\u017een\u00e9 dru\u017estvo Eden-Pern\u0161t\u00fdn 9:0, aby v 5. kole prohr\u00e1l ve zna\u010dn\u011b oslaben\u00e9 sestav\u011b se Dvorem Kr\u00e1lov\u00e9 1:8. B dru\u017estvo nesta\u010dilo na Teslu Pardubice A a prohr\u00e1lo 3:6. Ob\u011b dorosteneck\u00e1 dru\u017estva maj\u00ed zat\u00edm velk\u00e9 obt\u00ed\u017ee s udr\u017een\u00edm v sout\u011b\u017e\u00edch.<\/p>\n\n\n\n<p>Star\u0161\u00ed \u017e\u00e1ci A prohr\u00e1li z\u00e1pas s Teslou Pardubice 2:7 a s DTJ Hradec Kr\u00e1lov\u00e9 3:6. Op\u011bt citeln\u011b oslaben\u00e9 dru\u017estvo bude m\u00edt velk\u00e9 starosti nejvy\u0161\u0161\u00ed sout\u011b\u017e udr\u017eet. B dru\u017estvo hr\u00e1lo o postup do 2. nejvy\u0161\u0161\u00ed sout\u011b\u017ee s Moravskou T\u0159ebovou, prohra 4:5 je d\u00e1l op\u011bt nepust\u00ed. Mlad\u0161\u00ed \u017e\u00e1ci A prohr\u00e1li ob\u011b utk\u00e1n\u00ed s celky z Hradce Kr\u00e1lov\u00e9 s DTJ 2:7 s Edenem 3:6. Mlad\u0161\u00ed \u017e\u00e1ci B porazili Chvaletice 4:2 a babytenisti si poradili s Pern\u0161t\u00fdnem Pce 4:2.<\/p>\n\n\n\n<p>Je bohu\u017eel nutn\u00e9 konstatovat, \u017ee m\u00e1me v ml\u00e1de\u017enick\u00fdch kategori\u00edch omluvenek na jednotliv\u00e1 utk\u00e1n\u00ed v\u00edce ne\u017e dost.<\/p>\n","protected":false},"excerpt":{"rendered":"<p>Divizn\u00ed t\u00fdm jasn\u011b p\u0159ehr\u00e1l ve 4. kole Svitavy 7:2 a v 5. kole Pern\u0161t\u00fdn Pardubice 9:0 a zcela p\u0159esv\u011bd\u010div\u011b obsazuje 2. p\u0159\u00ed\u010dku v divizi, \u0161koda nepoznamenat, \u017ee jsme takto siln\u00fd a v pohod\u011b hraj\u00edc\u00ed t\u00fdm nem\u011bli proti nejv\u011bt\u0161\u00edmu favoritovi ve 2. kole HIT Hradec Kr\u00e1lov\u00e9. V Pardubick\u00e9m p\u0159eboru zv\u00edt\u011bzila z\u00e1loha dosp\u011bl\u00fdch s USK Pardubice 7:2 [&hellip;]<\/p>\n","protected":false},"author":2,"featured_media":4276,"comment_status":"open","ping_status":"open","sticky":false,"template":"","format":"standard","meta":{"_monsterinsights_skip_tracking":false,"_monsterinsights_sitenote_active":false,"_monsterinsights_sitenote_note":"","_monsterinsights_sitenote_category":0,"footnotes":""},"categories":[10],"tags":[],"yoast_head":"<!-- This site is optimized with the Yoast SEO plugin v24.5 - https:\/\/yoast.com\/wordpress\/plugins\/seo\/ -->\n<title>4. a 5. kolo mistrovsk\u00fdch utk\u00e1n\u00ed - LTC Pardubice<\/title>\n<meta name=\"robots\" content=\"index, follow, max-snippet:-1, max-image-preview:large, max-video-preview:-1\" \/>\n<link rel=\"canonical\" href=\"https:\/\/www.ltcpardubice.cz\/?p=7135\" \/>\n<meta property=\"og:locale\" content=\"cs_CZ\" \/>\n<meta property=\"og:type\" content=\"article\" \/>\n<meta property=\"og:title\" content=\"4. a 5. kolo mistrovsk\u00fdch utk\u00e1n\u00ed - LTC Pardubice\" \/>\n<meta property=\"og:description\" content=\"Divizn\u00ed t\u00fdm jasn\u011b p\u0159ehr\u00e1l ve 4. kole Svitavy 7:2 a v 5. kole Pern\u0161t\u00fdn Pardubice 9:0 a zcela p\u0159esv\u011bd\u010div\u011b obsazuje 2. p\u0159\u00ed\u010dku v divizi, \u0161koda nepoznamenat, \u017ee jsme takto siln\u00fd a v pohod\u011b hraj\u00edc\u00ed t\u00fdm nem\u011bli proti nejv\u011bt\u0161\u00edmu favoritovi ve 2. kole HIT Hradec Kr\u00e1lov\u00e9. V Pardubick\u00e9m p\u0159eboru zv\u00edt\u011bzila z\u00e1loha dosp\u011bl\u00fdch s USK Pardubice 7:2 [&hellip;]\" \/>\n<meta property=\"og:url\" content=\"https:\/\/www.ltcpardubice.cz\/?p=7135\" \/>\n<meta property=\"og:site_name\" content=\"LTC Pardubice\" \/>\n<meta property=\"article:published_time\" content=\"2023-06-05T19:38:06+00:00\" \/>\n<meta property=\"article:modified_time\" content=\"2023-06-05T19:38:08+00:00\" \/>\n<meta property=\"og:image\" content=\"https:\/\/www.ltcpardubice.cz\/wp-content\/uploads\/2020\/05\/cropped-shutter-tenis-tennis-raketa-651-1.jpg\" \/>\n\t<meta property=\"og:image:width\" content=\"2000\" \/>\n\t<meta property=\"og:image:height\" content=\"764\" \/>\n\t<meta property=\"og:image:type\" content=\"image\/jpeg\" \/>\n<meta name=\"author\" content=\"Eva Z\u00e1labsk\u00e1\" \/>\n<meta name=\"twitter:card\" content=\"summary_large_image\" \/>\n<meta name=\"twitter:label1\" content=\"Napsal(a)\" \/>\n\t<meta name=\"twitter:data1\" content=\"Eva Z\u00e1labsk\u00e1\" \/>\n\t<meta name=\"twitter:label2\" content=\"Odhadovan\u00e1 doba \u010dten\u00ed\" \/>\n\t<meta name=\"twitter:data2\" content=\"2 minuty\" \/>\n<script type=\"application\/ld+json\" class=\"yoast-schema-graph\">{\"@context\":\"https:\/\/schema.org\",\"@graph\":[{\"@type\":\"WebPage\",\"@id\":\"https:\/\/www.ltcpardubice.cz\/?p=7135\",\"url\":\"https:\/\/www.ltcpardubice.cz\/?p=7135\",\"name\":\"4. a 5. kolo mistrovsk\u00fdch utk\u00e1n\u00ed - LTC Pardubice\",\"isPartOf\":{\"@id\":\"https:\/\/www.ltcpardubice.cz\/#website\"},\"primaryImageOfPage\":{\"@id\":\"https:\/\/www.ltcpardubice.cz\/?p=7135#primaryimage\"},\"image\":{\"@id\":\"https:\/\/www.ltcpardubice.cz\/?p=7135#primaryimage\"},\"thumbnailUrl\":\"https:\/\/www.ltcpardubice.cz\/wp-content\/uploads\/2020\/05\/cropped-shutter-tenis-tennis-raketa-651-1.jpg\",\"datePublished\":\"2023-06-05T19:38:06+00:00\",\"dateModified\":\"2023-06-05T19:38:08+00:00\",\"author\":{\"@id\":\"https:\/\/www.ltcpardubice.cz\/#\/schema\/person\/8f5f3a741b9adea57419864489f31541\"},\"breadcrumb\":{\"@id\":\"https:\/\/www.ltcpardubice.cz\/?p=7135#breadcrumb\"},\"inLanguage\":\"cs\",\"potentialAction\":[{\"@type\":\"ReadAction\",\"target\":[\"https:\/\/www.ltcpardubice.cz\/?p=7135\"]}]},{\"@type\":\"ImageObject\",\"inLanguage\":\"cs\",\"@id\":\"https:\/\/www.ltcpardubice.cz\/?p=7135#primaryimage\",\"url\":\"https:\/\/www.ltcpardubice.cz\/wp-content\/uploads\/2020\/05\/cropped-shutter-tenis-tennis-raketa-651-1.jpg\",\"contentUrl\":\"https:\/\/www.ltcpardubice.cz\/wp-content\/uploads\/2020\/05\/cropped-shutter-tenis-tennis-raketa-651-1.jpg\",\"width\":2000,\"height\":764},{\"@type\":\"BreadcrumbList\",\"@id\":\"https:\/\/www.ltcpardubice.cz\/?p=7135#breadcrumb\",\"itemListElement\":[{\"@type\":\"ListItem\",\"position\":1,\"name\":\"Home\",\"item\":\"https:\/\/www.ltcpardubice.cz\/\"},{\"@type\":\"ListItem\",\"position\":2,\"name\":\"4. a 5. kolo mistrovsk\u00fdch utk\u00e1n\u00ed\"}]},{\"@type\":\"WebSite\",\"@id\":\"https:\/\/www.ltcpardubice.cz\/#website\",\"url\":\"https:\/\/www.ltcpardubice.cz\/\",\"name\":\"LTC Pardubice\",\"description\":\"Str\u00e1nky tenisov\u00e9ho klubu LTC Pardubice\",\"potentialAction\":[{\"@type\":\"SearchAction\",\"target\":{\"@type\":\"EntryPoint\",\"urlTemplate\":\"https:\/\/www.ltcpardubice.cz\/?s={search_term_string}\"},\"query-input\":{\"@type\":\"PropertyValueSpecification\",\"valueRequired\":true,\"valueName\":\"search_term_string\"}}],\"inLanguage\":\"cs\"},{\"@type\":\"Person\",\"@id\":\"https:\/\/www.ltcpardubice.cz\/#\/schema\/person\/8f5f3a741b9adea57419864489f31541\",\"name\":\"Eva Z\u00e1labsk\u00e1\",\"image\":{\"@type\":\"ImageObject\",\"inLanguage\":\"cs\",\"@id\":\"https:\/\/www.ltcpardubice.cz\/#\/schema\/person\/image\/\",\"url\":\"https:\/\/secure.gravatar.com\/avatar\/fece9555d8859e0080e4a5ae7edcc925?s=96&d=mm&r=g\",\"contentUrl\":\"https:\/\/secure.gravatar.com\/avatar\/fece9555d8859e0080e4a5ae7edcc925?s=96&d=mm&r=g\",\"caption\":\"Eva Z\u00e1labsk\u00e1\"},\"url\":\"https:\/\/www.ltcpardubice.cz\/?author=2\"}]}<\/script>\n<!-- \/ Yoast SEO plugin. -->","yoast_head_json":{"title":"4. a 5. kolo mistrovsk\u00fdch utk\u00e1n\u00ed - LTC Pardubice","robots":{"index":"index","follow":"follow","max-snippet":"max-snippet:-1","max-image-preview":"max-image-preview:large","max-video-preview":"max-video-preview:-1"},"canonical":"https:\/\/www.ltcpardubice.cz\/?p=7135","og_locale":"cs_CZ","og_type":"article","og_title":"4. a 5. kolo mistrovsk\u00fdch utk\u00e1n\u00ed - LTC Pardubice","og_description":"Divizn\u00ed t\u00fdm jasn\u011b p\u0159ehr\u00e1l ve 4. kole Svitavy 7:2 a v 5. kole Pern\u0161t\u00fdn Pardubice 9:0 a zcela p\u0159esv\u011bd\u010div\u011b obsazuje 2. p\u0159\u00ed\u010dku v divizi, \u0161koda nepoznamenat, \u017ee jsme takto siln\u00fd a v pohod\u011b hraj\u00edc\u00ed t\u00fdm nem\u011bli proti nejv\u011bt\u0161\u00edmu favoritovi ve 2. kole HIT Hradec Kr\u00e1lov\u00e9. V Pardubick\u00e9m p\u0159eboru zv\u00edt\u011bzila z\u00e1loha dosp\u011bl\u00fdch s USK Pardubice 7:2 [&hellip;]","og_url":"https:\/\/www.ltcpardubice.cz\/?p=7135","og_site_name":"LTC Pardubice","article_published_time":"2023-06-05T19:38:06+00:00","article_modified_time":"2023-06-05T19:38:08+00:00","og_image":[{"width":2000,"height":764,"url":"https:\/\/www.ltcpardubice.cz\/wp-content\/uploads\/2020\/05\/cropped-shutter-tenis-tennis-raketa-651-1.jpg","type":"image\/jpeg"}],"author":"Eva Z\u00e1labsk\u00e1","twitter_card":"summary_large_image","twitter_misc":{"Napsal(a)":"Eva Z\u00e1labsk\u00e1","Odhadovan\u00e1 doba \u010dten\u00ed":"2 minuty"},"schema":{"@context":"https:\/\/schema.org","@graph":[{"@type":"WebPage","@id":"https:\/\/www.ltcpardubice.cz\/?p=7135","url":"https:\/\/www.ltcpardubice.cz\/?p=7135","name":"4. a 5. kolo mistrovsk\u00fdch utk\u00e1n\u00ed - LTC Pardubice","isPartOf":{"@id":"https:\/\/www.ltcpardubice.cz\/#website"},"primaryImageOfPage":{"@id":"https:\/\/www.ltcpardubice.cz\/?p=7135#primaryimage"},"image":{"@id":"https:\/\/www.ltcpardubice.cz\/?p=7135#primaryimage"},"thumbnailUrl":"https:\/\/www.ltcpardubice.cz\/wp-content\/uploads\/2020\/05\/cropped-shutter-tenis-tennis-raketa-651-1.jpg","datePublished":"2023-06-05T19:38:06+00:00","dateModified":"2023-06-05T19:38:08+00:00","author":{"@id":"https:\/\/www.ltcpardubice.cz\/#\/schema\/person\/8f5f3a741b9adea57419864489f31541"},"breadcrumb":{"@id":"https:\/\/www.ltcpardubice.cz\/?p=7135#breadcrumb"},"inLanguage":"cs","potentialAction":[{"@type":"ReadAction","target":["https:\/\/www.ltcpardubice.cz\/?p=7135"]}]},{"@type":"ImageObject","inLanguage":"cs","@id":"https:\/\/www.ltcpardubice.cz\/?p=7135#primaryimage","url":"https:\/\/www.ltcpardubice.cz\/wp-content\/uploads\/2020\/05\/cropped-shutter-tenis-tennis-raketa-651-1.jpg","contentUrl":"https:\/\/www.ltcpardubice.cz\/wp-content\/uploads\/2020\/05\/cropped-shutter-tenis-tennis-raketa-651-1.jpg","width":2000,"height":764},{"@type":"BreadcrumbList","@id":"https:\/\/www.ltcpardubice.cz\/?p=7135#breadcrumb","itemListElement":[{"@type":"ListItem","position":1,"name":"Home","item":"https:\/\/www.ltcpardubice.cz\/"},{"@type":"ListItem","position":2,"name":"4. a 5. kolo mistrovsk\u00fdch utk\u00e1n\u00ed"}]},{"@type":"WebSite","@id":"https:\/\/www.ltcpardubice.cz\/#website","url":"https:\/\/www.ltcpardubice.cz\/","name":"LTC Pardubice","description":"Str\u00e1nky tenisov\u00e9ho klubu LTC Pardubice","potentialAction":[{"@type":"SearchAction","target":{"@type":"EntryPoint","urlTemplate":"https:\/\/www.ltcpardubice.cz\/?s={search_term_string}"},"query-input":{"@type":"PropertyValueSpecification","valueRequired":true,"valueName":"search_term_string"}}],"inLanguage":"cs"},{"@type":"Person","@id":"https:\/\/www.ltcpardubice.cz\/#\/schema\/person\/8f5f3a741b9adea57419864489f31541","name":"Eva Z\u00e1labsk\u00e1","image":{"@type":"ImageObject","inLanguage":"cs","@id":"https:\/\/www.ltcpardubice.cz\/#\/schema\/person\/image\/","url":"https:\/\/secure.gravatar.com\/avatar\/fece9555d8859e0080e4a5ae7edcc925?s=96&d=mm&r=g","contentUrl":"https:\/\/secure.gravatar.com\/avatar\/fece9555d8859e0080e4a5ae7edcc925?s=96&d=mm&r=g","caption":"Eva Z\u00e1labsk\u00e1"},"url":"https:\/\/www.ltcpardubice.cz\/?author=2"}]}},"brizy_media":[],"_links":{"self":[{"href":"https:\/\/www.ltcpardubice.cz\/index.php?rest_route=\/wp\/v2\/posts\/7135"}],"collection":[{"href":"https:\/\/www.ltcpardubice.cz\/index.php?rest_route=\/wp\/v2\/posts"}],"about":[{"href":"https:\/\/www.ltcpardubice.cz\/index.php?rest_route=\/wp\/v2\/types\/post"}],"author":[{"embeddable":true,"href":"https:\/\/www.ltcpardubice.cz\/index.php?rest_route=\/wp\/v2\/users\/2"}],"replies":[{"embeddable":true,"href":"https:\/\/www.ltcpardubice.cz\/index.php?rest_route=%2Fwp%2Fv2%2Fcomments&post=7135"}],"version-history":[{"count":1,"href":"https:\/\/www.ltcpardubice.cz\/index.php?rest_route=\/wp\/v2\/posts\/7135\/revisions"}],"predecessor-version":[{"id":7136,"href":"https:\/\/www.ltcpardubice.cz\/index.php?rest_route=\/wp\/v2\/posts\/7135\/revisions\/7136"}],"wp:featuredmedia":[{"embeddable":true,"href":"https:\/\/www.ltcpardubice.cz\/index.php?rest_route=\/wp\/v2\/media\/4276"}],"wp:attachment":[{"href":"https:\/\/www.ltcpardubice.cz\/index.php?rest_route=%2Fwp%2Fv2%2Fmedia&parent=7135"}],"wp:term":[{"taxonomy":"category","embeddable":true,"href":"https:\/\/www.ltcpardubice.cz\/index.php?rest_route=%2Fwp%2Fv2%2Fcategories&post=7135"},{"taxonomy":"post_tag","embeddable":true,"href":"https:\/\/www.ltcpardubice.cz\/index.php?rest_route=%2Fwp%2Fv2%2Ftags&post=7135"}],"curies":[{"name":"wp","href":"https:\/\/api.w.org\/{rel}","templated":true}]}}