{"id":7141,"date":"2023-07-12T17:04:41","date_gmt":"2023-07-12T17:04:41","guid":{"rendered":"https:\/\/www.ltcpardubice.cz\/?p=7141"},"modified":"2023-07-12T17:04:42","modified_gmt":"2023-07-12T17:04:42","slug":"zaverecna-kola-mistrovskych-utkani-druzstev","status":"publish","type":"post","link":"https:\/\/www.ltcpardubice.cz\/?p=7141","title":{"rendered":"Z\u00e1v\u011bre\u010dn\u00e1 kola mistrovsk\u00fdch utk\u00e1n\u00ed dru\u017estev"},"content":{"rendered":"\n<p>Divizn\u00ed t\u00fdm v z\u00e1v\u011bre\u010dn\u00fdch 2 kolech vyhr\u00e1l v B\u011blohrad\u011b 8:1 a v \u010cesk\u00e9 T\u0159ebov\u00e9 6:3. Skon\u010dil na 2. m\u00edst\u011b a postup zp\u011bt do 2. ligy se nepoda\u0159il d\u00edky utk\u00e1n\u00ed s HITem Hradec Kr\u00e1lov\u00e9 ve 2. kole 2:7. Bohu\u017eel na\u0161e dru\u017estvo nebylo kompletn\u00ed, zat\u00edmco hradeck\u00e9 ano. V Pardubick\u00e9m p\u0159eboru dosp\u011bl\u00fdch na\u0161e C dru\u017estvo porazilo Teslu Pardubice a Doln\u00ed Dobrou\u010d. Na\u0161e z\u00e1loha skon\u010dila 3.<\/p>\n\n\n\n<p>Asi nej\u010dern\u011bj\u0161\u00ed s\u00e9rii za\u017eila ob\u011b na\u0161e dru\u017estva dorostu, kter\u00e1 bohu\u017eel ob\u011b sestoupila. A mu\u017estvo z nejvy\u0161\u0161\u00ed sout\u011b\u017ee a B c Pardubick\u00e9ho p\u0159eboru. \u00c1\u010dko zaznamenalo pouze 1 v\u00fdhru, dvakr\u00e1t prohr\u00e1lo 4:5 a t\u0159ikr\u00e1t 3:6, n\u011bkolik z\u00e1pas\u016f v super tiebreac\u00edch nam\u00edsto 3. setu. Mlad\u00e9mu dru\u017estvu nelze up\u0159\u00edt bojovnost, bohu\u017eel nesta\u010dila. B\u00e9\u010dko s jedn\u00edm v\u00edt\u011bzstv\u00edm pad\u00e1 z PP, mu\u017estvo sestaven\u00e9 z n\u00e1hradn\u00edk\u016f nesta\u010dilo na siln\u00fd PP.<\/p>\n\n\n\n<p>Star\u0161\u00ed \u017e\u00e1ci A udr\u017eeli nejvy\u0161\u0161\u00ed sout\u011b\u017e, kdy\u017e s bilanc\u00ed v\u00fdher a por\u00e1\u017eek 3\/4 skon\u010dili na 5. m\u00edst\u011b. Star\u0161\u00ed \u017e\u00e1ci B nakonec d\u00edky 1 por\u00e1\u017ece nepostoupilo do p\u0159eboru. Mlad\u00fd t\u00fdm z\u00edsk\u00e1val zku\u0161enosti, uvid\u00edme v p\u0159\u00ed\u0161t\u00ed sez\u00f3n\u011b. Mlad\u0161\u00ed \u017e\u00e1ci A, kte\u0159\u00ed nakonec dostali od V\u010dOTS volnou kartu do nejvy\u0161\u0161\u00ed sout\u011b\u017ee, i p\u0159es 2 v\u00fdhry obsadilo 6. sestupov\u00e9 m\u00edsto hor\u0161\u00edm sk\u00f3rem. Proto\u017ee jsme ale na\u0161i sout\u011b\u017e na rok postoupili Tesle Pardubice, m\u011bli by na\u0161i \u017e\u00e1ci hr\u00e1t nejvy\u0161\u0161\u00ed sout\u011b\u017e i p\u0159\u00ed\u0161t\u00ed rok. B dru\u017estvo, kde nastoupili lo\u0148\u0161t\u00ed babytenist\u00e9 si zahr\u00e1li sout\u011b\u017e 2+2 a nezklamali, prohr\u00e1li pouze 1 z\u00e1pas.<\/p>\n\n\n\n<p>Na ukon\u010den\u00ed mistrovsk\u00fdch utk\u00e1n\u00ed dru\u017estev se v ned\u011bli 25.6. uskute\u010dnil z\u00e1v\u011bre\u010dn\u00fd ve\u010der d\u011bt\u00ed a rodi\u010d\u016f s ob\u010derstven\u00edm pro v\u0161echny z\u00fa\u010dastn\u011bn\u00e9. V\u0161ichni hr\u00e1\u010di dostali klubov\u00e1 tri\u010dka Babolat, kter\u00e1 hned zpotila na kurtech ve \u010dty\u0159hr\u00e1ch nebo &#8222;be\u0161\u00edch&#8220; &#8211; na\u0161\u00ed specifick\u00e9 h\u0159e p\u0159ivezen\u00e9 z USA d\u00edky na\u0161im student\u016fm na americk\u00fdch univerzit\u00e1ch. Sud piva se vypil, sud limon\u00e1dy nesta\u010dil. Hezk\u00e9 pr\u00e1zdniny, uvid\u00edme se na kempech a na turnaj\u00edch po\u0159\u00e1dan\u00fdch na\u0161\u00edm klubem.<\/p>\n","protected":false},"excerpt":{"rendered":"<p>Divizn\u00ed t\u00fdm v z\u00e1v\u011bre\u010dn\u00fdch 2 kolech vyhr\u00e1l v B\u011blohrad\u011b 8:1 a v \u010cesk\u00e9 T\u0159ebov\u00e9 6:3. Skon\u010dil na 2. m\u00edst\u011b a postup zp\u011bt do 2. ligy se nepoda\u0159il d\u00edky utk\u00e1n\u00ed s HITem Hradec Kr\u00e1lov\u00e9 ve 2. kole 2:7. Bohu\u017eel na\u0161e dru\u017estvo nebylo kompletn\u00ed, zat\u00edmco hradeck\u00e9 ano. V Pardubick\u00e9m p\u0159eboru dosp\u011bl\u00fdch na\u0161e C dru\u017estvo porazilo Teslu Pardubice [&hellip;]<\/p>\n","protected":false},"author":2,"featured_media":631,"comment_status":"open","ping_status":"open","sticky":false,"template":"","format":"standard","meta":{"_monsterinsights_skip_tracking":false,"_monsterinsights_sitenote_active":false,"_monsterinsights_sitenote_note":"","_monsterinsights_sitenote_category":0,"footnotes":""},"categories":[10],"tags":[],"yoast_head":"<!-- This site is optimized with the Yoast SEO plugin v24.5 - https:\/\/yoast.com\/wordpress\/plugins\/seo\/ -->\n<title>Z\u00e1v\u011bre\u010dn\u00e1 kola mistrovsk\u00fdch utk\u00e1n\u00ed dru\u017estev - LTC Pardubice<\/title>\n<meta name=\"robots\" content=\"index, follow, max-snippet:-1, max-image-preview:large, max-video-preview:-1\" \/>\n<link rel=\"canonical\" href=\"https:\/\/www.ltcpardubice.cz\/?p=7141\" \/>\n<meta property=\"og:locale\" content=\"cs_CZ\" \/>\n<meta property=\"og:type\" content=\"article\" \/>\n<meta property=\"og:title\" content=\"Z\u00e1v\u011bre\u010dn\u00e1 kola mistrovsk\u00fdch utk\u00e1n\u00ed dru\u017estev - LTC Pardubice\" \/>\n<meta property=\"og:description\" content=\"Divizn\u00ed t\u00fdm v z\u00e1v\u011bre\u010dn\u00fdch 2 kolech vyhr\u00e1l v B\u011blohrad\u011b 8:1 a v \u010cesk\u00e9 T\u0159ebov\u00e9 6:3. Skon\u010dil na 2. m\u00edst\u011b a postup zp\u011bt do 2. ligy se nepoda\u0159il d\u00edky utk\u00e1n\u00ed s HITem Hradec Kr\u00e1lov\u00e9 ve 2. kole 2:7. Bohu\u017eel na\u0161e dru\u017estvo nebylo kompletn\u00ed, zat\u00edmco hradeck\u00e9 ano. V Pardubick\u00e9m p\u0159eboru dosp\u011bl\u00fdch na\u0161e C dru\u017estvo porazilo Teslu Pardubice [&hellip;]\" \/>\n<meta property=\"og:url\" content=\"https:\/\/www.ltcpardubice.cz\/?p=7141\" \/>\n<meta property=\"og:site_name\" content=\"LTC Pardubice\" \/>\n<meta property=\"article:published_time\" content=\"2023-07-12T17:04:41+00:00\" \/>\n<meta property=\"article:modified_time\" content=\"2023-07-12T17:04:42+00:00\" \/>\n<meta property=\"og:image\" content=\"https:\/\/www.ltcpardubice.cz\/wp-content\/uploads\/2020\/08\/panoramaLTC1.gif\" \/>\n\t<meta property=\"og:image:width\" content=\"780\" \/>\n\t<meta property=\"og:image:height\" content=\"234\" \/>\n\t<meta property=\"og:image:type\" content=\"image\/gif\" \/>\n<meta name=\"author\" content=\"Eva Z\u00e1labsk\u00e1\" \/>\n<meta name=\"twitter:card\" content=\"summary_large_image\" \/>\n<meta name=\"twitter:label1\" content=\"Napsal(a)\" \/>\n\t<meta name=\"twitter:data1\" content=\"Eva Z\u00e1labsk\u00e1\" \/>\n\t<meta name=\"twitter:label2\" content=\"Odhadovan\u00e1 doba \u010dten\u00ed\" \/>\n\t<meta name=\"twitter:data2\" content=\"2 minuty\" \/>\n<script type=\"application\/ld+json\" class=\"yoast-schema-graph\">{\"@context\":\"https:\/\/schema.org\",\"@graph\":[{\"@type\":\"WebPage\",\"@id\":\"https:\/\/www.ltcpardubice.cz\/?p=7141\",\"url\":\"https:\/\/www.ltcpardubice.cz\/?p=7141\",\"name\":\"Z\u00e1v\u011bre\u010dn\u00e1 kola mistrovsk\u00fdch utk\u00e1n\u00ed dru\u017estev - LTC Pardubice\",\"isPartOf\":{\"@id\":\"https:\/\/www.ltcpardubice.cz\/#website\"},\"primaryImageOfPage\":{\"@id\":\"https:\/\/www.ltcpardubice.cz\/?p=7141#primaryimage\"},\"image\":{\"@id\":\"https:\/\/www.ltcpardubice.cz\/?p=7141#primaryimage\"},\"thumbnailUrl\":\"https:\/\/www.ltcpardubice.cz\/wp-content\/uploads\/2020\/08\/panoramaLTC1.gif\",\"datePublished\":\"2023-07-12T17:04:41+00:00\",\"dateModified\":\"2023-07-12T17:04:42+00:00\",\"author\":{\"@id\":\"https:\/\/www.ltcpardubice.cz\/#\/schema\/person\/8f5f3a741b9adea57419864489f31541\"},\"breadcrumb\":{\"@id\":\"https:\/\/www.ltcpardubice.cz\/?p=7141#breadcrumb\"},\"inLanguage\":\"cs\",\"potentialAction\":[{\"@type\":\"ReadAction\",\"target\":[\"https:\/\/www.ltcpardubice.cz\/?p=7141\"]}]},{\"@type\":\"ImageObject\",\"inLanguage\":\"cs\",\"@id\":\"https:\/\/www.ltcpardubice.cz\/?p=7141#primaryimage\",\"url\":\"https:\/\/www.ltcpardubice.cz\/wp-content\/uploads\/2020\/08\/panoramaLTC1.gif\",\"contentUrl\":\"https:\/\/www.ltcpardubice.cz\/wp-content\/uploads\/2020\/08\/panoramaLTC1.gif\",\"width\":780,\"height\":234},{\"@type\":\"BreadcrumbList\",\"@id\":\"https:\/\/www.ltcpardubice.cz\/?p=7141#breadcrumb\",\"itemListElement\":[{\"@type\":\"ListItem\",\"position\":1,\"name\":\"Home\",\"item\":\"https:\/\/www.ltcpardubice.cz\/\"},{\"@type\":\"ListItem\",\"position\":2,\"name\":\"Z\u00e1v\u011bre\u010dn\u00e1 kola mistrovsk\u00fdch utk\u00e1n\u00ed dru\u017estev\"}]},{\"@type\":\"WebSite\",\"@id\":\"https:\/\/www.ltcpardubice.cz\/#website\",\"url\":\"https:\/\/www.ltcpardubice.cz\/\",\"name\":\"LTC Pardubice\",\"description\":\"Str\u00e1nky tenisov\u00e9ho klubu LTC Pardubice\",\"potentialAction\":[{\"@type\":\"SearchAction\",\"target\":{\"@type\":\"EntryPoint\",\"urlTemplate\":\"https:\/\/www.ltcpardubice.cz\/?s={search_term_string}\"},\"query-input\":{\"@type\":\"PropertyValueSpecification\",\"valueRequired\":true,\"valueName\":\"search_term_string\"}}],\"inLanguage\":\"cs\"},{\"@type\":\"Person\",\"@id\":\"https:\/\/www.ltcpardubice.cz\/#\/schema\/person\/8f5f3a741b9adea57419864489f31541\",\"name\":\"Eva Z\u00e1labsk\u00e1\",\"image\":{\"@type\":\"ImageObject\",\"inLanguage\":\"cs\",\"@id\":\"https:\/\/www.ltcpardubice.cz\/#\/schema\/person\/image\/\",\"url\":\"https:\/\/secure.gravatar.com\/avatar\/fece9555d8859e0080e4a5ae7edcc925?s=96&d=mm&r=g\",\"contentUrl\":\"https:\/\/secure.gravatar.com\/avatar\/fece9555d8859e0080e4a5ae7edcc925?s=96&d=mm&r=g\",\"caption\":\"Eva Z\u00e1labsk\u00e1\"},\"url\":\"https:\/\/www.ltcpardubice.cz\/?author=2\"}]}<\/script>\n<!-- \/ Yoast SEO plugin. -->","yoast_head_json":{"title":"Z\u00e1v\u011bre\u010dn\u00e1 kola mistrovsk\u00fdch utk\u00e1n\u00ed dru\u017estev - LTC Pardubice","robots":{"index":"index","follow":"follow","max-snippet":"max-snippet:-1","max-image-preview":"max-image-preview:large","max-video-preview":"max-video-preview:-1"},"canonical":"https:\/\/www.ltcpardubice.cz\/?p=7141","og_locale":"cs_CZ","og_type":"article","og_title":"Z\u00e1v\u011bre\u010dn\u00e1 kola mistrovsk\u00fdch utk\u00e1n\u00ed dru\u017estev - LTC Pardubice","og_description":"Divizn\u00ed t\u00fdm v z\u00e1v\u011bre\u010dn\u00fdch 2 kolech vyhr\u00e1l v B\u011blohrad\u011b 8:1 a v \u010cesk\u00e9 T\u0159ebov\u00e9 6:3. Skon\u010dil na 2. m\u00edst\u011b a postup zp\u011bt do 2. ligy se nepoda\u0159il d\u00edky utk\u00e1n\u00ed s HITem Hradec Kr\u00e1lov\u00e9 ve 2. kole 2:7. Bohu\u017eel na\u0161e dru\u017estvo nebylo kompletn\u00ed, zat\u00edmco hradeck\u00e9 ano. V Pardubick\u00e9m p\u0159eboru dosp\u011bl\u00fdch na\u0161e C dru\u017estvo porazilo Teslu Pardubice [&hellip;]","og_url":"https:\/\/www.ltcpardubice.cz\/?p=7141","og_site_name":"LTC Pardubice","article_published_time":"2023-07-12T17:04:41+00:00","article_modified_time":"2023-07-12T17:04:42+00:00","og_image":[{"width":780,"height":234,"url":"https:\/\/www.ltcpardubice.cz\/wp-content\/uploads\/2020\/08\/panoramaLTC1.gif","type":"image\/gif"}],"author":"Eva Z\u00e1labsk\u00e1","twitter_card":"summary_large_image","twitter_misc":{"Napsal(a)":"Eva Z\u00e1labsk\u00e1","Odhadovan\u00e1 doba \u010dten\u00ed":"2 minuty"},"schema":{"@context":"https:\/\/schema.org","@graph":[{"@type":"WebPage","@id":"https:\/\/www.ltcpardubice.cz\/?p=7141","url":"https:\/\/www.ltcpardubice.cz\/?p=7141","name":"Z\u00e1v\u011bre\u010dn\u00e1 kola mistrovsk\u00fdch utk\u00e1n\u00ed dru\u017estev - LTC Pardubice","isPartOf":{"@id":"https:\/\/www.ltcpardubice.cz\/#website"},"primaryImageOfPage":{"@id":"https:\/\/www.ltcpardubice.cz\/?p=7141#primaryimage"},"image":{"@id":"https:\/\/www.ltcpardubice.cz\/?p=7141#primaryimage"},"thumbnailUrl":"https:\/\/www.ltcpardubice.cz\/wp-content\/uploads\/2020\/08\/panoramaLTC1.gif","datePublished":"2023-07-12T17:04:41+00:00","dateModified":"2023-07-12T17:04:42+00:00","author":{"@id":"https:\/\/www.ltcpardubice.cz\/#\/schema\/person\/8f5f3a741b9adea57419864489f31541"},"breadcrumb":{"@id":"https:\/\/www.ltcpardubice.cz\/?p=7141#breadcrumb"},"inLanguage":"cs","potentialAction":[{"@type":"ReadAction","target":["https:\/\/www.ltcpardubice.cz\/?p=7141"]}]},{"@type":"ImageObject","inLanguage":"cs","@id":"https:\/\/www.ltcpardubice.cz\/?p=7141#primaryimage","url":"https:\/\/www.ltcpardubice.cz\/wp-content\/uploads\/2020\/08\/panoramaLTC1.gif","contentUrl":"https:\/\/www.ltcpardubice.cz\/wp-content\/uploads\/2020\/08\/panoramaLTC1.gif","width":780,"height":234},{"@type":"BreadcrumbList","@id":"https:\/\/www.ltcpardubice.cz\/?p=7141#breadcrumb","itemListElement":[{"@type":"ListItem","position":1,"name":"Home","item":"https:\/\/www.ltcpardubice.cz\/"},{"@type":"ListItem","position":2,"name":"Z\u00e1v\u011bre\u010dn\u00e1 kola mistrovsk\u00fdch utk\u00e1n\u00ed dru\u017estev"}]},{"@type":"WebSite","@id":"https:\/\/www.ltcpardubice.cz\/#website","url":"https:\/\/www.ltcpardubice.cz\/","name":"LTC Pardubice","description":"Str\u00e1nky tenisov\u00e9ho klubu LTC Pardubice","potentialAction":[{"@type":"SearchAction","target":{"@type":"EntryPoint","urlTemplate":"https:\/\/www.ltcpardubice.cz\/?s={search_term_string}"},"query-input":{"@type":"PropertyValueSpecification","valueRequired":true,"valueName":"search_term_string"}}],"inLanguage":"cs"},{"@type":"Person","@id":"https:\/\/www.ltcpardubice.cz\/#\/schema\/person\/8f5f3a741b9adea57419864489f31541","name":"Eva Z\u00e1labsk\u00e1","image":{"@type":"ImageObject","inLanguage":"cs","@id":"https:\/\/www.ltcpardubice.cz\/#\/schema\/person\/image\/","url":"https:\/\/secure.gravatar.com\/avatar\/fece9555d8859e0080e4a5ae7edcc925?s=96&d=mm&r=g","contentUrl":"https:\/\/secure.gravatar.com\/avatar\/fece9555d8859e0080e4a5ae7edcc925?s=96&d=mm&r=g","caption":"Eva Z\u00e1labsk\u00e1"},"url":"https:\/\/www.ltcpardubice.cz\/?author=2"}]}},"brizy_media":[],"_links":{"self":[{"href":"https:\/\/www.ltcpardubice.cz\/index.php?rest_route=\/wp\/v2\/posts\/7141"}],"collection":[{"href":"https:\/\/www.ltcpardubice.cz\/index.php?rest_route=\/wp\/v2\/posts"}],"about":[{"href":"https:\/\/www.ltcpardubice.cz\/index.php?rest_route=\/wp\/v2\/types\/post"}],"author":[{"embeddable":true,"href":"https:\/\/www.ltcpardubice.cz\/index.php?rest_route=\/wp\/v2\/users\/2"}],"replies":[{"embeddable":true,"href":"https:\/\/www.ltcpardubice.cz\/index.php?rest_route=%2Fwp%2Fv2%2Fcomments&post=7141"}],"version-history":[{"count":1,"href":"https:\/\/www.ltcpardubice.cz\/index.php?rest_route=\/wp\/v2\/posts\/7141\/revisions"}],"predecessor-version":[{"id":7142,"href":"https:\/\/www.ltcpardubice.cz\/index.php?rest_route=\/wp\/v2\/posts\/7141\/revisions\/7142"}],"wp:featuredmedia":[{"embeddable":true,"href":"https:\/\/www.ltcpardubice.cz\/index.php?rest_route=\/wp\/v2\/media\/631"}],"wp:attachment":[{"href":"https:\/\/www.ltcpardubice.cz\/index.php?rest_route=%2Fwp%2Fv2%2Fmedia&parent=7141"}],"wp:term":[{"taxonomy":"category","embeddable":true,"href":"https:\/\/www.ltcpardubice.cz\/index.php?rest_route=%2Fwp%2Fv2%2Fcategories&post=7141"},{"taxonomy":"post_tag","embeddable":true,"href":"https:\/\/www.ltcpardubice.cz\/index.php?rest_route=%2Fwp%2Fv2%2Ftags&post=7141"}],"curies":[{"name":"wp","href":"https:\/\/api.w.org\/{rel}","templated":true}]}}