{"id":7159,"date":"2023-07-24T17:12:17","date_gmt":"2023-07-24T17:12:17","guid":{"rendered":"https:\/\/www.ltcpardubice.cz\/?p=7159"},"modified":"2023-07-24T17:12:18","modified_gmt":"2023-07-24T17:12:18","slug":"pardubicka-juniorka-startuje-o-tyden-drive","status":"publish","type":"post","link":"https:\/\/www.ltcpardubice.cz\/?p=7159","title":{"rendered":"Pardubick\u00e1 juniorka startuje o t\u00fdden d\u0159\u00edve"},"content":{"rendered":"\n<p>96. ro\u010dn\u00edk Pardubick\u00e9 juniorky &#8211; M\u010cR dorostu startuje letos ji\u017e 29.7. z d\u016fvodu zm\u011bny mezin\u00e1rodn\u00edho kalend\u00e1\u0159e. Mezi dorostenci se m\u016f\u017eeme t\u011b\u0161it na na\u0161i \u0161pi\u010dku, startuje nap\u0159. Mrva, Filip, Hrazdil, Bruncl\u00edk a dal\u0161\u00ed. V kategorii dorostenek  by se m\u011bly objevit i v\u00edt\u011bzky juniorsk\u00e9 \u010dty\u0159hry leto\u0161n\u00edho Wimbledonu Samsonov\u00e1 s Kova\u010dkovou, Ale i Urbanov\u00e1, Tomajkov\u00e1 a dal\u0161\u00ed. Z na\u0161ich hr\u00e1\u010d\u016f se p\u0159\u00edmo probojoval F. Dym\u00e1k, d\u00e1le n\u00e1s budou reprezentovat D. \u0160mejc a A. Vobo\u0159ilov\u00e1. A kdo vyhraje PJ?  P\u0159\u00edsp\u011bvek z webu \u010cTS: <\/p>\n\n\n\n<p>D\u00cdVKY<\/p>\n\n\n\n<p>Kdo tedy letos vyhraje?<br>Hlavn\u00edmi favoritkami jsou Tomajkov\u00e1, Samsonov\u00e1 a Kova\u010dkov\u00e1.<\/p>\n\n\n\n<p><strong>Tomajkov\u00e1 Krist\u00fdna<\/strong>&nbsp;(2005, ITF 58) si u\u017e zahr\u00e1la Pardubickou juniorku p\u0159ed dv\u011bma lety, kdy prohr\u00e1la s Nikolou Bart\u016f\u0148kovou v semifin\u00e1le 5:7, 1:6. Bojovnice, kter\u00e9 antuka vyhovuje, bude nejv\u011bt\u0161\u00ed favoritkou leto\u0161n\u00edho ro\u010dn\u00edku.<\/p>\n\n\n\n<p><strong>Laura Samsonov\u00e1<\/strong>&nbsp;(2008, ITF 20) jezd\u00ed v\u00fdhradn\u011b turnaje ITF J500 nebo J300 + grandslamy. Na t\u011bchto siln\u00fdch turnaj\u00edch pravideln\u011b boduje. Do Pardubic jede poprv\u00e9 a hned jako nasazen\u00e1 jedni\u010dka. Bude to pro Lauru hodn\u011b jin\u00e9 ne\u017e turnaje ITF.<\/p>\n\n\n\n<p><strong>Kova\u010dkov\u00e1 Alena<\/strong>&nbsp;(2008, ITF 35) tak\u00e9 jezd\u00ed v\u00fdhradn\u011b turnaje ITF a da\u0159\u00ed se j\u00ed. V Pardubic\u00edch bude hr\u00e1t poprv\u00e9 stejn\u011b jako Samsonov\u00e1. V kategorii star\u0161\u00edho \u017eactva resp. U14 vyhr\u00e1vala co se dalo, tak\u017ee m\u00e1 odehr\u00e1no spoustu z\u00e1pas\u016f. Jej\u00ed solidn\u00ed tenis ur\u010dit\u011b bude fungovat na netrp\u011bliv\u00e9 soupe\u0159ky.<\/p>\n\n\n\n<p><strong>Forejtkov\u00e1 Eli\u0161ka<\/strong>&nbsp;(2008, ITF 63) si loni vyhr\u00e1la velmi t\u011b\u017ek\u00fd \u010dtvrtfin\u00e1lov\u00fd z\u00e1pas proti Sarah Melany Fajmonov\u00e9 a v semifin\u00e1le nesta\u010dila na pozd\u011bj\u0161\u00ed v\u00edt\u011bzku Valentovou. Letos by jist\u011b cht\u011bla doj\u00edt d\u00e1l, ale i semifin\u00e1le bude \u00fasp\u011bch.<\/p>\n\n\n\n<p>K dal\u0161\u00edm hr\u00e1\u010dk\u00e1m, kter\u00e9 by mohly potr\u00e1pit hlavn\u00ed favoritky a probojovat se do semifin\u00e1le, pat\u0159\u00ed zku\u0161en\u00e1&nbsp;<strong>Urbanov\u00e1 Lucie<\/strong>&nbsp;(2006, ITF 89), za posledn\u00ed rok v\u00fdrazn\u011b v\u00fdkonnostn\u011b pokro\u010dil\u00e1&nbsp;<strong>Valdmannov\u00e1 Vendula<\/strong>&nbsp;(2007, ITF 109) a lo\u0148sk\u00e1 finalistka&nbsp;<strong>Sm\u00e9kalov\u00e1 Magdalena<\/strong>&nbsp;(2006, ITF 127).<\/p>\n\n\n\n<hr class=\"wp-block-separator\"\/>\n\n\n\n<p>CHLAPCI<\/p>\n\n\n\n<p>Nejv\u011bt\u0161\u00edm favoritem je asi&nbsp;<strong>Mrva Maxim<\/strong>&nbsp;(2007, ITF 21). V posledn\u00edch m\u011bs\u00edc\u00edch sice nem\u00e1 \u017e\u00e1dn\u00e9 oslniv\u00e9 v\u00fdsledky, ale loni hr\u00e1l v Pardubic\u00edch semifin\u00e1le a to hraje roli. Maxim si chce body uhr\u00e1vat s\u00e1m, co\u017e mu p\u016fjde jist\u011b l\u00e9pe v\u0161ude jinde ne\u017e na pomalej\u0161\u00edm centrkurtu. Ale fin\u00e1le se hraje na centru.<\/p>\n\n\n\n<p><strong>Hrazdil Jan<\/strong>&nbsp;(2005, ITF 33) hr\u00e1l v Pardubic\u00edch p\u0159ed dv\u011bma lety, tehdy vy\u0159adil Vojtu Petra 6:4, 6:1 a ve \u010dtvrtfin\u00e1le nesta\u010dil na pozd\u011bj\u0161\u00edho v\u00edt\u011bze Siniakova 6:4, 4:6, 4:6. Hrazdil m\u00e1 dobr\u00e9 v\u00fdsledky na turnaj\u00edch ITF a v Pardubic\u00edch u\u017e hr\u00e1l, tak\u017ee m\u00e1 velkou \u0161anci ud\u011blat dobr\u00fd v\u00fdsledek.<\/p>\n\n\n\n<p>V chlapc\u00edch to bude letos velmi zaj\u00edmav\u00e9. M\u00e1me tu velmi po\u010detnou skupinu siln\u00fdch hr\u00e1\u010d\u016f, jejich\u017e jm\u00e9na se mohou objevit v prav\u00e9 \u010d\u00e1sti hrac\u00edho pl\u00e1nu. Jsou jimi:&nbsp;<strong>\u0160vojgr, Kalina, Bruncl\u00edk, Filip, Kumst\u00e1t, Vale\u0161, Klimas, Dosko\u010dil, Vel\u00edk<\/strong>.<\/p>\n\n\n\n<hr class=\"wp-block-separator\"\/>\n\n\n\n<p>V pond\u011bl\u00ed v podve\u010der se m\u016f\u017eete t\u011b\u0161it na obl\u00edbenou dovednostn\u00ed hru \u201e\u010c\u00e1ra\u201c, kde \u00fa\u010dastn\u00edci a \u00fa\u010dastnice turnaje sout\u011b\u017e\u00ed mezi sebou vy\u0159azovac\u00edm zp\u016fsobem o nejp\u0159esn\u011bj\u0161\u00ed hod m\u00ed\u010dkem od s\u00edt\u011b sm\u011brem k z\u00e1kladn\u00ed \u010d\u00e1\u0159e. Titul letos p\u0159ijede obhajovat Vendula Valdmannov\u00e1, kter\u00e1 loni zv\u00edt\u011bzila v konkurenci 46 hr\u00e1\u010d\u016f a hr\u00e1\u010dek.<\/p>\n\n\n\n<p>O jak\u00e9 ceny se letos hraje ve dvouh\u0159e a \u010dty\u0159h\u0159e chlapc\u016f a d\u00edvek?<br>Medailist\u00e9 v leto\u0161n\u00edm roce obdr\u017e\u00ed v\u011bcn\u00e9 ceny v\u00fd\u0161i cca 700 000 K\u010d. Mezi cenami jsou nap\u0159\u00edklad: Apple \u2013 MacBook 13.3, Apple iPhone 14 PRO, Ap Bang &amp; Olufsen Speaker, Bang &amp; Olufsen Beoplay HX, Bang &amp; Olufsen Beoplay EX, JBL Xtreme, Apple AirPods3, Bang &amp; Olufsen Speaker<\/p>\n\n\n\n<p>Velk\u00fd sv\u00e1tek juniorsk\u00e9ho tenisu za\u010d\u00edn\u00e1 v sobotu 29. \u010dervence v are\u00e1lu LTC Pardubice. Ve\u0161ker\u00e9 informace najdete na&nbsp;<a href=\"http:\/\/www.pardubickajuniorka.cz\/\">www.pardubickajuniorka.cz<\/a>. Ze v\u0161ech dvorc\u016f je k dispozici LIVESCORE. Ze dvorc\u016f 4,5,6,7 a centr je zdarma k dispozici LIVESTREAM. Odkazy naleznete takt\u00e9\u017e na&nbsp;<a href=\"http:\/\/www.pardubickajuniorka.cz\/\">www.pardubickajuniorka.cz<\/a>.<\/p>\n\n\n\n<p>Vstup do are\u00e1lu b\u011bhem cel\u00e9ho turnaje je pro v\u0161echny fanou\u0161ky tenisu ZDARMA.<\/p>\n\n\n\n<p>V p\u0159\u00edpad\u011b dotaz\u016f pi\u0161te na email:&nbsp;<a href=\"mailto:reditel@pardubickajuniorka.cz\">reditel@pardubickajuniorka.cz<\/a>.<\/p>\n\n\n\n<p>Napsal: Luk\u00e1\u0161 B\u0159ezina<\/p>\n","protected":false},"excerpt":{"rendered":"<p>96. ro\u010dn\u00edk Pardubick\u00e9 juniorky &#8211; M\u010cR dorostu startuje letos ji\u017e 29.7. z d\u016fvodu zm\u011bny mezin\u00e1rodn\u00edho kalend\u00e1\u0159e. Mezi dorostenci se m\u016f\u017eeme t\u011b\u0161it na na\u0161i \u0161pi\u010dku, startuje nap\u0159. Mrva, Filip, Hrazdil, Bruncl\u00edk a dal\u0161\u00ed. V kategorii dorostenek by se m\u011bly objevit i v\u00edt\u011bzky juniorsk\u00e9 \u010dty\u0159hry leto\u0161n\u00edho Wimbledonu Samsonov\u00e1 s Kova\u010dkovou, Ale i Urbanov\u00e1, Tomajkov\u00e1 a dal\u0161\u00ed. Z [&hellip;]<\/p>\n","protected":false},"author":2,"featured_media":6824,"comment_status":"open","ping_status":"open","sticky":false,"template":"","format":"standard","meta":{"_monsterinsights_skip_tracking":false,"_monsterinsights_sitenote_active":false,"_monsterinsights_sitenote_note":"","_monsterinsights_sitenote_category":0,"footnotes":""},"categories":[10],"tags":[],"yoast_head":"<!-- This site is optimized with the Yoast SEO plugin v24.5 - https:\/\/yoast.com\/wordpress\/plugins\/seo\/ -->\n<title>Pardubick\u00e1 juniorka startuje o t\u00fdden d\u0159\u00edve - LTC Pardubice<\/title>\n<meta name=\"robots\" content=\"index, follow, max-snippet:-1, max-image-preview:large, max-video-preview:-1\" \/>\n<link rel=\"canonical\" href=\"https:\/\/www.ltcpardubice.cz\/?p=7159\" \/>\n<meta property=\"og:locale\" content=\"cs_CZ\" \/>\n<meta property=\"og:type\" content=\"article\" \/>\n<meta property=\"og:title\" content=\"Pardubick\u00e1 juniorka startuje o t\u00fdden d\u0159\u00edve - LTC Pardubice\" \/>\n<meta property=\"og:description\" content=\"96. ro\u010dn\u00edk Pardubick\u00e9 juniorky &#8211; M\u010cR dorostu startuje letos ji\u017e 29.7. z d\u016fvodu zm\u011bny mezin\u00e1rodn\u00edho kalend\u00e1\u0159e. Mezi dorostenci se m\u016f\u017eeme t\u011b\u0161it na na\u0161i \u0161pi\u010dku, startuje nap\u0159. Mrva, Filip, Hrazdil, Bruncl\u00edk a dal\u0161\u00ed. V kategorii dorostenek by se m\u011bly objevit i v\u00edt\u011bzky juniorsk\u00e9 \u010dty\u0159hry leto\u0161n\u00edho Wimbledonu Samsonov\u00e1 s Kova\u010dkovou, Ale i Urbanov\u00e1, Tomajkov\u00e1 a dal\u0161\u00ed. Z [&hellip;]\" \/>\n<meta property=\"og:url\" content=\"https:\/\/www.ltcpardubice.cz\/?p=7159\" \/>\n<meta property=\"og:site_name\" content=\"LTC Pardubice\" \/>\n<meta property=\"article:published_time\" content=\"2023-07-24T17:12:17+00:00\" \/>\n<meta property=\"article:modified_time\" content=\"2023-07-24T17:12:18+00:00\" \/>\n<meta property=\"og:image\" content=\"https:\/\/www.ltcpardubice.cz\/wp-content\/uploads\/2021\/07\/logo-pce-juniorka.png\" \/>\n\t<meta property=\"og:image:width\" content=\"500\" \/>\n\t<meta property=\"og:image:height\" content=\"500\" \/>\n\t<meta property=\"og:image:type\" content=\"image\/png\" \/>\n<meta name=\"author\" content=\"Eva Z\u00e1labsk\u00e1\" \/>\n<meta name=\"twitter:card\" content=\"summary_large_image\" \/>\n<meta name=\"twitter:label1\" content=\"Napsal(a)\" \/>\n\t<meta name=\"twitter:data1\" content=\"Eva Z\u00e1labsk\u00e1\" \/>\n\t<meta name=\"twitter:label2\" content=\"Odhadovan\u00e1 doba \u010dten\u00ed\" \/>\n\t<meta name=\"twitter:data2\" content=\"4 minuty\" \/>\n<script type=\"application\/ld+json\" class=\"yoast-schema-graph\">{\"@context\":\"https:\/\/schema.org\",\"@graph\":[{\"@type\":\"WebPage\",\"@id\":\"https:\/\/www.ltcpardubice.cz\/?p=7159\",\"url\":\"https:\/\/www.ltcpardubice.cz\/?p=7159\",\"name\":\"Pardubick\u00e1 juniorka startuje o t\u00fdden d\u0159\u00edve - LTC Pardubice\",\"isPartOf\":{\"@id\":\"https:\/\/www.ltcpardubice.cz\/#website\"},\"primaryImageOfPage\":{\"@id\":\"https:\/\/www.ltcpardubice.cz\/?p=7159#primaryimage\"},\"image\":{\"@id\":\"https:\/\/www.ltcpardubice.cz\/?p=7159#primaryimage\"},\"thumbnailUrl\":\"https:\/\/www.ltcpardubice.cz\/wp-content\/uploads\/2021\/07\/logo-pce-juniorka.png\",\"datePublished\":\"2023-07-24T17:12:17+00:00\",\"dateModified\":\"2023-07-24T17:12:18+00:00\",\"author\":{\"@id\":\"https:\/\/www.ltcpardubice.cz\/#\/schema\/person\/8f5f3a741b9adea57419864489f31541\"},\"breadcrumb\":{\"@id\":\"https:\/\/www.ltcpardubice.cz\/?p=7159#breadcrumb\"},\"inLanguage\":\"cs\",\"potentialAction\":[{\"@type\":\"ReadAction\",\"target\":[\"https:\/\/www.ltcpardubice.cz\/?p=7159\"]}]},{\"@type\":\"ImageObject\",\"inLanguage\":\"cs\",\"@id\":\"https:\/\/www.ltcpardubice.cz\/?p=7159#primaryimage\",\"url\":\"https:\/\/www.ltcpardubice.cz\/wp-content\/uploads\/2021\/07\/logo-pce-juniorka.png\",\"contentUrl\":\"https:\/\/www.ltcpardubice.cz\/wp-content\/uploads\/2021\/07\/logo-pce-juniorka.png\",\"width\":500,\"height\":500},{\"@type\":\"BreadcrumbList\",\"@id\":\"https:\/\/www.ltcpardubice.cz\/?p=7159#breadcrumb\",\"itemListElement\":[{\"@type\":\"ListItem\",\"position\":1,\"name\":\"Home\",\"item\":\"https:\/\/www.ltcpardubice.cz\/\"},{\"@type\":\"ListItem\",\"position\":2,\"name\":\"Pardubick\u00e1 juniorka startuje o t\u00fdden d\u0159\u00edve\"}]},{\"@type\":\"WebSite\",\"@id\":\"https:\/\/www.ltcpardubice.cz\/#website\",\"url\":\"https:\/\/www.ltcpardubice.cz\/\",\"name\":\"LTC Pardubice\",\"description\":\"Str\u00e1nky tenisov\u00e9ho klubu LTC Pardubice\",\"potentialAction\":[{\"@type\":\"SearchAction\",\"target\":{\"@type\":\"EntryPoint\",\"urlTemplate\":\"https:\/\/www.ltcpardubice.cz\/?s={search_term_string}\"},\"query-input\":{\"@type\":\"PropertyValueSpecification\",\"valueRequired\":true,\"valueName\":\"search_term_string\"}}],\"inLanguage\":\"cs\"},{\"@type\":\"Person\",\"@id\":\"https:\/\/www.ltcpardubice.cz\/#\/schema\/person\/8f5f3a741b9adea57419864489f31541\",\"name\":\"Eva Z\u00e1labsk\u00e1\",\"image\":{\"@type\":\"ImageObject\",\"inLanguage\":\"cs\",\"@id\":\"https:\/\/www.ltcpardubice.cz\/#\/schema\/person\/image\/\",\"url\":\"https:\/\/secure.gravatar.com\/avatar\/fece9555d8859e0080e4a5ae7edcc925?s=96&d=mm&r=g\",\"contentUrl\":\"https:\/\/secure.gravatar.com\/avatar\/fece9555d8859e0080e4a5ae7edcc925?s=96&d=mm&r=g\",\"caption\":\"Eva Z\u00e1labsk\u00e1\"},\"url\":\"https:\/\/www.ltcpardubice.cz\/?author=2\"}]}<\/script>\n<!-- \/ Yoast SEO plugin. -->","yoast_head_json":{"title":"Pardubick\u00e1 juniorka startuje o t\u00fdden d\u0159\u00edve - LTC Pardubice","robots":{"index":"index","follow":"follow","max-snippet":"max-snippet:-1","max-image-preview":"max-image-preview:large","max-video-preview":"max-video-preview:-1"},"canonical":"https:\/\/www.ltcpardubice.cz\/?p=7159","og_locale":"cs_CZ","og_type":"article","og_title":"Pardubick\u00e1 juniorka startuje o t\u00fdden d\u0159\u00edve - LTC Pardubice","og_description":"96. ro\u010dn\u00edk Pardubick\u00e9 juniorky &#8211; M\u010cR dorostu startuje letos ji\u017e 29.7. z d\u016fvodu zm\u011bny mezin\u00e1rodn\u00edho kalend\u00e1\u0159e. Mezi dorostenci se m\u016f\u017eeme t\u011b\u0161it na na\u0161i \u0161pi\u010dku, startuje nap\u0159. Mrva, Filip, Hrazdil, Bruncl\u00edk a dal\u0161\u00ed. V kategorii dorostenek by se m\u011bly objevit i v\u00edt\u011bzky juniorsk\u00e9 \u010dty\u0159hry leto\u0161n\u00edho Wimbledonu Samsonov\u00e1 s Kova\u010dkovou, Ale i Urbanov\u00e1, Tomajkov\u00e1 a dal\u0161\u00ed. Z [&hellip;]","og_url":"https:\/\/www.ltcpardubice.cz\/?p=7159","og_site_name":"LTC Pardubice","article_published_time":"2023-07-24T17:12:17+00:00","article_modified_time":"2023-07-24T17:12:18+00:00","og_image":[{"width":500,"height":500,"url":"https:\/\/www.ltcpardubice.cz\/wp-content\/uploads\/2021\/07\/logo-pce-juniorka.png","type":"image\/png"}],"author":"Eva Z\u00e1labsk\u00e1","twitter_card":"summary_large_image","twitter_misc":{"Napsal(a)":"Eva Z\u00e1labsk\u00e1","Odhadovan\u00e1 doba \u010dten\u00ed":"4 minuty"},"schema":{"@context":"https:\/\/schema.org","@graph":[{"@type":"WebPage","@id":"https:\/\/www.ltcpardubice.cz\/?p=7159","url":"https:\/\/www.ltcpardubice.cz\/?p=7159","name":"Pardubick\u00e1 juniorka startuje o t\u00fdden d\u0159\u00edve - LTC Pardubice","isPartOf":{"@id":"https:\/\/www.ltcpardubice.cz\/#website"},"primaryImageOfPage":{"@id":"https:\/\/www.ltcpardubice.cz\/?p=7159#primaryimage"},"image":{"@id":"https:\/\/www.ltcpardubice.cz\/?p=7159#primaryimage"},"thumbnailUrl":"https:\/\/www.ltcpardubice.cz\/wp-content\/uploads\/2021\/07\/logo-pce-juniorka.png","datePublished":"2023-07-24T17:12:17+00:00","dateModified":"2023-07-24T17:12:18+00:00","author":{"@id":"https:\/\/www.ltcpardubice.cz\/#\/schema\/person\/8f5f3a741b9adea57419864489f31541"},"breadcrumb":{"@id":"https:\/\/www.ltcpardubice.cz\/?p=7159#breadcrumb"},"inLanguage":"cs","potentialAction":[{"@type":"ReadAction","target":["https:\/\/www.ltcpardubice.cz\/?p=7159"]}]},{"@type":"ImageObject","inLanguage":"cs","@id":"https:\/\/www.ltcpardubice.cz\/?p=7159#primaryimage","url":"https:\/\/www.ltcpardubice.cz\/wp-content\/uploads\/2021\/07\/logo-pce-juniorka.png","contentUrl":"https:\/\/www.ltcpardubice.cz\/wp-content\/uploads\/2021\/07\/logo-pce-juniorka.png","width":500,"height":500},{"@type":"BreadcrumbList","@id":"https:\/\/www.ltcpardubice.cz\/?p=7159#breadcrumb","itemListElement":[{"@type":"ListItem","position":1,"name":"Home","item":"https:\/\/www.ltcpardubice.cz\/"},{"@type":"ListItem","position":2,"name":"Pardubick\u00e1 juniorka startuje o t\u00fdden d\u0159\u00edve"}]},{"@type":"WebSite","@id":"https:\/\/www.ltcpardubice.cz\/#website","url":"https:\/\/www.ltcpardubice.cz\/","name":"LTC Pardubice","description":"Str\u00e1nky tenisov\u00e9ho klubu LTC Pardubice","potentialAction":[{"@type":"SearchAction","target":{"@type":"EntryPoint","urlTemplate":"https:\/\/www.ltcpardubice.cz\/?s={search_term_string}"},"query-input":{"@type":"PropertyValueSpecification","valueRequired":true,"valueName":"search_term_string"}}],"inLanguage":"cs"},{"@type":"Person","@id":"https:\/\/www.ltcpardubice.cz\/#\/schema\/person\/8f5f3a741b9adea57419864489f31541","name":"Eva Z\u00e1labsk\u00e1","image":{"@type":"ImageObject","inLanguage":"cs","@id":"https:\/\/www.ltcpardubice.cz\/#\/schema\/person\/image\/","url":"https:\/\/secure.gravatar.com\/avatar\/fece9555d8859e0080e4a5ae7edcc925?s=96&d=mm&r=g","contentUrl":"https:\/\/secure.gravatar.com\/avatar\/fece9555d8859e0080e4a5ae7edcc925?s=96&d=mm&r=g","caption":"Eva Z\u00e1labsk\u00e1"},"url":"https:\/\/www.ltcpardubice.cz\/?author=2"}]}},"brizy_media":[],"_links":{"self":[{"href":"https:\/\/www.ltcpardubice.cz\/index.php?rest_route=\/wp\/v2\/posts\/7159"}],"collection":[{"href":"https:\/\/www.ltcpardubice.cz\/index.php?rest_route=\/wp\/v2\/posts"}],"about":[{"href":"https:\/\/www.ltcpardubice.cz\/index.php?rest_route=\/wp\/v2\/types\/post"}],"author":[{"embeddable":true,"href":"https:\/\/www.ltcpardubice.cz\/index.php?rest_route=\/wp\/v2\/users\/2"}],"replies":[{"embeddable":true,"href":"https:\/\/www.ltcpardubice.cz\/index.php?rest_route=%2Fwp%2Fv2%2Fcomments&post=7159"}],"version-history":[{"count":1,"href":"https:\/\/www.ltcpardubice.cz\/index.php?rest_route=\/wp\/v2\/posts\/7159\/revisions"}],"predecessor-version":[{"id":7160,"href":"https:\/\/www.ltcpardubice.cz\/index.php?rest_route=\/wp\/v2\/posts\/7159\/revisions\/7160"}],"wp:featuredmedia":[{"embeddable":true,"href":"https:\/\/www.ltcpardubice.cz\/index.php?rest_route=\/wp\/v2\/media\/6824"}],"wp:attachment":[{"href":"https:\/\/www.ltcpardubice.cz\/index.php?rest_route=%2Fwp%2Fv2%2Fmedia&parent=7159"}],"wp:term":[{"taxonomy":"category","embeddable":true,"href":"https:\/\/www.ltcpardubice.cz\/index.php?rest_route=%2Fwp%2Fv2%2Fcategories&post=7159"},{"taxonomy":"post_tag","embeddable":true,"href":"https:\/\/www.ltcpardubice.cz\/index.php?rest_route=%2Fwp%2Fv2%2Ftags&post=7159"}],"curies":[{"name":"wp","href":"https:\/\/api.w.org\/{rel}","templated":true}]}}