{"id":7164,"date":"2023-09-13T16:46:31","date_gmt":"2023-09-13T16:46:31","guid":{"rendered":"https:\/\/www.ltcpardubice.cz\/?p=7164"},"modified":"2023-09-13T16:46:41","modified_gmt":"2023-09-13T16:46:41","slug":"nasi-hraci-na-turnajich-o-prazdninach-a-v-zari","status":"publish","type":"post","link":"https:\/\/www.ltcpardubice.cz\/?p=7164","title":{"rendered":"Na\u0161i hr\u00e1\u010di na turnaj\u00edch o pr\u00e1zdnin\u00e1ch a v z\u00e1\u0159\u00ed"},"content":{"rendered":"\n<p>A. Vobo\u0159ilov\u00e1 vyhr\u00e1la v srpnu turnaj C \u017een ve dvouh\u0159e. Na B turnaji \u017een na Tesle Pardubice byla ve \u010dtvrtfin\u00e1le. V dorosteneck\u00e9 kategorii byla ve \u010dtvrtfin\u00e1le dvouhry na B turnaji v \u010cesk\u00fdch Bud\u011bjovic\u00edch. V\u00fdsledky hr\u00e1\u010dky m\u016f\u017eete sledovat na: <a href=\"https:\/\/cztenis.cz\/hrac\/1036322\">https:\/\/cztenis.cz\/hrac\/1036322<\/a><\/p>\n\n\n\n<p>F. Dym\u00e1k vyhr\u00e1l C dorostu v \u00dast\u00ed nad Orlic\u00edch ve dvouh\u0159e, na B turnaji v Chrudimi byl ve dvouh\u0159e ve \u010dtvrtfin\u00e1le a ve \u010dty\u0159h\u0159e v osmifin\u00e1le. Vyhr\u00e1l \u010dty\u0159hru na C turnaji v Hradci Kr\u00e1lov\u00e9. Prvn\u00edm rokem dorostenec se sna\u017e\u00ed jezdit turnaje vy\u0161\u0161\u00ed kategorie, v\u00fdsledky hr\u00e1\u010de na: <a href=\"https:\/\/cztenis.cz\/hrac\/1042850\">https:\/\/cztenis.cz\/hrac\/1042850<\/a><\/p>\n\n\n\n<p>D. \u0160mejc, star\u0161\u00ed \u017e\u00e1k, se bl\u00fdsknul na 2 turnaj\u00edch dorostu kategorie C v Holic\u00edch a v Litomy\u0161li, kter\u00e9 oba vyhr\u00e1l. V kategorii star\u0161\u00edch \u017e\u00e1k\u016f byl 3x ve fin\u00e1le B turnaj\u016f ve dvouh\u0159e: v Brn\u011b, \u010cesk\u00fdch Bud\u011bjovic\u00edch a na dom\u00e1c\u00ed p\u016fd\u011b LTC Pardubice, kde vyhr\u00e1l \u010dty\u0159hru. Za pr\u00e1zdniny v\u00fdkonnostn\u011b hodn\u011b posko\u010dil, bl\u00fdsknul se v\u00fdborn\u00fdmi v\u00fdkony i na M\u010cR star\u0161\u00edch \u017e\u00e1k\u016f a Pardubick\u00e9 juniorce. V\u00fdsledky hr\u00e1\u010de: <a href=\"https:\/\/cztenis.cz\/hrac\/1038159\">https:\/\/cztenis.cz\/hrac\/1038159<\/a><\/p>\n\n\n\n<p>J. \u0158\u00edhov\u00e1 vyhr\u00e1la ve dvouh\u0159e C turnaj v \u00dapici a v Trutnov\u011b, ve fin\u00e1le byla v Hradci Kr\u00e1lov\u00e9, kde vyhr\u00e1la \u010dty\u0159hru. Na dal\u0161\u00edch turnaj\u00edch byla pravideln\u011b ve fin\u00e1le nebo v semifin\u00e1le. Hr\u00e1la i A turnaj na Tesle Pardubice. Sv\u00fdmi v\u00fdsledky potvrzuje, \u017ee pat\u0159\u00ed ke \u0161pi\u010dce star\u0161\u00edch \u017e\u00e1ky\u0148 ve V\u00fdchodn\u00edch \u010cech\u00e1ch. V\u00fdsledky na: <a href=\"https:\/\/cztenis.cz\/hrac\/1051306\">https:\/\/cztenis.cz\/hrac\/1051306<\/a><\/p>\n\n\n\n<p>D. Vaverka vyhr\u00e1l ve dvouh\u0159e c\u00e9\u010dka v Kol\u00edn\u011b a Tachlovic\u00edch v kategorii star\u0161\u00edch \u017e\u00e1k\u016f, na dal\u0161\u00edch byl v semifin\u00e1le nebo ve fin\u00e1le, vyhr\u00e1l \u010dty\u0159hru v Hradci Kr\u00e1lov\u00e9 a v Litomy\u0161li. V\u00fdsledky: <a href=\"https:\/\/cztenis.cz\/hrac\/1040018\">https:\/\/cztenis.cz\/hrac\/1040018<\/a><\/p>\n\n\n\n<p>A. Honigov\u00e1 vyhr\u00e1la 2x dvouhru na C turnaj\u00edch star\u0161\u00edch \u017e\u00e1k\u016f v Hradci Kr\u00e1lov\u00e9 na HITU i DTJ ve dvouh\u0159e i \u010dty\u0159h\u0159e. Na A turnaji na Tesle pro\u0161la kvalifikac\u00ed, v HS prohr\u00e1la v 1. kle. V\u00fdsledky na: <a href=\"https:\/\/cztenis.cz\/hrac\/1046800\">https:\/\/cztenis.cz\/hrac\/1046800<\/a><\/p>\n\n\n\n<p>Dosp\u011bl\u00ed hr\u00e1\u010di hr\u00e1li s v\u011bt\u0161\u00edmi a men\u0161\u00edmi \u00fasp\u011bchy na turnaj\u00edch r\u016fzn\u00fdch kategori\u00edch. Na M\u010cR \u017een se probojovala A. Wasserbauerov\u00e1 na vysoko\u0161kolsk\u00e9m M\u010cR hr\u00e1li O. Skokan a L. Kelnar. R. He\u0159manov\u00e1 byla ve fin\u00e1le dvouhry na B turnaji v \u017di\u017eelic\u00edch, v osmifin\u00e1le na A turnaji v Hou\u0161tce. V\u00fdsledky:<a href=\"https:\/\/cztenis.cz\/hrac\/1020198\">https:\/\/cztenis.cz\/hrac\/1020198<\/a>   <\/p>\n","protected":false},"excerpt":{"rendered":"<p>A. Vobo\u0159ilov\u00e1 vyhr\u00e1la v srpnu turnaj C \u017een ve dvouh\u0159e. Na B turnaji \u017een na Tesle Pardubice byla ve \u010dtvrtfin\u00e1le. V dorosteneck\u00e9 kategorii byla ve \u010dtvrtfin\u00e1le dvouhry na B turnaji v \u010cesk\u00fdch Bud\u011bjovic\u00edch. V\u00fdsledky hr\u00e1\u010dky m\u016f\u017eete sledovat na: https:\/\/cztenis.cz\/hrac\/1036322 F. Dym\u00e1k vyhr\u00e1l C dorostu v \u00dast\u00ed nad Orlic\u00edch ve dvouh\u0159e, na B turnaji v Chrudimi [&hellip;]<\/p>\n","protected":false},"author":2,"featured_media":6749,"comment_status":"open","ping_status":"open","sticky":false,"template":"","format":"standard","meta":{"_monsterinsights_skip_tracking":false,"_monsterinsights_sitenote_active":false,"_monsterinsights_sitenote_note":"","_monsterinsights_sitenote_category":0,"footnotes":""},"categories":[10],"tags":[],"yoast_head":"<!-- This site is optimized with the Yoast SEO plugin v24.5 - https:\/\/yoast.com\/wordpress\/plugins\/seo\/ -->\n<title>Na\u0161i hr\u00e1\u010di na turnaj\u00edch o pr\u00e1zdnin\u00e1ch a v z\u00e1\u0159\u00ed - LTC Pardubice<\/title>\n<meta name=\"robots\" content=\"index, follow, max-snippet:-1, max-image-preview:large, max-video-preview:-1\" \/>\n<link rel=\"canonical\" href=\"https:\/\/www.ltcpardubice.cz\/?p=7164\" \/>\n<meta property=\"og:locale\" content=\"cs_CZ\" \/>\n<meta property=\"og:type\" content=\"article\" \/>\n<meta property=\"og:title\" content=\"Na\u0161i hr\u00e1\u010di na turnaj\u00edch o pr\u00e1zdnin\u00e1ch a v z\u00e1\u0159\u00ed - LTC Pardubice\" \/>\n<meta property=\"og:description\" content=\"A. Vobo\u0159ilov\u00e1 vyhr\u00e1la v srpnu turnaj C \u017een ve dvouh\u0159e. Na B turnaji \u017een na Tesle Pardubice byla ve \u010dtvrtfin\u00e1le. V dorosteneck\u00e9 kategorii byla ve \u010dtvrtfin\u00e1le dvouhry na B turnaji v \u010cesk\u00fdch Bud\u011bjovic\u00edch. V\u00fdsledky hr\u00e1\u010dky m\u016f\u017eete sledovat na: https:\/\/cztenis.cz\/hrac\/1036322 F. Dym\u00e1k vyhr\u00e1l C dorostu v \u00dast\u00ed nad Orlic\u00edch ve dvouh\u0159e, na B turnaji v Chrudimi [&hellip;]\" \/>\n<meta property=\"og:url\" content=\"https:\/\/www.ltcpardubice.cz\/?p=7164\" \/>\n<meta property=\"og:site_name\" content=\"LTC Pardubice\" \/>\n<meta property=\"article:published_time\" content=\"2023-09-13T16:46:31+00:00\" \/>\n<meta property=\"article:modified_time\" content=\"2023-09-13T16:46:41+00:00\" \/>\n<meta property=\"og:image\" content=\"https:\/\/www.ltcpardubice.cz\/wp-content\/uploads\/2021\/05\/tenis_1-1481x500-1.jpg\" \/>\n\t<meta property=\"og:image:width\" content=\"1481\" \/>\n\t<meta property=\"og:image:height\" content=\"500\" \/>\n\t<meta property=\"og:image:type\" content=\"image\/jpeg\" \/>\n<meta name=\"author\" content=\"Eva Z\u00e1labsk\u00e1\" \/>\n<meta name=\"twitter:card\" content=\"summary_large_image\" \/>\n<meta name=\"twitter:label1\" content=\"Napsal(a)\" \/>\n\t<meta name=\"twitter:data1\" content=\"Eva Z\u00e1labsk\u00e1\" \/>\n\t<meta name=\"twitter:label2\" content=\"Odhadovan\u00e1 doba \u010dten\u00ed\" \/>\n\t<meta name=\"twitter:data2\" content=\"2 minuty\" \/>\n<script type=\"application\/ld+json\" class=\"yoast-schema-graph\">{\"@context\":\"https:\/\/schema.org\",\"@graph\":[{\"@type\":\"WebPage\",\"@id\":\"https:\/\/www.ltcpardubice.cz\/?p=7164\",\"url\":\"https:\/\/www.ltcpardubice.cz\/?p=7164\",\"name\":\"Na\u0161i hr\u00e1\u010di na turnaj\u00edch o pr\u00e1zdnin\u00e1ch a v z\u00e1\u0159\u00ed - LTC Pardubice\",\"isPartOf\":{\"@id\":\"https:\/\/www.ltcpardubice.cz\/#website\"},\"primaryImageOfPage\":{\"@id\":\"https:\/\/www.ltcpardubice.cz\/?p=7164#primaryimage\"},\"image\":{\"@id\":\"https:\/\/www.ltcpardubice.cz\/?p=7164#primaryimage\"},\"thumbnailUrl\":\"https:\/\/www.ltcpardubice.cz\/wp-content\/uploads\/2021\/05\/tenis_1-1481x500-1.jpg\",\"datePublished\":\"2023-09-13T16:46:31+00:00\",\"dateModified\":\"2023-09-13T16:46:41+00:00\",\"author\":{\"@id\":\"https:\/\/www.ltcpardubice.cz\/#\/schema\/person\/8f5f3a741b9adea57419864489f31541\"},\"breadcrumb\":{\"@id\":\"https:\/\/www.ltcpardubice.cz\/?p=7164#breadcrumb\"},\"inLanguage\":\"cs\",\"potentialAction\":[{\"@type\":\"ReadAction\",\"target\":[\"https:\/\/www.ltcpardubice.cz\/?p=7164\"]}]},{\"@type\":\"ImageObject\",\"inLanguage\":\"cs\",\"@id\":\"https:\/\/www.ltcpardubice.cz\/?p=7164#primaryimage\",\"url\":\"https:\/\/www.ltcpardubice.cz\/wp-content\/uploads\/2021\/05\/tenis_1-1481x500-1.jpg\",\"contentUrl\":\"https:\/\/www.ltcpardubice.cz\/wp-content\/uploads\/2021\/05\/tenis_1-1481x500-1.jpg\",\"width\":1481,\"height\":500},{\"@type\":\"BreadcrumbList\",\"@id\":\"https:\/\/www.ltcpardubice.cz\/?p=7164#breadcrumb\",\"itemListElement\":[{\"@type\":\"ListItem\",\"position\":1,\"name\":\"Home\",\"item\":\"https:\/\/www.ltcpardubice.cz\/\"},{\"@type\":\"ListItem\",\"position\":2,\"name\":\"Na\u0161i hr\u00e1\u010di na turnaj\u00edch o pr\u00e1zdnin\u00e1ch a v z\u00e1\u0159\u00ed\"}]},{\"@type\":\"WebSite\",\"@id\":\"https:\/\/www.ltcpardubice.cz\/#website\",\"url\":\"https:\/\/www.ltcpardubice.cz\/\",\"name\":\"LTC Pardubice\",\"description\":\"Str\u00e1nky tenisov\u00e9ho klubu LTC Pardubice\",\"potentialAction\":[{\"@type\":\"SearchAction\",\"target\":{\"@type\":\"EntryPoint\",\"urlTemplate\":\"https:\/\/www.ltcpardubice.cz\/?s={search_term_string}\"},\"query-input\":{\"@type\":\"PropertyValueSpecification\",\"valueRequired\":true,\"valueName\":\"search_term_string\"}}],\"inLanguage\":\"cs\"},{\"@type\":\"Person\",\"@id\":\"https:\/\/www.ltcpardubice.cz\/#\/schema\/person\/8f5f3a741b9adea57419864489f31541\",\"name\":\"Eva Z\u00e1labsk\u00e1\",\"image\":{\"@type\":\"ImageObject\",\"inLanguage\":\"cs\",\"@id\":\"https:\/\/www.ltcpardubice.cz\/#\/schema\/person\/image\/\",\"url\":\"https:\/\/secure.gravatar.com\/avatar\/fece9555d8859e0080e4a5ae7edcc925?s=96&d=mm&r=g\",\"contentUrl\":\"https:\/\/secure.gravatar.com\/avatar\/fece9555d8859e0080e4a5ae7edcc925?s=96&d=mm&r=g\",\"caption\":\"Eva Z\u00e1labsk\u00e1\"},\"url\":\"https:\/\/www.ltcpardubice.cz\/?author=2\"}]}<\/script>\n<!-- \/ Yoast SEO plugin. -->","yoast_head_json":{"title":"Na\u0161i hr\u00e1\u010di na turnaj\u00edch o pr\u00e1zdnin\u00e1ch a v z\u00e1\u0159\u00ed - LTC Pardubice","robots":{"index":"index","follow":"follow","max-snippet":"max-snippet:-1","max-image-preview":"max-image-preview:large","max-video-preview":"max-video-preview:-1"},"canonical":"https:\/\/www.ltcpardubice.cz\/?p=7164","og_locale":"cs_CZ","og_type":"article","og_title":"Na\u0161i hr\u00e1\u010di na turnaj\u00edch o pr\u00e1zdnin\u00e1ch a v z\u00e1\u0159\u00ed - LTC Pardubice","og_description":"A. Vobo\u0159ilov\u00e1 vyhr\u00e1la v srpnu turnaj C \u017een ve dvouh\u0159e. Na B turnaji \u017een na Tesle Pardubice byla ve \u010dtvrtfin\u00e1le. V dorosteneck\u00e9 kategorii byla ve \u010dtvrtfin\u00e1le dvouhry na B turnaji v \u010cesk\u00fdch Bud\u011bjovic\u00edch. V\u00fdsledky hr\u00e1\u010dky m\u016f\u017eete sledovat na: https:\/\/cztenis.cz\/hrac\/1036322 F. Dym\u00e1k vyhr\u00e1l C dorostu v \u00dast\u00ed nad Orlic\u00edch ve dvouh\u0159e, na B turnaji v Chrudimi [&hellip;]","og_url":"https:\/\/www.ltcpardubice.cz\/?p=7164","og_site_name":"LTC Pardubice","article_published_time":"2023-09-13T16:46:31+00:00","article_modified_time":"2023-09-13T16:46:41+00:00","og_image":[{"width":1481,"height":500,"url":"https:\/\/www.ltcpardubice.cz\/wp-content\/uploads\/2021\/05\/tenis_1-1481x500-1.jpg","type":"image\/jpeg"}],"author":"Eva Z\u00e1labsk\u00e1","twitter_card":"summary_large_image","twitter_misc":{"Napsal(a)":"Eva Z\u00e1labsk\u00e1","Odhadovan\u00e1 doba \u010dten\u00ed":"2 minuty"},"schema":{"@context":"https:\/\/schema.org","@graph":[{"@type":"WebPage","@id":"https:\/\/www.ltcpardubice.cz\/?p=7164","url":"https:\/\/www.ltcpardubice.cz\/?p=7164","name":"Na\u0161i hr\u00e1\u010di na turnaj\u00edch o pr\u00e1zdnin\u00e1ch a v z\u00e1\u0159\u00ed - LTC Pardubice","isPartOf":{"@id":"https:\/\/www.ltcpardubice.cz\/#website"},"primaryImageOfPage":{"@id":"https:\/\/www.ltcpardubice.cz\/?p=7164#primaryimage"},"image":{"@id":"https:\/\/www.ltcpardubice.cz\/?p=7164#primaryimage"},"thumbnailUrl":"https:\/\/www.ltcpardubice.cz\/wp-content\/uploads\/2021\/05\/tenis_1-1481x500-1.jpg","datePublished":"2023-09-13T16:46:31+00:00","dateModified":"2023-09-13T16:46:41+00:00","author":{"@id":"https:\/\/www.ltcpardubice.cz\/#\/schema\/person\/8f5f3a741b9adea57419864489f31541"},"breadcrumb":{"@id":"https:\/\/www.ltcpardubice.cz\/?p=7164#breadcrumb"},"inLanguage":"cs","potentialAction":[{"@type":"ReadAction","target":["https:\/\/www.ltcpardubice.cz\/?p=7164"]}]},{"@type":"ImageObject","inLanguage":"cs","@id":"https:\/\/www.ltcpardubice.cz\/?p=7164#primaryimage","url":"https:\/\/www.ltcpardubice.cz\/wp-content\/uploads\/2021\/05\/tenis_1-1481x500-1.jpg","contentUrl":"https:\/\/www.ltcpardubice.cz\/wp-content\/uploads\/2021\/05\/tenis_1-1481x500-1.jpg","width":1481,"height":500},{"@type":"BreadcrumbList","@id":"https:\/\/www.ltcpardubice.cz\/?p=7164#breadcrumb","itemListElement":[{"@type":"ListItem","position":1,"name":"Home","item":"https:\/\/www.ltcpardubice.cz\/"},{"@type":"ListItem","position":2,"name":"Na\u0161i hr\u00e1\u010di na turnaj\u00edch o pr\u00e1zdnin\u00e1ch a v z\u00e1\u0159\u00ed"}]},{"@type":"WebSite","@id":"https:\/\/www.ltcpardubice.cz\/#website","url":"https:\/\/www.ltcpardubice.cz\/","name":"LTC Pardubice","description":"Str\u00e1nky tenisov\u00e9ho klubu LTC Pardubice","potentialAction":[{"@type":"SearchAction","target":{"@type":"EntryPoint","urlTemplate":"https:\/\/www.ltcpardubice.cz\/?s={search_term_string}"},"query-input":{"@type":"PropertyValueSpecification","valueRequired":true,"valueName":"search_term_string"}}],"inLanguage":"cs"},{"@type":"Person","@id":"https:\/\/www.ltcpardubice.cz\/#\/schema\/person\/8f5f3a741b9adea57419864489f31541","name":"Eva Z\u00e1labsk\u00e1","image":{"@type":"ImageObject","inLanguage":"cs","@id":"https:\/\/www.ltcpardubice.cz\/#\/schema\/person\/image\/","url":"https:\/\/secure.gravatar.com\/avatar\/fece9555d8859e0080e4a5ae7edcc925?s=96&d=mm&r=g","contentUrl":"https:\/\/secure.gravatar.com\/avatar\/fece9555d8859e0080e4a5ae7edcc925?s=96&d=mm&r=g","caption":"Eva Z\u00e1labsk\u00e1"},"url":"https:\/\/www.ltcpardubice.cz\/?author=2"}]}},"brizy_media":[],"_links":{"self":[{"href":"https:\/\/www.ltcpardubice.cz\/index.php?rest_route=\/wp\/v2\/posts\/7164"}],"collection":[{"href":"https:\/\/www.ltcpardubice.cz\/index.php?rest_route=\/wp\/v2\/posts"}],"about":[{"href":"https:\/\/www.ltcpardubice.cz\/index.php?rest_route=\/wp\/v2\/types\/post"}],"author":[{"embeddable":true,"href":"https:\/\/www.ltcpardubice.cz\/index.php?rest_route=\/wp\/v2\/users\/2"}],"replies":[{"embeddable":true,"href":"https:\/\/www.ltcpardubice.cz\/index.php?rest_route=%2Fwp%2Fv2%2Fcomments&post=7164"}],"version-history":[{"count":1,"href":"https:\/\/www.ltcpardubice.cz\/index.php?rest_route=\/wp\/v2\/posts\/7164\/revisions"}],"predecessor-version":[{"id":7165,"href":"https:\/\/www.ltcpardubice.cz\/index.php?rest_route=\/wp\/v2\/posts\/7164\/revisions\/7165"}],"wp:featuredmedia":[{"embeddable":true,"href":"https:\/\/www.ltcpardubice.cz\/index.php?rest_route=\/wp\/v2\/media\/6749"}],"wp:attachment":[{"href":"https:\/\/www.ltcpardubice.cz\/index.php?rest_route=%2Fwp%2Fv2%2Fmedia&parent=7164"}],"wp:term":[{"taxonomy":"category","embeddable":true,"href":"https:\/\/www.ltcpardubice.cz\/index.php?rest_route=%2Fwp%2Fv2%2Fcategories&post=7164"},{"taxonomy":"post_tag","embeddable":true,"href":"https:\/\/www.ltcpardubice.cz\/index.php?rest_route=%2Fwp%2Fv2%2Ftags&post=7164"}],"curies":[{"name":"wp","href":"https:\/\/api.w.org\/{rel}","templated":true}]}}