{"id":7172,"date":"2023-09-16T15:16:26","date_gmt":"2023-09-16T15:16:26","guid":{"rendered":"https:\/\/www.ltcpardubice.cz\/?p=7172"},"modified":"2023-09-16T15:16:27","modified_gmt":"2023-09-16T15:16:27","slug":"kondicni-soustredeni-a-blizici-se-halova-sezona","status":"publish","type":"post","link":"https:\/\/www.ltcpardubice.cz\/?p=7172","title":{"rendered":"Kondi\u010dn\u00ed soust\u0159ed\u011bn\u00ed a bl\u00ed\u017e\u00edc\u00ed se halov\u00e1 sez\u00f3na"},"content":{"rendered":"\n<p>Po kovidov\u00fdch letech se na za\u010d\u00e1tku \u0159\u00edjna 5. &#8211; 8. uskute\u010dn\u00ed kondi\u010dn\u00ed soust\u0159ed\u011bn\u00ed na\u0161ich hr\u00e1\u010d\u016f ve sportovn\u00edm are\u00e1lu Horn\u00edho Bradla. Soust\u0159ed\u011bn\u00ed se bude jako obvykle v\u011bnovat v\u0161em slo\u017ek\u00e1m kondi\u010dn\u00ed p\u0159\u00edpravy, nicm\u00e9n\u011b ob\u011bhnut\u00ed nebo obejit\u00ed cel\u00e9 se\u010dsk\u00e9 p\u0159ehrady je podm\u00ednkou. Regenerovat se budeme v baz\u00e9nu a v\u00ed\u0159ivk\u00e1ch. Pod veden\u00edm tren\u00e9r\u016f R. Bro\u017ee, E. a Z. Z\u00e1labsk\u00fdch, V. Berky a O. Skokana se t\u011b\u0161\u00edme na kolektivn\u00ed akci jinak individu\u00e1ln\u00edho sportu. Program bude p\u0159izp\u016fsoben v\u0161em v\u011bkov\u00fdm kategori\u00edm, v\u011bkov\u00e1 hranice neexistuje.<\/p>\n\n\n\n<p>Halov\u00e1 sez\u00f3na za\u010dne zhruba v polovin\u011b \u0159\u00edjna v hale LTC a na 2 dvorc\u00edch nafukovac\u00ed haly v Rosic\u00edch (Polabin\u00e1ch). V leto\u0161n\u00ed halov\u00e9 sez\u00f3n\u011b m\u011bn\u00edme halu na Tesle za halu na TCV (v lo\u0148sk\u00e9 sez\u00f3n\u011b se na Tesle nenafoukla 2. hala a leto\u0161n\u00ed garance nejsou a tud\u00ed\u017e byla p\u0159\u00edprava hodn\u011b omezen\u00e1). V\u00fdhodn\u011bj\u0161\u00ed by m\u011bly b\u00fdt p\u0159edev\u0161\u00edm finan\u010dn\u00ed podm\u00ednky pro hr\u00e1\u010de v \u0159\u00e1du stokoruny, snad v\u00edce tepla a \u010dist\u00fd povrch um\u011bl\u00e9 tr\u00e1vy, kter\u00e1 nen\u00ed ani zdaleka zavr\u017een\u00fdm povrchem. Nejlep\u0161\u00ed hr\u00e1\u010di klubu (rozhodne um\u00edst\u011bn\u00ed na \u017eeb\u0159\u00ed\u010dc\u00edch a finan\u010dn\u00ed mo\u017enosti klubu) op\u011bt obdr\u017e\u00ed mo\u017enost hr\u00e1t v hale LTC zadarmo.<\/p>\n\n\n\n<p><\/p>\n","protected":false},"excerpt":{"rendered":"<p>Po kovidov\u00fdch letech se na za\u010d\u00e1tku \u0159\u00edjna 5. &#8211; 8. uskute\u010dn\u00ed kondi\u010dn\u00ed soust\u0159ed\u011bn\u00ed na\u0161ich hr\u00e1\u010d\u016f ve sportovn\u00edm are\u00e1lu Horn\u00edho Bradla. Soust\u0159ed\u011bn\u00ed se bude jako obvykle v\u011bnovat v\u0161em slo\u017ek\u00e1m kondi\u010dn\u00ed p\u0159\u00edpravy, nicm\u00e9n\u011b ob\u011bhnut\u00ed nebo obejit\u00ed cel\u00e9 se\u010dsk\u00e9 p\u0159ehrady je podm\u00ednkou. Regenerovat se budeme v baz\u00e9nu a v\u00ed\u0159ivk\u00e1ch. Pod veden\u00edm tren\u00e9r\u016f R. Bro\u017ee, E. a Z. Z\u00e1labsk\u00fdch, [&hellip;]<\/p>\n","protected":false},"author":2,"featured_media":2212,"comment_status":"open","ping_status":"open","sticky":false,"template":"","format":"standard","meta":{"_monsterinsights_skip_tracking":false,"_monsterinsights_sitenote_active":false,"_monsterinsights_sitenote_note":"","_monsterinsights_sitenote_category":0,"footnotes":""},"categories":[10],"tags":[],"yoast_head":"<!-- This site is optimized with the Yoast SEO plugin v24.5 - https:\/\/yoast.com\/wordpress\/plugins\/seo\/ -->\n<title>Kondi\u010dn\u00ed soust\u0159ed\u011bn\u00ed a bl\u00ed\u017e\u00edc\u00ed se halov\u00e1 sez\u00f3na - LTC Pardubice<\/title>\n<meta name=\"robots\" content=\"index, follow, max-snippet:-1, max-image-preview:large, max-video-preview:-1\" \/>\n<link rel=\"canonical\" href=\"https:\/\/www.ltcpardubice.cz\/?p=7172\" \/>\n<meta property=\"og:locale\" content=\"cs_CZ\" \/>\n<meta property=\"og:type\" content=\"article\" \/>\n<meta property=\"og:title\" content=\"Kondi\u010dn\u00ed soust\u0159ed\u011bn\u00ed a bl\u00ed\u017e\u00edc\u00ed se halov\u00e1 sez\u00f3na - LTC Pardubice\" \/>\n<meta property=\"og:description\" content=\"Po kovidov\u00fdch letech se na za\u010d\u00e1tku \u0159\u00edjna 5. &#8211; 8. uskute\u010dn\u00ed kondi\u010dn\u00ed soust\u0159ed\u011bn\u00ed na\u0161ich hr\u00e1\u010d\u016f ve sportovn\u00edm are\u00e1lu Horn\u00edho Bradla. Soust\u0159ed\u011bn\u00ed se bude jako obvykle v\u011bnovat v\u0161em slo\u017ek\u00e1m kondi\u010dn\u00ed p\u0159\u00edpravy, nicm\u00e9n\u011b ob\u011bhnut\u00ed nebo obejit\u00ed cel\u00e9 se\u010dsk\u00e9 p\u0159ehrady je podm\u00ednkou. Regenerovat se budeme v baz\u00e9nu a v\u00ed\u0159ivk\u00e1ch. Pod veden\u00edm tren\u00e9r\u016f R. Bro\u017ee, E. a Z. Z\u00e1labsk\u00fdch, [&hellip;]\" \/>\n<meta property=\"og:url\" content=\"https:\/\/www.ltcpardubice.cz\/?p=7172\" \/>\n<meta property=\"og:site_name\" content=\"LTC Pardubice\" \/>\n<meta property=\"article:published_time\" content=\"2023-09-16T15:16:26+00:00\" \/>\n<meta property=\"article:modified_time\" content=\"2023-09-16T15:16:27+00:00\" \/>\n<meta property=\"og:image\" content=\"https:\/\/www.ltcpardubice.cz\/wp-content\/uploads\/2020\/08\/ltc-tenis-02.jpg\" \/>\n\t<meta property=\"og:image:width\" content=\"1140\" \/>\n\t<meta property=\"og:image:height\" content=\"795\" \/>\n\t<meta property=\"og:image:type\" content=\"image\/jpeg\" \/>\n<meta name=\"author\" content=\"Eva Z\u00e1labsk\u00e1\" \/>\n<meta name=\"twitter:card\" content=\"summary_large_image\" \/>\n<meta name=\"twitter:label1\" content=\"Napsal(a)\" \/>\n\t<meta name=\"twitter:data1\" content=\"Eva Z\u00e1labsk\u00e1\" \/>\n\t<meta name=\"twitter:label2\" content=\"Odhadovan\u00e1 doba \u010dten\u00ed\" \/>\n\t<meta name=\"twitter:data2\" content=\"1 minuta\" \/>\n<script type=\"application\/ld+json\" class=\"yoast-schema-graph\">{\"@context\":\"https:\/\/schema.org\",\"@graph\":[{\"@type\":\"WebPage\",\"@id\":\"https:\/\/www.ltcpardubice.cz\/?p=7172\",\"url\":\"https:\/\/www.ltcpardubice.cz\/?p=7172\",\"name\":\"Kondi\u010dn\u00ed soust\u0159ed\u011bn\u00ed a bl\u00ed\u017e\u00edc\u00ed se halov\u00e1 sez\u00f3na - LTC Pardubice\",\"isPartOf\":{\"@id\":\"https:\/\/www.ltcpardubice.cz\/#website\"},\"primaryImageOfPage\":{\"@id\":\"https:\/\/www.ltcpardubice.cz\/?p=7172#primaryimage\"},\"image\":{\"@id\":\"https:\/\/www.ltcpardubice.cz\/?p=7172#primaryimage\"},\"thumbnailUrl\":\"https:\/\/www.ltcpardubice.cz\/wp-content\/uploads\/2020\/08\/ltc-tenis-02.jpg\",\"datePublished\":\"2023-09-16T15:16:26+00:00\",\"dateModified\":\"2023-09-16T15:16:27+00:00\",\"author\":{\"@id\":\"https:\/\/www.ltcpardubice.cz\/#\/schema\/person\/8f5f3a741b9adea57419864489f31541\"},\"breadcrumb\":{\"@id\":\"https:\/\/www.ltcpardubice.cz\/?p=7172#breadcrumb\"},\"inLanguage\":\"cs\",\"potentialAction\":[{\"@type\":\"ReadAction\",\"target\":[\"https:\/\/www.ltcpardubice.cz\/?p=7172\"]}]},{\"@type\":\"ImageObject\",\"inLanguage\":\"cs\",\"@id\":\"https:\/\/www.ltcpardubice.cz\/?p=7172#primaryimage\",\"url\":\"https:\/\/www.ltcpardubice.cz\/wp-content\/uploads\/2020\/08\/ltc-tenis-02.jpg\",\"contentUrl\":\"https:\/\/www.ltcpardubice.cz\/wp-content\/uploads\/2020\/08\/ltc-tenis-02.jpg\",\"width\":1140,\"height\":795},{\"@type\":\"BreadcrumbList\",\"@id\":\"https:\/\/www.ltcpardubice.cz\/?p=7172#breadcrumb\",\"itemListElement\":[{\"@type\":\"ListItem\",\"position\":1,\"name\":\"Home\",\"item\":\"https:\/\/www.ltcpardubice.cz\/\"},{\"@type\":\"ListItem\",\"position\":2,\"name\":\"Kondi\u010dn\u00ed soust\u0159ed\u011bn\u00ed a bl\u00ed\u017e\u00edc\u00ed se halov\u00e1 sez\u00f3na\"}]},{\"@type\":\"WebSite\",\"@id\":\"https:\/\/www.ltcpardubice.cz\/#website\",\"url\":\"https:\/\/www.ltcpardubice.cz\/\",\"name\":\"LTC Pardubice\",\"description\":\"Str\u00e1nky tenisov\u00e9ho klubu LTC Pardubice\",\"potentialAction\":[{\"@type\":\"SearchAction\",\"target\":{\"@type\":\"EntryPoint\",\"urlTemplate\":\"https:\/\/www.ltcpardubice.cz\/?s={search_term_string}\"},\"query-input\":{\"@type\":\"PropertyValueSpecification\",\"valueRequired\":true,\"valueName\":\"search_term_string\"}}],\"inLanguage\":\"cs\"},{\"@type\":\"Person\",\"@id\":\"https:\/\/www.ltcpardubice.cz\/#\/schema\/person\/8f5f3a741b9adea57419864489f31541\",\"name\":\"Eva Z\u00e1labsk\u00e1\",\"image\":{\"@type\":\"ImageObject\",\"inLanguage\":\"cs\",\"@id\":\"https:\/\/www.ltcpardubice.cz\/#\/schema\/person\/image\/\",\"url\":\"https:\/\/secure.gravatar.com\/avatar\/fece9555d8859e0080e4a5ae7edcc925?s=96&d=mm&r=g\",\"contentUrl\":\"https:\/\/secure.gravatar.com\/avatar\/fece9555d8859e0080e4a5ae7edcc925?s=96&d=mm&r=g\",\"caption\":\"Eva Z\u00e1labsk\u00e1\"},\"url\":\"https:\/\/www.ltcpardubice.cz\/?author=2\"}]}<\/script>\n<!-- \/ Yoast SEO plugin. -->","yoast_head_json":{"title":"Kondi\u010dn\u00ed soust\u0159ed\u011bn\u00ed a bl\u00ed\u017e\u00edc\u00ed se halov\u00e1 sez\u00f3na - LTC Pardubice","robots":{"index":"index","follow":"follow","max-snippet":"max-snippet:-1","max-image-preview":"max-image-preview:large","max-video-preview":"max-video-preview:-1"},"canonical":"https:\/\/www.ltcpardubice.cz\/?p=7172","og_locale":"cs_CZ","og_type":"article","og_title":"Kondi\u010dn\u00ed soust\u0159ed\u011bn\u00ed a bl\u00ed\u017e\u00edc\u00ed se halov\u00e1 sez\u00f3na - LTC Pardubice","og_description":"Po kovidov\u00fdch letech se na za\u010d\u00e1tku \u0159\u00edjna 5. &#8211; 8. uskute\u010dn\u00ed kondi\u010dn\u00ed soust\u0159ed\u011bn\u00ed na\u0161ich hr\u00e1\u010d\u016f ve sportovn\u00edm are\u00e1lu Horn\u00edho Bradla. Soust\u0159ed\u011bn\u00ed se bude jako obvykle v\u011bnovat v\u0161em slo\u017ek\u00e1m kondi\u010dn\u00ed p\u0159\u00edpravy, nicm\u00e9n\u011b ob\u011bhnut\u00ed nebo obejit\u00ed cel\u00e9 se\u010dsk\u00e9 p\u0159ehrady je podm\u00ednkou. Regenerovat se budeme v baz\u00e9nu a v\u00ed\u0159ivk\u00e1ch. Pod veden\u00edm tren\u00e9r\u016f R. Bro\u017ee, E. a Z. Z\u00e1labsk\u00fdch, [&hellip;]","og_url":"https:\/\/www.ltcpardubice.cz\/?p=7172","og_site_name":"LTC Pardubice","article_published_time":"2023-09-16T15:16:26+00:00","article_modified_time":"2023-09-16T15:16:27+00:00","og_image":[{"width":1140,"height":795,"url":"https:\/\/www.ltcpardubice.cz\/wp-content\/uploads\/2020\/08\/ltc-tenis-02.jpg","type":"image\/jpeg"}],"author":"Eva Z\u00e1labsk\u00e1","twitter_card":"summary_large_image","twitter_misc":{"Napsal(a)":"Eva Z\u00e1labsk\u00e1","Odhadovan\u00e1 doba \u010dten\u00ed":"1 minuta"},"schema":{"@context":"https:\/\/schema.org","@graph":[{"@type":"WebPage","@id":"https:\/\/www.ltcpardubice.cz\/?p=7172","url":"https:\/\/www.ltcpardubice.cz\/?p=7172","name":"Kondi\u010dn\u00ed soust\u0159ed\u011bn\u00ed a bl\u00ed\u017e\u00edc\u00ed se halov\u00e1 sez\u00f3na - LTC Pardubice","isPartOf":{"@id":"https:\/\/www.ltcpardubice.cz\/#website"},"primaryImageOfPage":{"@id":"https:\/\/www.ltcpardubice.cz\/?p=7172#primaryimage"},"image":{"@id":"https:\/\/www.ltcpardubice.cz\/?p=7172#primaryimage"},"thumbnailUrl":"https:\/\/www.ltcpardubice.cz\/wp-content\/uploads\/2020\/08\/ltc-tenis-02.jpg","datePublished":"2023-09-16T15:16:26+00:00","dateModified":"2023-09-16T15:16:27+00:00","author":{"@id":"https:\/\/www.ltcpardubice.cz\/#\/schema\/person\/8f5f3a741b9adea57419864489f31541"},"breadcrumb":{"@id":"https:\/\/www.ltcpardubice.cz\/?p=7172#breadcrumb"},"inLanguage":"cs","potentialAction":[{"@type":"ReadAction","target":["https:\/\/www.ltcpardubice.cz\/?p=7172"]}]},{"@type":"ImageObject","inLanguage":"cs","@id":"https:\/\/www.ltcpardubice.cz\/?p=7172#primaryimage","url":"https:\/\/www.ltcpardubice.cz\/wp-content\/uploads\/2020\/08\/ltc-tenis-02.jpg","contentUrl":"https:\/\/www.ltcpardubice.cz\/wp-content\/uploads\/2020\/08\/ltc-tenis-02.jpg","width":1140,"height":795},{"@type":"BreadcrumbList","@id":"https:\/\/www.ltcpardubice.cz\/?p=7172#breadcrumb","itemListElement":[{"@type":"ListItem","position":1,"name":"Home","item":"https:\/\/www.ltcpardubice.cz\/"},{"@type":"ListItem","position":2,"name":"Kondi\u010dn\u00ed soust\u0159ed\u011bn\u00ed a bl\u00ed\u017e\u00edc\u00ed se halov\u00e1 sez\u00f3na"}]},{"@type":"WebSite","@id":"https:\/\/www.ltcpardubice.cz\/#website","url":"https:\/\/www.ltcpardubice.cz\/","name":"LTC Pardubice","description":"Str\u00e1nky tenisov\u00e9ho klubu LTC Pardubice","potentialAction":[{"@type":"SearchAction","target":{"@type":"EntryPoint","urlTemplate":"https:\/\/www.ltcpardubice.cz\/?s={search_term_string}"},"query-input":{"@type":"PropertyValueSpecification","valueRequired":true,"valueName":"search_term_string"}}],"inLanguage":"cs"},{"@type":"Person","@id":"https:\/\/www.ltcpardubice.cz\/#\/schema\/person\/8f5f3a741b9adea57419864489f31541","name":"Eva Z\u00e1labsk\u00e1","image":{"@type":"ImageObject","inLanguage":"cs","@id":"https:\/\/www.ltcpardubice.cz\/#\/schema\/person\/image\/","url":"https:\/\/secure.gravatar.com\/avatar\/fece9555d8859e0080e4a5ae7edcc925?s=96&d=mm&r=g","contentUrl":"https:\/\/secure.gravatar.com\/avatar\/fece9555d8859e0080e4a5ae7edcc925?s=96&d=mm&r=g","caption":"Eva Z\u00e1labsk\u00e1"},"url":"https:\/\/www.ltcpardubice.cz\/?author=2"}]}},"brizy_media":[],"_links":{"self":[{"href":"https:\/\/www.ltcpardubice.cz\/index.php?rest_route=\/wp\/v2\/posts\/7172"}],"collection":[{"href":"https:\/\/www.ltcpardubice.cz\/index.php?rest_route=\/wp\/v2\/posts"}],"about":[{"href":"https:\/\/www.ltcpardubice.cz\/index.php?rest_route=\/wp\/v2\/types\/post"}],"author":[{"embeddable":true,"href":"https:\/\/www.ltcpardubice.cz\/index.php?rest_route=\/wp\/v2\/users\/2"}],"replies":[{"embeddable":true,"href":"https:\/\/www.ltcpardubice.cz\/index.php?rest_route=%2Fwp%2Fv2%2Fcomments&post=7172"}],"version-history":[{"count":1,"href":"https:\/\/www.ltcpardubice.cz\/index.php?rest_route=\/wp\/v2\/posts\/7172\/revisions"}],"predecessor-version":[{"id":7173,"href":"https:\/\/www.ltcpardubice.cz\/index.php?rest_route=\/wp\/v2\/posts\/7172\/revisions\/7173"}],"wp:featuredmedia":[{"embeddable":true,"href":"https:\/\/www.ltcpardubice.cz\/index.php?rest_route=\/wp\/v2\/media\/2212"}],"wp:attachment":[{"href":"https:\/\/www.ltcpardubice.cz\/index.php?rest_route=%2Fwp%2Fv2%2Fmedia&parent=7172"}],"wp:term":[{"taxonomy":"category","embeddable":true,"href":"https:\/\/www.ltcpardubice.cz\/index.php?rest_route=%2Fwp%2Fv2%2Fcategories&post=7172"},{"taxonomy":"post_tag","embeddable":true,"href":"https:\/\/www.ltcpardubice.cz\/index.php?rest_route=%2Fwp%2Fv2%2Ftags&post=7172"}],"curies":[{"name":"wp","href":"https:\/\/api.w.org\/{rel}","templated":true}]}}