{"id":7179,"date":"2023-10-09T16:50:40","date_gmt":"2023-10-09T16:50:40","guid":{"rendered":"https:\/\/www.ltcpardubice.cz\/?p=7179"},"modified":"2023-10-09T16:50:41","modified_gmt":"2023-10-09T16:50:41","slug":"kondicni-soustredeni-v-arealu-tesla-vrsov-horni-bradlo","status":"publish","type":"post","link":"https:\/\/www.ltcpardubice.cz\/?p=7179","title":{"rendered":"Kondi\u010dn\u00ed soust\u0159ed\u011bn\u00ed v are\u00e1lu Tesla Vr\u0161ov Horn\u00ed Bradlo"},"content":{"rendered":"\n<p>5.-8.10.2023 se pod veden\u00edm tren\u00e9r\u016f R. Bro\u017ee, E. a Z. Z\u00e1labsk\u00fdch, V. Berky a O. Skokana uskute\u010dnilo kondi\u010dn\u00ed soust\u0159ed\u011bn\u00ed, kone\u010dn\u011b po covidov\u00e9 p\u0159est\u00e1vce. Kr\u00e1sn\u00fd are\u00e1l Tesla Vr\u0161ov s n\u011bkolika sportovi\u0161ti, v\u010detn\u011b venkovn\u00ed posilovny, n\u00e1dhern\u00e9 po\u010das\u00ed a v\u00fdborn\u00e9 wellness se 2 v\u00ed\u0159ivkami, baz\u00e9nem, infrasaunou a finskou saunou, dovedly na\u0161e hr\u00e1\u010de k perfektn\u00ed pr\u00e1ci. V\u0161ech 26 \u00fa\u010dastn\u00edk\u016f si opravdu s\u00e1hlo na dno. Star\u0161\u00ed krom\u011b dal\u0161\u00edch aktivit ob\u011bhli celou Se\u010d a\u017e z Bradla cca 20 km, mal\u00ed dali polovinu. Ke v\u0161emu \u0161\u00e9fkucha\u0159 va\u0159il opravdu na jedni\u010dku. Byli jste v\u0161ichni fajn a my tren\u00e9\u0159i douf\u00e1me, \u017ee si kondi\u010dn\u00ed soust\u0159ed\u011bn\u00ed zopakujeme i na ja\u0159e. Kde? Nechejte se p\u0159ekvapit.<\/p>\n","protected":false},"excerpt":{"rendered":"<p>5.-8.10.2023 se pod veden\u00edm tren\u00e9r\u016f R. Bro\u017ee, E. a Z. Z\u00e1labsk\u00fdch, V. Berky a O. Skokana uskute\u010dnilo kondi\u010dn\u00ed soust\u0159ed\u011bn\u00ed, kone\u010dn\u011b po covidov\u00e9 p\u0159est\u00e1vce. Kr\u00e1sn\u00fd are\u00e1l Tesla Vr\u0161ov s n\u011bkolika sportovi\u0161ti, v\u010detn\u011b venkovn\u00ed posilovny, n\u00e1dhern\u00e9 po\u010das\u00ed a v\u00fdborn\u00e9 wellness se 2 v\u00ed\u0159ivkami, baz\u00e9nem, infrasaunou a finskou saunou, dovedly na\u0161e hr\u00e1\u010de k perfektn\u00ed pr\u00e1ci. V\u0161ech 26 \u00fa\u010dastn\u00edk\u016f [&hellip;]<\/p>\n","protected":false},"author":2,"featured_media":7180,"comment_status":"open","ping_status":"open","sticky":false,"template":"","format":"standard","meta":{"_monsterinsights_skip_tracking":false,"_monsterinsights_sitenote_active":false,"_monsterinsights_sitenote_note":"","_monsterinsights_sitenote_category":0,"footnotes":""},"categories":[10],"tags":[],"yoast_head":"<!-- This site is optimized with the Yoast SEO plugin v24.5 - https:\/\/yoast.com\/wordpress\/plugins\/seo\/ -->\n<title>Kondi\u010dn\u00ed soust\u0159ed\u011bn\u00ed v are\u00e1lu Tesla Vr\u0161ov Horn\u00ed Bradlo - LTC Pardubice<\/title>\n<meta name=\"robots\" content=\"index, follow, max-snippet:-1, max-image-preview:large, max-video-preview:-1\" \/>\n<link rel=\"canonical\" href=\"https:\/\/www.ltcpardubice.cz\/?p=7179\" \/>\n<meta property=\"og:locale\" content=\"cs_CZ\" \/>\n<meta property=\"og:type\" content=\"article\" \/>\n<meta property=\"og:title\" content=\"Kondi\u010dn\u00ed soust\u0159ed\u011bn\u00ed v are\u00e1lu Tesla Vr\u0161ov Horn\u00ed Bradlo - LTC Pardubice\" \/>\n<meta property=\"og:description\" content=\"5.-8.10.2023 se pod veden\u00edm tren\u00e9r\u016f R. Bro\u017ee, E. a Z. Z\u00e1labsk\u00fdch, V. Berky a O. Skokana uskute\u010dnilo kondi\u010dn\u00ed soust\u0159ed\u011bn\u00ed, kone\u010dn\u011b po covidov\u00e9 p\u0159est\u00e1vce. Kr\u00e1sn\u00fd are\u00e1l Tesla Vr\u0161ov s n\u011bkolika sportovi\u0161ti, v\u010detn\u011b venkovn\u00ed posilovny, n\u00e1dhern\u00e9 po\u010das\u00ed a v\u00fdborn\u00e9 wellness se 2 v\u00ed\u0159ivkami, baz\u00e9nem, infrasaunou a finskou saunou, dovedly na\u0161e hr\u00e1\u010de k perfektn\u00ed pr\u00e1ci. V\u0161ech 26 \u00fa\u010dastn\u00edk\u016f [&hellip;]\" \/>\n<meta property=\"og:url\" content=\"https:\/\/www.ltcpardubice.cz\/?p=7179\" \/>\n<meta property=\"og:site_name\" content=\"LTC Pardubice\" \/>\n<meta property=\"article:published_time\" content=\"2023-10-09T16:50:40+00:00\" \/>\n<meta property=\"article:modified_time\" content=\"2023-10-09T16:50:41+00:00\" \/>\n<meta property=\"og:image\" content=\"https:\/\/www.ltcpardubice.cz\/wp-content\/uploads\/2023\/10\/IMG-20231007-WA0000.jpg\" \/>\n\t<meta property=\"og:image:width\" content=\"2040\" \/>\n\t<meta property=\"og:image:height\" content=\"1530\" \/>\n\t<meta property=\"og:image:type\" content=\"image\/jpeg\" \/>\n<meta name=\"author\" content=\"Eva Z\u00e1labsk\u00e1\" \/>\n<meta name=\"twitter:card\" content=\"summary_large_image\" \/>\n<meta name=\"twitter:label1\" content=\"Napsal(a)\" \/>\n\t<meta name=\"twitter:data1\" content=\"Eva Z\u00e1labsk\u00e1\" \/>\n\t<meta name=\"twitter:label2\" content=\"Odhadovan\u00e1 doba \u010dten\u00ed\" \/>\n\t<meta name=\"twitter:data2\" content=\"1 minuta\" \/>\n<script type=\"application\/ld+json\" class=\"yoast-schema-graph\">{\"@context\":\"https:\/\/schema.org\",\"@graph\":[{\"@type\":\"WebPage\",\"@id\":\"https:\/\/www.ltcpardubice.cz\/?p=7179\",\"url\":\"https:\/\/www.ltcpardubice.cz\/?p=7179\",\"name\":\"Kondi\u010dn\u00ed soust\u0159ed\u011bn\u00ed v are\u00e1lu Tesla Vr\u0161ov Horn\u00ed Bradlo - LTC Pardubice\",\"isPartOf\":{\"@id\":\"https:\/\/www.ltcpardubice.cz\/#website\"},\"primaryImageOfPage\":{\"@id\":\"https:\/\/www.ltcpardubice.cz\/?p=7179#primaryimage\"},\"image\":{\"@id\":\"https:\/\/www.ltcpardubice.cz\/?p=7179#primaryimage\"},\"thumbnailUrl\":\"https:\/\/www.ltcpardubice.cz\/wp-content\/uploads\/2023\/10\/IMG-20231007-WA0000.jpg\",\"datePublished\":\"2023-10-09T16:50:40+00:00\",\"dateModified\":\"2023-10-09T16:50:41+00:00\",\"author\":{\"@id\":\"https:\/\/www.ltcpardubice.cz\/#\/schema\/person\/8f5f3a741b9adea57419864489f31541\"},\"breadcrumb\":{\"@id\":\"https:\/\/www.ltcpardubice.cz\/?p=7179#breadcrumb\"},\"inLanguage\":\"cs\",\"potentialAction\":[{\"@type\":\"ReadAction\",\"target\":[\"https:\/\/www.ltcpardubice.cz\/?p=7179\"]}]},{\"@type\":\"ImageObject\",\"inLanguage\":\"cs\",\"@id\":\"https:\/\/www.ltcpardubice.cz\/?p=7179#primaryimage\",\"url\":\"https:\/\/www.ltcpardubice.cz\/wp-content\/uploads\/2023\/10\/IMG-20231007-WA0000.jpg\",\"contentUrl\":\"https:\/\/www.ltcpardubice.cz\/wp-content\/uploads\/2023\/10\/IMG-20231007-WA0000.jpg\",\"width\":2040,\"height\":1530},{\"@type\":\"BreadcrumbList\",\"@id\":\"https:\/\/www.ltcpardubice.cz\/?p=7179#breadcrumb\",\"itemListElement\":[{\"@type\":\"ListItem\",\"position\":1,\"name\":\"Home\",\"item\":\"https:\/\/www.ltcpardubice.cz\/\"},{\"@type\":\"ListItem\",\"position\":2,\"name\":\"Kondi\u010dn\u00ed soust\u0159ed\u011bn\u00ed v are\u00e1lu Tesla Vr\u0161ov Horn\u00ed Bradlo\"}]},{\"@type\":\"WebSite\",\"@id\":\"https:\/\/www.ltcpardubice.cz\/#website\",\"url\":\"https:\/\/www.ltcpardubice.cz\/\",\"name\":\"LTC Pardubice\",\"description\":\"Str\u00e1nky tenisov\u00e9ho klubu LTC Pardubice\",\"potentialAction\":[{\"@type\":\"SearchAction\",\"target\":{\"@type\":\"EntryPoint\",\"urlTemplate\":\"https:\/\/www.ltcpardubice.cz\/?s={search_term_string}\"},\"query-input\":{\"@type\":\"PropertyValueSpecification\",\"valueRequired\":true,\"valueName\":\"search_term_string\"}}],\"inLanguage\":\"cs\"},{\"@type\":\"Person\",\"@id\":\"https:\/\/www.ltcpardubice.cz\/#\/schema\/person\/8f5f3a741b9adea57419864489f31541\",\"name\":\"Eva Z\u00e1labsk\u00e1\",\"image\":{\"@type\":\"ImageObject\",\"inLanguage\":\"cs\",\"@id\":\"https:\/\/www.ltcpardubice.cz\/#\/schema\/person\/image\/\",\"url\":\"https:\/\/secure.gravatar.com\/avatar\/fece9555d8859e0080e4a5ae7edcc925?s=96&d=mm&r=g\",\"contentUrl\":\"https:\/\/secure.gravatar.com\/avatar\/fece9555d8859e0080e4a5ae7edcc925?s=96&d=mm&r=g\",\"caption\":\"Eva Z\u00e1labsk\u00e1\"},\"url\":\"https:\/\/www.ltcpardubice.cz\/?author=2\"}]}<\/script>\n<!-- \/ Yoast SEO plugin. -->","yoast_head_json":{"title":"Kondi\u010dn\u00ed soust\u0159ed\u011bn\u00ed v are\u00e1lu Tesla Vr\u0161ov Horn\u00ed Bradlo - LTC Pardubice","robots":{"index":"index","follow":"follow","max-snippet":"max-snippet:-1","max-image-preview":"max-image-preview:large","max-video-preview":"max-video-preview:-1"},"canonical":"https:\/\/www.ltcpardubice.cz\/?p=7179","og_locale":"cs_CZ","og_type":"article","og_title":"Kondi\u010dn\u00ed soust\u0159ed\u011bn\u00ed v are\u00e1lu Tesla Vr\u0161ov Horn\u00ed Bradlo - LTC Pardubice","og_description":"5.-8.10.2023 se pod veden\u00edm tren\u00e9r\u016f R. Bro\u017ee, E. a Z. Z\u00e1labsk\u00fdch, V. Berky a O. Skokana uskute\u010dnilo kondi\u010dn\u00ed soust\u0159ed\u011bn\u00ed, kone\u010dn\u011b po covidov\u00e9 p\u0159est\u00e1vce. Kr\u00e1sn\u00fd are\u00e1l Tesla Vr\u0161ov s n\u011bkolika sportovi\u0161ti, v\u010detn\u011b venkovn\u00ed posilovny, n\u00e1dhern\u00e9 po\u010das\u00ed a v\u00fdborn\u00e9 wellness se 2 v\u00ed\u0159ivkami, baz\u00e9nem, infrasaunou a finskou saunou, dovedly na\u0161e hr\u00e1\u010de k perfektn\u00ed pr\u00e1ci. V\u0161ech 26 \u00fa\u010dastn\u00edk\u016f [&hellip;]","og_url":"https:\/\/www.ltcpardubice.cz\/?p=7179","og_site_name":"LTC Pardubice","article_published_time":"2023-10-09T16:50:40+00:00","article_modified_time":"2023-10-09T16:50:41+00:00","og_image":[{"width":2040,"height":1530,"url":"https:\/\/www.ltcpardubice.cz\/wp-content\/uploads\/2023\/10\/IMG-20231007-WA0000.jpg","type":"image\/jpeg"}],"author":"Eva Z\u00e1labsk\u00e1","twitter_card":"summary_large_image","twitter_misc":{"Napsal(a)":"Eva Z\u00e1labsk\u00e1","Odhadovan\u00e1 doba \u010dten\u00ed":"1 minuta"},"schema":{"@context":"https:\/\/schema.org","@graph":[{"@type":"WebPage","@id":"https:\/\/www.ltcpardubice.cz\/?p=7179","url":"https:\/\/www.ltcpardubice.cz\/?p=7179","name":"Kondi\u010dn\u00ed soust\u0159ed\u011bn\u00ed v are\u00e1lu Tesla Vr\u0161ov Horn\u00ed Bradlo - LTC Pardubice","isPartOf":{"@id":"https:\/\/www.ltcpardubice.cz\/#website"},"primaryImageOfPage":{"@id":"https:\/\/www.ltcpardubice.cz\/?p=7179#primaryimage"},"image":{"@id":"https:\/\/www.ltcpardubice.cz\/?p=7179#primaryimage"},"thumbnailUrl":"https:\/\/www.ltcpardubice.cz\/wp-content\/uploads\/2023\/10\/IMG-20231007-WA0000.jpg","datePublished":"2023-10-09T16:50:40+00:00","dateModified":"2023-10-09T16:50:41+00:00","author":{"@id":"https:\/\/www.ltcpardubice.cz\/#\/schema\/person\/8f5f3a741b9adea57419864489f31541"},"breadcrumb":{"@id":"https:\/\/www.ltcpardubice.cz\/?p=7179#breadcrumb"},"inLanguage":"cs","potentialAction":[{"@type":"ReadAction","target":["https:\/\/www.ltcpardubice.cz\/?p=7179"]}]},{"@type":"ImageObject","inLanguage":"cs","@id":"https:\/\/www.ltcpardubice.cz\/?p=7179#primaryimage","url":"https:\/\/www.ltcpardubice.cz\/wp-content\/uploads\/2023\/10\/IMG-20231007-WA0000.jpg","contentUrl":"https:\/\/www.ltcpardubice.cz\/wp-content\/uploads\/2023\/10\/IMG-20231007-WA0000.jpg","width":2040,"height":1530},{"@type":"BreadcrumbList","@id":"https:\/\/www.ltcpardubice.cz\/?p=7179#breadcrumb","itemListElement":[{"@type":"ListItem","position":1,"name":"Home","item":"https:\/\/www.ltcpardubice.cz\/"},{"@type":"ListItem","position":2,"name":"Kondi\u010dn\u00ed soust\u0159ed\u011bn\u00ed v are\u00e1lu Tesla Vr\u0161ov Horn\u00ed Bradlo"}]},{"@type":"WebSite","@id":"https:\/\/www.ltcpardubice.cz\/#website","url":"https:\/\/www.ltcpardubice.cz\/","name":"LTC Pardubice","description":"Str\u00e1nky tenisov\u00e9ho klubu LTC Pardubice","potentialAction":[{"@type":"SearchAction","target":{"@type":"EntryPoint","urlTemplate":"https:\/\/www.ltcpardubice.cz\/?s={search_term_string}"},"query-input":{"@type":"PropertyValueSpecification","valueRequired":true,"valueName":"search_term_string"}}],"inLanguage":"cs"},{"@type":"Person","@id":"https:\/\/www.ltcpardubice.cz\/#\/schema\/person\/8f5f3a741b9adea57419864489f31541","name":"Eva Z\u00e1labsk\u00e1","image":{"@type":"ImageObject","inLanguage":"cs","@id":"https:\/\/www.ltcpardubice.cz\/#\/schema\/person\/image\/","url":"https:\/\/secure.gravatar.com\/avatar\/fece9555d8859e0080e4a5ae7edcc925?s=96&d=mm&r=g","contentUrl":"https:\/\/secure.gravatar.com\/avatar\/fece9555d8859e0080e4a5ae7edcc925?s=96&d=mm&r=g","caption":"Eva Z\u00e1labsk\u00e1"},"url":"https:\/\/www.ltcpardubice.cz\/?author=2"}]}},"brizy_media":[],"_links":{"self":[{"href":"https:\/\/www.ltcpardubice.cz\/index.php?rest_route=\/wp\/v2\/posts\/7179"}],"collection":[{"href":"https:\/\/www.ltcpardubice.cz\/index.php?rest_route=\/wp\/v2\/posts"}],"about":[{"href":"https:\/\/www.ltcpardubice.cz\/index.php?rest_route=\/wp\/v2\/types\/post"}],"author":[{"embeddable":true,"href":"https:\/\/www.ltcpardubice.cz\/index.php?rest_route=\/wp\/v2\/users\/2"}],"replies":[{"embeddable":true,"href":"https:\/\/www.ltcpardubice.cz\/index.php?rest_route=%2Fwp%2Fv2%2Fcomments&post=7179"}],"version-history":[{"count":1,"href":"https:\/\/www.ltcpardubice.cz\/index.php?rest_route=\/wp\/v2\/posts\/7179\/revisions"}],"predecessor-version":[{"id":7181,"href":"https:\/\/www.ltcpardubice.cz\/index.php?rest_route=\/wp\/v2\/posts\/7179\/revisions\/7181"}],"wp:featuredmedia":[{"embeddable":true,"href":"https:\/\/www.ltcpardubice.cz\/index.php?rest_route=\/wp\/v2\/media\/7180"}],"wp:attachment":[{"href":"https:\/\/www.ltcpardubice.cz\/index.php?rest_route=%2Fwp%2Fv2%2Fmedia&parent=7179"}],"wp:term":[{"taxonomy":"category","embeddable":true,"href":"https:\/\/www.ltcpardubice.cz\/index.php?rest_route=%2Fwp%2Fv2%2Fcategories&post=7179"},{"taxonomy":"post_tag","embeddable":true,"href":"https:\/\/www.ltcpardubice.cz\/index.php?rest_route=%2Fwp%2Fv2%2Ftags&post=7179"}],"curies":[{"name":"wp","href":"https:\/\/api.w.org\/{rel}","templated":true}]}}