{"id":7182,"date":"2023-10-09T17:28:43","date_gmt":"2023-10-09T17:28:43","guid":{"rendered":"https:\/\/www.ltcpardubice.cz\/?p=7182"},"modified":"2023-10-09T17:28:45","modified_gmt":"2023-10-09T17:28:45","slug":"celostatni-a-krajske-zebricky","status":"publish","type":"post","link":"https:\/\/www.ltcpardubice.cz\/?p=7182","title":{"rendered":"Celost\u00e1tn\u00ed a krajsk\u00e9 \u017eeb\u0159\u00ed\u010dky"},"content":{"rendered":"\n<p>V sou\u010dasn\u00e9 dob\u011b jsou \u017eeb\u0159\u00ed\u010dky hr\u00e1\u010d\u016f zve\u0159ej\u0148ov\u00e1ny v p\u016flro\u010dn\u00edm intervalu, kter\u00fd m\u00e1 v\u011bt\u0161\u00ed v\u00fdpov\u011bdn\u00ed hodnotu. Z\u00e1vodn\u00ed hr\u00e1\u010di, alespo\u0148 n\u011bkte\u0159\u00ed, na n\u011b netrp\u011bliv\u011b \u010dekaj\u00ed. Nejinak tomu bylo letos. Opravdu na v\u00fdborn\u00e9 um\u00edst\u011bn\u00ed dos\u00e1hli 3 hr\u00e1\u010di LTC. 15tilet\u00fd <strong>F. Dym\u00e1k<\/strong> (1. rok v dorosteneck\u00e9 kategorii skon\u010dil ve V\u00fdchodn\u00edch \u010cech\u00e1ch 4 (zdaleka nejmlad\u0161\u00ed), na C\u017d pak 131 a pokud jeho um\u00edst\u011bn\u00ed zredukujeme na um\u00edst\u011bn\u00ed ve sv\u00e9m ro\u010dn\u00edku pak je dokonce 28 v \u010cR. Jeho bodov\u00e1 hodnota (BH), kter\u00e1 se po\u010d\u00edt\u00e1 stejn\u011b jako um\u00edst\u011bn\u00ed z 8 nejlep\u0161\u00edch turnaje 15. Stejn\u00e9ho um\u00edst\u011bn\u00ed, tedy 4. m\u00edsta ve V\u010c, dos\u00e1hla <strong>A. Vobo\u0159ilov\u00e1<\/strong>, tak\u00e9 prvn\u00edm rokem dorostenka, na C\u017d je 92. a jej\u00ed BH je tak\u00e9 15 bod\u016f. V ro\u010dn\u00edku narozen\u00ed je 40. Sou\u010dasn\u011b je i 9. \u017eenou ve V\u010c a 102. na C\u017d, BH je tak\u00e9 15. Pravdou je dorostenky jsou schopny vzhledem k fyzick\u00e9 konstituci hr\u00e1t d\u0159\u00edve turnaje dosp\u011bl\u00fdch. T\u0159et\u00edm jm\u00e9nem, kter\u00e9 je pot\u0159eba si zapamatovat je <strong>D. \u0160mejc<\/strong>, hr\u00e1\u010d o rok mlad\u0161\u00ed ne\u017e v\u00fd\u0161e 2 jmenovan\u00ed, V kategorii star\u0161\u00edch \u017e\u00e1k\u016f je na C\u017d 37. (tedy i 37. ve sv\u00e9m ro\u010dn\u00edku a 3. v kraji a pomysln\u011b by dos\u00e1hl na BH 30. V dorosteneck\u00e9 kategorii je v V\u010c 11. s BH 12. T\u011bmto 3 hr\u00e1\u010d\u016fm velk\u00e1 gratulace.<\/p>\n\n\n\n<p>A co dal\u0161\u00ed? V mu\u017e\u00edch je <strong>O. Kratochv\u00edl<\/strong> ve V\u010c 5., na C\u017d 80 a <strong>V. Vlkovsk\u00fd<\/strong> 7, respektive 88. Oba dos\u00e1hli shodn\u011b na BH 15. Oba hr\u00e1\u010di n\u00e1s budou reprezentovat v extralize a douf\u00e1m, \u017ee i v ni\u017e\u0161\u00edch sout\u011b\u017e\u00edch. V \u017een\u00e1ch jsou t\u00e9m\u011b\u0159 za sebou se\u0159azeny <strong>T. Ku\u010derov\u00e1, A. Vobo\u0159ilov\u00e1, A. Wasserbauerov\u00e1 (v\u0161echny BH 15) a R. He\u0159manov\u00e1 BH 12.<\/strong> Ve star\u0161\u00edch \u017e\u00e1c\u00edch je <strong>D. Vaverka<\/strong> v kraji 8, na C\u017d 92. V \u017e\u00e1kyn\u00edch <strong>A. Honigov\u00e1<\/strong> 5. na C\u017d 82. <strong>J. \u0158\u00edhov\u00e1<\/strong> je v kraji 13., na C\u017d po redukci 81.<\/p>\n\n\n\n<p>Douf\u00e1m, \u017ee to v\u0161em ostatn\u00edm dod\u00e1 chu\u0165 a je m\u00edst\u011b jmenovat dal\u0161\u00ed hr\u00e1\u010de, kte\u0159\u00ed pravideln\u011b tr\u00e9nuj\u00ed a makaj\u00ed na sob\u011b: M. a J. Novotn\u00ed, J. Hrube\u0161, M. Filip, A. Mare\u0161ov\u00e1, A. \u0160krhov\u00e1, E. N\u011bmcov\u00e1 a dal\u0161\u00ed, kte\u0159\u00ed t\u0159eba nejezd\u00ed tolik turnaj\u016f, ale jsou platn\u00fdmi \u010dleny na\u0161ich dru\u017estev.<\/p>\n","protected":false},"excerpt":{"rendered":"<p>V sou\u010dasn\u00e9 dob\u011b jsou \u017eeb\u0159\u00ed\u010dky hr\u00e1\u010d\u016f zve\u0159ej\u0148ov\u00e1ny v p\u016flro\u010dn\u00edm intervalu, kter\u00fd m\u00e1 v\u011bt\u0161\u00ed v\u00fdpov\u011bdn\u00ed hodnotu. Z\u00e1vodn\u00ed hr\u00e1\u010di, alespo\u0148 n\u011bkte\u0159\u00ed, na n\u011b netrp\u011bliv\u011b \u010dekaj\u00ed. Nejinak tomu bylo letos. Opravdu na v\u00fdborn\u00e9 um\u00edst\u011bn\u00ed dos\u00e1hli 3 hr\u00e1\u010di LTC. 15tilet\u00fd F. Dym\u00e1k (1. rok v dorosteneck\u00e9 kategorii skon\u010dil ve V\u00fdchodn\u00edch \u010cech\u00e1ch 4 (zdaleka nejmlad\u0161\u00ed), na C\u017d pak 131 a [&hellip;]<\/p>\n","protected":false},"author":2,"featured_media":5924,"comment_status":"open","ping_status":"open","sticky":false,"template":"","format":"standard","meta":{"_monsterinsights_skip_tracking":false,"_monsterinsights_sitenote_active":false,"_monsterinsights_sitenote_note":"","_monsterinsights_sitenote_category":0,"footnotes":""},"categories":[10],"tags":[],"yoast_head":"<!-- This site is optimized with the Yoast SEO plugin v24.5 - https:\/\/yoast.com\/wordpress\/plugins\/seo\/ -->\n<title>Celost\u00e1tn\u00ed a krajsk\u00e9 \u017eeb\u0159\u00ed\u010dky - LTC Pardubice<\/title>\n<meta name=\"robots\" content=\"index, follow, max-snippet:-1, max-image-preview:large, max-video-preview:-1\" \/>\n<link rel=\"canonical\" href=\"https:\/\/www.ltcpardubice.cz\/?p=7182\" \/>\n<meta property=\"og:locale\" content=\"cs_CZ\" \/>\n<meta property=\"og:type\" content=\"article\" \/>\n<meta property=\"og:title\" content=\"Celost\u00e1tn\u00ed a krajsk\u00e9 \u017eeb\u0159\u00ed\u010dky - LTC Pardubice\" \/>\n<meta property=\"og:description\" content=\"V sou\u010dasn\u00e9 dob\u011b jsou \u017eeb\u0159\u00ed\u010dky hr\u00e1\u010d\u016f zve\u0159ej\u0148ov\u00e1ny v p\u016flro\u010dn\u00edm intervalu, kter\u00fd m\u00e1 v\u011bt\u0161\u00ed v\u00fdpov\u011bdn\u00ed hodnotu. Z\u00e1vodn\u00ed hr\u00e1\u010di, alespo\u0148 n\u011bkte\u0159\u00ed, na n\u011b netrp\u011bliv\u011b \u010dekaj\u00ed. Nejinak tomu bylo letos. Opravdu na v\u00fdborn\u00e9 um\u00edst\u011bn\u00ed dos\u00e1hli 3 hr\u00e1\u010di LTC. 15tilet\u00fd F. Dym\u00e1k (1. rok v dorosteneck\u00e9 kategorii skon\u010dil ve V\u00fdchodn\u00edch \u010cech\u00e1ch 4 (zdaleka nejmlad\u0161\u00ed), na C\u017d pak 131 a [&hellip;]\" \/>\n<meta property=\"og:url\" content=\"https:\/\/www.ltcpardubice.cz\/?p=7182\" \/>\n<meta property=\"og:site_name\" content=\"LTC Pardubice\" \/>\n<meta property=\"article:published_time\" content=\"2023-10-09T17:28:43+00:00\" \/>\n<meta property=\"article:modified_time\" content=\"2023-10-09T17:28:45+00:00\" \/>\n<meta property=\"og:image\" content=\"https:\/\/www.ltcpardubice.cz\/wp-content\/uploads\/2020\/10\/3-1.jpg\" \/>\n\t<meta property=\"og:image:width\" content=\"600\" \/>\n\t<meta property=\"og:image:height\" content=\"600\" \/>\n\t<meta property=\"og:image:type\" content=\"image\/jpeg\" \/>\n<meta name=\"author\" content=\"Eva Z\u00e1labsk\u00e1\" \/>\n<meta name=\"twitter:card\" content=\"summary_large_image\" \/>\n<meta name=\"twitter:label1\" content=\"Napsal(a)\" \/>\n\t<meta name=\"twitter:data1\" content=\"Eva Z\u00e1labsk\u00e1\" \/>\n\t<meta name=\"twitter:label2\" content=\"Odhadovan\u00e1 doba \u010dten\u00ed\" \/>\n\t<meta name=\"twitter:data2\" content=\"2 minuty\" \/>\n<script type=\"application\/ld+json\" class=\"yoast-schema-graph\">{\"@context\":\"https:\/\/schema.org\",\"@graph\":[{\"@type\":\"WebPage\",\"@id\":\"https:\/\/www.ltcpardubice.cz\/?p=7182\",\"url\":\"https:\/\/www.ltcpardubice.cz\/?p=7182\",\"name\":\"Celost\u00e1tn\u00ed a krajsk\u00e9 \u017eeb\u0159\u00ed\u010dky - LTC Pardubice\",\"isPartOf\":{\"@id\":\"https:\/\/www.ltcpardubice.cz\/#website\"},\"primaryImageOfPage\":{\"@id\":\"https:\/\/www.ltcpardubice.cz\/?p=7182#primaryimage\"},\"image\":{\"@id\":\"https:\/\/www.ltcpardubice.cz\/?p=7182#primaryimage\"},\"thumbnailUrl\":\"https:\/\/www.ltcpardubice.cz\/wp-content\/uploads\/2020\/10\/3-1.jpg\",\"datePublished\":\"2023-10-09T17:28:43+00:00\",\"dateModified\":\"2023-10-09T17:28:45+00:00\",\"author\":{\"@id\":\"https:\/\/www.ltcpardubice.cz\/#\/schema\/person\/8f5f3a741b9adea57419864489f31541\"},\"breadcrumb\":{\"@id\":\"https:\/\/www.ltcpardubice.cz\/?p=7182#breadcrumb\"},\"inLanguage\":\"cs\",\"potentialAction\":[{\"@type\":\"ReadAction\",\"target\":[\"https:\/\/www.ltcpardubice.cz\/?p=7182\"]}]},{\"@type\":\"ImageObject\",\"inLanguage\":\"cs\",\"@id\":\"https:\/\/www.ltcpardubice.cz\/?p=7182#primaryimage\",\"url\":\"https:\/\/www.ltcpardubice.cz\/wp-content\/uploads\/2020\/10\/3-1.jpg\",\"contentUrl\":\"https:\/\/www.ltcpardubice.cz\/wp-content\/uploads\/2020\/10\/3-1.jpg\",\"width\":600,\"height\":600},{\"@type\":\"BreadcrumbList\",\"@id\":\"https:\/\/www.ltcpardubice.cz\/?p=7182#breadcrumb\",\"itemListElement\":[{\"@type\":\"ListItem\",\"position\":1,\"name\":\"Home\",\"item\":\"https:\/\/www.ltcpardubice.cz\/\"},{\"@type\":\"ListItem\",\"position\":2,\"name\":\"Celost\u00e1tn\u00ed a krajsk\u00e9 \u017eeb\u0159\u00ed\u010dky\"}]},{\"@type\":\"WebSite\",\"@id\":\"https:\/\/www.ltcpardubice.cz\/#website\",\"url\":\"https:\/\/www.ltcpardubice.cz\/\",\"name\":\"LTC Pardubice\",\"description\":\"Str\u00e1nky tenisov\u00e9ho klubu LTC Pardubice\",\"potentialAction\":[{\"@type\":\"SearchAction\",\"target\":{\"@type\":\"EntryPoint\",\"urlTemplate\":\"https:\/\/www.ltcpardubice.cz\/?s={search_term_string}\"},\"query-input\":{\"@type\":\"PropertyValueSpecification\",\"valueRequired\":true,\"valueName\":\"search_term_string\"}}],\"inLanguage\":\"cs\"},{\"@type\":\"Person\",\"@id\":\"https:\/\/www.ltcpardubice.cz\/#\/schema\/person\/8f5f3a741b9adea57419864489f31541\",\"name\":\"Eva Z\u00e1labsk\u00e1\",\"image\":{\"@type\":\"ImageObject\",\"inLanguage\":\"cs\",\"@id\":\"https:\/\/www.ltcpardubice.cz\/#\/schema\/person\/image\/\",\"url\":\"https:\/\/secure.gravatar.com\/avatar\/fece9555d8859e0080e4a5ae7edcc925?s=96&d=mm&r=g\",\"contentUrl\":\"https:\/\/secure.gravatar.com\/avatar\/fece9555d8859e0080e4a5ae7edcc925?s=96&d=mm&r=g\",\"caption\":\"Eva Z\u00e1labsk\u00e1\"},\"url\":\"https:\/\/www.ltcpardubice.cz\/?author=2\"}]}<\/script>\n<!-- \/ Yoast SEO plugin. -->","yoast_head_json":{"title":"Celost\u00e1tn\u00ed a krajsk\u00e9 \u017eeb\u0159\u00ed\u010dky - LTC Pardubice","robots":{"index":"index","follow":"follow","max-snippet":"max-snippet:-1","max-image-preview":"max-image-preview:large","max-video-preview":"max-video-preview:-1"},"canonical":"https:\/\/www.ltcpardubice.cz\/?p=7182","og_locale":"cs_CZ","og_type":"article","og_title":"Celost\u00e1tn\u00ed a krajsk\u00e9 \u017eeb\u0159\u00ed\u010dky - LTC Pardubice","og_description":"V sou\u010dasn\u00e9 dob\u011b jsou \u017eeb\u0159\u00ed\u010dky hr\u00e1\u010d\u016f zve\u0159ej\u0148ov\u00e1ny v p\u016flro\u010dn\u00edm intervalu, kter\u00fd m\u00e1 v\u011bt\u0161\u00ed v\u00fdpov\u011bdn\u00ed hodnotu. Z\u00e1vodn\u00ed hr\u00e1\u010di, alespo\u0148 n\u011bkte\u0159\u00ed, na n\u011b netrp\u011bliv\u011b \u010dekaj\u00ed. Nejinak tomu bylo letos. Opravdu na v\u00fdborn\u00e9 um\u00edst\u011bn\u00ed dos\u00e1hli 3 hr\u00e1\u010di LTC. 15tilet\u00fd F. Dym\u00e1k (1. rok v dorosteneck\u00e9 kategorii skon\u010dil ve V\u00fdchodn\u00edch \u010cech\u00e1ch 4 (zdaleka nejmlad\u0161\u00ed), na C\u017d pak 131 a [&hellip;]","og_url":"https:\/\/www.ltcpardubice.cz\/?p=7182","og_site_name":"LTC Pardubice","article_published_time":"2023-10-09T17:28:43+00:00","article_modified_time":"2023-10-09T17:28:45+00:00","og_image":[{"width":600,"height":600,"url":"https:\/\/www.ltcpardubice.cz\/wp-content\/uploads\/2020\/10\/3-1.jpg","type":"image\/jpeg"}],"author":"Eva Z\u00e1labsk\u00e1","twitter_card":"summary_large_image","twitter_misc":{"Napsal(a)":"Eva Z\u00e1labsk\u00e1","Odhadovan\u00e1 doba \u010dten\u00ed":"2 minuty"},"schema":{"@context":"https:\/\/schema.org","@graph":[{"@type":"WebPage","@id":"https:\/\/www.ltcpardubice.cz\/?p=7182","url":"https:\/\/www.ltcpardubice.cz\/?p=7182","name":"Celost\u00e1tn\u00ed a krajsk\u00e9 \u017eeb\u0159\u00ed\u010dky - LTC Pardubice","isPartOf":{"@id":"https:\/\/www.ltcpardubice.cz\/#website"},"primaryImageOfPage":{"@id":"https:\/\/www.ltcpardubice.cz\/?p=7182#primaryimage"},"image":{"@id":"https:\/\/www.ltcpardubice.cz\/?p=7182#primaryimage"},"thumbnailUrl":"https:\/\/www.ltcpardubice.cz\/wp-content\/uploads\/2020\/10\/3-1.jpg","datePublished":"2023-10-09T17:28:43+00:00","dateModified":"2023-10-09T17:28:45+00:00","author":{"@id":"https:\/\/www.ltcpardubice.cz\/#\/schema\/person\/8f5f3a741b9adea57419864489f31541"},"breadcrumb":{"@id":"https:\/\/www.ltcpardubice.cz\/?p=7182#breadcrumb"},"inLanguage":"cs","potentialAction":[{"@type":"ReadAction","target":["https:\/\/www.ltcpardubice.cz\/?p=7182"]}]},{"@type":"ImageObject","inLanguage":"cs","@id":"https:\/\/www.ltcpardubice.cz\/?p=7182#primaryimage","url":"https:\/\/www.ltcpardubice.cz\/wp-content\/uploads\/2020\/10\/3-1.jpg","contentUrl":"https:\/\/www.ltcpardubice.cz\/wp-content\/uploads\/2020\/10\/3-1.jpg","width":600,"height":600},{"@type":"BreadcrumbList","@id":"https:\/\/www.ltcpardubice.cz\/?p=7182#breadcrumb","itemListElement":[{"@type":"ListItem","position":1,"name":"Home","item":"https:\/\/www.ltcpardubice.cz\/"},{"@type":"ListItem","position":2,"name":"Celost\u00e1tn\u00ed a krajsk\u00e9 \u017eeb\u0159\u00ed\u010dky"}]},{"@type":"WebSite","@id":"https:\/\/www.ltcpardubice.cz\/#website","url":"https:\/\/www.ltcpardubice.cz\/","name":"LTC Pardubice","description":"Str\u00e1nky tenisov\u00e9ho klubu LTC Pardubice","potentialAction":[{"@type":"SearchAction","target":{"@type":"EntryPoint","urlTemplate":"https:\/\/www.ltcpardubice.cz\/?s={search_term_string}"},"query-input":{"@type":"PropertyValueSpecification","valueRequired":true,"valueName":"search_term_string"}}],"inLanguage":"cs"},{"@type":"Person","@id":"https:\/\/www.ltcpardubice.cz\/#\/schema\/person\/8f5f3a741b9adea57419864489f31541","name":"Eva Z\u00e1labsk\u00e1","image":{"@type":"ImageObject","inLanguage":"cs","@id":"https:\/\/www.ltcpardubice.cz\/#\/schema\/person\/image\/","url":"https:\/\/secure.gravatar.com\/avatar\/fece9555d8859e0080e4a5ae7edcc925?s=96&d=mm&r=g","contentUrl":"https:\/\/secure.gravatar.com\/avatar\/fece9555d8859e0080e4a5ae7edcc925?s=96&d=mm&r=g","caption":"Eva Z\u00e1labsk\u00e1"},"url":"https:\/\/www.ltcpardubice.cz\/?author=2"}]}},"brizy_media":[],"_links":{"self":[{"href":"https:\/\/www.ltcpardubice.cz\/index.php?rest_route=\/wp\/v2\/posts\/7182"}],"collection":[{"href":"https:\/\/www.ltcpardubice.cz\/index.php?rest_route=\/wp\/v2\/posts"}],"about":[{"href":"https:\/\/www.ltcpardubice.cz\/index.php?rest_route=\/wp\/v2\/types\/post"}],"author":[{"embeddable":true,"href":"https:\/\/www.ltcpardubice.cz\/index.php?rest_route=\/wp\/v2\/users\/2"}],"replies":[{"embeddable":true,"href":"https:\/\/www.ltcpardubice.cz\/index.php?rest_route=%2Fwp%2Fv2%2Fcomments&post=7182"}],"version-history":[{"count":1,"href":"https:\/\/www.ltcpardubice.cz\/index.php?rest_route=\/wp\/v2\/posts\/7182\/revisions"}],"predecessor-version":[{"id":7183,"href":"https:\/\/www.ltcpardubice.cz\/index.php?rest_route=\/wp\/v2\/posts\/7182\/revisions\/7183"}],"wp:featuredmedia":[{"embeddable":true,"href":"https:\/\/www.ltcpardubice.cz\/index.php?rest_route=\/wp\/v2\/media\/5924"}],"wp:attachment":[{"href":"https:\/\/www.ltcpardubice.cz\/index.php?rest_route=%2Fwp%2Fv2%2Fmedia&parent=7182"}],"wp:term":[{"taxonomy":"category","embeddable":true,"href":"https:\/\/www.ltcpardubice.cz\/index.php?rest_route=%2Fwp%2Fv2%2Fcategories&post=7182"},{"taxonomy":"post_tag","embeddable":true,"href":"https:\/\/www.ltcpardubice.cz\/index.php?rest_route=%2Fwp%2Fv2%2Ftags&post=7182"}],"curies":[{"name":"wp","href":"https:\/\/api.w.org\/{rel}","templated":true}]}}