{"id":7184,"date":"2023-10-09T17:43:37","date_gmt":"2023-10-09T17:43:37","guid":{"rendered":"https:\/\/www.ltcpardubice.cz\/?p=7184"},"modified":"2023-10-30T17:49:01","modified_gmt":"2023-10-30T17:49:01","slug":"halova-sezona-za-dvermi","status":"publish","type":"post","link":"https:\/\/www.ltcpardubice.cz\/?p=7184","title":{"rendered":"Halov\u00e1 sez\u00f3na za dve\u0159mi"},"content":{"rendered":"\n<p>Pro z\u00e1vodn\u00ed hr\u00e1\u010de za\u010dne halov\u00e1 sez\u00f3na v pond\u011bl\u00ed 16.10. v hale LTC Pardubice a douf\u00e1me, \u017ee i na TCV, kam jsme se nakonec uch\u00fdlili vzhledem k nejasnostem nafouknut\u00ed haly,  finan\u010dn\u00edm podm\u00ednk\u00e1m a podm\u00ednk\u00e1m zapln\u011bn\u00ed haly na Tesle. Ceny hal za hodinu budou up\u0159esn\u011bny. P\u0159edpokl\u00e1d\u00e1 se  dopoledn\u00ed cena na LTC 450,-, odpoledn\u00ed 500,-, v\u00edkendov\u00e1 400,- (je mo\u017en\u00e9, \u017ee dojde je\u0161t\u011b k drobn\u00fdm \u00faprav\u00e1m), cena na TCV 520,-. Zp\u016fsob plateb bude up\u0159esn\u011bn pro ob\u011b haly. Za ob\u011b haly se platba uskute\u010dn\u00ed ve 2 spl\u00e1tk\u00e1ch &#8211; do konce roku tj. 10 t\u00fddn\u016f, d\u00e1le pak do konce b\u0159ezna 12 t\u00fddn\u016f, nehraje se b\u011bhem v\u00e1noc a jarn\u00edch pr\u00e1zdnin.<\/p>\n","protected":false},"excerpt":{"rendered":"<p>Pro z\u00e1vodn\u00ed hr\u00e1\u010de za\u010dne halov\u00e1 sez\u00f3na v pond\u011bl\u00ed 16.10. v hale LTC Pardubice a douf\u00e1me, \u017ee i na TCV, kam jsme se nakonec uch\u00fdlili vzhledem k nejasnostem nafouknut\u00ed haly, finan\u010dn\u00edm podm\u00ednk\u00e1m a podm\u00ednk\u00e1m zapln\u011bn\u00ed haly na Tesle. Ceny hal za hodinu budou up\u0159esn\u011bny. P\u0159edpokl\u00e1d\u00e1 se dopoledn\u00ed cena na LTC 450,-, odpoledn\u00ed 500,-, v\u00edkendov\u00e1 400,- (je [&hellip;]<\/p>\n","protected":false},"author":2,"featured_media":0,"comment_status":"open","ping_status":"open","sticky":false,"template":"","format":"standard","meta":{"_monsterinsights_skip_tracking":false,"_monsterinsights_sitenote_active":false,"_monsterinsights_sitenote_note":"","_monsterinsights_sitenote_category":0,"footnotes":""},"categories":[10],"tags":[],"yoast_head":"<!-- This site is optimized with the Yoast SEO plugin v24.5 - https:\/\/yoast.com\/wordpress\/plugins\/seo\/ -->\n<title>Halov\u00e1 sez\u00f3na za dve\u0159mi - LTC Pardubice<\/title>\n<meta name=\"robots\" content=\"index, follow, max-snippet:-1, max-image-preview:large, max-video-preview:-1\" \/>\n<link rel=\"canonical\" href=\"https:\/\/www.ltcpardubice.cz\/?p=7184\" \/>\n<meta property=\"og:locale\" content=\"cs_CZ\" \/>\n<meta property=\"og:type\" content=\"article\" \/>\n<meta property=\"og:title\" content=\"Halov\u00e1 sez\u00f3na za dve\u0159mi - LTC Pardubice\" \/>\n<meta property=\"og:description\" content=\"Pro z\u00e1vodn\u00ed hr\u00e1\u010de za\u010dne halov\u00e1 sez\u00f3na v pond\u011bl\u00ed 16.10. v hale LTC Pardubice a douf\u00e1me, \u017ee i na TCV, kam jsme se nakonec uch\u00fdlili vzhledem k nejasnostem nafouknut\u00ed haly, finan\u010dn\u00edm podm\u00ednk\u00e1m a podm\u00ednk\u00e1m zapln\u011bn\u00ed haly na Tesle. Ceny hal za hodinu budou up\u0159esn\u011bny. P\u0159edpokl\u00e1d\u00e1 se dopoledn\u00ed cena na LTC 450,-, odpoledn\u00ed 500,-, v\u00edkendov\u00e1 400,- (je [&hellip;]\" \/>\n<meta property=\"og:url\" content=\"https:\/\/www.ltcpardubice.cz\/?p=7184\" \/>\n<meta property=\"og:site_name\" content=\"LTC Pardubice\" \/>\n<meta property=\"article:published_time\" content=\"2023-10-09T17:43:37+00:00\" \/>\n<meta property=\"article:modified_time\" content=\"2023-10-30T17:49:01+00:00\" \/>\n<meta name=\"author\" content=\"Eva Z\u00e1labsk\u00e1\" \/>\n<meta name=\"twitter:card\" content=\"summary_large_image\" \/>\n<meta name=\"twitter:label1\" content=\"Napsal(a)\" \/>\n\t<meta name=\"twitter:data1\" content=\"Eva Z\u00e1labsk\u00e1\" \/>\n\t<meta name=\"twitter:label2\" content=\"Odhadovan\u00e1 doba \u010dten\u00ed\" \/>\n\t<meta name=\"twitter:data2\" content=\"1 minuta\" \/>\n<script type=\"application\/ld+json\" class=\"yoast-schema-graph\">{\"@context\":\"https:\/\/schema.org\",\"@graph\":[{\"@type\":\"WebPage\",\"@id\":\"https:\/\/www.ltcpardubice.cz\/?p=7184\",\"url\":\"https:\/\/www.ltcpardubice.cz\/?p=7184\",\"name\":\"Halov\u00e1 sez\u00f3na za dve\u0159mi - LTC Pardubice\",\"isPartOf\":{\"@id\":\"https:\/\/www.ltcpardubice.cz\/#website\"},\"datePublished\":\"2023-10-09T17:43:37+00:00\",\"dateModified\":\"2023-10-30T17:49:01+00:00\",\"author\":{\"@id\":\"https:\/\/www.ltcpardubice.cz\/#\/schema\/person\/8f5f3a741b9adea57419864489f31541\"},\"breadcrumb\":{\"@id\":\"https:\/\/www.ltcpardubice.cz\/?p=7184#breadcrumb\"},\"inLanguage\":\"cs\",\"potentialAction\":[{\"@type\":\"ReadAction\",\"target\":[\"https:\/\/www.ltcpardubice.cz\/?p=7184\"]}]},{\"@type\":\"BreadcrumbList\",\"@id\":\"https:\/\/www.ltcpardubice.cz\/?p=7184#breadcrumb\",\"itemListElement\":[{\"@type\":\"ListItem\",\"position\":1,\"name\":\"Home\",\"item\":\"https:\/\/www.ltcpardubice.cz\/\"},{\"@type\":\"ListItem\",\"position\":2,\"name\":\"Halov\u00e1 sez\u00f3na za dve\u0159mi\"}]},{\"@type\":\"WebSite\",\"@id\":\"https:\/\/www.ltcpardubice.cz\/#website\",\"url\":\"https:\/\/www.ltcpardubice.cz\/\",\"name\":\"LTC Pardubice\",\"description\":\"Str\u00e1nky tenisov\u00e9ho klubu LTC Pardubice\",\"potentialAction\":[{\"@type\":\"SearchAction\",\"target\":{\"@type\":\"EntryPoint\",\"urlTemplate\":\"https:\/\/www.ltcpardubice.cz\/?s={search_term_string}\"},\"query-input\":{\"@type\":\"PropertyValueSpecification\",\"valueRequired\":true,\"valueName\":\"search_term_string\"}}],\"inLanguage\":\"cs\"},{\"@type\":\"Person\",\"@id\":\"https:\/\/www.ltcpardubice.cz\/#\/schema\/person\/8f5f3a741b9adea57419864489f31541\",\"name\":\"Eva Z\u00e1labsk\u00e1\",\"image\":{\"@type\":\"ImageObject\",\"inLanguage\":\"cs\",\"@id\":\"https:\/\/www.ltcpardubice.cz\/#\/schema\/person\/image\/\",\"url\":\"https:\/\/secure.gravatar.com\/avatar\/fece9555d8859e0080e4a5ae7edcc925?s=96&d=mm&r=g\",\"contentUrl\":\"https:\/\/secure.gravatar.com\/avatar\/fece9555d8859e0080e4a5ae7edcc925?s=96&d=mm&r=g\",\"caption\":\"Eva Z\u00e1labsk\u00e1\"},\"url\":\"https:\/\/www.ltcpardubice.cz\/?author=2\"}]}<\/script>\n<!-- \/ Yoast SEO plugin. -->","yoast_head_json":{"title":"Halov\u00e1 sez\u00f3na za dve\u0159mi - LTC Pardubice","robots":{"index":"index","follow":"follow","max-snippet":"max-snippet:-1","max-image-preview":"max-image-preview:large","max-video-preview":"max-video-preview:-1"},"canonical":"https:\/\/www.ltcpardubice.cz\/?p=7184","og_locale":"cs_CZ","og_type":"article","og_title":"Halov\u00e1 sez\u00f3na za dve\u0159mi - LTC Pardubice","og_description":"Pro z\u00e1vodn\u00ed hr\u00e1\u010de za\u010dne halov\u00e1 sez\u00f3na v pond\u011bl\u00ed 16.10. v hale LTC Pardubice a douf\u00e1me, \u017ee i na TCV, kam jsme se nakonec uch\u00fdlili vzhledem k nejasnostem nafouknut\u00ed haly, finan\u010dn\u00edm podm\u00ednk\u00e1m a podm\u00ednk\u00e1m zapln\u011bn\u00ed haly na Tesle. Ceny hal za hodinu budou up\u0159esn\u011bny. P\u0159edpokl\u00e1d\u00e1 se dopoledn\u00ed cena na LTC 450,-, odpoledn\u00ed 500,-, v\u00edkendov\u00e1 400,- (je [&hellip;]","og_url":"https:\/\/www.ltcpardubice.cz\/?p=7184","og_site_name":"LTC Pardubice","article_published_time":"2023-10-09T17:43:37+00:00","article_modified_time":"2023-10-30T17:49:01+00:00","author":"Eva Z\u00e1labsk\u00e1","twitter_card":"summary_large_image","twitter_misc":{"Napsal(a)":"Eva Z\u00e1labsk\u00e1","Odhadovan\u00e1 doba \u010dten\u00ed":"1 minuta"},"schema":{"@context":"https:\/\/schema.org","@graph":[{"@type":"WebPage","@id":"https:\/\/www.ltcpardubice.cz\/?p=7184","url":"https:\/\/www.ltcpardubice.cz\/?p=7184","name":"Halov\u00e1 sez\u00f3na za dve\u0159mi - LTC Pardubice","isPartOf":{"@id":"https:\/\/www.ltcpardubice.cz\/#website"},"datePublished":"2023-10-09T17:43:37+00:00","dateModified":"2023-10-30T17:49:01+00:00","author":{"@id":"https:\/\/www.ltcpardubice.cz\/#\/schema\/person\/8f5f3a741b9adea57419864489f31541"},"breadcrumb":{"@id":"https:\/\/www.ltcpardubice.cz\/?p=7184#breadcrumb"},"inLanguage":"cs","potentialAction":[{"@type":"ReadAction","target":["https:\/\/www.ltcpardubice.cz\/?p=7184"]}]},{"@type":"BreadcrumbList","@id":"https:\/\/www.ltcpardubice.cz\/?p=7184#breadcrumb","itemListElement":[{"@type":"ListItem","position":1,"name":"Home","item":"https:\/\/www.ltcpardubice.cz\/"},{"@type":"ListItem","position":2,"name":"Halov\u00e1 sez\u00f3na za dve\u0159mi"}]},{"@type":"WebSite","@id":"https:\/\/www.ltcpardubice.cz\/#website","url":"https:\/\/www.ltcpardubice.cz\/","name":"LTC Pardubice","description":"Str\u00e1nky tenisov\u00e9ho klubu LTC Pardubice","potentialAction":[{"@type":"SearchAction","target":{"@type":"EntryPoint","urlTemplate":"https:\/\/www.ltcpardubice.cz\/?s={search_term_string}"},"query-input":{"@type":"PropertyValueSpecification","valueRequired":true,"valueName":"search_term_string"}}],"inLanguage":"cs"},{"@type":"Person","@id":"https:\/\/www.ltcpardubice.cz\/#\/schema\/person\/8f5f3a741b9adea57419864489f31541","name":"Eva Z\u00e1labsk\u00e1","image":{"@type":"ImageObject","inLanguage":"cs","@id":"https:\/\/www.ltcpardubice.cz\/#\/schema\/person\/image\/","url":"https:\/\/secure.gravatar.com\/avatar\/fece9555d8859e0080e4a5ae7edcc925?s=96&d=mm&r=g","contentUrl":"https:\/\/secure.gravatar.com\/avatar\/fece9555d8859e0080e4a5ae7edcc925?s=96&d=mm&r=g","caption":"Eva Z\u00e1labsk\u00e1"},"url":"https:\/\/www.ltcpardubice.cz\/?author=2"}]}},"brizy_media":[],"_links":{"self":[{"href":"https:\/\/www.ltcpardubice.cz\/index.php?rest_route=\/wp\/v2\/posts\/7184"}],"collection":[{"href":"https:\/\/www.ltcpardubice.cz\/index.php?rest_route=\/wp\/v2\/posts"}],"about":[{"href":"https:\/\/www.ltcpardubice.cz\/index.php?rest_route=\/wp\/v2\/types\/post"}],"author":[{"embeddable":true,"href":"https:\/\/www.ltcpardubice.cz\/index.php?rest_route=\/wp\/v2\/users\/2"}],"replies":[{"embeddable":true,"href":"https:\/\/www.ltcpardubice.cz\/index.php?rest_route=%2Fwp%2Fv2%2Fcomments&post=7184"}],"version-history":[{"count":2,"href":"https:\/\/www.ltcpardubice.cz\/index.php?rest_route=\/wp\/v2\/posts\/7184\/revisions"}],"predecessor-version":[{"id":7191,"href":"https:\/\/www.ltcpardubice.cz\/index.php?rest_route=\/wp\/v2\/posts\/7184\/revisions\/7191"}],"wp:attachment":[{"href":"https:\/\/www.ltcpardubice.cz\/index.php?rest_route=%2Fwp%2Fv2%2Fmedia&parent=7184"}],"wp:term":[{"taxonomy":"category","embeddable":true,"href":"https:\/\/www.ltcpardubice.cz\/index.php?rest_route=%2Fwp%2Fv2%2Fcategories&post=7184"},{"taxonomy":"post_tag","embeddable":true,"href":"https:\/\/www.ltcpardubice.cz\/index.php?rest_route=%2Fwp%2Fv2%2Ftags&post=7184"}],"curies":[{"name":"wp","href":"https:\/\/api.w.org\/{rel}","templated":true}]}}