{"id":7199,"date":"2023-11-27T18:02:07","date_gmt":"2023-11-27T18:02:07","guid":{"rendered":"https:\/\/www.ltcpardubice.cz\/?p=7199"},"modified":"2023-11-27T18:02:08","modified_gmt":"2023-11-27T18:02:08","slug":"zacaly-halove-turnaje","status":"publish","type":"post","link":"https:\/\/www.ltcpardubice.cz\/?p=7199","title":{"rendered":"Za\u010daly halov\u00e9 turnaje"},"content":{"rendered":"\n<p>Ji\u017e v listopadu odstartovaly halov\u00e9 turnaje. Jako 1. to byly V\u00fdchodo\u010desk\u00e9 halov\u00e9 p\u0159ebory mu\u017e\u016f a \u017een. Mu\u017ei hr\u00e1li na HIT Hradec Kr\u00e1lov\u00e9. O. Kratochv\u00edl pro\u0161el pom\u011brn\u011b hladce do semifin\u00e1le dvouhry, kde nesta\u010dil na pozd\u011bj\u0161\u00edho v\u00edt\u011bze Su\u010de. L. Kelnar prohr\u00e1l pr\u00e1v\u011b s Kratochv\u00edlem ve \u010dtvrtfin\u00e1le. HOP se z\u00fa\u010dastnili i O. Skokan, V. Berka a dorostenci F. Dym\u00e1k a D. \u0160mejc. \u017deny hr\u00e1ly tradi\u010dn\u011b ve Vysok\u00e9m M\u00fdt\u011b, semifin\u00e1le \u010dty\u0159hry hr\u00e1la A. Vobo\u0159ilov\u00e1. O t\u00fdden pozd\u011bji odstartovali i sout\u011b\u017ee v juniorsk\u00fdch kategori\u00edch. \u00dasp\u011bch na \u00favod zaznamenala J. \u0158\u00edhov\u00e1, kter\u00e1 byla na turnaji star\u0161\u00edch \u017e\u00e1ky\u0148 ve Vyso\u010danech ve fin\u00e1le dvouhry a vyhr\u00e1la \u010dty\u0159hru.<\/p>\n\n\n\n<p><\/p>\n","protected":false},"excerpt":{"rendered":"<p>Ji\u017e v listopadu odstartovaly halov\u00e9 turnaje. Jako 1. to byly V\u00fdchodo\u010desk\u00e9 halov\u00e9 p\u0159ebory mu\u017e\u016f a \u017een. Mu\u017ei hr\u00e1li na HIT Hradec Kr\u00e1lov\u00e9. O. Kratochv\u00edl pro\u0161el pom\u011brn\u011b hladce do semifin\u00e1le dvouhry, kde nesta\u010dil na pozd\u011bj\u0161\u00edho v\u00edt\u011bze Su\u010de. L. Kelnar prohr\u00e1l pr\u00e1v\u011b s Kratochv\u00edlem ve \u010dtvrtfin\u00e1le. HOP se z\u00fa\u010dastnili i O. Skokan, V. Berka a dorostenci F. [&hellip;]<\/p>\n","protected":false},"author":2,"featured_media":4276,"comment_status":"open","ping_status":"open","sticky":false,"template":"","format":"standard","meta":{"_monsterinsights_skip_tracking":false,"_monsterinsights_sitenote_active":false,"_monsterinsights_sitenote_note":"","_monsterinsights_sitenote_category":0,"footnotes":""},"categories":[10],"tags":[],"yoast_head":"<!-- This site is optimized with the Yoast SEO plugin v24.5 - https:\/\/yoast.com\/wordpress\/plugins\/seo\/ -->\n<title>Za\u010daly halov\u00e9 turnaje - LTC Pardubice<\/title>\n<meta name=\"robots\" content=\"index, follow, max-snippet:-1, max-image-preview:large, max-video-preview:-1\" \/>\n<link rel=\"canonical\" href=\"https:\/\/www.ltcpardubice.cz\/?p=7199\" \/>\n<meta property=\"og:locale\" content=\"cs_CZ\" \/>\n<meta property=\"og:type\" content=\"article\" \/>\n<meta property=\"og:title\" content=\"Za\u010daly halov\u00e9 turnaje - LTC Pardubice\" \/>\n<meta property=\"og:description\" content=\"Ji\u017e v listopadu odstartovaly halov\u00e9 turnaje. Jako 1. to byly V\u00fdchodo\u010desk\u00e9 halov\u00e9 p\u0159ebory mu\u017e\u016f a \u017een. Mu\u017ei hr\u00e1li na HIT Hradec Kr\u00e1lov\u00e9. O. Kratochv\u00edl pro\u0161el pom\u011brn\u011b hladce do semifin\u00e1le dvouhry, kde nesta\u010dil na pozd\u011bj\u0161\u00edho v\u00edt\u011bze Su\u010de. L. Kelnar prohr\u00e1l pr\u00e1v\u011b s Kratochv\u00edlem ve \u010dtvrtfin\u00e1le. HOP se z\u00fa\u010dastnili i O. Skokan, V. Berka a dorostenci F. [&hellip;]\" \/>\n<meta property=\"og:url\" content=\"https:\/\/www.ltcpardubice.cz\/?p=7199\" \/>\n<meta property=\"og:site_name\" content=\"LTC Pardubice\" \/>\n<meta property=\"article:published_time\" content=\"2023-11-27T18:02:07+00:00\" \/>\n<meta property=\"article:modified_time\" content=\"2023-11-27T18:02:08+00:00\" \/>\n<meta property=\"og:image\" content=\"https:\/\/www.ltcpardubice.cz\/wp-content\/uploads\/2020\/05\/cropped-shutter-tenis-tennis-raketa-651-1.jpg\" \/>\n\t<meta property=\"og:image:width\" content=\"2000\" \/>\n\t<meta property=\"og:image:height\" content=\"764\" \/>\n\t<meta property=\"og:image:type\" content=\"image\/jpeg\" \/>\n<meta name=\"author\" content=\"Eva Z\u00e1labsk\u00e1\" \/>\n<meta name=\"twitter:card\" content=\"summary_large_image\" \/>\n<meta name=\"twitter:label1\" content=\"Napsal(a)\" \/>\n\t<meta name=\"twitter:data1\" content=\"Eva Z\u00e1labsk\u00e1\" \/>\n\t<meta name=\"twitter:label2\" content=\"Odhadovan\u00e1 doba \u010dten\u00ed\" \/>\n\t<meta name=\"twitter:data2\" content=\"1 minuta\" \/>\n<script type=\"application\/ld+json\" class=\"yoast-schema-graph\">{\"@context\":\"https:\/\/schema.org\",\"@graph\":[{\"@type\":\"WebPage\",\"@id\":\"https:\/\/www.ltcpardubice.cz\/?p=7199\",\"url\":\"https:\/\/www.ltcpardubice.cz\/?p=7199\",\"name\":\"Za\u010daly halov\u00e9 turnaje - LTC Pardubice\",\"isPartOf\":{\"@id\":\"https:\/\/www.ltcpardubice.cz\/#website\"},\"primaryImageOfPage\":{\"@id\":\"https:\/\/www.ltcpardubice.cz\/?p=7199#primaryimage\"},\"image\":{\"@id\":\"https:\/\/www.ltcpardubice.cz\/?p=7199#primaryimage\"},\"thumbnailUrl\":\"https:\/\/www.ltcpardubice.cz\/wp-content\/uploads\/2020\/05\/cropped-shutter-tenis-tennis-raketa-651-1.jpg\",\"datePublished\":\"2023-11-27T18:02:07+00:00\",\"dateModified\":\"2023-11-27T18:02:08+00:00\",\"author\":{\"@id\":\"https:\/\/www.ltcpardubice.cz\/#\/schema\/person\/8f5f3a741b9adea57419864489f31541\"},\"breadcrumb\":{\"@id\":\"https:\/\/www.ltcpardubice.cz\/?p=7199#breadcrumb\"},\"inLanguage\":\"cs\",\"potentialAction\":[{\"@type\":\"ReadAction\",\"target\":[\"https:\/\/www.ltcpardubice.cz\/?p=7199\"]}]},{\"@type\":\"ImageObject\",\"inLanguage\":\"cs\",\"@id\":\"https:\/\/www.ltcpardubice.cz\/?p=7199#primaryimage\",\"url\":\"https:\/\/www.ltcpardubice.cz\/wp-content\/uploads\/2020\/05\/cropped-shutter-tenis-tennis-raketa-651-1.jpg\",\"contentUrl\":\"https:\/\/www.ltcpardubice.cz\/wp-content\/uploads\/2020\/05\/cropped-shutter-tenis-tennis-raketa-651-1.jpg\",\"width\":2000,\"height\":764},{\"@type\":\"BreadcrumbList\",\"@id\":\"https:\/\/www.ltcpardubice.cz\/?p=7199#breadcrumb\",\"itemListElement\":[{\"@type\":\"ListItem\",\"position\":1,\"name\":\"Home\",\"item\":\"https:\/\/www.ltcpardubice.cz\/\"},{\"@type\":\"ListItem\",\"position\":2,\"name\":\"Za\u010daly halov\u00e9 turnaje\"}]},{\"@type\":\"WebSite\",\"@id\":\"https:\/\/www.ltcpardubice.cz\/#website\",\"url\":\"https:\/\/www.ltcpardubice.cz\/\",\"name\":\"LTC Pardubice\",\"description\":\"Str\u00e1nky tenisov\u00e9ho klubu LTC Pardubice\",\"potentialAction\":[{\"@type\":\"SearchAction\",\"target\":{\"@type\":\"EntryPoint\",\"urlTemplate\":\"https:\/\/www.ltcpardubice.cz\/?s={search_term_string}\"},\"query-input\":{\"@type\":\"PropertyValueSpecification\",\"valueRequired\":true,\"valueName\":\"search_term_string\"}}],\"inLanguage\":\"cs\"},{\"@type\":\"Person\",\"@id\":\"https:\/\/www.ltcpardubice.cz\/#\/schema\/person\/8f5f3a741b9adea57419864489f31541\",\"name\":\"Eva Z\u00e1labsk\u00e1\",\"image\":{\"@type\":\"ImageObject\",\"inLanguage\":\"cs\",\"@id\":\"https:\/\/www.ltcpardubice.cz\/#\/schema\/person\/image\/\",\"url\":\"https:\/\/secure.gravatar.com\/avatar\/fece9555d8859e0080e4a5ae7edcc925?s=96&d=mm&r=g\",\"contentUrl\":\"https:\/\/secure.gravatar.com\/avatar\/fece9555d8859e0080e4a5ae7edcc925?s=96&d=mm&r=g\",\"caption\":\"Eva Z\u00e1labsk\u00e1\"},\"url\":\"https:\/\/www.ltcpardubice.cz\/?author=2\"}]}<\/script>\n<!-- \/ Yoast SEO plugin. -->","yoast_head_json":{"title":"Za\u010daly halov\u00e9 turnaje - LTC Pardubice","robots":{"index":"index","follow":"follow","max-snippet":"max-snippet:-1","max-image-preview":"max-image-preview:large","max-video-preview":"max-video-preview:-1"},"canonical":"https:\/\/www.ltcpardubice.cz\/?p=7199","og_locale":"cs_CZ","og_type":"article","og_title":"Za\u010daly halov\u00e9 turnaje - LTC Pardubice","og_description":"Ji\u017e v listopadu odstartovaly halov\u00e9 turnaje. Jako 1. to byly V\u00fdchodo\u010desk\u00e9 halov\u00e9 p\u0159ebory mu\u017e\u016f a \u017een. Mu\u017ei hr\u00e1li na HIT Hradec Kr\u00e1lov\u00e9. O. Kratochv\u00edl pro\u0161el pom\u011brn\u011b hladce do semifin\u00e1le dvouhry, kde nesta\u010dil na pozd\u011bj\u0161\u00edho v\u00edt\u011bze Su\u010de. L. Kelnar prohr\u00e1l pr\u00e1v\u011b s Kratochv\u00edlem ve \u010dtvrtfin\u00e1le. HOP se z\u00fa\u010dastnili i O. Skokan, V. Berka a dorostenci F. [&hellip;]","og_url":"https:\/\/www.ltcpardubice.cz\/?p=7199","og_site_name":"LTC Pardubice","article_published_time":"2023-11-27T18:02:07+00:00","article_modified_time":"2023-11-27T18:02:08+00:00","og_image":[{"width":2000,"height":764,"url":"https:\/\/www.ltcpardubice.cz\/wp-content\/uploads\/2020\/05\/cropped-shutter-tenis-tennis-raketa-651-1.jpg","type":"image\/jpeg"}],"author":"Eva Z\u00e1labsk\u00e1","twitter_card":"summary_large_image","twitter_misc":{"Napsal(a)":"Eva Z\u00e1labsk\u00e1","Odhadovan\u00e1 doba \u010dten\u00ed":"1 minuta"},"schema":{"@context":"https:\/\/schema.org","@graph":[{"@type":"WebPage","@id":"https:\/\/www.ltcpardubice.cz\/?p=7199","url":"https:\/\/www.ltcpardubice.cz\/?p=7199","name":"Za\u010daly halov\u00e9 turnaje - LTC Pardubice","isPartOf":{"@id":"https:\/\/www.ltcpardubice.cz\/#website"},"primaryImageOfPage":{"@id":"https:\/\/www.ltcpardubice.cz\/?p=7199#primaryimage"},"image":{"@id":"https:\/\/www.ltcpardubice.cz\/?p=7199#primaryimage"},"thumbnailUrl":"https:\/\/www.ltcpardubice.cz\/wp-content\/uploads\/2020\/05\/cropped-shutter-tenis-tennis-raketa-651-1.jpg","datePublished":"2023-11-27T18:02:07+00:00","dateModified":"2023-11-27T18:02:08+00:00","author":{"@id":"https:\/\/www.ltcpardubice.cz\/#\/schema\/person\/8f5f3a741b9adea57419864489f31541"},"breadcrumb":{"@id":"https:\/\/www.ltcpardubice.cz\/?p=7199#breadcrumb"},"inLanguage":"cs","potentialAction":[{"@type":"ReadAction","target":["https:\/\/www.ltcpardubice.cz\/?p=7199"]}]},{"@type":"ImageObject","inLanguage":"cs","@id":"https:\/\/www.ltcpardubice.cz\/?p=7199#primaryimage","url":"https:\/\/www.ltcpardubice.cz\/wp-content\/uploads\/2020\/05\/cropped-shutter-tenis-tennis-raketa-651-1.jpg","contentUrl":"https:\/\/www.ltcpardubice.cz\/wp-content\/uploads\/2020\/05\/cropped-shutter-tenis-tennis-raketa-651-1.jpg","width":2000,"height":764},{"@type":"BreadcrumbList","@id":"https:\/\/www.ltcpardubice.cz\/?p=7199#breadcrumb","itemListElement":[{"@type":"ListItem","position":1,"name":"Home","item":"https:\/\/www.ltcpardubice.cz\/"},{"@type":"ListItem","position":2,"name":"Za\u010daly halov\u00e9 turnaje"}]},{"@type":"WebSite","@id":"https:\/\/www.ltcpardubice.cz\/#website","url":"https:\/\/www.ltcpardubice.cz\/","name":"LTC Pardubice","description":"Str\u00e1nky tenisov\u00e9ho klubu LTC Pardubice","potentialAction":[{"@type":"SearchAction","target":{"@type":"EntryPoint","urlTemplate":"https:\/\/www.ltcpardubice.cz\/?s={search_term_string}"},"query-input":{"@type":"PropertyValueSpecification","valueRequired":true,"valueName":"search_term_string"}}],"inLanguage":"cs"},{"@type":"Person","@id":"https:\/\/www.ltcpardubice.cz\/#\/schema\/person\/8f5f3a741b9adea57419864489f31541","name":"Eva Z\u00e1labsk\u00e1","image":{"@type":"ImageObject","inLanguage":"cs","@id":"https:\/\/www.ltcpardubice.cz\/#\/schema\/person\/image\/","url":"https:\/\/secure.gravatar.com\/avatar\/fece9555d8859e0080e4a5ae7edcc925?s=96&d=mm&r=g","contentUrl":"https:\/\/secure.gravatar.com\/avatar\/fece9555d8859e0080e4a5ae7edcc925?s=96&d=mm&r=g","caption":"Eva Z\u00e1labsk\u00e1"},"url":"https:\/\/www.ltcpardubice.cz\/?author=2"}]}},"brizy_media":[],"_links":{"self":[{"href":"https:\/\/www.ltcpardubice.cz\/index.php?rest_route=\/wp\/v2\/posts\/7199"}],"collection":[{"href":"https:\/\/www.ltcpardubice.cz\/index.php?rest_route=\/wp\/v2\/posts"}],"about":[{"href":"https:\/\/www.ltcpardubice.cz\/index.php?rest_route=\/wp\/v2\/types\/post"}],"author":[{"embeddable":true,"href":"https:\/\/www.ltcpardubice.cz\/index.php?rest_route=\/wp\/v2\/users\/2"}],"replies":[{"embeddable":true,"href":"https:\/\/www.ltcpardubice.cz\/index.php?rest_route=%2Fwp%2Fv2%2Fcomments&post=7199"}],"version-history":[{"count":1,"href":"https:\/\/www.ltcpardubice.cz\/index.php?rest_route=\/wp\/v2\/posts\/7199\/revisions"}],"predecessor-version":[{"id":7200,"href":"https:\/\/www.ltcpardubice.cz\/index.php?rest_route=\/wp\/v2\/posts\/7199\/revisions\/7200"}],"wp:featuredmedia":[{"embeddable":true,"href":"https:\/\/www.ltcpardubice.cz\/index.php?rest_route=\/wp\/v2\/media\/4276"}],"wp:attachment":[{"href":"https:\/\/www.ltcpardubice.cz\/index.php?rest_route=%2Fwp%2Fv2%2Fmedia&parent=7199"}],"wp:term":[{"taxonomy":"category","embeddable":true,"href":"https:\/\/www.ltcpardubice.cz\/index.php?rest_route=%2Fwp%2Fv2%2Fcategories&post=7199"},{"taxonomy":"post_tag","embeddable":true,"href":"https:\/\/www.ltcpardubice.cz\/index.php?rest_route=%2Fwp%2Fv2%2Ftags&post=7199"}],"curies":[{"name":"wp","href":"https:\/\/api.w.org\/{rel}","templated":true}]}}