{"id":7204,"date":"2023-11-27T18:23:34","date_gmt":"2023-11-27T18:23:34","guid":{"rendered":"https:\/\/www.ltcpardubice.cz\/?p=7204"},"modified":"2023-11-27T18:23:35","modified_gmt":"2023-11-27T18:23:35","slug":"novy-rezervacni-sytem","status":"publish","type":"post","link":"https:\/\/www.ltcpardubice.cz\/?p=7204","title":{"rendered":"Nov\u00fd rezerva\u010dn\u00ed syt\u00e9m"},"content":{"rendered":"\n<p>V sou\u010dasn\u00e9 dob\u011b se za\u010d\u00edn\u00e1 testovat nov\u00fd rezerva\u010dn\u00ed syst\u00e9m klubu, kter\u00fd umo\u017en\u00ed rezervaci i p\u0159\u00edpadn\u00e9 zru\u0161en\u00ed rezervace dvorc\u016f. Syst\u00e9m je zalo\u017een na registraci \u010dlen\u016f, kter\u00fd je schv\u00e1len administr\u00e1torem, pot\u00e9 umo\u017en\u00ed zarezervov\u00e1n\u00ed dvorc\u016f nebo haly, kdy \u010dlenov\u00e9 budou m\u00edt v\u017edy p\u0159ednost p\u0159ed ne\u010dleny. Do konce roku 2023 je rezervace v testovac\u00ed verzi a i vzhledem k tr\u00e9nink\u016f extraligov\u00fdch hr\u00e1\u010d\u016f v p\u0159\u00ed\u0161t\u00edch 2 v\u00edkendech, je kone\u010dn\u00e9 potvrzen\u00ed rezervace v rukou spr\u00e1vc\u016f are\u00e1lu.<\/p>\n","protected":false},"excerpt":{"rendered":"<p>V sou\u010dasn\u00e9 dob\u011b se za\u010d\u00edn\u00e1 testovat nov\u00fd rezerva\u010dn\u00ed syst\u00e9m klubu, kter\u00fd umo\u017en\u00ed rezervaci i p\u0159\u00edpadn\u00e9 zru\u0161en\u00ed rezervace dvorc\u016f. Syst\u00e9m je zalo\u017een na registraci \u010dlen\u016f, kter\u00fd je schv\u00e1len administr\u00e1torem, pot\u00e9 umo\u017en\u00ed zarezervov\u00e1n\u00ed dvorc\u016f nebo haly, kdy \u010dlenov\u00e9 budou m\u00edt v\u017edy p\u0159ednost p\u0159ed ne\u010dleny. Do konce roku 2023 je rezervace v testovac\u00ed verzi a i vzhledem k [&hellip;]<\/p>\n","protected":false},"author":2,"featured_media":6729,"comment_status":"open","ping_status":"open","sticky":false,"template":"","format":"standard","meta":{"_monsterinsights_skip_tracking":false,"_monsterinsights_sitenote_active":false,"_monsterinsights_sitenote_note":"","_monsterinsights_sitenote_category":0,"footnotes":""},"categories":[10],"tags":[],"yoast_head":"<!-- This site is optimized with the Yoast SEO plugin v24.5 - https:\/\/yoast.com\/wordpress\/plugins\/seo\/ -->\n<title>Nov\u00fd rezerva\u010dn\u00ed syt\u00e9m - LTC Pardubice<\/title>\n<meta name=\"robots\" content=\"index, follow, max-snippet:-1, max-image-preview:large, max-video-preview:-1\" \/>\n<link rel=\"canonical\" href=\"https:\/\/www.ltcpardubice.cz\/?p=7204\" \/>\n<meta property=\"og:locale\" content=\"cs_CZ\" \/>\n<meta property=\"og:type\" content=\"article\" \/>\n<meta property=\"og:title\" content=\"Nov\u00fd rezerva\u010dn\u00ed syt\u00e9m - LTC Pardubice\" \/>\n<meta property=\"og:description\" content=\"V sou\u010dasn\u00e9 dob\u011b se za\u010d\u00edn\u00e1 testovat nov\u00fd rezerva\u010dn\u00ed syst\u00e9m klubu, kter\u00fd umo\u017en\u00ed rezervaci i p\u0159\u00edpadn\u00e9 zru\u0161en\u00ed rezervace dvorc\u016f. Syst\u00e9m je zalo\u017een na registraci \u010dlen\u016f, kter\u00fd je schv\u00e1len administr\u00e1torem, pot\u00e9 umo\u017en\u00ed zarezervov\u00e1n\u00ed dvorc\u016f nebo haly, kdy \u010dlenov\u00e9 budou m\u00edt v\u017edy p\u0159ednost p\u0159ed ne\u010dleny. Do konce roku 2023 je rezervace v testovac\u00ed verzi a i vzhledem k [&hellip;]\" \/>\n<meta property=\"og:url\" content=\"https:\/\/www.ltcpardubice.cz\/?p=7204\" \/>\n<meta property=\"og:site_name\" content=\"LTC Pardubice\" \/>\n<meta property=\"article:published_time\" content=\"2023-11-27T18:23:34+00:00\" \/>\n<meta property=\"article:modified_time\" content=\"2023-11-27T18:23:35+00:00\" \/>\n<meta property=\"og:image\" content=\"https:\/\/www.ltcpardubice.cz\/wp-content\/uploads\/2021\/05\/2_3_rezervace_ico-1.jpg\" \/>\n\t<meta property=\"og:image:width\" content=\"500\" \/>\n\t<meta property=\"og:image:height\" content=\"303\" \/>\n\t<meta property=\"og:image:type\" content=\"image\/jpeg\" \/>\n<meta name=\"author\" content=\"Eva Z\u00e1labsk\u00e1\" \/>\n<meta name=\"twitter:card\" content=\"summary_large_image\" \/>\n<meta name=\"twitter:label1\" content=\"Napsal(a)\" \/>\n\t<meta name=\"twitter:data1\" content=\"Eva Z\u00e1labsk\u00e1\" \/>\n\t<meta name=\"twitter:label2\" content=\"Odhadovan\u00e1 doba \u010dten\u00ed\" \/>\n\t<meta name=\"twitter:data2\" content=\"1 minuta\" \/>\n<script type=\"application\/ld+json\" class=\"yoast-schema-graph\">{\"@context\":\"https:\/\/schema.org\",\"@graph\":[{\"@type\":\"WebPage\",\"@id\":\"https:\/\/www.ltcpardubice.cz\/?p=7204\",\"url\":\"https:\/\/www.ltcpardubice.cz\/?p=7204\",\"name\":\"Nov\u00fd rezerva\u010dn\u00ed syt\u00e9m - LTC Pardubice\",\"isPartOf\":{\"@id\":\"https:\/\/www.ltcpardubice.cz\/#website\"},\"primaryImageOfPage\":{\"@id\":\"https:\/\/www.ltcpardubice.cz\/?p=7204#primaryimage\"},\"image\":{\"@id\":\"https:\/\/www.ltcpardubice.cz\/?p=7204#primaryimage\"},\"thumbnailUrl\":\"https:\/\/www.ltcpardubice.cz\/wp-content\/uploads\/2021\/05\/2_3_rezervace_ico-1.jpg\",\"datePublished\":\"2023-11-27T18:23:34+00:00\",\"dateModified\":\"2023-11-27T18:23:35+00:00\",\"author\":{\"@id\":\"https:\/\/www.ltcpardubice.cz\/#\/schema\/person\/8f5f3a741b9adea57419864489f31541\"},\"breadcrumb\":{\"@id\":\"https:\/\/www.ltcpardubice.cz\/?p=7204#breadcrumb\"},\"inLanguage\":\"cs\",\"potentialAction\":[{\"@type\":\"ReadAction\",\"target\":[\"https:\/\/www.ltcpardubice.cz\/?p=7204\"]}]},{\"@type\":\"ImageObject\",\"inLanguage\":\"cs\",\"@id\":\"https:\/\/www.ltcpardubice.cz\/?p=7204#primaryimage\",\"url\":\"https:\/\/www.ltcpardubice.cz\/wp-content\/uploads\/2021\/05\/2_3_rezervace_ico-1.jpg\",\"contentUrl\":\"https:\/\/www.ltcpardubice.cz\/wp-content\/uploads\/2021\/05\/2_3_rezervace_ico-1.jpg\",\"width\":500,\"height\":303},{\"@type\":\"BreadcrumbList\",\"@id\":\"https:\/\/www.ltcpardubice.cz\/?p=7204#breadcrumb\",\"itemListElement\":[{\"@type\":\"ListItem\",\"position\":1,\"name\":\"Home\",\"item\":\"https:\/\/www.ltcpardubice.cz\/\"},{\"@type\":\"ListItem\",\"position\":2,\"name\":\"Nov\u00fd rezerva\u010dn\u00ed syt\u00e9m\"}]},{\"@type\":\"WebSite\",\"@id\":\"https:\/\/www.ltcpardubice.cz\/#website\",\"url\":\"https:\/\/www.ltcpardubice.cz\/\",\"name\":\"LTC Pardubice\",\"description\":\"Str\u00e1nky tenisov\u00e9ho klubu LTC Pardubice\",\"potentialAction\":[{\"@type\":\"SearchAction\",\"target\":{\"@type\":\"EntryPoint\",\"urlTemplate\":\"https:\/\/www.ltcpardubice.cz\/?s={search_term_string}\"},\"query-input\":{\"@type\":\"PropertyValueSpecification\",\"valueRequired\":true,\"valueName\":\"search_term_string\"}}],\"inLanguage\":\"cs\"},{\"@type\":\"Person\",\"@id\":\"https:\/\/www.ltcpardubice.cz\/#\/schema\/person\/8f5f3a741b9adea57419864489f31541\",\"name\":\"Eva Z\u00e1labsk\u00e1\",\"image\":{\"@type\":\"ImageObject\",\"inLanguage\":\"cs\",\"@id\":\"https:\/\/www.ltcpardubice.cz\/#\/schema\/person\/image\/\",\"url\":\"https:\/\/secure.gravatar.com\/avatar\/fece9555d8859e0080e4a5ae7edcc925?s=96&d=mm&r=g\",\"contentUrl\":\"https:\/\/secure.gravatar.com\/avatar\/fece9555d8859e0080e4a5ae7edcc925?s=96&d=mm&r=g\",\"caption\":\"Eva Z\u00e1labsk\u00e1\"},\"url\":\"https:\/\/www.ltcpardubice.cz\/?author=2\"}]}<\/script>\n<!-- \/ Yoast SEO plugin. -->","yoast_head_json":{"title":"Nov\u00fd rezerva\u010dn\u00ed syt\u00e9m - LTC Pardubice","robots":{"index":"index","follow":"follow","max-snippet":"max-snippet:-1","max-image-preview":"max-image-preview:large","max-video-preview":"max-video-preview:-1"},"canonical":"https:\/\/www.ltcpardubice.cz\/?p=7204","og_locale":"cs_CZ","og_type":"article","og_title":"Nov\u00fd rezerva\u010dn\u00ed syt\u00e9m - LTC Pardubice","og_description":"V sou\u010dasn\u00e9 dob\u011b se za\u010d\u00edn\u00e1 testovat nov\u00fd rezerva\u010dn\u00ed syst\u00e9m klubu, kter\u00fd umo\u017en\u00ed rezervaci i p\u0159\u00edpadn\u00e9 zru\u0161en\u00ed rezervace dvorc\u016f. Syst\u00e9m je zalo\u017een na registraci \u010dlen\u016f, kter\u00fd je schv\u00e1len administr\u00e1torem, pot\u00e9 umo\u017en\u00ed zarezervov\u00e1n\u00ed dvorc\u016f nebo haly, kdy \u010dlenov\u00e9 budou m\u00edt v\u017edy p\u0159ednost p\u0159ed ne\u010dleny. Do konce roku 2023 je rezervace v testovac\u00ed verzi a i vzhledem k [&hellip;]","og_url":"https:\/\/www.ltcpardubice.cz\/?p=7204","og_site_name":"LTC Pardubice","article_published_time":"2023-11-27T18:23:34+00:00","article_modified_time":"2023-11-27T18:23:35+00:00","og_image":[{"width":500,"height":303,"url":"https:\/\/www.ltcpardubice.cz\/wp-content\/uploads\/2021\/05\/2_3_rezervace_ico-1.jpg","type":"image\/jpeg"}],"author":"Eva Z\u00e1labsk\u00e1","twitter_card":"summary_large_image","twitter_misc":{"Napsal(a)":"Eva Z\u00e1labsk\u00e1","Odhadovan\u00e1 doba \u010dten\u00ed":"1 minuta"},"schema":{"@context":"https:\/\/schema.org","@graph":[{"@type":"WebPage","@id":"https:\/\/www.ltcpardubice.cz\/?p=7204","url":"https:\/\/www.ltcpardubice.cz\/?p=7204","name":"Nov\u00fd rezerva\u010dn\u00ed syt\u00e9m - LTC Pardubice","isPartOf":{"@id":"https:\/\/www.ltcpardubice.cz\/#website"},"primaryImageOfPage":{"@id":"https:\/\/www.ltcpardubice.cz\/?p=7204#primaryimage"},"image":{"@id":"https:\/\/www.ltcpardubice.cz\/?p=7204#primaryimage"},"thumbnailUrl":"https:\/\/www.ltcpardubice.cz\/wp-content\/uploads\/2021\/05\/2_3_rezervace_ico-1.jpg","datePublished":"2023-11-27T18:23:34+00:00","dateModified":"2023-11-27T18:23:35+00:00","author":{"@id":"https:\/\/www.ltcpardubice.cz\/#\/schema\/person\/8f5f3a741b9adea57419864489f31541"},"breadcrumb":{"@id":"https:\/\/www.ltcpardubice.cz\/?p=7204#breadcrumb"},"inLanguage":"cs","potentialAction":[{"@type":"ReadAction","target":["https:\/\/www.ltcpardubice.cz\/?p=7204"]}]},{"@type":"ImageObject","inLanguage":"cs","@id":"https:\/\/www.ltcpardubice.cz\/?p=7204#primaryimage","url":"https:\/\/www.ltcpardubice.cz\/wp-content\/uploads\/2021\/05\/2_3_rezervace_ico-1.jpg","contentUrl":"https:\/\/www.ltcpardubice.cz\/wp-content\/uploads\/2021\/05\/2_3_rezervace_ico-1.jpg","width":500,"height":303},{"@type":"BreadcrumbList","@id":"https:\/\/www.ltcpardubice.cz\/?p=7204#breadcrumb","itemListElement":[{"@type":"ListItem","position":1,"name":"Home","item":"https:\/\/www.ltcpardubice.cz\/"},{"@type":"ListItem","position":2,"name":"Nov\u00fd rezerva\u010dn\u00ed syt\u00e9m"}]},{"@type":"WebSite","@id":"https:\/\/www.ltcpardubice.cz\/#website","url":"https:\/\/www.ltcpardubice.cz\/","name":"LTC Pardubice","description":"Str\u00e1nky tenisov\u00e9ho klubu LTC Pardubice","potentialAction":[{"@type":"SearchAction","target":{"@type":"EntryPoint","urlTemplate":"https:\/\/www.ltcpardubice.cz\/?s={search_term_string}"},"query-input":{"@type":"PropertyValueSpecification","valueRequired":true,"valueName":"search_term_string"}}],"inLanguage":"cs"},{"@type":"Person","@id":"https:\/\/www.ltcpardubice.cz\/#\/schema\/person\/8f5f3a741b9adea57419864489f31541","name":"Eva Z\u00e1labsk\u00e1","image":{"@type":"ImageObject","inLanguage":"cs","@id":"https:\/\/www.ltcpardubice.cz\/#\/schema\/person\/image\/","url":"https:\/\/secure.gravatar.com\/avatar\/fece9555d8859e0080e4a5ae7edcc925?s=96&d=mm&r=g","contentUrl":"https:\/\/secure.gravatar.com\/avatar\/fece9555d8859e0080e4a5ae7edcc925?s=96&d=mm&r=g","caption":"Eva Z\u00e1labsk\u00e1"},"url":"https:\/\/www.ltcpardubice.cz\/?author=2"}]}},"brizy_media":[],"_links":{"self":[{"href":"https:\/\/www.ltcpardubice.cz\/index.php?rest_route=\/wp\/v2\/posts\/7204"}],"collection":[{"href":"https:\/\/www.ltcpardubice.cz\/index.php?rest_route=\/wp\/v2\/posts"}],"about":[{"href":"https:\/\/www.ltcpardubice.cz\/index.php?rest_route=\/wp\/v2\/types\/post"}],"author":[{"embeddable":true,"href":"https:\/\/www.ltcpardubice.cz\/index.php?rest_route=\/wp\/v2\/users\/2"}],"replies":[{"embeddable":true,"href":"https:\/\/www.ltcpardubice.cz\/index.php?rest_route=%2Fwp%2Fv2%2Fcomments&post=7204"}],"version-history":[{"count":1,"href":"https:\/\/www.ltcpardubice.cz\/index.php?rest_route=\/wp\/v2\/posts\/7204\/revisions"}],"predecessor-version":[{"id":7205,"href":"https:\/\/www.ltcpardubice.cz\/index.php?rest_route=\/wp\/v2\/posts\/7204\/revisions\/7205"}],"wp:featuredmedia":[{"embeddable":true,"href":"https:\/\/www.ltcpardubice.cz\/index.php?rest_route=\/wp\/v2\/media\/6729"}],"wp:attachment":[{"href":"https:\/\/www.ltcpardubice.cz\/index.php?rest_route=%2Fwp%2Fv2%2Fmedia&parent=7204"}],"wp:term":[{"taxonomy":"category","embeddable":true,"href":"https:\/\/www.ltcpardubice.cz\/index.php?rest_route=%2Fwp%2Fv2%2Fcategories&post=7204"},{"taxonomy":"post_tag","embeddable":true,"href":"https:\/\/www.ltcpardubice.cz\/index.php?rest_route=%2Fwp%2Fv2%2Ftags&post=7204"}],"curies":[{"name":"wp","href":"https:\/\/api.w.org\/{rel}","templated":true}]}}