{"id":7207,"date":"2023-12-19T13:24:46","date_gmt":"2023-12-19T13:24:46","guid":{"rendered":"https:\/\/www.ltcpardubice.cz\/?p=7207"},"modified":"2023-12-19T13:24:48","modified_gmt":"2023-12-19T13:24:48","slug":"ostra-tenisova-extraliga-2023","status":"publish","type":"post","link":"https:\/\/www.ltcpardubice.cz\/?p=7207","title":{"rendered":"OSTRA Tenisov\u00e1 extraliga 2023"},"content":{"rendered":"\n<p>V \u00fater\u00fd 19.12. vrchol\u00ed Tenisov\u00e1 extraliga fin\u00e1lov\u00fdm utk\u00e1n\u00edm mezi Prost\u011bjovem a Spartou Praha v \u0159\u00ed\u010dansk\u00e9 hale. Moment\u00e1ln\u011b to vypad\u00e1 na v\u00edt\u011bzstv\u00ed Prost\u011bjova, kter\u00fd vede nad Spartou Praha 4:1. Jak si vedlo a v jak\u00e9m slo\u017een\u00ed hr\u00e1lo na\u0161e dru\u017estvo? V sestav\u011b Kellovsk\u00fd, Zahraj, Kratochv\u00edl, Vlkovsk\u00fd, Jaloviec, Cadantu-Ignatik A., Z\u00e1labsk\u00e1, Vlkovsk\u00e1 splnilo mu\u017estvo sv\u016fj c\u00edl. V 1. z\u00e1pase s p\u0159ehledem p\u0159ehr\u00e1lo Jihlavu 5:1, n\u00e1sledovaly z\u00e1pasy s P\u0159erovem a Prost\u011bjovem, kter\u00e9 jsme shodn\u011b prohr\u00e1li 1:6. V z\u00e1pase proti P\u0159erovu bodoval Jaloviec, proti Prost\u011bjovu Zahraj. V leto\u0161n\u00edm roce si zahr\u00e1li v\u0161ichni p\u0159\u00edtomn\u00ed hr\u00e1\u010di a do\u010dkali jsme se n\u011bkolik dramatick\u00fdch z\u00e1pas\u016f, kter\u00e9 nakonec skon\u010dily v n\u00e1\u0161 neprosp\u011bch (oba z\u00e1pasy na\u0161\u00ed \u017eensk\u00e9 jedni\u010dky Ignatik, z\u00e1pasy Zahraje i Kellovsk\u00e9ho). V\u0161echny v\u00fdsledky i p\u0159enosy on-line byly ke sledov\u00e1n\u00ed na: <a href=\"http:\/\/www.tenisovaextraliga.cz\">http:\/\/www.tenisovaextraliga.cz<\/a><\/p>\n","protected":false},"excerpt":{"rendered":"<p>V \u00fater\u00fd 19.12. vrchol\u00ed Tenisov\u00e1 extraliga fin\u00e1lov\u00fdm utk\u00e1n\u00edm mezi Prost\u011bjovem a Spartou Praha v \u0159\u00ed\u010dansk\u00e9 hale. Moment\u00e1ln\u011b to vypad\u00e1 na v\u00edt\u011bzstv\u00ed Prost\u011bjova, kter\u00fd vede nad Spartou Praha 4:1. Jak si vedlo a v jak\u00e9m slo\u017een\u00ed hr\u00e1lo na\u0161e dru\u017estvo? V sestav\u011b Kellovsk\u00fd, Zahraj, Kratochv\u00edl, Vlkovsk\u00fd, Jaloviec, Cadantu-Ignatik A., Z\u00e1labsk\u00e1, Vlkovsk\u00e1 splnilo mu\u017estvo sv\u016fj c\u00edl. V 1. [&hellip;]<\/p>\n","protected":false},"author":2,"featured_media":7208,"comment_status":"open","ping_status":"open","sticky":false,"template":"","format":"standard","meta":{"_monsterinsights_skip_tracking":false,"_monsterinsights_sitenote_active":false,"_monsterinsights_sitenote_note":"","_monsterinsights_sitenote_category":0,"footnotes":""},"categories":[10],"tags":[],"yoast_head":"<!-- This site is optimized with the Yoast SEO plugin v24.5 - https:\/\/yoast.com\/wordpress\/plugins\/seo\/ -->\n<title>OSTRA Tenisov\u00e1 extraliga 2023 - LTC Pardubice<\/title>\n<meta name=\"robots\" content=\"index, follow, max-snippet:-1, max-image-preview:large, max-video-preview:-1\" \/>\n<link rel=\"canonical\" href=\"https:\/\/www.ltcpardubice.cz\/?p=7207\" \/>\n<meta property=\"og:locale\" content=\"cs_CZ\" \/>\n<meta property=\"og:type\" content=\"article\" \/>\n<meta property=\"og:title\" content=\"OSTRA Tenisov\u00e1 extraliga 2023 - LTC Pardubice\" \/>\n<meta property=\"og:description\" content=\"V \u00fater\u00fd 19.12. vrchol\u00ed Tenisov\u00e1 extraliga fin\u00e1lov\u00fdm utk\u00e1n\u00edm mezi Prost\u011bjovem a Spartou Praha v \u0159\u00ed\u010dansk\u00e9 hale. Moment\u00e1ln\u011b to vypad\u00e1 na v\u00edt\u011bzstv\u00ed Prost\u011bjova, kter\u00fd vede nad Spartou Praha 4:1. Jak si vedlo a v jak\u00e9m slo\u017een\u00ed hr\u00e1lo na\u0161e dru\u017estvo? V sestav\u011b Kellovsk\u00fd, Zahraj, Kratochv\u00edl, Vlkovsk\u00fd, Jaloviec, Cadantu-Ignatik A., Z\u00e1labsk\u00e1, Vlkovsk\u00e1 splnilo mu\u017estvo sv\u016fj c\u00edl. V 1. [&hellip;]\" \/>\n<meta property=\"og:url\" content=\"https:\/\/www.ltcpardubice.cz\/?p=7207\" \/>\n<meta property=\"og:site_name\" content=\"LTC Pardubice\" \/>\n<meta property=\"article:published_time\" content=\"2023-12-19T13:24:46+00:00\" \/>\n<meta property=\"article:modified_time\" content=\"2023-12-19T13:24:48+00:00\" \/>\n<meta property=\"og:image\" content=\"https:\/\/www.ltcpardubice.cz\/wp-content\/uploads\/2023\/12\/EL2023.jpg\" \/>\n\t<meta property=\"og:image:width\" content=\"1024\" \/>\n\t<meta property=\"og:image:height\" content=\"768\" \/>\n\t<meta property=\"og:image:type\" content=\"image\/jpeg\" \/>\n<meta name=\"author\" content=\"Eva Z\u00e1labsk\u00e1\" \/>\n<meta name=\"twitter:card\" content=\"summary_large_image\" \/>\n<meta name=\"twitter:label1\" content=\"Napsal(a)\" \/>\n\t<meta name=\"twitter:data1\" content=\"Eva Z\u00e1labsk\u00e1\" \/>\n\t<meta name=\"twitter:label2\" content=\"Odhadovan\u00e1 doba \u010dten\u00ed\" \/>\n\t<meta name=\"twitter:data2\" content=\"1 minuta\" \/>\n<script type=\"application\/ld+json\" class=\"yoast-schema-graph\">{\"@context\":\"https:\/\/schema.org\",\"@graph\":[{\"@type\":\"WebPage\",\"@id\":\"https:\/\/www.ltcpardubice.cz\/?p=7207\",\"url\":\"https:\/\/www.ltcpardubice.cz\/?p=7207\",\"name\":\"OSTRA Tenisov\u00e1 extraliga 2023 - LTC Pardubice\",\"isPartOf\":{\"@id\":\"https:\/\/www.ltcpardubice.cz\/#website\"},\"primaryImageOfPage\":{\"@id\":\"https:\/\/www.ltcpardubice.cz\/?p=7207#primaryimage\"},\"image\":{\"@id\":\"https:\/\/www.ltcpardubice.cz\/?p=7207#primaryimage\"},\"thumbnailUrl\":\"https:\/\/www.ltcpardubice.cz\/wp-content\/uploads\/2023\/12\/EL2023.jpg\",\"datePublished\":\"2023-12-19T13:24:46+00:00\",\"dateModified\":\"2023-12-19T13:24:48+00:00\",\"author\":{\"@id\":\"https:\/\/www.ltcpardubice.cz\/#\/schema\/person\/8f5f3a741b9adea57419864489f31541\"},\"breadcrumb\":{\"@id\":\"https:\/\/www.ltcpardubice.cz\/?p=7207#breadcrumb\"},\"inLanguage\":\"cs\",\"potentialAction\":[{\"@type\":\"ReadAction\",\"target\":[\"https:\/\/www.ltcpardubice.cz\/?p=7207\"]}]},{\"@type\":\"ImageObject\",\"inLanguage\":\"cs\",\"@id\":\"https:\/\/www.ltcpardubice.cz\/?p=7207#primaryimage\",\"url\":\"https:\/\/www.ltcpardubice.cz\/wp-content\/uploads\/2023\/12\/EL2023.jpg\",\"contentUrl\":\"https:\/\/www.ltcpardubice.cz\/wp-content\/uploads\/2023\/12\/EL2023.jpg\",\"width\":1024,\"height\":768},{\"@type\":\"BreadcrumbList\",\"@id\":\"https:\/\/www.ltcpardubice.cz\/?p=7207#breadcrumb\",\"itemListElement\":[{\"@type\":\"ListItem\",\"position\":1,\"name\":\"Home\",\"item\":\"https:\/\/www.ltcpardubice.cz\/\"},{\"@type\":\"ListItem\",\"position\":2,\"name\":\"OSTRA Tenisov\u00e1 extraliga 2023\"}]},{\"@type\":\"WebSite\",\"@id\":\"https:\/\/www.ltcpardubice.cz\/#website\",\"url\":\"https:\/\/www.ltcpardubice.cz\/\",\"name\":\"LTC Pardubice\",\"description\":\"Str\u00e1nky tenisov\u00e9ho klubu LTC Pardubice\",\"potentialAction\":[{\"@type\":\"SearchAction\",\"target\":{\"@type\":\"EntryPoint\",\"urlTemplate\":\"https:\/\/www.ltcpardubice.cz\/?s={search_term_string}\"},\"query-input\":{\"@type\":\"PropertyValueSpecification\",\"valueRequired\":true,\"valueName\":\"search_term_string\"}}],\"inLanguage\":\"cs\"},{\"@type\":\"Person\",\"@id\":\"https:\/\/www.ltcpardubice.cz\/#\/schema\/person\/8f5f3a741b9adea57419864489f31541\",\"name\":\"Eva Z\u00e1labsk\u00e1\",\"image\":{\"@type\":\"ImageObject\",\"inLanguage\":\"cs\",\"@id\":\"https:\/\/www.ltcpardubice.cz\/#\/schema\/person\/image\/\",\"url\":\"https:\/\/secure.gravatar.com\/avatar\/fece9555d8859e0080e4a5ae7edcc925?s=96&d=mm&r=g\",\"contentUrl\":\"https:\/\/secure.gravatar.com\/avatar\/fece9555d8859e0080e4a5ae7edcc925?s=96&d=mm&r=g\",\"caption\":\"Eva Z\u00e1labsk\u00e1\"},\"url\":\"https:\/\/www.ltcpardubice.cz\/?author=2\"}]}<\/script>\n<!-- \/ Yoast SEO plugin. -->","yoast_head_json":{"title":"OSTRA Tenisov\u00e1 extraliga 2023 - LTC Pardubice","robots":{"index":"index","follow":"follow","max-snippet":"max-snippet:-1","max-image-preview":"max-image-preview:large","max-video-preview":"max-video-preview:-1"},"canonical":"https:\/\/www.ltcpardubice.cz\/?p=7207","og_locale":"cs_CZ","og_type":"article","og_title":"OSTRA Tenisov\u00e1 extraliga 2023 - LTC Pardubice","og_description":"V \u00fater\u00fd 19.12. vrchol\u00ed Tenisov\u00e1 extraliga fin\u00e1lov\u00fdm utk\u00e1n\u00edm mezi Prost\u011bjovem a Spartou Praha v \u0159\u00ed\u010dansk\u00e9 hale. Moment\u00e1ln\u011b to vypad\u00e1 na v\u00edt\u011bzstv\u00ed Prost\u011bjova, kter\u00fd vede nad Spartou Praha 4:1. Jak si vedlo a v jak\u00e9m slo\u017een\u00ed hr\u00e1lo na\u0161e dru\u017estvo? V sestav\u011b Kellovsk\u00fd, Zahraj, Kratochv\u00edl, Vlkovsk\u00fd, Jaloviec, Cadantu-Ignatik A., Z\u00e1labsk\u00e1, Vlkovsk\u00e1 splnilo mu\u017estvo sv\u016fj c\u00edl. V 1. [&hellip;]","og_url":"https:\/\/www.ltcpardubice.cz\/?p=7207","og_site_name":"LTC Pardubice","article_published_time":"2023-12-19T13:24:46+00:00","article_modified_time":"2023-12-19T13:24:48+00:00","og_image":[{"width":1024,"height":768,"url":"https:\/\/www.ltcpardubice.cz\/wp-content\/uploads\/2023\/12\/EL2023.jpg","type":"image\/jpeg"}],"author":"Eva Z\u00e1labsk\u00e1","twitter_card":"summary_large_image","twitter_misc":{"Napsal(a)":"Eva Z\u00e1labsk\u00e1","Odhadovan\u00e1 doba \u010dten\u00ed":"1 minuta"},"schema":{"@context":"https:\/\/schema.org","@graph":[{"@type":"WebPage","@id":"https:\/\/www.ltcpardubice.cz\/?p=7207","url":"https:\/\/www.ltcpardubice.cz\/?p=7207","name":"OSTRA Tenisov\u00e1 extraliga 2023 - LTC Pardubice","isPartOf":{"@id":"https:\/\/www.ltcpardubice.cz\/#website"},"primaryImageOfPage":{"@id":"https:\/\/www.ltcpardubice.cz\/?p=7207#primaryimage"},"image":{"@id":"https:\/\/www.ltcpardubice.cz\/?p=7207#primaryimage"},"thumbnailUrl":"https:\/\/www.ltcpardubice.cz\/wp-content\/uploads\/2023\/12\/EL2023.jpg","datePublished":"2023-12-19T13:24:46+00:00","dateModified":"2023-12-19T13:24:48+00:00","author":{"@id":"https:\/\/www.ltcpardubice.cz\/#\/schema\/person\/8f5f3a741b9adea57419864489f31541"},"breadcrumb":{"@id":"https:\/\/www.ltcpardubice.cz\/?p=7207#breadcrumb"},"inLanguage":"cs","potentialAction":[{"@type":"ReadAction","target":["https:\/\/www.ltcpardubice.cz\/?p=7207"]}]},{"@type":"ImageObject","inLanguage":"cs","@id":"https:\/\/www.ltcpardubice.cz\/?p=7207#primaryimage","url":"https:\/\/www.ltcpardubice.cz\/wp-content\/uploads\/2023\/12\/EL2023.jpg","contentUrl":"https:\/\/www.ltcpardubice.cz\/wp-content\/uploads\/2023\/12\/EL2023.jpg","width":1024,"height":768},{"@type":"BreadcrumbList","@id":"https:\/\/www.ltcpardubice.cz\/?p=7207#breadcrumb","itemListElement":[{"@type":"ListItem","position":1,"name":"Home","item":"https:\/\/www.ltcpardubice.cz\/"},{"@type":"ListItem","position":2,"name":"OSTRA Tenisov\u00e1 extraliga 2023"}]},{"@type":"WebSite","@id":"https:\/\/www.ltcpardubice.cz\/#website","url":"https:\/\/www.ltcpardubice.cz\/","name":"LTC Pardubice","description":"Str\u00e1nky tenisov\u00e9ho klubu LTC Pardubice","potentialAction":[{"@type":"SearchAction","target":{"@type":"EntryPoint","urlTemplate":"https:\/\/www.ltcpardubice.cz\/?s={search_term_string}"},"query-input":{"@type":"PropertyValueSpecification","valueRequired":true,"valueName":"search_term_string"}}],"inLanguage":"cs"},{"@type":"Person","@id":"https:\/\/www.ltcpardubice.cz\/#\/schema\/person\/8f5f3a741b9adea57419864489f31541","name":"Eva Z\u00e1labsk\u00e1","image":{"@type":"ImageObject","inLanguage":"cs","@id":"https:\/\/www.ltcpardubice.cz\/#\/schema\/person\/image\/","url":"https:\/\/secure.gravatar.com\/avatar\/fece9555d8859e0080e4a5ae7edcc925?s=96&d=mm&r=g","contentUrl":"https:\/\/secure.gravatar.com\/avatar\/fece9555d8859e0080e4a5ae7edcc925?s=96&d=mm&r=g","caption":"Eva Z\u00e1labsk\u00e1"},"url":"https:\/\/www.ltcpardubice.cz\/?author=2"}]}},"brizy_media":[],"_links":{"self":[{"href":"https:\/\/www.ltcpardubice.cz\/index.php?rest_route=\/wp\/v2\/posts\/7207"}],"collection":[{"href":"https:\/\/www.ltcpardubice.cz\/index.php?rest_route=\/wp\/v2\/posts"}],"about":[{"href":"https:\/\/www.ltcpardubice.cz\/index.php?rest_route=\/wp\/v2\/types\/post"}],"author":[{"embeddable":true,"href":"https:\/\/www.ltcpardubice.cz\/index.php?rest_route=\/wp\/v2\/users\/2"}],"replies":[{"embeddable":true,"href":"https:\/\/www.ltcpardubice.cz\/index.php?rest_route=%2Fwp%2Fv2%2Fcomments&post=7207"}],"version-history":[{"count":1,"href":"https:\/\/www.ltcpardubice.cz\/index.php?rest_route=\/wp\/v2\/posts\/7207\/revisions"}],"predecessor-version":[{"id":7209,"href":"https:\/\/www.ltcpardubice.cz\/index.php?rest_route=\/wp\/v2\/posts\/7207\/revisions\/7209"}],"wp:featuredmedia":[{"embeddable":true,"href":"https:\/\/www.ltcpardubice.cz\/index.php?rest_route=\/wp\/v2\/media\/7208"}],"wp:attachment":[{"href":"https:\/\/www.ltcpardubice.cz\/index.php?rest_route=%2Fwp%2Fv2%2Fmedia&parent=7207"}],"wp:term":[{"taxonomy":"category","embeddable":true,"href":"https:\/\/www.ltcpardubice.cz\/index.php?rest_route=%2Fwp%2Fv2%2Fcategories&post=7207"},{"taxonomy":"post_tag","embeddable":true,"href":"https:\/\/www.ltcpardubice.cz\/index.php?rest_route=%2Fwp%2Fv2%2Ftags&post=7207"}],"curies":[{"name":"wp","href":"https:\/\/api.w.org\/{rel}","templated":true}]}}