{"id":7264,"date":"2024-02-12T18:17:33","date_gmt":"2024-02-12T18:17:33","guid":{"rendered":"https:\/\/www.ltcpardubice.cz\/?p=7264"},"modified":"2024-02-12T18:21:32","modified_gmt":"2024-02-12T18:21:32","slug":"oblastni-halove-prebory-vsech-vekovych-kategorii-jsou-za-nami","status":"publish","type":"post","link":"https:\/\/www.ltcpardubice.cz\/?p=7264","title":{"rendered":"Oblastn\u00ed halov\u00e9 p\u0159ebory v\u0161ech v\u011bkov\u00fdch kategori\u00ed jsou za n\u00e1mi"},"content":{"rendered":"\n<p>Jako posledn\u00ed OHP se hr\u00e1la 2. \u00fanorov\u00fd v\u00edkend dorosteneck\u00e1 kategorie. Velice \u00fasp\u011b\u0161n\u00fd byl Filip Dym\u00e1k, kter\u00fd byl v \u010cesk\u00e9 T\u0159ebov\u00e9 v semifin\u00e1le dvouhry, kde prohr\u00e1l s 1. nasazen\u00fdm \u0160. \u0160mejkalem, kdy\u017e ve \u010dtvrtfin\u00e1le porazil ve 3 sad\u00e1ch M. Hepa. Spolu se probojovali do fin\u00e1le \u010dty\u0159hry, kde nest\u010dili na nasazen\u00e9 jedni\u010dky Fiala, Podr\u00e1bsk\u00fd. V\u00fdsledky na: <a href=\"https:\/\/cztenis.cz\/turnaj\/306920\/sezona\/Z2324\/vysledky\">https:\/\/cztenis.cz\/turnaj\/306920\/sezona\/Z2324\/vysledky<\/a> Dorostenky si daly dostaven\u00ed\u010dko na HITU v Hradci Kr\u00e1lov\u00e9. Ob\u011b na\u0161e hr\u00e1\u010dky nep\u0159e\u0161ly p\u0159es N. \u0160\u00edlovou (nakonec skon\u010dila v semifin\u00e1le na raket\u011b pozd\u011bj\u0161\u00ed v\u00edt\u011bzky K. Bla\u017ekov\u00e9). T. Shejbalov\u00e1 s n\u00ed prohr\u00e1la ve 2. kole, 2. nasazen\u00e1 A. Vobo\u0159ilov\u00e1 ve \u010dtvrtfin\u00e1le i p\u0159es dob\u0159e rozehran\u00fd 1. set, kdy nakonec neudr\u017eela veden\u00ed 5:2 a prohr\u00e1la v tie breaku. V\u00fdsledky na: <a href=\"https:\/\/cztenis.cz\/turnaj\/406920\/sezona\/Z2324\/vysledky\">https:\/\/cztenis.cz\/turnaj\/406920\/sezona\/Z2324\/vysledky<\/a><\/p>\n\n\n\n<p>Star\u0161\u00ed \u017eactvo hr\u00e1lo p\u0159ebory 1. \u00fanorov\u00fd v\u00edkend. Chlapci v \u017damberku, pouze J. Hrube\u0161 uhr\u00e1l ve dvouh\u0159e 1. kolo, kdy\u017e porazil dal\u0161\u00edho na\u0161eho hr\u00e1\u010de M. Filipa. D\u00edvky se se\u0161ly v \u010cesk\u00e9 T\u0159ebov\u00e9. Jitka \u0158\u00edhov\u00e1 vybojovala \u010dtvrtfin\u00e1le, kdy\u017e j\u00ed nebyl los p\u0159\u00edli\u0161 naklon\u011bn, s 1. nasazenou Ko\u0161kovou prohr\u00e1la ve 3 sad\u00e1ch. V\u00fdsledky na: <a href=\"https:\/\/cztenis.cz\/turnaj\/606920\/sezona\/Z2324\/vysledky\">https:\/\/cztenis.cz\/turnaj\/606920\/sezona\/Z2324\/vysledky<\/a><\/p>\n\n\n\n<p> Mlad\u0161\u00ed \u017e\u00e1ci (\u017damberk) a \u017e\u00e1kyn\u011b (Vysok\u00e9 M\u00fdto) hr\u00e1li OHP hned 1. v\u00edkend v lednu bohu\u017eel bez na\u0161\u00ed \u00fa\u010dasti.<\/p>\n\n\n\n<p><\/p>\n","protected":false},"excerpt":{"rendered":"<p>Jako posledn\u00ed OHP se hr\u00e1la 2. \u00fanorov\u00fd v\u00edkend dorosteneck\u00e1 kategorie. Velice \u00fasp\u011b\u0161n\u00fd byl Filip Dym\u00e1k, kter\u00fd byl v \u010cesk\u00e9 T\u0159ebov\u00e9 v semifin\u00e1le dvouhry, kde prohr\u00e1l s 1. nasazen\u00fdm \u0160. \u0160mejkalem, kdy\u017e ve \u010dtvrtfin\u00e1le porazil ve 3 sad\u00e1ch M. Hepa. Spolu se probojovali do fin\u00e1le \u010dty\u0159hry, kde nest\u010dili na nasazen\u00e9 jedni\u010dky Fiala, Podr\u00e1bsk\u00fd. V\u00fdsledky na: https:\/\/cztenis.cz\/turnaj\/306920\/sezona\/Z2324\/vysledky [&hellip;]<\/p>\n","protected":false},"author":2,"featured_media":7267,"comment_status":"open","ping_status":"open","sticky":false,"template":"","format":"standard","meta":{"_monsterinsights_skip_tracking":false,"_monsterinsights_sitenote_active":false,"_monsterinsights_sitenote_note":"","_monsterinsights_sitenote_category":0,"footnotes":""},"categories":[10],"tags":[],"yoast_head":"<!-- This site is optimized with the Yoast SEO plugin v24.5 - https:\/\/yoast.com\/wordpress\/plugins\/seo\/ -->\n<title>Oblastn\u00ed halov\u00e9 p\u0159ebory v\u0161ech v\u011bkov\u00fdch kategori\u00ed jsou za n\u00e1mi - LTC Pardubice<\/title>\n<meta name=\"robots\" content=\"index, follow, max-snippet:-1, max-image-preview:large, max-video-preview:-1\" \/>\n<link rel=\"canonical\" href=\"https:\/\/www.ltcpardubice.cz\/?p=7264\" \/>\n<meta property=\"og:locale\" content=\"cs_CZ\" \/>\n<meta property=\"og:type\" content=\"article\" \/>\n<meta property=\"og:title\" content=\"Oblastn\u00ed halov\u00e9 p\u0159ebory v\u0161ech v\u011bkov\u00fdch kategori\u00ed jsou za n\u00e1mi - LTC Pardubice\" \/>\n<meta property=\"og:description\" content=\"Jako posledn\u00ed OHP se hr\u00e1la 2. \u00fanorov\u00fd v\u00edkend dorosteneck\u00e1 kategorie. Velice \u00fasp\u011b\u0161n\u00fd byl Filip Dym\u00e1k, kter\u00fd byl v \u010cesk\u00e9 T\u0159ebov\u00e9 v semifin\u00e1le dvouhry, kde prohr\u00e1l s 1. nasazen\u00fdm \u0160. \u0160mejkalem, kdy\u017e ve \u010dtvrtfin\u00e1le porazil ve 3 sad\u00e1ch M. Hepa. Spolu se probojovali do fin\u00e1le \u010dty\u0159hry, kde nest\u010dili na nasazen\u00e9 jedni\u010dky Fiala, Podr\u00e1bsk\u00fd. V\u00fdsledky na: https:\/\/cztenis.cz\/turnaj\/306920\/sezona\/Z2324\/vysledky [&hellip;]\" \/>\n<meta property=\"og:url\" content=\"https:\/\/www.ltcpardubice.cz\/?p=7264\" \/>\n<meta property=\"og:site_name\" content=\"LTC Pardubice\" \/>\n<meta property=\"article:published_time\" content=\"2024-02-12T18:17:33+00:00\" \/>\n<meta property=\"article:modified_time\" content=\"2024-02-12T18:21:32+00:00\" \/>\n<meta property=\"og:image\" content=\"https:\/\/www.ltcpardubice.cz\/wp-content\/uploads\/2024\/02\/Filip-OHP2.jpg\" \/>\n\t<meta property=\"og:image:width\" content=\"269\" \/>\n\t<meta property=\"og:image:height\" content=\"228\" \/>\n\t<meta property=\"og:image:type\" content=\"image\/jpeg\" \/>\n<meta name=\"author\" content=\"Eva Z\u00e1labsk\u00e1\" \/>\n<meta name=\"twitter:card\" content=\"summary_large_image\" \/>\n<meta name=\"twitter:label1\" content=\"Napsal(a)\" \/>\n\t<meta name=\"twitter:data1\" content=\"Eva Z\u00e1labsk\u00e1\" \/>\n\t<meta name=\"twitter:label2\" content=\"Odhadovan\u00e1 doba \u010dten\u00ed\" \/>\n\t<meta name=\"twitter:data2\" content=\"2 minuty\" \/>\n<script type=\"application\/ld+json\" class=\"yoast-schema-graph\">{\"@context\":\"https:\/\/schema.org\",\"@graph\":[{\"@type\":\"WebPage\",\"@id\":\"https:\/\/www.ltcpardubice.cz\/?p=7264\",\"url\":\"https:\/\/www.ltcpardubice.cz\/?p=7264\",\"name\":\"Oblastn\u00ed halov\u00e9 p\u0159ebory v\u0161ech v\u011bkov\u00fdch kategori\u00ed jsou za n\u00e1mi - LTC Pardubice\",\"isPartOf\":{\"@id\":\"https:\/\/www.ltcpardubice.cz\/#website\"},\"primaryImageOfPage\":{\"@id\":\"https:\/\/www.ltcpardubice.cz\/?p=7264#primaryimage\"},\"image\":{\"@id\":\"https:\/\/www.ltcpardubice.cz\/?p=7264#primaryimage\"},\"thumbnailUrl\":\"https:\/\/www.ltcpardubice.cz\/wp-content\/uploads\/2024\/02\/Filip-OHP2.jpg\",\"datePublished\":\"2024-02-12T18:17:33+00:00\",\"dateModified\":\"2024-02-12T18:21:32+00:00\",\"author\":{\"@id\":\"https:\/\/www.ltcpardubice.cz\/#\/schema\/person\/8f5f3a741b9adea57419864489f31541\"},\"breadcrumb\":{\"@id\":\"https:\/\/www.ltcpardubice.cz\/?p=7264#breadcrumb\"},\"inLanguage\":\"cs\",\"potentialAction\":[{\"@type\":\"ReadAction\",\"target\":[\"https:\/\/www.ltcpardubice.cz\/?p=7264\"]}]},{\"@type\":\"ImageObject\",\"inLanguage\":\"cs\",\"@id\":\"https:\/\/www.ltcpardubice.cz\/?p=7264#primaryimage\",\"url\":\"https:\/\/www.ltcpardubice.cz\/wp-content\/uploads\/2024\/02\/Filip-OHP2.jpg\",\"contentUrl\":\"https:\/\/www.ltcpardubice.cz\/wp-content\/uploads\/2024\/02\/Filip-OHP2.jpg\",\"width\":269,\"height\":228},{\"@type\":\"BreadcrumbList\",\"@id\":\"https:\/\/www.ltcpardubice.cz\/?p=7264#breadcrumb\",\"itemListElement\":[{\"@type\":\"ListItem\",\"position\":1,\"name\":\"Home\",\"item\":\"https:\/\/www.ltcpardubice.cz\/\"},{\"@type\":\"ListItem\",\"position\":2,\"name\":\"Oblastn\u00ed halov\u00e9 p\u0159ebory v\u0161ech v\u011bkov\u00fdch kategori\u00ed jsou za n\u00e1mi\"}]},{\"@type\":\"WebSite\",\"@id\":\"https:\/\/www.ltcpardubice.cz\/#website\",\"url\":\"https:\/\/www.ltcpardubice.cz\/\",\"name\":\"LTC Pardubice\",\"description\":\"Str\u00e1nky tenisov\u00e9ho klubu LTC Pardubice\",\"potentialAction\":[{\"@type\":\"SearchAction\",\"target\":{\"@type\":\"EntryPoint\",\"urlTemplate\":\"https:\/\/www.ltcpardubice.cz\/?s={search_term_string}\"},\"query-input\":{\"@type\":\"PropertyValueSpecification\",\"valueRequired\":true,\"valueName\":\"search_term_string\"}}],\"inLanguage\":\"cs\"},{\"@type\":\"Person\",\"@id\":\"https:\/\/www.ltcpardubice.cz\/#\/schema\/person\/8f5f3a741b9adea57419864489f31541\",\"name\":\"Eva Z\u00e1labsk\u00e1\",\"image\":{\"@type\":\"ImageObject\",\"inLanguage\":\"cs\",\"@id\":\"https:\/\/www.ltcpardubice.cz\/#\/schema\/person\/image\/\",\"url\":\"https:\/\/secure.gravatar.com\/avatar\/fece9555d8859e0080e4a5ae7edcc925?s=96&d=mm&r=g\",\"contentUrl\":\"https:\/\/secure.gravatar.com\/avatar\/fece9555d8859e0080e4a5ae7edcc925?s=96&d=mm&r=g\",\"caption\":\"Eva Z\u00e1labsk\u00e1\"},\"url\":\"https:\/\/www.ltcpardubice.cz\/?author=2\"}]}<\/script>\n<!-- \/ Yoast SEO plugin. -->","yoast_head_json":{"title":"Oblastn\u00ed halov\u00e9 p\u0159ebory v\u0161ech v\u011bkov\u00fdch kategori\u00ed jsou za n\u00e1mi - LTC Pardubice","robots":{"index":"index","follow":"follow","max-snippet":"max-snippet:-1","max-image-preview":"max-image-preview:large","max-video-preview":"max-video-preview:-1"},"canonical":"https:\/\/www.ltcpardubice.cz\/?p=7264","og_locale":"cs_CZ","og_type":"article","og_title":"Oblastn\u00ed halov\u00e9 p\u0159ebory v\u0161ech v\u011bkov\u00fdch kategori\u00ed jsou za n\u00e1mi - LTC Pardubice","og_description":"Jako posledn\u00ed OHP se hr\u00e1la 2. \u00fanorov\u00fd v\u00edkend dorosteneck\u00e1 kategorie. Velice \u00fasp\u011b\u0161n\u00fd byl Filip Dym\u00e1k, kter\u00fd byl v \u010cesk\u00e9 T\u0159ebov\u00e9 v semifin\u00e1le dvouhry, kde prohr\u00e1l s 1. nasazen\u00fdm \u0160. \u0160mejkalem, kdy\u017e ve \u010dtvrtfin\u00e1le porazil ve 3 sad\u00e1ch M. Hepa. Spolu se probojovali do fin\u00e1le \u010dty\u0159hry, kde nest\u010dili na nasazen\u00e9 jedni\u010dky Fiala, Podr\u00e1bsk\u00fd. V\u00fdsledky na: https:\/\/cztenis.cz\/turnaj\/306920\/sezona\/Z2324\/vysledky [&hellip;]","og_url":"https:\/\/www.ltcpardubice.cz\/?p=7264","og_site_name":"LTC Pardubice","article_published_time":"2024-02-12T18:17:33+00:00","article_modified_time":"2024-02-12T18:21:32+00:00","og_image":[{"width":269,"height":228,"url":"https:\/\/www.ltcpardubice.cz\/wp-content\/uploads\/2024\/02\/Filip-OHP2.jpg","type":"image\/jpeg"}],"author":"Eva Z\u00e1labsk\u00e1","twitter_card":"summary_large_image","twitter_misc":{"Napsal(a)":"Eva Z\u00e1labsk\u00e1","Odhadovan\u00e1 doba \u010dten\u00ed":"2 minuty"},"schema":{"@context":"https:\/\/schema.org","@graph":[{"@type":"WebPage","@id":"https:\/\/www.ltcpardubice.cz\/?p=7264","url":"https:\/\/www.ltcpardubice.cz\/?p=7264","name":"Oblastn\u00ed halov\u00e9 p\u0159ebory v\u0161ech v\u011bkov\u00fdch kategori\u00ed jsou za n\u00e1mi - LTC Pardubice","isPartOf":{"@id":"https:\/\/www.ltcpardubice.cz\/#website"},"primaryImageOfPage":{"@id":"https:\/\/www.ltcpardubice.cz\/?p=7264#primaryimage"},"image":{"@id":"https:\/\/www.ltcpardubice.cz\/?p=7264#primaryimage"},"thumbnailUrl":"https:\/\/www.ltcpardubice.cz\/wp-content\/uploads\/2024\/02\/Filip-OHP2.jpg","datePublished":"2024-02-12T18:17:33+00:00","dateModified":"2024-02-12T18:21:32+00:00","author":{"@id":"https:\/\/www.ltcpardubice.cz\/#\/schema\/person\/8f5f3a741b9adea57419864489f31541"},"breadcrumb":{"@id":"https:\/\/www.ltcpardubice.cz\/?p=7264#breadcrumb"},"inLanguage":"cs","potentialAction":[{"@type":"ReadAction","target":["https:\/\/www.ltcpardubice.cz\/?p=7264"]}]},{"@type":"ImageObject","inLanguage":"cs","@id":"https:\/\/www.ltcpardubice.cz\/?p=7264#primaryimage","url":"https:\/\/www.ltcpardubice.cz\/wp-content\/uploads\/2024\/02\/Filip-OHP2.jpg","contentUrl":"https:\/\/www.ltcpardubice.cz\/wp-content\/uploads\/2024\/02\/Filip-OHP2.jpg","width":269,"height":228},{"@type":"BreadcrumbList","@id":"https:\/\/www.ltcpardubice.cz\/?p=7264#breadcrumb","itemListElement":[{"@type":"ListItem","position":1,"name":"Home","item":"https:\/\/www.ltcpardubice.cz\/"},{"@type":"ListItem","position":2,"name":"Oblastn\u00ed halov\u00e9 p\u0159ebory v\u0161ech v\u011bkov\u00fdch kategori\u00ed jsou za n\u00e1mi"}]},{"@type":"WebSite","@id":"https:\/\/www.ltcpardubice.cz\/#website","url":"https:\/\/www.ltcpardubice.cz\/","name":"LTC Pardubice","description":"Str\u00e1nky tenisov\u00e9ho klubu LTC Pardubice","potentialAction":[{"@type":"SearchAction","target":{"@type":"EntryPoint","urlTemplate":"https:\/\/www.ltcpardubice.cz\/?s={search_term_string}"},"query-input":{"@type":"PropertyValueSpecification","valueRequired":true,"valueName":"search_term_string"}}],"inLanguage":"cs"},{"@type":"Person","@id":"https:\/\/www.ltcpardubice.cz\/#\/schema\/person\/8f5f3a741b9adea57419864489f31541","name":"Eva Z\u00e1labsk\u00e1","image":{"@type":"ImageObject","inLanguage":"cs","@id":"https:\/\/www.ltcpardubice.cz\/#\/schema\/person\/image\/","url":"https:\/\/secure.gravatar.com\/avatar\/fece9555d8859e0080e4a5ae7edcc925?s=96&d=mm&r=g","contentUrl":"https:\/\/secure.gravatar.com\/avatar\/fece9555d8859e0080e4a5ae7edcc925?s=96&d=mm&r=g","caption":"Eva Z\u00e1labsk\u00e1"},"url":"https:\/\/www.ltcpardubice.cz\/?author=2"}]}},"brizy_media":[],"_links":{"self":[{"href":"https:\/\/www.ltcpardubice.cz\/index.php?rest_route=\/wp\/v2\/posts\/7264"}],"collection":[{"href":"https:\/\/www.ltcpardubice.cz\/index.php?rest_route=\/wp\/v2\/posts"}],"about":[{"href":"https:\/\/www.ltcpardubice.cz\/index.php?rest_route=\/wp\/v2\/types\/post"}],"author":[{"embeddable":true,"href":"https:\/\/www.ltcpardubice.cz\/index.php?rest_route=\/wp\/v2\/users\/2"}],"replies":[{"embeddable":true,"href":"https:\/\/www.ltcpardubice.cz\/index.php?rest_route=%2Fwp%2Fv2%2Fcomments&post=7264"}],"version-history":[{"count":1,"href":"https:\/\/www.ltcpardubice.cz\/index.php?rest_route=\/wp\/v2\/posts\/7264\/revisions"}],"predecessor-version":[{"id":7266,"href":"https:\/\/www.ltcpardubice.cz\/index.php?rest_route=\/wp\/v2\/posts\/7264\/revisions\/7266"}],"wp:featuredmedia":[{"embeddable":true,"href":"https:\/\/www.ltcpardubice.cz\/index.php?rest_route=\/wp\/v2\/media\/7267"}],"wp:attachment":[{"href":"https:\/\/www.ltcpardubice.cz\/index.php?rest_route=%2Fwp%2Fv2%2Fmedia&parent=7264"}],"wp:term":[{"taxonomy":"category","embeddable":true,"href":"https:\/\/www.ltcpardubice.cz\/index.php?rest_route=%2Fwp%2Fv2%2Fcategories&post=7264"},{"taxonomy":"post_tag","embeddable":true,"href":"https:\/\/www.ltcpardubice.cz\/index.php?rest_route=%2Fwp%2Fv2%2Ftags&post=7264"}],"curies":[{"name":"wp","href":"https:\/\/api.w.org\/{rel}","templated":true}]}}