{"id":7281,"date":"2024-04-22T19:53:44","date_gmt":"2024-04-22T19:53:44","guid":{"rendered":"https:\/\/www.ltcpardubice.cz\/?p=7281"},"modified":"2024-05-06T16:19:34","modified_gmt":"2024-05-06T16:19:34","slug":"100-let-od-otevreni-novych-dvorcu-pod-zamkem-4-5-1924","status":"publish","type":"post","link":"https:\/\/www.ltcpardubice.cz\/?p=7281","title":{"rendered":"100 let od otev\u0159en\u00ed nov\u00fdch dvorc\u016f pod z\u00e1mkem 4.5.1924"},"content":{"rendered":"\n<p>4.5.1922 do\u0161lo k zalo\u017een\u00ed spolku LTC Pardubice po sporech s SK Pardubice. Do \u010dela byl zvolen MUDr. Rudolf Martin, hlavn\u00edmi tahouny dle historie byli Vil\u00e9m Weiss a Josef Racek, ke schv\u00e1len\u00ed stanov klubu do\u0161lo 2.9. 1922. Pod hlavi\u010dkou LTC porazil klub v presti\u017en\u00edm utk\u00e1n\u00ed Mladou Boleslav 9\/8. Klub vytipoval pozemky v roce 1923 pod z\u00e1mkem. 4.5. 1924 do\u0161lo ke slavnostn\u00edmu otev\u0159en\u00ed nov\u00fdch dvorc\u016f za \u00fa\u010dasti olympionika \u017demly, p\u0159edsedy tenisov\u00e9 asociace dr. Justa a p\u0159edn\u00edch tenist\u016f Macenauera a Soyky, kte\u0159\u00ed sehr\u00e1li exibici, kterou v\u0161ak ukon\u010dilo krupobit\u00ed. V roce 1925 se zapo\u010dalo s v\u00fdstavbou 5. kurtu. K nejv\u00fdznamn\u011bj\u0161\u00edm hr\u00e1\u010d\u016fm t\u00e9to doby pat\u0159ili J. \u010cervenkov\u00e1, JUDr. K\u0159\u00ed\u017eov\u00e1 a J. Racek. V roce 2024 z\u00edskali juno\u0159i v Brn\u011b mistrovsk\u00e9 tituly a kdy\u017e se Brno vzdalo po\u0159\u00e1d\u00e1n\u00ed juniorsk\u00e9ho mistrovstv\u00ed, z\u00edskali funkcion\u00e1\u0159i LTC natrvalo po\u0159adatelstv\u00ed pod pern\u0161tejnsk\u00fd z\u00e1mek.<\/p>\n\n\n\n<p>P\u0159esn\u011b v den otev\u0159en\u00ed dvorc\u016f pod z\u00e1mkem 4.5. 2024 poskytnul rozhovor Pardubick\u00e9mu den\u00edku p\u0159edseda a ekonom klubu Ing. Petr. Bene\u0161. <\/p>\n\n\n\n<p>ROZHOVOR\/Na den. P\u0159esn\u011b sto let, proto\u017ee 4.&nbsp;kv\u011btna 1924&nbsp;se konalo slavnostn\u00ed otev\u0159en\u00ed nov\u00fdch dvorc\u016f are\u00e1lu Pod z\u00e1mkem, kde s\u00eddlil a st\u00e1le je\u0161t\u011b s\u00eddl\u00ed Lawn Tennis Cercle Pardubice. A&nbsp;ta stovka kolem n\u011bj l\u00edt\u00e1 jako m\u00ed\u010dek nad s\u00edt\u00ed. P\u0159ed dv\u011bma roky oslavil sto let existence a za t\u0159i roky se chyst\u00e1 na jubilejn\u00ed stoletou Pardubickou juniorku. K&nbsp;magick\u00fdm narozenin\u00e1m nejstar\u0161\u00edho turnaje ml\u00e1de\u017ee v&nbsp;Evrop\u011b by se p\u0159\u00e1l p\u0159edseda klubu Petr Bene\u0161 novou budovu \u0159editelstv\u00ed s&nbsp;vyhovuj\u00edc\u00edm z\u00e1zem\u00edm.<a href=\"https:\/\/pardubicky.denik.cz\/galerie\/g-pardubicka-juniorka-historie-2014.html?photo=1&amp;back=1716179716-2023-45\"><img loading=\"lazy\" decoding=\"async\" src=\"https:\/\/g.denik.cz\/45\/57\/20240502-151710_denik-630-16x9.jpg\" width=\"630\" height=\"354\" alt=\"Za sto let sv\u00e9 existence pro\u0161el are\u00e1l Pod z\u00e1mkem n\u011bkolika zm\u011bnami. Na sn\u00edmku jsou zachyceny kurty a klubovna LTC Pardubice v roce 1932.\" srcset=\"https:\/\/g.denik.cz\/45\/57\/20240502-151710_denik-630-16x9.jpg 1x, https:\/\/g.denik.cz\/45\/57\/20240502-151710_denik-630-16x9@2x.jpg 2x\"><img loading=\"lazy\" decoding=\"async\" src=\"https:\/\/g.denik.cz\/build\/images\/denik\/icon.svg?v=20211124#lupa-plus\" alt=\"Zv\u011bt\u0161it fotku\" width=\"50\" height=\"50\">Kliknut\u00edm zv\u011bt\u0161\u00edte<\/a><a href=\"https:\/\/pardubicky.denik.cz\/galerie\/g-pardubicka-juniorka-historie-2014.html?back=1716179716-2023-45&amp;photo=2\"><\/a><a href=\"https:\/\/pardubicky.denik.cz\/galerie\/g-pardubicka-juniorka-historie-2014.html?back=1716179716-2023-45&amp;photo=3\"><\/a><a href=\"https:\/\/pardubicky.denik.cz\/galerie\/g-pardubicka-juniorka-historie-2014.html?back=1716179716-2023-45&amp;photo=4\"><\/a><a href=\"https:\/\/pardubicky.denik.cz\/galerie\/g-pardubicka-juniorka-historie-2014.html?back=1716179716-2023-45&amp;photo=1\">29 fotografi\u00ed v&nbsp;galerii \u203a<\/a><\/p>\n\n\n\n<p>Za sto let sv\u00e9 existence pro\u0161el are\u00e1l Pod z\u00e1mkem n\u011bkolika zm\u011bnami. Na sn\u00edmku jsou zachyceny kurty a klubovna LTC Pardubice v roce 1932.&nbsp;| Foto:&nbsp;archiv klubu<\/p>\n\n\n\n<p>Socialistick\u00e9 bu\u0148kovi\u0161t\u011b\u2026 Tak vypad\u00e1 sou\u010dasn\u00fd pohled do are\u00e1lu, kde startuj\u00ed budouc\u00ed hv\u011bzdy sv\u011btov\u00e9ho tenisu a kde na zdech vis\u00ed jejich obrazy, ale p\u0159evl\u00e9kat se musely n\u011bkde jinde. O&nbsp;nedostate\u010dn\u00e9 rehabilitaci ani nemluv\u011b. Projekt i&nbsp;r\u016fzn\u00e1 povolen\u00ed u\u017e jsou na sv\u011bt\u011b, ov\u0161em pl\u00e1ny brzd\u00ed&nbsp;<a href=\"https:\/\/d.vvbox.cz\/vv_show_url.php?idk=96992&amp;idc=12375240&amp;ids=5462&amp;idp=93985&amp;url=https%3A%2F%2Fwww.patria.cz\" target=\"_blank\" rel=\"noreferrer noopener\">finance<\/a>. Pro LTC Pardubice nemohla nastat hor\u0161\u00ed situace. V&nbsp;\u010cesk\u00e9m tenisov\u00e9m svazu bubl\u00e1 skand\u00e1l&nbsp;<a href=\"https:\/\/d.vvbox.cz\/vv_show_url.php?idk=97582&amp;idc=12375240&amp;ids=1066&amp;idp=89320&amp;url=http%3A%2F%2Fwww.alcar.cz%2F3DKonfigurator%2Findex.php%3Flcs%3Dzly4htfjss\" target=\"_blank\" rel=\"noreferrer noopener\">kolem<\/a>&nbsp;trestn\u011b st\u00edhan\u00e9ho prezidenta Iva Kaderky. Tato organizace toti\u017e dlu\u017e\u00ed&nbsp;<a href=\"https:\/\/d.vvbox.cz\/vv_show_url.php?idk=97004&amp;idc=12375240&amp;ids=3809&amp;idp=93985&amp;url=https%3A%2F%2Fwww.patria.cz\" target=\"_blank\" rel=\"noreferrer noopener\">pen\u00edze<\/a>&nbsp;N\u00e1rodn\u00ed sportovn\u00ed agentu\u0159e za neopr\u00e1vn\u011bn\u00e9 \u010derpan\u00ed dotac\u00ed. A&nbsp;te\u010f si tam jd\u011bte pro finan\u010dn\u00ed injekci\u2026<\/p>\n\n\n\n<p>\u201eFini\u0161ujeme druh\u00e9 kolo \u017e\u00e1dost\u00ed u&nbsp;N\u00e1rodn\u00ed sportovn\u00ed agentury. Je snaha, aby se na podzim za\u010dala&nbsp;<a href=\"https:\/\/d.vvbox.cz\/vv_show_url.php?idk=97739&amp;idc=12375240&amp;ids=1273&amp;idp=95191&amp;url=https%3A%2F%2Fwww.atrea.cz%2F\" target=\"_blank\" rel=\"noreferrer noopener\">stav\u011bt<\/a>&nbsp;nov\u00e1 budova. S&nbsp;t\u00edm, \u017ee by are\u00e1l z\u00edskal \u00fapln\u011b jin\u00fd charakter. V\u0161e z\u00e1le\u017e\u00ed na tom, jestli se n\u00e1m v&nbsp;tomto term\u00ednu poda\u0159\u00ed sehnat objem finan\u010dn\u00edch prost\u0159edk\u016f. Zastupitelstvo n\u00e1m schv\u00e1lilo bez\u00faro\u010dnou p\u016fj\u010dku na dvacet let plus dotaci. Pardubick\u00fd kraj n\u00e1m rovn\u011b\u017e schv\u00e1lil dotaci. Tyto pen\u00edze m\u00e1me p\u0159edjednan\u00e9 s&nbsp;t\u00edm, \u017ee pokud n\u00e1m bude p\u0159id\u011blena dotace N\u00e1rodn\u00ed sportovn\u00ed agentury, tak budou finance uvoln\u011bn\u00e9. A&nbsp;pochopiteln\u011b mus\u00edm zm\u00ednit i&nbsp;pomoc reklamn\u00edch partner\u016f klubu i&nbsp;Pardubick\u00e9 juniorky. Bohu\u017eel \u0159\u00edzen\u00ed na N\u00e1rodn\u00ed sportovn\u00ed agentu\u0159e je velmi p\u0159\u00edsn\u00e9. By\u0165 m\u00e1me stavebn\u00ed povolen\u00ed, stavebn\u00ed projektovou dokumentaci i&nbsp;vysout\u011b\u017een\u00e9ho zhotovitele, tak jsme se zadrhli na administrativn\u00edch technik\u00e1li\u00edch,\u201c vysv\u011btluje Petr Bene\u0161 v&nbsp;rozhovoru pro Den\u00edk.<\/p>\n\n\n\n<p><img decoding=\"async\" src=\"https:\/\/g.denik.cz\/45\/11\/petr-benes-predseda-ltc-pardubice-za-to-umi-take-vzit_denik-630.jpg\" alt=\"Petr Bene\u0161, p\u0159edseda LTC Pardubice, za to um\u00ed tak\u00e9 vz\u00edt\u2026\">Petr Bene\u0161, p\u0159edseda LTC Pardubice, za to um\u00ed tak\u00e9 vz\u00edt\u2026<em>Zdroj: se svolen\u00edm respondenta<\/em><\/p>\n\n\n\n<h2 class=\"wp-block-heading\">Vlajkov\u00e1 lo\u010f Pardubick\u00e1 juniorka<\/h2>\n\n\n\n<p><strong>Slav\u00edte stolet\u00e9 v\u00fdro\u010d\u00ed otev\u0159en\u00ed dvorc\u016f Pod z\u00e1mkem a tedy vznik are\u00e1lu. Jak je datum 4.&nbsp;kv\u011btna 1924&nbsp;d\u016fle\u017eit\u00e9 pro LTC Pardubice?<\/strong><\/p>\n\n\n\n<p>D\u016fle\u017eit\u00e9 je z&nbsp;toho d\u016fvodu, \u017ee byly otev\u0159en\u00e9 nov\u00e9 dvorce, \u010d\u00edm\u017e se prakticky za\u010dal hr\u00e1t v&nbsp;Tyr\u0161ov\u00fdch sadech tenis.<\/p>\n\n\n\n<p><strong>P\u0159ipom\u00edn\u00e1te si tento den tak\u00e9 p\u0159i jin\u00fdch kulat\u00fdch v\u00fdro\u010d\u00edch?<\/strong><\/p>\n\n\n\n<p>D\u00e1 se \u0159\u00edct, \u017ee si ho poprv\u00e9 po\u0159\u00e1dn\u011b p\u0159ipom\u00edn\u00e1me nyn\u00ed po t\u011bch sto letech. N\u00e1\u0161 klub \u017eije hlavn\u011b Pardubickou juniorkou, kter\u00e1 m\u00e1 za sebou ji\u017e 96&nbsp;odehran\u00fdch ro\u010dn\u00edk\u016f. LTC Pardubice se chyst\u00e1 a sm\u011b\u0159uje sv\u00e9 aktivity ke sta let\u016fm v\u00fdro\u010d\u00ed Juniorky.<\/p>\n\n\n\n<p><strong>Pl\u00e1nujete k&nbsp;magick\u00fdm narozenin\u00e1m uspo\u0159\u00e1dat n\u011bjakou slavnostn\u00ed akci?<\/strong><\/p>\n\n\n\n<p>Ne. Nepl\u00e1nujeme. N\u00e1\u0161 klub vznikl v&nbsp;roce 1922&nbsp;a p\u0159ed dv\u011bma lety jsme to oslavili. A&nbsp;za chv\u00edli n\u00e1s \u010dek\u00e1 zm\u00edn\u011bn\u00e1 st\u00e1 Pardubick\u00e1 juniorka.<\/p>\n\n\n\n<p><strong>Bez p\u0159edk\u016f by tady sou\u010dasn\u00fd klub asi nebyl. Jak\u00fd byste jim p\u0159edal vzkaz?<\/strong><\/p>\n\n\n\n<p>Pokra\u010dujeme v&nbsp;tradici, kterou jste zalo\u017eili. Sna\u017e\u00edme se o&nbsp;to, aby bylo LTC Pardubice presti\u017en\u00edm klubem v&nbsp;Pardubic\u00edch, ve V\u00fdchodo\u010desk\u00e9 oblasti i&nbsp;v&nbsp;\u010cesk\u00e9 republice. Ur\u010dit\u011b by je pot\u011b\u0161ilo, \u017ee jsme jedin\u00fd v\u00fdchodo\u010desk\u00fd klub, kter\u00fd dlouhodob\u011b hraje extraligu sm\u00ed\u0161en\u00fdch dru\u017estev dosp\u011bl\u00fdch.<a href=\"https:\/\/pardubicky.denik.cz\/ostatni_region\/vyzkousel-jsem-vse-role-hrace-byla-nejlepsi.html\"><\/a><\/p>\n\n\n\n<p><a href=\"https:\/\/pardubicky.denik.cz\/ostatni_region\/vyzkousel-jsem-vse-role-hrace-byla-nejlepsi.html\">Kode\u0161: Vyzkou\u0161el jsem v\u0161e, role hr\u00e1\u010de byla nejlep\u0161\u00ed<\/a><\/p>\n\n\n\n<p><strong>LTC Pardubice nejv\u00edce proslavila Pardubick\u00e1 juniorka. Bez po\u0159\u00e1d\u00e1n\u00ed nejstar\u0161\u00edho ml\u00e1de\u017enick\u00e9ho turnaje v&nbsp;Evrop\u011b byste byli absolutn\u011b nezn\u00e1m\u00ed. Co pro v\u00e1\u0161 klub znamen\u00e1?<\/strong><\/p>\n\n\n\n<p>Organizace Pardubick\u00e9 juniorky znamen\u00e1 neuv\u011b\u0159itelnou motivaci pro na\u0161e mlad\u00e9 hr\u00e1\u010de, kte\u0159\u00ed se m\u016f\u017eou z\u00fa\u010dastnit z\u00e1pas\u016f jak v&nbsp;krajsk\u00fdch kvalifikac\u00edch, aby mohli samotnou Juniorku hr\u00e1t, tak z\u00e1rove\u0148 boj\u016f o&nbsp;voln\u00e9 karty po\u0159adatele. A&nbsp;je tady samoz\u0159ejm\u011b historick\u00fd podtext. V\u00edt\u011bzov\u00e9 Pardubick\u00e9 juniorky, kte\u0159\u00ed si ud\u011blali pozd\u011bji jm\u00e9no ve sv\u011btov\u00e9m tenisu, jsou velkou motivac\u00ed pro mlad\u00e9 hr\u00e1\u010de. D\u00edky Juniorce se o&nbsp;Pardubic\u00edch v\u00edce v\u00ed i&nbsp;za hranicemi na\u0161\u00ed zem\u011b.<\/p>\n\n\n\n<p><strong>Zmi\u0148ujete v\u00edt\u011bze Juniorky. Jsou jejich n\u00e1sledn\u00e9 \u00fasp\u011bchy tak\u00e9 va\u0161imi \u00fasp\u011bchy?<\/strong><\/p>\n\n\n\n<p>Tenis je individu\u00e1ln\u00ed sport. Hodn\u011b z\u00e1le\u017e\u00ed i&nbsp;na p\u0159\u00edstupu jednotliv\u00fdch hr\u00e1\u010d\u016f i&nbsp;hr\u00e1\u010dek, jestli to oni sami vydr\u017e\u00ed. Jejich kmenov\u00e9 kluby jim poskytnou tren\u00e9ry, z\u00e1zem\u00ed, plochu na tr\u00e9nov\u00e1n\u00ed, nicm\u00e9n\u011b bez individu\u00e1ln\u00ed p\u0159\u00edpravy cel\u00e9 rodiny, kter\u00e1 se ob\u011btuje pro sv\u00e9ho potomka, to nejde. Vn\u00edm\u00e1me to tak, \u017ee bychom mohli b\u00fdt maxim\u00e1ln\u011b n\u011bjakou sou\u010d\u00e1st\u00ed p\u0159\u00edpravy hr\u00e1\u010d\u016f a hr\u00e1\u010dek. Oni samotn\u00ed ale tomu mus\u00ed d\u00e1t daleko v\u00edc, ne\u017e co jim m\u016f\u017ee klub na region\u00e1ln\u00ed \u00farovni nab\u00eddnout.<\/p>\n","protected":false},"excerpt":{"rendered":"<p>4.5.1922 do\u0161lo k zalo\u017een\u00ed spolku LTC Pardubice po sporech s SK Pardubice. Do \u010dela byl zvolen MUDr. Rudolf Martin, hlavn\u00edmi tahouny dle historie byli Vil\u00e9m Weiss a Josef Racek, ke schv\u00e1len\u00ed stanov klubu do\u0161lo 2.9. 1922. Pod hlavi\u010dkou LTC porazil klub v presti\u017en\u00edm utk\u00e1n\u00ed Mladou Boleslav 9\/8. Klub vytipoval pozemky v roce 1923 pod z\u00e1mkem. [&hellip;]<\/p>\n","protected":false},"author":2,"featured_media":1367,"comment_status":"open","ping_status":"open","sticky":false,"template":"","format":"standard","meta":{"_monsterinsights_skip_tracking":false,"_monsterinsights_sitenote_active":false,"_monsterinsights_sitenote_note":"","_monsterinsights_sitenote_category":0,"footnotes":""},"categories":[10],"tags":[],"yoast_head":"<!-- This site is optimized with the Yoast SEO plugin v24.5 - https:\/\/yoast.com\/wordpress\/plugins\/seo\/ -->\n<title>100 let od otev\u0159en\u00ed nov\u00fdch dvorc\u016f pod z\u00e1mkem 4.5.1924 - LTC Pardubice<\/title>\n<meta name=\"robots\" content=\"index, follow, max-snippet:-1, max-image-preview:large, max-video-preview:-1\" \/>\n<link rel=\"canonical\" href=\"https:\/\/www.ltcpardubice.cz\/?p=7281\" \/>\n<meta property=\"og:locale\" content=\"cs_CZ\" \/>\n<meta property=\"og:type\" content=\"article\" \/>\n<meta property=\"og:title\" content=\"100 let od otev\u0159en\u00ed nov\u00fdch dvorc\u016f pod z\u00e1mkem 4.5.1924 - LTC Pardubice\" \/>\n<meta property=\"og:description\" content=\"4.5.1922 do\u0161lo k zalo\u017een\u00ed spolku LTC Pardubice po sporech s SK Pardubice. Do \u010dela byl zvolen MUDr. Rudolf Martin, hlavn\u00edmi tahouny dle historie byli Vil\u00e9m Weiss a Josef Racek, ke schv\u00e1len\u00ed stanov klubu do\u0161lo 2.9. 1922. Pod hlavi\u010dkou LTC porazil klub v presti\u017en\u00edm utk\u00e1n\u00ed Mladou Boleslav 9\/8. Klub vytipoval pozemky v roce 1923 pod z\u00e1mkem. [&hellip;]\" \/>\n<meta property=\"og:url\" content=\"https:\/\/www.ltcpardubice.cz\/?p=7281\" \/>\n<meta property=\"og:site_name\" content=\"LTC Pardubice\" \/>\n<meta property=\"article:published_time\" content=\"2024-04-22T19:53:44+00:00\" \/>\n<meta property=\"article:modified_time\" content=\"2024-05-06T16:19:34+00:00\" \/>\n<meta property=\"og:image\" content=\"https:\/\/www.ltcpardubice.cz\/wp-content\/uploads\/2020\/08\/1931-4-klubovna-z-roku-1931_denik-100-1.jpg\" \/>\n\t<meta property=\"og:image:width\" content=\"100\" \/>\n\t<meta property=\"og:image:height\" content=\"64\" \/>\n\t<meta property=\"og:image:type\" content=\"image\/jpeg\" \/>\n<meta name=\"author\" content=\"Eva Z\u00e1labsk\u00e1\" \/>\n<meta name=\"twitter:card\" content=\"summary_large_image\" \/>\n<meta name=\"twitter:label1\" content=\"Napsal(a)\" \/>\n\t<meta name=\"twitter:data1\" content=\"Eva Z\u00e1labsk\u00e1\" \/>\n\t<meta name=\"twitter:label2\" content=\"Odhadovan\u00e1 doba \u010dten\u00ed\" \/>\n\t<meta name=\"twitter:data2\" content=\"6 minut\" \/>\n<script type=\"application\/ld+json\" class=\"yoast-schema-graph\">{\"@context\":\"https:\/\/schema.org\",\"@graph\":[{\"@type\":\"WebPage\",\"@id\":\"https:\/\/www.ltcpardubice.cz\/?p=7281\",\"url\":\"https:\/\/www.ltcpardubice.cz\/?p=7281\",\"name\":\"100 let od otev\u0159en\u00ed nov\u00fdch dvorc\u016f pod z\u00e1mkem 4.5.1924 - LTC Pardubice\",\"isPartOf\":{\"@id\":\"https:\/\/www.ltcpardubice.cz\/#website\"},\"primaryImageOfPage\":{\"@id\":\"https:\/\/www.ltcpardubice.cz\/?p=7281#primaryimage\"},\"image\":{\"@id\":\"https:\/\/www.ltcpardubice.cz\/?p=7281#primaryimage\"},\"thumbnailUrl\":\"https:\/\/www.ltcpardubice.cz\/wp-content\/uploads\/2020\/08\/1931-4-klubovna-z-roku-1931_denik-100-1.jpg\",\"datePublished\":\"2024-04-22T19:53:44+00:00\",\"dateModified\":\"2024-05-06T16:19:34+00:00\",\"author\":{\"@id\":\"https:\/\/www.ltcpardubice.cz\/#\/schema\/person\/8f5f3a741b9adea57419864489f31541\"},\"breadcrumb\":{\"@id\":\"https:\/\/www.ltcpardubice.cz\/?p=7281#breadcrumb\"},\"inLanguage\":\"cs\",\"potentialAction\":[{\"@type\":\"ReadAction\",\"target\":[\"https:\/\/www.ltcpardubice.cz\/?p=7281\"]}]},{\"@type\":\"ImageObject\",\"inLanguage\":\"cs\",\"@id\":\"https:\/\/www.ltcpardubice.cz\/?p=7281#primaryimage\",\"url\":\"https:\/\/www.ltcpardubice.cz\/wp-content\/uploads\/2020\/08\/1931-4-klubovna-z-roku-1931_denik-100-1.jpg\",\"contentUrl\":\"https:\/\/www.ltcpardubice.cz\/wp-content\/uploads\/2020\/08\/1931-4-klubovna-z-roku-1931_denik-100-1.jpg\",\"width\":100,\"height\":64},{\"@type\":\"BreadcrumbList\",\"@id\":\"https:\/\/www.ltcpardubice.cz\/?p=7281#breadcrumb\",\"itemListElement\":[{\"@type\":\"ListItem\",\"position\":1,\"name\":\"Home\",\"item\":\"https:\/\/www.ltcpardubice.cz\/\"},{\"@type\":\"ListItem\",\"position\":2,\"name\":\"100 let od otev\u0159en\u00ed nov\u00fdch dvorc\u016f pod z\u00e1mkem 4.5.1924\"}]},{\"@type\":\"WebSite\",\"@id\":\"https:\/\/www.ltcpardubice.cz\/#website\",\"url\":\"https:\/\/www.ltcpardubice.cz\/\",\"name\":\"LTC Pardubice\",\"description\":\"Str\u00e1nky tenisov\u00e9ho klubu LTC Pardubice\",\"potentialAction\":[{\"@type\":\"SearchAction\",\"target\":{\"@type\":\"EntryPoint\",\"urlTemplate\":\"https:\/\/www.ltcpardubice.cz\/?s={search_term_string}\"},\"query-input\":{\"@type\":\"PropertyValueSpecification\",\"valueRequired\":true,\"valueName\":\"search_term_string\"}}],\"inLanguage\":\"cs\"},{\"@type\":\"Person\",\"@id\":\"https:\/\/www.ltcpardubice.cz\/#\/schema\/person\/8f5f3a741b9adea57419864489f31541\",\"name\":\"Eva Z\u00e1labsk\u00e1\",\"image\":{\"@type\":\"ImageObject\",\"inLanguage\":\"cs\",\"@id\":\"https:\/\/www.ltcpardubice.cz\/#\/schema\/person\/image\/\",\"url\":\"https:\/\/secure.gravatar.com\/avatar\/fece9555d8859e0080e4a5ae7edcc925?s=96&d=mm&r=g\",\"contentUrl\":\"https:\/\/secure.gravatar.com\/avatar\/fece9555d8859e0080e4a5ae7edcc925?s=96&d=mm&r=g\",\"caption\":\"Eva Z\u00e1labsk\u00e1\"},\"url\":\"https:\/\/www.ltcpardubice.cz\/?author=2\"}]}<\/script>\n<!-- \/ Yoast SEO plugin. -->","yoast_head_json":{"title":"100 let od otev\u0159en\u00ed nov\u00fdch dvorc\u016f pod z\u00e1mkem 4.5.1924 - LTC Pardubice","robots":{"index":"index","follow":"follow","max-snippet":"max-snippet:-1","max-image-preview":"max-image-preview:large","max-video-preview":"max-video-preview:-1"},"canonical":"https:\/\/www.ltcpardubice.cz\/?p=7281","og_locale":"cs_CZ","og_type":"article","og_title":"100 let od otev\u0159en\u00ed nov\u00fdch dvorc\u016f pod z\u00e1mkem 4.5.1924 - LTC Pardubice","og_description":"4.5.1922 do\u0161lo k zalo\u017een\u00ed spolku LTC Pardubice po sporech s SK Pardubice. Do \u010dela byl zvolen MUDr. Rudolf Martin, hlavn\u00edmi tahouny dle historie byli Vil\u00e9m Weiss a Josef Racek, ke schv\u00e1len\u00ed stanov klubu do\u0161lo 2.9. 1922. Pod hlavi\u010dkou LTC porazil klub v presti\u017en\u00edm utk\u00e1n\u00ed Mladou Boleslav 9\/8. Klub vytipoval pozemky v roce 1923 pod z\u00e1mkem. [&hellip;]","og_url":"https:\/\/www.ltcpardubice.cz\/?p=7281","og_site_name":"LTC Pardubice","article_published_time":"2024-04-22T19:53:44+00:00","article_modified_time":"2024-05-06T16:19:34+00:00","og_image":[{"width":100,"height":64,"url":"https:\/\/www.ltcpardubice.cz\/wp-content\/uploads\/2020\/08\/1931-4-klubovna-z-roku-1931_denik-100-1.jpg","type":"image\/jpeg"}],"author":"Eva Z\u00e1labsk\u00e1","twitter_card":"summary_large_image","twitter_misc":{"Napsal(a)":"Eva Z\u00e1labsk\u00e1","Odhadovan\u00e1 doba \u010dten\u00ed":"6 minut"},"schema":{"@context":"https:\/\/schema.org","@graph":[{"@type":"WebPage","@id":"https:\/\/www.ltcpardubice.cz\/?p=7281","url":"https:\/\/www.ltcpardubice.cz\/?p=7281","name":"100 let od otev\u0159en\u00ed nov\u00fdch dvorc\u016f pod z\u00e1mkem 4.5.1924 - LTC Pardubice","isPartOf":{"@id":"https:\/\/www.ltcpardubice.cz\/#website"},"primaryImageOfPage":{"@id":"https:\/\/www.ltcpardubice.cz\/?p=7281#primaryimage"},"image":{"@id":"https:\/\/www.ltcpardubice.cz\/?p=7281#primaryimage"},"thumbnailUrl":"https:\/\/www.ltcpardubice.cz\/wp-content\/uploads\/2020\/08\/1931-4-klubovna-z-roku-1931_denik-100-1.jpg","datePublished":"2024-04-22T19:53:44+00:00","dateModified":"2024-05-06T16:19:34+00:00","author":{"@id":"https:\/\/www.ltcpardubice.cz\/#\/schema\/person\/8f5f3a741b9adea57419864489f31541"},"breadcrumb":{"@id":"https:\/\/www.ltcpardubice.cz\/?p=7281#breadcrumb"},"inLanguage":"cs","potentialAction":[{"@type":"ReadAction","target":["https:\/\/www.ltcpardubice.cz\/?p=7281"]}]},{"@type":"ImageObject","inLanguage":"cs","@id":"https:\/\/www.ltcpardubice.cz\/?p=7281#primaryimage","url":"https:\/\/www.ltcpardubice.cz\/wp-content\/uploads\/2020\/08\/1931-4-klubovna-z-roku-1931_denik-100-1.jpg","contentUrl":"https:\/\/www.ltcpardubice.cz\/wp-content\/uploads\/2020\/08\/1931-4-klubovna-z-roku-1931_denik-100-1.jpg","width":100,"height":64},{"@type":"BreadcrumbList","@id":"https:\/\/www.ltcpardubice.cz\/?p=7281#breadcrumb","itemListElement":[{"@type":"ListItem","position":1,"name":"Home","item":"https:\/\/www.ltcpardubice.cz\/"},{"@type":"ListItem","position":2,"name":"100 let od otev\u0159en\u00ed nov\u00fdch dvorc\u016f pod z\u00e1mkem 4.5.1924"}]},{"@type":"WebSite","@id":"https:\/\/www.ltcpardubice.cz\/#website","url":"https:\/\/www.ltcpardubice.cz\/","name":"LTC Pardubice","description":"Str\u00e1nky tenisov\u00e9ho klubu LTC Pardubice","potentialAction":[{"@type":"SearchAction","target":{"@type":"EntryPoint","urlTemplate":"https:\/\/www.ltcpardubice.cz\/?s={search_term_string}"},"query-input":{"@type":"PropertyValueSpecification","valueRequired":true,"valueName":"search_term_string"}}],"inLanguage":"cs"},{"@type":"Person","@id":"https:\/\/www.ltcpardubice.cz\/#\/schema\/person\/8f5f3a741b9adea57419864489f31541","name":"Eva Z\u00e1labsk\u00e1","image":{"@type":"ImageObject","inLanguage":"cs","@id":"https:\/\/www.ltcpardubice.cz\/#\/schema\/person\/image\/","url":"https:\/\/secure.gravatar.com\/avatar\/fece9555d8859e0080e4a5ae7edcc925?s=96&d=mm&r=g","contentUrl":"https:\/\/secure.gravatar.com\/avatar\/fece9555d8859e0080e4a5ae7edcc925?s=96&d=mm&r=g","caption":"Eva Z\u00e1labsk\u00e1"},"url":"https:\/\/www.ltcpardubice.cz\/?author=2"}]}},"brizy_media":[],"_links":{"self":[{"href":"https:\/\/www.ltcpardubice.cz\/index.php?rest_route=\/wp\/v2\/posts\/7281"}],"collection":[{"href":"https:\/\/www.ltcpardubice.cz\/index.php?rest_route=\/wp\/v2\/posts"}],"about":[{"href":"https:\/\/www.ltcpardubice.cz\/index.php?rest_route=\/wp\/v2\/types\/post"}],"author":[{"embeddable":true,"href":"https:\/\/www.ltcpardubice.cz\/index.php?rest_route=\/wp\/v2\/users\/2"}],"replies":[{"embeddable":true,"href":"https:\/\/www.ltcpardubice.cz\/index.php?rest_route=%2Fwp%2Fv2%2Fcomments&post=7281"}],"version-history":[{"count":3,"href":"https:\/\/www.ltcpardubice.cz\/index.php?rest_route=\/wp\/v2\/posts\/7281\/revisions"}],"predecessor-version":[{"id":7286,"href":"https:\/\/www.ltcpardubice.cz\/index.php?rest_route=\/wp\/v2\/posts\/7281\/revisions\/7286"}],"wp:featuredmedia":[{"embeddable":true,"href":"https:\/\/www.ltcpardubice.cz\/index.php?rest_route=\/wp\/v2\/media\/1367"}],"wp:attachment":[{"href":"https:\/\/www.ltcpardubice.cz\/index.php?rest_route=%2Fwp%2Fv2%2Fmedia&parent=7281"}],"wp:term":[{"taxonomy":"category","embeddable":true,"href":"https:\/\/www.ltcpardubice.cz\/index.php?rest_route=%2Fwp%2Fv2%2Fcategories&post=7281"},{"taxonomy":"post_tag","embeddable":true,"href":"https:\/\/www.ltcpardubice.cz\/index.php?rest_route=%2Fwp%2Fv2%2Ftags&post=7281"}],"curies":[{"name":"wp","href":"https:\/\/api.w.org\/{rel}","templated":true}]}}