{"id":7315,"date":"2024-05-21T18:58:45","date_gmt":"2024-05-21T18:58:45","guid":{"rendered":"https:\/\/www.ltcpardubice.cz\/?p=7315"},"modified":"2024-05-21T18:58:46","modified_gmt":"2024-05-21T18:58:46","slug":"filip-dymak-na-turnajich-tennis-europe-do-16-let","status":"publish","type":"post","link":"https:\/\/www.ltcpardubice.cz\/?p=7315","title":{"rendered":"Filip Dym\u00e1k na turnaj\u00edch Tennis Europe do 16 let"},"content":{"rendered":"\n<p>V sou\u010dasn\u00e9 dob\u011b 355. hr\u00e1\u010d Tennis Europe \u017eeb\u0159\u00ed\u010dku do 16 let zaznamenal n\u011bkolik \u00fasp\u011bch\u016f na mezin\u00e1rodn\u00edm poli. Na posledn\u00edm turnaji v polovin\u011b kv\u011btna v Hr\u00e1dku nad Nisou dokr\u00e1\u010del ve dvouh\u0159e i \u010dty\u0159h\u0159e do semifin\u00e1le. Ve dvouh\u0159e vyhr\u00e1l 3 z\u00e1pasy a jeho leto\u0161n\u00ed bilance ve dvouh\u0159e je 9 v\u00fdher a 4 prohry. v Brn\u011b do\u0161el do \u010dtvrtfin\u00e1le ve dvouh\u0159e z kvalifikace, v Budape\u0161ti z kvalifikace mezi posledn\u00edch 16 ve dvouh\u0159e. V\u00fdsledky na\u0161eho hr\u00e1\u010de na mezin\u00e1rodn\u00edm poli m\u016f\u017eete sledovat na:<a href=\"https:\/\/te.tournamentsoftware.com\/player-profile\/D75920E2-30E9-4E9D-885D-07BA1133AA11\">https:\/\/te.tournamentsoftware.com\/player-profile\/D75920E2-30E9-4E9D-885D-07BA1133AA11<\/a> <\/p>\n","protected":false},"excerpt":{"rendered":"<p>V sou\u010dasn\u00e9 dob\u011b 355. hr\u00e1\u010d Tennis Europe \u017eeb\u0159\u00ed\u010dku do 16 let zaznamenal n\u011bkolik \u00fasp\u011bch\u016f na mezin\u00e1rodn\u00edm poli. Na posledn\u00edm turnaji v polovin\u011b kv\u011btna v Hr\u00e1dku nad Nisou dokr\u00e1\u010del ve dvouh\u0159e i \u010dty\u0159h\u0159e do semifin\u00e1le. Ve dvouh\u0159e vyhr\u00e1l 3 z\u00e1pasy a jeho leto\u0161n\u00ed bilance ve dvouh\u0159e je 9 v\u00fdher a 4 prohry. v Brn\u011b do\u0161el do [&hellip;]<\/p>\n","protected":false},"author":2,"featured_media":7267,"comment_status":"open","ping_status":"open","sticky":false,"template":"","format":"standard","meta":{"_monsterinsights_skip_tracking":false,"_monsterinsights_sitenote_active":false,"_monsterinsights_sitenote_note":"","_monsterinsights_sitenote_category":0,"footnotes":""},"categories":[10],"tags":[],"yoast_head":"<!-- This site is optimized with the Yoast SEO plugin v24.5 - https:\/\/yoast.com\/wordpress\/plugins\/seo\/ -->\n<title>Filip Dym\u00e1k na turnaj\u00edch Tennis Europe do 16 let - LTC Pardubice<\/title>\n<meta name=\"robots\" content=\"index, follow, max-snippet:-1, max-image-preview:large, max-video-preview:-1\" \/>\n<link rel=\"canonical\" href=\"https:\/\/www.ltcpardubice.cz\/?p=7315\" \/>\n<meta property=\"og:locale\" content=\"cs_CZ\" \/>\n<meta property=\"og:type\" content=\"article\" \/>\n<meta property=\"og:title\" content=\"Filip Dym\u00e1k na turnaj\u00edch Tennis Europe do 16 let - LTC Pardubice\" \/>\n<meta property=\"og:description\" content=\"V sou\u010dasn\u00e9 dob\u011b 355. hr\u00e1\u010d Tennis Europe \u017eeb\u0159\u00ed\u010dku do 16 let zaznamenal n\u011bkolik \u00fasp\u011bch\u016f na mezin\u00e1rodn\u00edm poli. Na posledn\u00edm turnaji v polovin\u011b kv\u011btna v Hr\u00e1dku nad Nisou dokr\u00e1\u010del ve dvouh\u0159e i \u010dty\u0159h\u0159e do semifin\u00e1le. Ve dvouh\u0159e vyhr\u00e1l 3 z\u00e1pasy a jeho leto\u0161n\u00ed bilance ve dvouh\u0159e je 9 v\u00fdher a 4 prohry. v Brn\u011b do\u0161el do [&hellip;]\" \/>\n<meta property=\"og:url\" content=\"https:\/\/www.ltcpardubice.cz\/?p=7315\" \/>\n<meta property=\"og:site_name\" content=\"LTC Pardubice\" \/>\n<meta property=\"article:published_time\" content=\"2024-05-21T18:58:45+00:00\" \/>\n<meta property=\"article:modified_time\" content=\"2024-05-21T18:58:46+00:00\" \/>\n<meta property=\"og:image\" content=\"https:\/\/www.ltcpardubice.cz\/wp-content\/uploads\/2024\/02\/Filip-OHP2.jpg\" \/>\n\t<meta property=\"og:image:width\" content=\"269\" \/>\n\t<meta property=\"og:image:height\" content=\"228\" \/>\n\t<meta property=\"og:image:type\" content=\"image\/jpeg\" \/>\n<meta name=\"author\" content=\"Eva Z\u00e1labsk\u00e1\" \/>\n<meta name=\"twitter:card\" content=\"summary_large_image\" \/>\n<meta name=\"twitter:label1\" content=\"Napsal(a)\" \/>\n\t<meta name=\"twitter:data1\" content=\"Eva Z\u00e1labsk\u00e1\" \/>\n\t<meta name=\"twitter:label2\" content=\"Odhadovan\u00e1 doba \u010dten\u00ed\" \/>\n\t<meta name=\"twitter:data2\" content=\"1 minuta\" \/>\n<script type=\"application\/ld+json\" class=\"yoast-schema-graph\">{\"@context\":\"https:\/\/schema.org\",\"@graph\":[{\"@type\":\"WebPage\",\"@id\":\"https:\/\/www.ltcpardubice.cz\/?p=7315\",\"url\":\"https:\/\/www.ltcpardubice.cz\/?p=7315\",\"name\":\"Filip Dym\u00e1k na turnaj\u00edch Tennis Europe do 16 let - LTC Pardubice\",\"isPartOf\":{\"@id\":\"https:\/\/www.ltcpardubice.cz\/#website\"},\"primaryImageOfPage\":{\"@id\":\"https:\/\/www.ltcpardubice.cz\/?p=7315#primaryimage\"},\"image\":{\"@id\":\"https:\/\/www.ltcpardubice.cz\/?p=7315#primaryimage\"},\"thumbnailUrl\":\"https:\/\/www.ltcpardubice.cz\/wp-content\/uploads\/2024\/02\/Filip-OHP2.jpg\",\"datePublished\":\"2024-05-21T18:58:45+00:00\",\"dateModified\":\"2024-05-21T18:58:46+00:00\",\"author\":{\"@id\":\"https:\/\/www.ltcpardubice.cz\/#\/schema\/person\/8f5f3a741b9adea57419864489f31541\"},\"breadcrumb\":{\"@id\":\"https:\/\/www.ltcpardubice.cz\/?p=7315#breadcrumb\"},\"inLanguage\":\"cs\",\"potentialAction\":[{\"@type\":\"ReadAction\",\"target\":[\"https:\/\/www.ltcpardubice.cz\/?p=7315\"]}]},{\"@type\":\"ImageObject\",\"inLanguage\":\"cs\",\"@id\":\"https:\/\/www.ltcpardubice.cz\/?p=7315#primaryimage\",\"url\":\"https:\/\/www.ltcpardubice.cz\/wp-content\/uploads\/2024\/02\/Filip-OHP2.jpg\",\"contentUrl\":\"https:\/\/www.ltcpardubice.cz\/wp-content\/uploads\/2024\/02\/Filip-OHP2.jpg\",\"width\":269,\"height\":228},{\"@type\":\"BreadcrumbList\",\"@id\":\"https:\/\/www.ltcpardubice.cz\/?p=7315#breadcrumb\",\"itemListElement\":[{\"@type\":\"ListItem\",\"position\":1,\"name\":\"Home\",\"item\":\"https:\/\/www.ltcpardubice.cz\/\"},{\"@type\":\"ListItem\",\"position\":2,\"name\":\"Filip Dym\u00e1k na turnaj\u00edch Tennis Europe do 16 let\"}]},{\"@type\":\"WebSite\",\"@id\":\"https:\/\/www.ltcpardubice.cz\/#website\",\"url\":\"https:\/\/www.ltcpardubice.cz\/\",\"name\":\"LTC Pardubice\",\"description\":\"Str\u00e1nky tenisov\u00e9ho klubu LTC Pardubice\",\"potentialAction\":[{\"@type\":\"SearchAction\",\"target\":{\"@type\":\"EntryPoint\",\"urlTemplate\":\"https:\/\/www.ltcpardubice.cz\/?s={search_term_string}\"},\"query-input\":{\"@type\":\"PropertyValueSpecification\",\"valueRequired\":true,\"valueName\":\"search_term_string\"}}],\"inLanguage\":\"cs\"},{\"@type\":\"Person\",\"@id\":\"https:\/\/www.ltcpardubice.cz\/#\/schema\/person\/8f5f3a741b9adea57419864489f31541\",\"name\":\"Eva Z\u00e1labsk\u00e1\",\"image\":{\"@type\":\"ImageObject\",\"inLanguage\":\"cs\",\"@id\":\"https:\/\/www.ltcpardubice.cz\/#\/schema\/person\/image\/\",\"url\":\"https:\/\/secure.gravatar.com\/avatar\/fece9555d8859e0080e4a5ae7edcc925?s=96&d=mm&r=g\",\"contentUrl\":\"https:\/\/secure.gravatar.com\/avatar\/fece9555d8859e0080e4a5ae7edcc925?s=96&d=mm&r=g\",\"caption\":\"Eva Z\u00e1labsk\u00e1\"},\"url\":\"https:\/\/www.ltcpardubice.cz\/?author=2\"}]}<\/script>\n<!-- \/ Yoast SEO plugin. -->","yoast_head_json":{"title":"Filip Dym\u00e1k na turnaj\u00edch Tennis Europe do 16 let - LTC Pardubice","robots":{"index":"index","follow":"follow","max-snippet":"max-snippet:-1","max-image-preview":"max-image-preview:large","max-video-preview":"max-video-preview:-1"},"canonical":"https:\/\/www.ltcpardubice.cz\/?p=7315","og_locale":"cs_CZ","og_type":"article","og_title":"Filip Dym\u00e1k na turnaj\u00edch Tennis Europe do 16 let - LTC Pardubice","og_description":"V sou\u010dasn\u00e9 dob\u011b 355. hr\u00e1\u010d Tennis Europe \u017eeb\u0159\u00ed\u010dku do 16 let zaznamenal n\u011bkolik \u00fasp\u011bch\u016f na mezin\u00e1rodn\u00edm poli. Na posledn\u00edm turnaji v polovin\u011b kv\u011btna v Hr\u00e1dku nad Nisou dokr\u00e1\u010del ve dvouh\u0159e i \u010dty\u0159h\u0159e do semifin\u00e1le. Ve dvouh\u0159e vyhr\u00e1l 3 z\u00e1pasy a jeho leto\u0161n\u00ed bilance ve dvouh\u0159e je 9 v\u00fdher a 4 prohry. v Brn\u011b do\u0161el do [&hellip;]","og_url":"https:\/\/www.ltcpardubice.cz\/?p=7315","og_site_name":"LTC Pardubice","article_published_time":"2024-05-21T18:58:45+00:00","article_modified_time":"2024-05-21T18:58:46+00:00","og_image":[{"width":269,"height":228,"url":"https:\/\/www.ltcpardubice.cz\/wp-content\/uploads\/2024\/02\/Filip-OHP2.jpg","type":"image\/jpeg"}],"author":"Eva Z\u00e1labsk\u00e1","twitter_card":"summary_large_image","twitter_misc":{"Napsal(a)":"Eva Z\u00e1labsk\u00e1","Odhadovan\u00e1 doba \u010dten\u00ed":"1 minuta"},"schema":{"@context":"https:\/\/schema.org","@graph":[{"@type":"WebPage","@id":"https:\/\/www.ltcpardubice.cz\/?p=7315","url":"https:\/\/www.ltcpardubice.cz\/?p=7315","name":"Filip Dym\u00e1k na turnaj\u00edch Tennis Europe do 16 let - LTC Pardubice","isPartOf":{"@id":"https:\/\/www.ltcpardubice.cz\/#website"},"primaryImageOfPage":{"@id":"https:\/\/www.ltcpardubice.cz\/?p=7315#primaryimage"},"image":{"@id":"https:\/\/www.ltcpardubice.cz\/?p=7315#primaryimage"},"thumbnailUrl":"https:\/\/www.ltcpardubice.cz\/wp-content\/uploads\/2024\/02\/Filip-OHP2.jpg","datePublished":"2024-05-21T18:58:45+00:00","dateModified":"2024-05-21T18:58:46+00:00","author":{"@id":"https:\/\/www.ltcpardubice.cz\/#\/schema\/person\/8f5f3a741b9adea57419864489f31541"},"breadcrumb":{"@id":"https:\/\/www.ltcpardubice.cz\/?p=7315#breadcrumb"},"inLanguage":"cs","potentialAction":[{"@type":"ReadAction","target":["https:\/\/www.ltcpardubice.cz\/?p=7315"]}]},{"@type":"ImageObject","inLanguage":"cs","@id":"https:\/\/www.ltcpardubice.cz\/?p=7315#primaryimage","url":"https:\/\/www.ltcpardubice.cz\/wp-content\/uploads\/2024\/02\/Filip-OHP2.jpg","contentUrl":"https:\/\/www.ltcpardubice.cz\/wp-content\/uploads\/2024\/02\/Filip-OHP2.jpg","width":269,"height":228},{"@type":"BreadcrumbList","@id":"https:\/\/www.ltcpardubice.cz\/?p=7315#breadcrumb","itemListElement":[{"@type":"ListItem","position":1,"name":"Home","item":"https:\/\/www.ltcpardubice.cz\/"},{"@type":"ListItem","position":2,"name":"Filip Dym\u00e1k na turnaj\u00edch Tennis Europe do 16 let"}]},{"@type":"WebSite","@id":"https:\/\/www.ltcpardubice.cz\/#website","url":"https:\/\/www.ltcpardubice.cz\/","name":"LTC Pardubice","description":"Str\u00e1nky tenisov\u00e9ho klubu LTC Pardubice","potentialAction":[{"@type":"SearchAction","target":{"@type":"EntryPoint","urlTemplate":"https:\/\/www.ltcpardubice.cz\/?s={search_term_string}"},"query-input":{"@type":"PropertyValueSpecification","valueRequired":true,"valueName":"search_term_string"}}],"inLanguage":"cs"},{"@type":"Person","@id":"https:\/\/www.ltcpardubice.cz\/#\/schema\/person\/8f5f3a741b9adea57419864489f31541","name":"Eva Z\u00e1labsk\u00e1","image":{"@type":"ImageObject","inLanguage":"cs","@id":"https:\/\/www.ltcpardubice.cz\/#\/schema\/person\/image\/","url":"https:\/\/secure.gravatar.com\/avatar\/fece9555d8859e0080e4a5ae7edcc925?s=96&d=mm&r=g","contentUrl":"https:\/\/secure.gravatar.com\/avatar\/fece9555d8859e0080e4a5ae7edcc925?s=96&d=mm&r=g","caption":"Eva Z\u00e1labsk\u00e1"},"url":"https:\/\/www.ltcpardubice.cz\/?author=2"}]}},"brizy_media":[],"_links":{"self":[{"href":"https:\/\/www.ltcpardubice.cz\/index.php?rest_route=\/wp\/v2\/posts\/7315"}],"collection":[{"href":"https:\/\/www.ltcpardubice.cz\/index.php?rest_route=\/wp\/v2\/posts"}],"about":[{"href":"https:\/\/www.ltcpardubice.cz\/index.php?rest_route=\/wp\/v2\/types\/post"}],"author":[{"embeddable":true,"href":"https:\/\/www.ltcpardubice.cz\/index.php?rest_route=\/wp\/v2\/users\/2"}],"replies":[{"embeddable":true,"href":"https:\/\/www.ltcpardubice.cz\/index.php?rest_route=%2Fwp%2Fv2%2Fcomments&post=7315"}],"version-history":[{"count":1,"href":"https:\/\/www.ltcpardubice.cz\/index.php?rest_route=\/wp\/v2\/posts\/7315\/revisions"}],"predecessor-version":[{"id":7316,"href":"https:\/\/www.ltcpardubice.cz\/index.php?rest_route=\/wp\/v2\/posts\/7315\/revisions\/7316"}],"wp:featuredmedia":[{"embeddable":true,"href":"https:\/\/www.ltcpardubice.cz\/index.php?rest_route=\/wp\/v2\/media\/7267"}],"wp:attachment":[{"href":"https:\/\/www.ltcpardubice.cz\/index.php?rest_route=%2Fwp%2Fv2%2Fmedia&parent=7315"}],"wp:term":[{"taxonomy":"category","embeddable":true,"href":"https:\/\/www.ltcpardubice.cz\/index.php?rest_route=%2Fwp%2Fv2%2Fcategories&post=7315"},{"taxonomy":"post_tag","embeddable":true,"href":"https:\/\/www.ltcpardubice.cz\/index.php?rest_route=%2Fwp%2Fv2%2Ftags&post=7315"}],"curies":[{"name":"wp","href":"https:\/\/api.w.org\/{rel}","templated":true}]}}