{"id":7348,"date":"2024-07-24T17:04:14","date_gmt":"2024-07-24T17:04:14","guid":{"rendered":"https:\/\/www.ltcpardubice.cz\/?p=7348"},"modified":"2024-07-24T17:04:15","modified_gmt":"2024-07-24T17:04:15","slug":"nasi-hraci-na-pardubicke-juniorce","status":"publish","type":"post","link":"https:\/\/www.ltcpardubice.cz\/?p=7348","title":{"rendered":"Na\u0161i hr\u00e1\u010di na Pardubick\u00e9 juniorce"},"content":{"rendered":"\n<p>Zam\u011b\u0159\u00edme-li se pouze na 21. stolet\u00ed, tak najdeme n\u011bkolik \u00fasp\u011b\u0161n\u00fdch hr\u00e1\u010d\u016f klubu, kte\u0159\u00ed na PJ &#8211; M\u010cR dorostu dos\u00e1hli na velmi dobr\u00e9 v\u00fdsledky. Dostupnost v\u00fdsledk\u016f na cztenis.cz je p\u0159ibli\u017en\u011b od roku 2003\/2004, tak\u017ee se mus\u00edme spolehnout na pam\u011b\u0165. V na\u0161em stolet\u00ed se do semifin\u00e1le \u010dty\u0159hry a \u010dtvrtfin\u00e1le dvouhry probojovala M. Shejbalov\u00e1, A\u017e do fin\u00e1le se dostal M. Vacek, kter\u00fd ov\u0161em v roce sv\u00e9ho \u00fasp\u011bchu hr\u00e1l za Fr\u00fddlant. Mezi posledn\u00edmi 8 byl i D. Nov\u00e1k (hraj\u00edc\u00ed v t\u00e9 dob\u011b za Prost\u011bjov). Velkou radost n\u00e1m svoj\u00ed semifin\u00e1lovou \u00fa\u010dast\u00ed ud\u011blala v roce 2002 tehdy 16,5 let\u00e1 Z. Z\u00e1labsk\u00e1, kdy\u017e ve \u010dtvrtfin\u00e1le porazila 1. nasazenou E. Jan\u00e1skovou, v semifin\u00e1le po boji podlehla E. Hrdinov\u00e9. Je\u0161t\u011b mlad\u0161\u00ed historii psali dnes 26let\u00fd D. Rabas, kter\u00fd byl ve \u010dtvrtfin\u00e1le a dnes stejn\u011b star\u00e1 N. Novotn\u00e1, kter\u00e1 v roce 2016 pro\u0161la po vynikaj\u00edc\u00edch v\u00fdkonech do fin\u00e1le, kde se j\u00ed z\u00e1pas s Bayerlovou nezda\u0159il, pod t\u00edhou okam\u017eiku i po n\u00e1ro\u010dn\u00fdch 4 v\u00fdhr\u00e1ch ve fin\u00e1le hladce prohr\u00e1la. <\/p>\n\n\n\n<p>A jak si stoj\u00ed dne\u0161n\u00ed na\u0161i hr\u00e1\u010di? V leto\u0161n\u00edm roce n\u00e1s reprezentovali A. Vobo\u0159ilov\u00e1, v 1. kole nesta\u010dila na o trochu lep\u0161\u00ed hr\u00e1\u010dku N. Jan\u00ed\u010dkovi\u010dovou ze \u0160tvanice. F. Dym\u00e1k prohr\u00e1l p\u0159esv\u011bd\u010div\u011b (asi i pod t\u00edhou okam\u017eiku) na centru s Podr\u00e1bsk\u00fdm. Oba hr\u00e1li PJ ji\u017e podruh\u00e9. Dym\u00e1k si trichu spravil chu\u0165 ve \u010dty\u0159h\u0159e, kdy\u017e po velmi dobr\u00e9m v\u00fdkonu spolu s M. Hepem porazili p\u00e1r Ulrych &#8211; \u0160usta 6\/4 6\/2 a s favorizovan\u00fdm p\u00e1rem Chodora &#8211; Burda prohr\u00e1li a\u017e v supertiebreaku 8:10. Na dal\u0161\u00ed super v\u00fdsledky hr\u00e1\u010d\u016f LTC tedy \u010dek\u00e1me.<\/p>\n","protected":false},"excerpt":{"rendered":"<p>Zam\u011b\u0159\u00edme-li se pouze na 21. stolet\u00ed, tak najdeme n\u011bkolik \u00fasp\u011b\u0161n\u00fdch hr\u00e1\u010d\u016f klubu, kte\u0159\u00ed na PJ &#8211; M\u010cR dorostu dos\u00e1hli na velmi dobr\u00e9 v\u00fdsledky. Dostupnost v\u00fdsledk\u016f na cztenis.cz je p\u0159ibli\u017en\u011b od roku 2003\/2004, tak\u017ee se mus\u00edme spolehnout na pam\u011b\u0165. V na\u0161em stolet\u00ed se do semifin\u00e1le \u010dty\u0159hry a \u010dtvrtfin\u00e1le dvouhry probojovala M. Shejbalov\u00e1, A\u017e do fin\u00e1le se [&hellip;]<\/p>\n","protected":false},"author":2,"featured_media":6824,"comment_status":"open","ping_status":"open","sticky":false,"template":"","format":"standard","meta":{"_monsterinsights_skip_tracking":false,"_monsterinsights_sitenote_active":false,"_monsterinsights_sitenote_note":"","_monsterinsights_sitenote_category":0,"footnotes":""},"categories":[10],"tags":[],"yoast_head":"<!-- This site is optimized with the Yoast SEO plugin v24.5 - https:\/\/yoast.com\/wordpress\/plugins\/seo\/ -->\n<title>Na\u0161i hr\u00e1\u010di na Pardubick\u00e9 juniorce - LTC Pardubice<\/title>\n<meta name=\"robots\" content=\"index, follow, max-snippet:-1, max-image-preview:large, max-video-preview:-1\" \/>\n<link rel=\"canonical\" href=\"https:\/\/www.ltcpardubice.cz\/?p=7348\" \/>\n<meta property=\"og:locale\" content=\"cs_CZ\" \/>\n<meta property=\"og:type\" content=\"article\" \/>\n<meta property=\"og:title\" content=\"Na\u0161i hr\u00e1\u010di na Pardubick\u00e9 juniorce - LTC Pardubice\" \/>\n<meta property=\"og:description\" content=\"Zam\u011b\u0159\u00edme-li se pouze na 21. stolet\u00ed, tak najdeme n\u011bkolik \u00fasp\u011b\u0161n\u00fdch hr\u00e1\u010d\u016f klubu, kte\u0159\u00ed na PJ &#8211; M\u010cR dorostu dos\u00e1hli na velmi dobr\u00e9 v\u00fdsledky. Dostupnost v\u00fdsledk\u016f na cztenis.cz je p\u0159ibli\u017en\u011b od roku 2003\/2004, tak\u017ee se mus\u00edme spolehnout na pam\u011b\u0165. V na\u0161em stolet\u00ed se do semifin\u00e1le \u010dty\u0159hry a \u010dtvrtfin\u00e1le dvouhry probojovala M. Shejbalov\u00e1, A\u017e do fin\u00e1le se [&hellip;]\" \/>\n<meta property=\"og:url\" content=\"https:\/\/www.ltcpardubice.cz\/?p=7348\" \/>\n<meta property=\"og:site_name\" content=\"LTC Pardubice\" \/>\n<meta property=\"article:published_time\" content=\"2024-07-24T17:04:14+00:00\" \/>\n<meta property=\"article:modified_time\" content=\"2024-07-24T17:04:15+00:00\" \/>\n<meta property=\"og:image\" content=\"https:\/\/www.ltcpardubice.cz\/wp-content\/uploads\/2021\/07\/logo-pce-juniorka.png\" \/>\n\t<meta property=\"og:image:width\" content=\"500\" \/>\n\t<meta property=\"og:image:height\" content=\"500\" \/>\n\t<meta property=\"og:image:type\" content=\"image\/png\" \/>\n<meta name=\"author\" content=\"Eva Z\u00e1labsk\u00e1\" \/>\n<meta name=\"twitter:card\" content=\"summary_large_image\" \/>\n<meta name=\"twitter:label1\" content=\"Napsal(a)\" \/>\n\t<meta name=\"twitter:data1\" content=\"Eva Z\u00e1labsk\u00e1\" \/>\n\t<meta name=\"twitter:label2\" content=\"Odhadovan\u00e1 doba \u010dten\u00ed\" \/>\n\t<meta name=\"twitter:data2\" content=\"2 minuty\" \/>\n<script type=\"application\/ld+json\" class=\"yoast-schema-graph\">{\"@context\":\"https:\/\/schema.org\",\"@graph\":[{\"@type\":\"WebPage\",\"@id\":\"https:\/\/www.ltcpardubice.cz\/?p=7348\",\"url\":\"https:\/\/www.ltcpardubice.cz\/?p=7348\",\"name\":\"Na\u0161i hr\u00e1\u010di na Pardubick\u00e9 juniorce - LTC Pardubice\",\"isPartOf\":{\"@id\":\"https:\/\/www.ltcpardubice.cz\/#website\"},\"primaryImageOfPage\":{\"@id\":\"https:\/\/www.ltcpardubice.cz\/?p=7348#primaryimage\"},\"image\":{\"@id\":\"https:\/\/www.ltcpardubice.cz\/?p=7348#primaryimage\"},\"thumbnailUrl\":\"https:\/\/www.ltcpardubice.cz\/wp-content\/uploads\/2021\/07\/logo-pce-juniorka.png\",\"datePublished\":\"2024-07-24T17:04:14+00:00\",\"dateModified\":\"2024-07-24T17:04:15+00:00\",\"author\":{\"@id\":\"https:\/\/www.ltcpardubice.cz\/#\/schema\/person\/8f5f3a741b9adea57419864489f31541\"},\"breadcrumb\":{\"@id\":\"https:\/\/www.ltcpardubice.cz\/?p=7348#breadcrumb\"},\"inLanguage\":\"cs\",\"potentialAction\":[{\"@type\":\"ReadAction\",\"target\":[\"https:\/\/www.ltcpardubice.cz\/?p=7348\"]}]},{\"@type\":\"ImageObject\",\"inLanguage\":\"cs\",\"@id\":\"https:\/\/www.ltcpardubice.cz\/?p=7348#primaryimage\",\"url\":\"https:\/\/www.ltcpardubice.cz\/wp-content\/uploads\/2021\/07\/logo-pce-juniorka.png\",\"contentUrl\":\"https:\/\/www.ltcpardubice.cz\/wp-content\/uploads\/2021\/07\/logo-pce-juniorka.png\",\"width\":500,\"height\":500},{\"@type\":\"BreadcrumbList\",\"@id\":\"https:\/\/www.ltcpardubice.cz\/?p=7348#breadcrumb\",\"itemListElement\":[{\"@type\":\"ListItem\",\"position\":1,\"name\":\"Home\",\"item\":\"https:\/\/www.ltcpardubice.cz\/\"},{\"@type\":\"ListItem\",\"position\":2,\"name\":\"Na\u0161i hr\u00e1\u010di na Pardubick\u00e9 juniorce\"}]},{\"@type\":\"WebSite\",\"@id\":\"https:\/\/www.ltcpardubice.cz\/#website\",\"url\":\"https:\/\/www.ltcpardubice.cz\/\",\"name\":\"LTC Pardubice\",\"description\":\"Str\u00e1nky tenisov\u00e9ho klubu LTC Pardubice\",\"potentialAction\":[{\"@type\":\"SearchAction\",\"target\":{\"@type\":\"EntryPoint\",\"urlTemplate\":\"https:\/\/www.ltcpardubice.cz\/?s={search_term_string}\"},\"query-input\":{\"@type\":\"PropertyValueSpecification\",\"valueRequired\":true,\"valueName\":\"search_term_string\"}}],\"inLanguage\":\"cs\"},{\"@type\":\"Person\",\"@id\":\"https:\/\/www.ltcpardubice.cz\/#\/schema\/person\/8f5f3a741b9adea57419864489f31541\",\"name\":\"Eva Z\u00e1labsk\u00e1\",\"image\":{\"@type\":\"ImageObject\",\"inLanguage\":\"cs\",\"@id\":\"https:\/\/www.ltcpardubice.cz\/#\/schema\/person\/image\/\",\"url\":\"https:\/\/secure.gravatar.com\/avatar\/fece9555d8859e0080e4a5ae7edcc925?s=96&d=mm&r=g\",\"contentUrl\":\"https:\/\/secure.gravatar.com\/avatar\/fece9555d8859e0080e4a5ae7edcc925?s=96&d=mm&r=g\",\"caption\":\"Eva Z\u00e1labsk\u00e1\"},\"url\":\"https:\/\/www.ltcpardubice.cz\/?author=2\"}]}<\/script>\n<!-- \/ Yoast SEO plugin. -->","yoast_head_json":{"title":"Na\u0161i hr\u00e1\u010di na Pardubick\u00e9 juniorce - LTC Pardubice","robots":{"index":"index","follow":"follow","max-snippet":"max-snippet:-1","max-image-preview":"max-image-preview:large","max-video-preview":"max-video-preview:-1"},"canonical":"https:\/\/www.ltcpardubice.cz\/?p=7348","og_locale":"cs_CZ","og_type":"article","og_title":"Na\u0161i hr\u00e1\u010di na Pardubick\u00e9 juniorce - LTC Pardubice","og_description":"Zam\u011b\u0159\u00edme-li se pouze na 21. stolet\u00ed, tak najdeme n\u011bkolik \u00fasp\u011b\u0161n\u00fdch hr\u00e1\u010d\u016f klubu, kte\u0159\u00ed na PJ &#8211; M\u010cR dorostu dos\u00e1hli na velmi dobr\u00e9 v\u00fdsledky. Dostupnost v\u00fdsledk\u016f na cztenis.cz je p\u0159ibli\u017en\u011b od roku 2003\/2004, tak\u017ee se mus\u00edme spolehnout na pam\u011b\u0165. V na\u0161em stolet\u00ed se do semifin\u00e1le \u010dty\u0159hry a \u010dtvrtfin\u00e1le dvouhry probojovala M. Shejbalov\u00e1, A\u017e do fin\u00e1le se [&hellip;]","og_url":"https:\/\/www.ltcpardubice.cz\/?p=7348","og_site_name":"LTC Pardubice","article_published_time":"2024-07-24T17:04:14+00:00","article_modified_time":"2024-07-24T17:04:15+00:00","og_image":[{"width":500,"height":500,"url":"https:\/\/www.ltcpardubice.cz\/wp-content\/uploads\/2021\/07\/logo-pce-juniorka.png","type":"image\/png"}],"author":"Eva Z\u00e1labsk\u00e1","twitter_card":"summary_large_image","twitter_misc":{"Napsal(a)":"Eva Z\u00e1labsk\u00e1","Odhadovan\u00e1 doba \u010dten\u00ed":"2 minuty"},"schema":{"@context":"https:\/\/schema.org","@graph":[{"@type":"WebPage","@id":"https:\/\/www.ltcpardubice.cz\/?p=7348","url":"https:\/\/www.ltcpardubice.cz\/?p=7348","name":"Na\u0161i hr\u00e1\u010di na Pardubick\u00e9 juniorce - LTC Pardubice","isPartOf":{"@id":"https:\/\/www.ltcpardubice.cz\/#website"},"primaryImageOfPage":{"@id":"https:\/\/www.ltcpardubice.cz\/?p=7348#primaryimage"},"image":{"@id":"https:\/\/www.ltcpardubice.cz\/?p=7348#primaryimage"},"thumbnailUrl":"https:\/\/www.ltcpardubice.cz\/wp-content\/uploads\/2021\/07\/logo-pce-juniorka.png","datePublished":"2024-07-24T17:04:14+00:00","dateModified":"2024-07-24T17:04:15+00:00","author":{"@id":"https:\/\/www.ltcpardubice.cz\/#\/schema\/person\/8f5f3a741b9adea57419864489f31541"},"breadcrumb":{"@id":"https:\/\/www.ltcpardubice.cz\/?p=7348#breadcrumb"},"inLanguage":"cs","potentialAction":[{"@type":"ReadAction","target":["https:\/\/www.ltcpardubice.cz\/?p=7348"]}]},{"@type":"ImageObject","inLanguage":"cs","@id":"https:\/\/www.ltcpardubice.cz\/?p=7348#primaryimage","url":"https:\/\/www.ltcpardubice.cz\/wp-content\/uploads\/2021\/07\/logo-pce-juniorka.png","contentUrl":"https:\/\/www.ltcpardubice.cz\/wp-content\/uploads\/2021\/07\/logo-pce-juniorka.png","width":500,"height":500},{"@type":"BreadcrumbList","@id":"https:\/\/www.ltcpardubice.cz\/?p=7348#breadcrumb","itemListElement":[{"@type":"ListItem","position":1,"name":"Home","item":"https:\/\/www.ltcpardubice.cz\/"},{"@type":"ListItem","position":2,"name":"Na\u0161i hr\u00e1\u010di na Pardubick\u00e9 juniorce"}]},{"@type":"WebSite","@id":"https:\/\/www.ltcpardubice.cz\/#website","url":"https:\/\/www.ltcpardubice.cz\/","name":"LTC Pardubice","description":"Str\u00e1nky tenisov\u00e9ho klubu LTC Pardubice","potentialAction":[{"@type":"SearchAction","target":{"@type":"EntryPoint","urlTemplate":"https:\/\/www.ltcpardubice.cz\/?s={search_term_string}"},"query-input":{"@type":"PropertyValueSpecification","valueRequired":true,"valueName":"search_term_string"}}],"inLanguage":"cs"},{"@type":"Person","@id":"https:\/\/www.ltcpardubice.cz\/#\/schema\/person\/8f5f3a741b9adea57419864489f31541","name":"Eva Z\u00e1labsk\u00e1","image":{"@type":"ImageObject","inLanguage":"cs","@id":"https:\/\/www.ltcpardubice.cz\/#\/schema\/person\/image\/","url":"https:\/\/secure.gravatar.com\/avatar\/fece9555d8859e0080e4a5ae7edcc925?s=96&d=mm&r=g","contentUrl":"https:\/\/secure.gravatar.com\/avatar\/fece9555d8859e0080e4a5ae7edcc925?s=96&d=mm&r=g","caption":"Eva Z\u00e1labsk\u00e1"},"url":"https:\/\/www.ltcpardubice.cz\/?author=2"}]}},"brizy_media":[],"_links":{"self":[{"href":"https:\/\/www.ltcpardubice.cz\/index.php?rest_route=\/wp\/v2\/posts\/7348"}],"collection":[{"href":"https:\/\/www.ltcpardubice.cz\/index.php?rest_route=\/wp\/v2\/posts"}],"about":[{"href":"https:\/\/www.ltcpardubice.cz\/index.php?rest_route=\/wp\/v2\/types\/post"}],"author":[{"embeddable":true,"href":"https:\/\/www.ltcpardubice.cz\/index.php?rest_route=\/wp\/v2\/users\/2"}],"replies":[{"embeddable":true,"href":"https:\/\/www.ltcpardubice.cz\/index.php?rest_route=%2Fwp%2Fv2%2Fcomments&post=7348"}],"version-history":[{"count":1,"href":"https:\/\/www.ltcpardubice.cz\/index.php?rest_route=\/wp\/v2\/posts\/7348\/revisions"}],"predecessor-version":[{"id":7349,"href":"https:\/\/www.ltcpardubice.cz\/index.php?rest_route=\/wp\/v2\/posts\/7348\/revisions\/7349"}],"wp:featuredmedia":[{"embeddable":true,"href":"https:\/\/www.ltcpardubice.cz\/index.php?rest_route=\/wp\/v2\/media\/6824"}],"wp:attachment":[{"href":"https:\/\/www.ltcpardubice.cz\/index.php?rest_route=%2Fwp%2Fv2%2Fmedia&parent=7348"}],"wp:term":[{"taxonomy":"category","embeddable":true,"href":"https:\/\/www.ltcpardubice.cz\/index.php?rest_route=%2Fwp%2Fv2%2Fcategories&post=7348"},{"taxonomy":"post_tag","embeddable":true,"href":"https:\/\/www.ltcpardubice.cz\/index.php?rest_route=%2Fwp%2Fv2%2Ftags&post=7348"}],"curies":[{"name":"wp","href":"https:\/\/api.w.org\/{rel}","templated":true}]}}