{"id":7351,"date":"2024-07-31T16:19:36","date_gmt":"2024-07-31T16:19:36","guid":{"rendered":"https:\/\/www.ltcpardubice.cz\/?p=7351"},"modified":"2024-07-31T16:19:37","modified_gmt":"2024-07-31T16:19:37","slug":"mcr-senioru-pardubicka-seniorka-2024-2","status":"publish","type":"post","link":"https:\/\/www.ltcpardubice.cz\/?p=7351","title":{"rendered":"M\u010cR senior\u016f &#8211; Pardubick\u00e1 seniorka 2024"},"content":{"rendered":"\n<p>Ihned po skon\u010den\u00ed Pardubick\u00e9 juniorky se na na\u0161ich dvorc\u00edch konala &#8222;Pardubick\u00e1 seniorka&#8220;, poprv\u00e9 jako M\u010cR senior\u016f v kategorii jednotlivc\u016f za slu\u0161n\u00e9 \u00fa\u010dasti 43 hr\u00e1\u010d\u016f, bohu\u017eel bez \u017een. Hr\u00e1ly se kategorie 45+, 55+, 60+, 65+, 70+, 75+, 80+. Z pardubick\u00fdch hr\u00e1\u010d\u016f jsme mohli vid\u011bt P. Marka &#8211; semifin\u00e1le 45+, V. Wiesnera (v\u00edt\u011bz 55+) a P. Komerse (finalista 55+), T. \u010capouna, \u0160. Pacindu, T. Kratochv\u00edla, Va\u0161\u00ed\u010dka, V. Dr\u017eku (finalista 75+) a dal\u0161\u00ed. Douf\u00e1me, \u017ee se Pardubick\u00e1 seniorka jako M\u010cR zopakuje i v dal\u0161\u00edch letech.<\/p>\n","protected":false},"excerpt":{"rendered":"<p>Ihned po skon\u010den\u00ed Pardubick\u00e9 juniorky se na na\u0161ich dvorc\u00edch konala &#8222;Pardubick\u00e1 seniorka&#8220;, poprv\u00e9 jako M\u010cR senior\u016f v kategorii jednotlivc\u016f za slu\u0161n\u00e9 \u00fa\u010dasti 43 hr\u00e1\u010d\u016f, bohu\u017eel bez \u017een. Hr\u00e1ly se kategorie 45+, 55+, 60+, 65+, 70+, 75+, 80+. Z pardubick\u00fdch hr\u00e1\u010d\u016f jsme mohli vid\u011bt P. Marka &#8211; semifin\u00e1le 45+, V. Wiesnera (v\u00edt\u011bz 55+) a P. Komerse [&hellip;]<\/p>\n","protected":false},"author":2,"featured_media":7345,"comment_status":"open","ping_status":"open","sticky":false,"template":"","format":"standard","meta":{"_monsterinsights_skip_tracking":false,"_monsterinsights_sitenote_active":false,"_monsterinsights_sitenote_note":"","_monsterinsights_sitenote_category":0,"footnotes":""},"categories":[10],"tags":[],"yoast_head":"<!-- This site is optimized with the Yoast SEO plugin v24.5 - https:\/\/yoast.com\/wordpress\/plugins\/seo\/ -->\n<title>M\u010cR senior\u016f - Pardubick\u00e1 seniorka 2024 - LTC Pardubice<\/title>\n<meta name=\"robots\" content=\"index, follow, max-snippet:-1, max-image-preview:large, max-video-preview:-1\" \/>\n<link rel=\"canonical\" href=\"https:\/\/www.ltcpardubice.cz\/?p=7351\" \/>\n<meta property=\"og:locale\" content=\"cs_CZ\" \/>\n<meta property=\"og:type\" content=\"article\" \/>\n<meta property=\"og:title\" content=\"M\u010cR senior\u016f - Pardubick\u00e1 seniorka 2024 - LTC Pardubice\" \/>\n<meta property=\"og:description\" content=\"Ihned po skon\u010den\u00ed Pardubick\u00e9 juniorky se na na\u0161ich dvorc\u00edch konala &#8222;Pardubick\u00e1 seniorka&#8220;, poprv\u00e9 jako M\u010cR senior\u016f v kategorii jednotlivc\u016f za slu\u0161n\u00e9 \u00fa\u010dasti 43 hr\u00e1\u010d\u016f, bohu\u017eel bez \u017een. Hr\u00e1ly se kategorie 45+, 55+, 60+, 65+, 70+, 75+, 80+. Z pardubick\u00fdch hr\u00e1\u010d\u016f jsme mohli vid\u011bt P. Marka &#8211; semifin\u00e1le 45+, V. Wiesnera (v\u00edt\u011bz 55+) a P. Komerse [&hellip;]\" \/>\n<meta property=\"og:url\" content=\"https:\/\/www.ltcpardubice.cz\/?p=7351\" \/>\n<meta property=\"og:site_name\" content=\"LTC Pardubice\" \/>\n<meta property=\"article:published_time\" content=\"2024-07-31T16:19:36+00:00\" \/>\n<meta property=\"article:modified_time\" content=\"2024-07-31T16:19:37+00:00\" \/>\n<meta property=\"og:image\" content=\"https:\/\/www.ltcpardubice.cz\/wp-content\/uploads\/2024\/07\/senten2.jpg\" \/>\n\t<meta property=\"og:image:width\" content=\"178\" \/>\n\t<meta property=\"og:image:height\" content=\"153\" \/>\n\t<meta property=\"og:image:type\" content=\"image\/jpeg\" \/>\n<meta name=\"author\" content=\"Eva Z\u00e1labsk\u00e1\" \/>\n<meta name=\"twitter:card\" content=\"summary_large_image\" \/>\n<meta name=\"twitter:label1\" content=\"Napsal(a)\" \/>\n\t<meta name=\"twitter:data1\" content=\"Eva Z\u00e1labsk\u00e1\" \/>\n\t<meta name=\"twitter:label2\" content=\"Odhadovan\u00e1 doba \u010dten\u00ed\" \/>\n\t<meta name=\"twitter:data2\" content=\"1 minuta\" \/>\n<script type=\"application\/ld+json\" class=\"yoast-schema-graph\">{\"@context\":\"https:\/\/schema.org\",\"@graph\":[{\"@type\":\"WebPage\",\"@id\":\"https:\/\/www.ltcpardubice.cz\/?p=7351\",\"url\":\"https:\/\/www.ltcpardubice.cz\/?p=7351\",\"name\":\"M\u010cR senior\u016f - Pardubick\u00e1 seniorka 2024 - LTC Pardubice\",\"isPartOf\":{\"@id\":\"https:\/\/www.ltcpardubice.cz\/#website\"},\"primaryImageOfPage\":{\"@id\":\"https:\/\/www.ltcpardubice.cz\/?p=7351#primaryimage\"},\"image\":{\"@id\":\"https:\/\/www.ltcpardubice.cz\/?p=7351#primaryimage\"},\"thumbnailUrl\":\"https:\/\/www.ltcpardubice.cz\/wp-content\/uploads\/2024\/07\/senten2.jpg\",\"datePublished\":\"2024-07-31T16:19:36+00:00\",\"dateModified\":\"2024-07-31T16:19:37+00:00\",\"author\":{\"@id\":\"https:\/\/www.ltcpardubice.cz\/#\/schema\/person\/8f5f3a741b9adea57419864489f31541\"},\"breadcrumb\":{\"@id\":\"https:\/\/www.ltcpardubice.cz\/?p=7351#breadcrumb\"},\"inLanguage\":\"cs\",\"potentialAction\":[{\"@type\":\"ReadAction\",\"target\":[\"https:\/\/www.ltcpardubice.cz\/?p=7351\"]}]},{\"@type\":\"ImageObject\",\"inLanguage\":\"cs\",\"@id\":\"https:\/\/www.ltcpardubice.cz\/?p=7351#primaryimage\",\"url\":\"https:\/\/www.ltcpardubice.cz\/wp-content\/uploads\/2024\/07\/senten2.jpg\",\"contentUrl\":\"https:\/\/www.ltcpardubice.cz\/wp-content\/uploads\/2024\/07\/senten2.jpg\",\"width\":178,\"height\":153},{\"@type\":\"BreadcrumbList\",\"@id\":\"https:\/\/www.ltcpardubice.cz\/?p=7351#breadcrumb\",\"itemListElement\":[{\"@type\":\"ListItem\",\"position\":1,\"name\":\"Home\",\"item\":\"https:\/\/www.ltcpardubice.cz\/\"},{\"@type\":\"ListItem\",\"position\":2,\"name\":\"M\u010cR senior\u016f &#8211; Pardubick\u00e1 seniorka 2024\"}]},{\"@type\":\"WebSite\",\"@id\":\"https:\/\/www.ltcpardubice.cz\/#website\",\"url\":\"https:\/\/www.ltcpardubice.cz\/\",\"name\":\"LTC Pardubice\",\"description\":\"Str\u00e1nky tenisov\u00e9ho klubu LTC Pardubice\",\"potentialAction\":[{\"@type\":\"SearchAction\",\"target\":{\"@type\":\"EntryPoint\",\"urlTemplate\":\"https:\/\/www.ltcpardubice.cz\/?s={search_term_string}\"},\"query-input\":{\"@type\":\"PropertyValueSpecification\",\"valueRequired\":true,\"valueName\":\"search_term_string\"}}],\"inLanguage\":\"cs\"},{\"@type\":\"Person\",\"@id\":\"https:\/\/www.ltcpardubice.cz\/#\/schema\/person\/8f5f3a741b9adea57419864489f31541\",\"name\":\"Eva Z\u00e1labsk\u00e1\",\"image\":{\"@type\":\"ImageObject\",\"inLanguage\":\"cs\",\"@id\":\"https:\/\/www.ltcpardubice.cz\/#\/schema\/person\/image\/\",\"url\":\"https:\/\/secure.gravatar.com\/avatar\/fece9555d8859e0080e4a5ae7edcc925?s=96&d=mm&r=g\",\"contentUrl\":\"https:\/\/secure.gravatar.com\/avatar\/fece9555d8859e0080e4a5ae7edcc925?s=96&d=mm&r=g\",\"caption\":\"Eva Z\u00e1labsk\u00e1\"},\"url\":\"https:\/\/www.ltcpardubice.cz\/?author=2\"}]}<\/script>\n<!-- \/ Yoast SEO plugin. -->","yoast_head_json":{"title":"M\u010cR senior\u016f - Pardubick\u00e1 seniorka 2024 - LTC Pardubice","robots":{"index":"index","follow":"follow","max-snippet":"max-snippet:-1","max-image-preview":"max-image-preview:large","max-video-preview":"max-video-preview:-1"},"canonical":"https:\/\/www.ltcpardubice.cz\/?p=7351","og_locale":"cs_CZ","og_type":"article","og_title":"M\u010cR senior\u016f - Pardubick\u00e1 seniorka 2024 - LTC Pardubice","og_description":"Ihned po skon\u010den\u00ed Pardubick\u00e9 juniorky se na na\u0161ich dvorc\u00edch konala &#8222;Pardubick\u00e1 seniorka&#8220;, poprv\u00e9 jako M\u010cR senior\u016f v kategorii jednotlivc\u016f za slu\u0161n\u00e9 \u00fa\u010dasti 43 hr\u00e1\u010d\u016f, bohu\u017eel bez \u017een. Hr\u00e1ly se kategorie 45+, 55+, 60+, 65+, 70+, 75+, 80+. Z pardubick\u00fdch hr\u00e1\u010d\u016f jsme mohli vid\u011bt P. Marka &#8211; semifin\u00e1le 45+, V. Wiesnera (v\u00edt\u011bz 55+) a P. Komerse [&hellip;]","og_url":"https:\/\/www.ltcpardubice.cz\/?p=7351","og_site_name":"LTC Pardubice","article_published_time":"2024-07-31T16:19:36+00:00","article_modified_time":"2024-07-31T16:19:37+00:00","og_image":[{"width":178,"height":153,"url":"https:\/\/www.ltcpardubice.cz\/wp-content\/uploads\/2024\/07\/senten2.jpg","type":"image\/jpeg"}],"author":"Eva Z\u00e1labsk\u00e1","twitter_card":"summary_large_image","twitter_misc":{"Napsal(a)":"Eva Z\u00e1labsk\u00e1","Odhadovan\u00e1 doba \u010dten\u00ed":"1 minuta"},"schema":{"@context":"https:\/\/schema.org","@graph":[{"@type":"WebPage","@id":"https:\/\/www.ltcpardubice.cz\/?p=7351","url":"https:\/\/www.ltcpardubice.cz\/?p=7351","name":"M\u010cR senior\u016f - Pardubick\u00e1 seniorka 2024 - LTC Pardubice","isPartOf":{"@id":"https:\/\/www.ltcpardubice.cz\/#website"},"primaryImageOfPage":{"@id":"https:\/\/www.ltcpardubice.cz\/?p=7351#primaryimage"},"image":{"@id":"https:\/\/www.ltcpardubice.cz\/?p=7351#primaryimage"},"thumbnailUrl":"https:\/\/www.ltcpardubice.cz\/wp-content\/uploads\/2024\/07\/senten2.jpg","datePublished":"2024-07-31T16:19:36+00:00","dateModified":"2024-07-31T16:19:37+00:00","author":{"@id":"https:\/\/www.ltcpardubice.cz\/#\/schema\/person\/8f5f3a741b9adea57419864489f31541"},"breadcrumb":{"@id":"https:\/\/www.ltcpardubice.cz\/?p=7351#breadcrumb"},"inLanguage":"cs","potentialAction":[{"@type":"ReadAction","target":["https:\/\/www.ltcpardubice.cz\/?p=7351"]}]},{"@type":"ImageObject","inLanguage":"cs","@id":"https:\/\/www.ltcpardubice.cz\/?p=7351#primaryimage","url":"https:\/\/www.ltcpardubice.cz\/wp-content\/uploads\/2024\/07\/senten2.jpg","contentUrl":"https:\/\/www.ltcpardubice.cz\/wp-content\/uploads\/2024\/07\/senten2.jpg","width":178,"height":153},{"@type":"BreadcrumbList","@id":"https:\/\/www.ltcpardubice.cz\/?p=7351#breadcrumb","itemListElement":[{"@type":"ListItem","position":1,"name":"Home","item":"https:\/\/www.ltcpardubice.cz\/"},{"@type":"ListItem","position":2,"name":"M\u010cR senior\u016f &#8211; Pardubick\u00e1 seniorka 2024"}]},{"@type":"WebSite","@id":"https:\/\/www.ltcpardubice.cz\/#website","url":"https:\/\/www.ltcpardubice.cz\/","name":"LTC Pardubice","description":"Str\u00e1nky tenisov\u00e9ho klubu LTC Pardubice","potentialAction":[{"@type":"SearchAction","target":{"@type":"EntryPoint","urlTemplate":"https:\/\/www.ltcpardubice.cz\/?s={search_term_string}"},"query-input":{"@type":"PropertyValueSpecification","valueRequired":true,"valueName":"search_term_string"}}],"inLanguage":"cs"},{"@type":"Person","@id":"https:\/\/www.ltcpardubice.cz\/#\/schema\/person\/8f5f3a741b9adea57419864489f31541","name":"Eva Z\u00e1labsk\u00e1","image":{"@type":"ImageObject","inLanguage":"cs","@id":"https:\/\/www.ltcpardubice.cz\/#\/schema\/person\/image\/","url":"https:\/\/secure.gravatar.com\/avatar\/fece9555d8859e0080e4a5ae7edcc925?s=96&d=mm&r=g","contentUrl":"https:\/\/secure.gravatar.com\/avatar\/fece9555d8859e0080e4a5ae7edcc925?s=96&d=mm&r=g","caption":"Eva Z\u00e1labsk\u00e1"},"url":"https:\/\/www.ltcpardubice.cz\/?author=2"}]}},"brizy_media":[],"_links":{"self":[{"href":"https:\/\/www.ltcpardubice.cz\/index.php?rest_route=\/wp\/v2\/posts\/7351"}],"collection":[{"href":"https:\/\/www.ltcpardubice.cz\/index.php?rest_route=\/wp\/v2\/posts"}],"about":[{"href":"https:\/\/www.ltcpardubice.cz\/index.php?rest_route=\/wp\/v2\/types\/post"}],"author":[{"embeddable":true,"href":"https:\/\/www.ltcpardubice.cz\/index.php?rest_route=\/wp\/v2\/users\/2"}],"replies":[{"embeddable":true,"href":"https:\/\/www.ltcpardubice.cz\/index.php?rest_route=%2Fwp%2Fv2%2Fcomments&post=7351"}],"version-history":[{"count":1,"href":"https:\/\/www.ltcpardubice.cz\/index.php?rest_route=\/wp\/v2\/posts\/7351\/revisions"}],"predecessor-version":[{"id":7352,"href":"https:\/\/www.ltcpardubice.cz\/index.php?rest_route=\/wp\/v2\/posts\/7351\/revisions\/7352"}],"wp:featuredmedia":[{"embeddable":true,"href":"https:\/\/www.ltcpardubice.cz\/index.php?rest_route=\/wp\/v2\/media\/7345"}],"wp:attachment":[{"href":"https:\/\/www.ltcpardubice.cz\/index.php?rest_route=%2Fwp%2Fv2%2Fmedia&parent=7351"}],"wp:term":[{"taxonomy":"category","embeddable":true,"href":"https:\/\/www.ltcpardubice.cz\/index.php?rest_route=%2Fwp%2Fv2%2Fcategories&post=7351"},{"taxonomy":"post_tag","embeddable":true,"href":"https:\/\/www.ltcpardubice.cz\/index.php?rest_route=%2Fwp%2Fv2%2Ftags&post=7351"}],"curies":[{"name":"wp","href":"https:\/\/api.w.org\/{rel}","templated":true}]}}