{"id":7427,"date":"2025-01-06T17:47:27","date_gmt":"2025-01-06T17:47:27","guid":{"rendered":"https:\/\/www.ltcpardubice.cz\/?p=7427"},"modified":"2025-01-06T17:50:37","modified_gmt":"2025-01-06T17:50:37","slug":"turnaje-na-prelomu-roku-2024-25","status":"publish","type":"post","link":"https:\/\/www.ltcpardubice.cz\/?p=7427","title":{"rendered":"Turnaje na p\u0159elomu roku 2024\/25"},"content":{"rendered":"\n<p>F. Dym\u00e1k se na turnaji mu\u017e\u016f t\u011bsn\u011b p\u0159ed v\u00e1no\u010dn\u00edmi sv\u00e1tky probojoval do fin\u00e1le dvouhry v Hradci Kr\u00e1lov\u00e9 na DTJ. Na p\u0159elomu roku v dorosteneck\u00e9 kategorii na HIT Hradec Kr\u00e1lov\u00e9 uhr\u00e1l na siln\u011b obsazen\u00e9m turnaji \u010dtvrtfin\u00e1le dvouhry a fin\u00e1le \u010dty\u0159hry. D. \u0160mejc byl na stejn\u00e9m turnaji ve \u010dty\u0159h\u0159e v semifin\u00e1le., ve dvouh\u0159e byl ve \u010dtvrtfin\u00e1le, kde nesta\u010dil na pozd\u011bj\u0161\u00edho v\u00edt\u011bze M. Mar\u0161\u00edka. J. \u0158\u00edhov\u00e1 se prosadila na \u00favod roku v Praze, kdy\u017e se probojovala jako nenasazen\u00e1 do semifin\u00e1le dvouhry. Z dal\u0161\u00edch na\u0161ich hr\u00e1\u010d\u016f, kte\u0159\u00ed obj\u00ed\u017ed\u011bj\u00ed turnaje pravideln\u011b, si lze v\u0161imnout A. Sv\u011bd\u00edkov\u00e9, D. Vaverky, bratr\u016f Novotn\u00fdch, E. N\u011bmcov\u00e9, K. Kopeck\u00e9, D. Kova\u010de. V\u00fdsledky v\u0161ech na\u0161ich hr\u00e1\u010d\u016f lze nal\u00e9zt na www.cztenis.cz.<\/p>\n","protected":false},"excerpt":{"rendered":"<p>F. Dym\u00e1k se na turnaji mu\u017e\u016f t\u011bsn\u011b p\u0159ed v\u00e1no\u010dn\u00edmi sv\u00e1tky probojoval do fin\u00e1le dvouhry v Hradci Kr\u00e1lov\u00e9 na DTJ. Na p\u0159elomu roku v dorosteneck\u00e9 kategorii na HIT Hradec Kr\u00e1lov\u00e9 uhr\u00e1l na siln\u011b obsazen\u00e9m turnaji \u010dtvrtfin\u00e1le dvouhry a fin\u00e1le \u010dty\u0159hry. D. \u0160mejc byl na stejn\u00e9m turnaji ve \u010dty\u0159h\u0159e v semifin\u00e1le., ve dvouh\u0159e byl ve \u010dtvrtfin\u00e1le, kde [&hellip;]<\/p>\n","protected":false},"author":2,"featured_media":7193,"comment_status":"open","ping_status":"open","sticky":false,"template":"","format":"standard","meta":{"_monsterinsights_skip_tracking":false,"_monsterinsights_sitenote_active":false,"_monsterinsights_sitenote_note":"","_monsterinsights_sitenote_category":0,"footnotes":""},"categories":[10],"tags":[],"yoast_head":"<!-- This site is optimized with the Yoast SEO plugin v24.5 - https:\/\/yoast.com\/wordpress\/plugins\/seo\/ -->\n<title>Turnaje na p\u0159elomu roku 2024\/25 - LTC Pardubice<\/title>\n<meta name=\"robots\" content=\"index, follow, max-snippet:-1, max-image-preview:large, max-video-preview:-1\" \/>\n<link rel=\"canonical\" href=\"https:\/\/www.ltcpardubice.cz\/?p=7427\" \/>\n<meta property=\"og:locale\" content=\"cs_CZ\" \/>\n<meta property=\"og:type\" content=\"article\" \/>\n<meta property=\"og:title\" content=\"Turnaje na p\u0159elomu roku 2024\/25 - LTC Pardubice\" \/>\n<meta property=\"og:description\" content=\"F. Dym\u00e1k se na turnaji mu\u017e\u016f t\u011bsn\u011b p\u0159ed v\u00e1no\u010dn\u00edmi sv\u00e1tky probojoval do fin\u00e1le dvouhry v Hradci Kr\u00e1lov\u00e9 na DTJ. Na p\u0159elomu roku v dorosteneck\u00e9 kategorii na HIT Hradec Kr\u00e1lov\u00e9 uhr\u00e1l na siln\u011b obsazen\u00e9m turnaji \u010dtvrtfin\u00e1le dvouhry a fin\u00e1le \u010dty\u0159hry. D. \u0160mejc byl na stejn\u00e9m turnaji ve \u010dty\u0159h\u0159e v semifin\u00e1le., ve dvouh\u0159e byl ve \u010dtvrtfin\u00e1le, kde [&hellip;]\" \/>\n<meta property=\"og:url\" content=\"https:\/\/www.ltcpardubice.cz\/?p=7427\" \/>\n<meta property=\"og:site_name\" content=\"LTC Pardubice\" \/>\n<meta property=\"article:published_time\" content=\"2025-01-06T17:47:27+00:00\" \/>\n<meta property=\"article:modified_time\" content=\"2025-01-06T17:50:37+00:00\" \/>\n<meta property=\"og:image\" content=\"https:\/\/www.ltcpardubice.cz\/wp-content\/uploads\/2023\/10\/ltcpce.jpg\" \/>\n\t<meta property=\"og:image:width\" content=\"173\" \/>\n\t<meta property=\"og:image:height\" content=\"130\" \/>\n\t<meta property=\"og:image:type\" content=\"image\/jpeg\" \/>\n<meta name=\"author\" content=\"Eva Z\u00e1labsk\u00e1\" \/>\n<meta name=\"twitter:card\" content=\"summary_large_image\" \/>\n<meta name=\"twitter:label1\" content=\"Napsal(a)\" \/>\n\t<meta name=\"twitter:data1\" content=\"Eva Z\u00e1labsk\u00e1\" \/>\n\t<meta name=\"twitter:label2\" content=\"Odhadovan\u00e1 doba \u010dten\u00ed\" \/>\n\t<meta name=\"twitter:data2\" content=\"1 minuta\" \/>\n<script type=\"application\/ld+json\" class=\"yoast-schema-graph\">{\"@context\":\"https:\/\/schema.org\",\"@graph\":[{\"@type\":\"WebPage\",\"@id\":\"https:\/\/www.ltcpardubice.cz\/?p=7427\",\"url\":\"https:\/\/www.ltcpardubice.cz\/?p=7427\",\"name\":\"Turnaje na p\u0159elomu roku 2024\/25 - LTC Pardubice\",\"isPartOf\":{\"@id\":\"https:\/\/www.ltcpardubice.cz\/#website\"},\"primaryImageOfPage\":{\"@id\":\"https:\/\/www.ltcpardubice.cz\/?p=7427#primaryimage\"},\"image\":{\"@id\":\"https:\/\/www.ltcpardubice.cz\/?p=7427#primaryimage\"},\"thumbnailUrl\":\"https:\/\/www.ltcpardubice.cz\/wp-content\/uploads\/2023\/10\/ltcpce.jpg\",\"datePublished\":\"2025-01-06T17:47:27+00:00\",\"dateModified\":\"2025-01-06T17:50:37+00:00\",\"author\":{\"@id\":\"https:\/\/www.ltcpardubice.cz\/#\/schema\/person\/8f5f3a741b9adea57419864489f31541\"},\"breadcrumb\":{\"@id\":\"https:\/\/www.ltcpardubice.cz\/?p=7427#breadcrumb\"},\"inLanguage\":\"cs\",\"potentialAction\":[{\"@type\":\"ReadAction\",\"target\":[\"https:\/\/www.ltcpardubice.cz\/?p=7427\"]}]},{\"@type\":\"ImageObject\",\"inLanguage\":\"cs\",\"@id\":\"https:\/\/www.ltcpardubice.cz\/?p=7427#primaryimage\",\"url\":\"https:\/\/www.ltcpardubice.cz\/wp-content\/uploads\/2023\/10\/ltcpce.jpg\",\"contentUrl\":\"https:\/\/www.ltcpardubice.cz\/wp-content\/uploads\/2023\/10\/ltcpce.jpg\",\"width\":173,\"height\":130},{\"@type\":\"BreadcrumbList\",\"@id\":\"https:\/\/www.ltcpardubice.cz\/?p=7427#breadcrumb\",\"itemListElement\":[{\"@type\":\"ListItem\",\"position\":1,\"name\":\"Home\",\"item\":\"https:\/\/www.ltcpardubice.cz\/\"},{\"@type\":\"ListItem\",\"position\":2,\"name\":\"Turnaje na p\u0159elomu roku 2024\/25\"}]},{\"@type\":\"WebSite\",\"@id\":\"https:\/\/www.ltcpardubice.cz\/#website\",\"url\":\"https:\/\/www.ltcpardubice.cz\/\",\"name\":\"LTC Pardubice\",\"description\":\"Str\u00e1nky tenisov\u00e9ho klubu LTC Pardubice\",\"potentialAction\":[{\"@type\":\"SearchAction\",\"target\":{\"@type\":\"EntryPoint\",\"urlTemplate\":\"https:\/\/www.ltcpardubice.cz\/?s={search_term_string}\"},\"query-input\":{\"@type\":\"PropertyValueSpecification\",\"valueRequired\":true,\"valueName\":\"search_term_string\"}}],\"inLanguage\":\"cs\"},{\"@type\":\"Person\",\"@id\":\"https:\/\/www.ltcpardubice.cz\/#\/schema\/person\/8f5f3a741b9adea57419864489f31541\",\"name\":\"Eva Z\u00e1labsk\u00e1\",\"image\":{\"@type\":\"ImageObject\",\"inLanguage\":\"cs\",\"@id\":\"https:\/\/www.ltcpardubice.cz\/#\/schema\/person\/image\/\",\"url\":\"https:\/\/secure.gravatar.com\/avatar\/fece9555d8859e0080e4a5ae7edcc925?s=96&d=mm&r=g\",\"contentUrl\":\"https:\/\/secure.gravatar.com\/avatar\/fece9555d8859e0080e4a5ae7edcc925?s=96&d=mm&r=g\",\"caption\":\"Eva Z\u00e1labsk\u00e1\"},\"url\":\"https:\/\/www.ltcpardubice.cz\/?author=2\"}]}<\/script>\n<!-- \/ Yoast SEO plugin. -->","yoast_head_json":{"title":"Turnaje na p\u0159elomu roku 2024\/25 - LTC Pardubice","robots":{"index":"index","follow":"follow","max-snippet":"max-snippet:-1","max-image-preview":"max-image-preview:large","max-video-preview":"max-video-preview:-1"},"canonical":"https:\/\/www.ltcpardubice.cz\/?p=7427","og_locale":"cs_CZ","og_type":"article","og_title":"Turnaje na p\u0159elomu roku 2024\/25 - LTC Pardubice","og_description":"F. Dym\u00e1k se na turnaji mu\u017e\u016f t\u011bsn\u011b p\u0159ed v\u00e1no\u010dn\u00edmi sv\u00e1tky probojoval do fin\u00e1le dvouhry v Hradci Kr\u00e1lov\u00e9 na DTJ. Na p\u0159elomu roku v dorosteneck\u00e9 kategorii na HIT Hradec Kr\u00e1lov\u00e9 uhr\u00e1l na siln\u011b obsazen\u00e9m turnaji \u010dtvrtfin\u00e1le dvouhry a fin\u00e1le \u010dty\u0159hry. D. \u0160mejc byl na stejn\u00e9m turnaji ve \u010dty\u0159h\u0159e v semifin\u00e1le., ve dvouh\u0159e byl ve \u010dtvrtfin\u00e1le, kde [&hellip;]","og_url":"https:\/\/www.ltcpardubice.cz\/?p=7427","og_site_name":"LTC Pardubice","article_published_time":"2025-01-06T17:47:27+00:00","article_modified_time":"2025-01-06T17:50:37+00:00","og_image":[{"width":173,"height":130,"url":"https:\/\/www.ltcpardubice.cz\/wp-content\/uploads\/2023\/10\/ltcpce.jpg","type":"image\/jpeg"}],"author":"Eva Z\u00e1labsk\u00e1","twitter_card":"summary_large_image","twitter_misc":{"Napsal(a)":"Eva Z\u00e1labsk\u00e1","Odhadovan\u00e1 doba \u010dten\u00ed":"1 minuta"},"schema":{"@context":"https:\/\/schema.org","@graph":[{"@type":"WebPage","@id":"https:\/\/www.ltcpardubice.cz\/?p=7427","url":"https:\/\/www.ltcpardubice.cz\/?p=7427","name":"Turnaje na p\u0159elomu roku 2024\/25 - LTC Pardubice","isPartOf":{"@id":"https:\/\/www.ltcpardubice.cz\/#website"},"primaryImageOfPage":{"@id":"https:\/\/www.ltcpardubice.cz\/?p=7427#primaryimage"},"image":{"@id":"https:\/\/www.ltcpardubice.cz\/?p=7427#primaryimage"},"thumbnailUrl":"https:\/\/www.ltcpardubice.cz\/wp-content\/uploads\/2023\/10\/ltcpce.jpg","datePublished":"2025-01-06T17:47:27+00:00","dateModified":"2025-01-06T17:50:37+00:00","author":{"@id":"https:\/\/www.ltcpardubice.cz\/#\/schema\/person\/8f5f3a741b9adea57419864489f31541"},"breadcrumb":{"@id":"https:\/\/www.ltcpardubice.cz\/?p=7427#breadcrumb"},"inLanguage":"cs","potentialAction":[{"@type":"ReadAction","target":["https:\/\/www.ltcpardubice.cz\/?p=7427"]}]},{"@type":"ImageObject","inLanguage":"cs","@id":"https:\/\/www.ltcpardubice.cz\/?p=7427#primaryimage","url":"https:\/\/www.ltcpardubice.cz\/wp-content\/uploads\/2023\/10\/ltcpce.jpg","contentUrl":"https:\/\/www.ltcpardubice.cz\/wp-content\/uploads\/2023\/10\/ltcpce.jpg","width":173,"height":130},{"@type":"BreadcrumbList","@id":"https:\/\/www.ltcpardubice.cz\/?p=7427#breadcrumb","itemListElement":[{"@type":"ListItem","position":1,"name":"Home","item":"https:\/\/www.ltcpardubice.cz\/"},{"@type":"ListItem","position":2,"name":"Turnaje na p\u0159elomu roku 2024\/25"}]},{"@type":"WebSite","@id":"https:\/\/www.ltcpardubice.cz\/#website","url":"https:\/\/www.ltcpardubice.cz\/","name":"LTC Pardubice","description":"Str\u00e1nky tenisov\u00e9ho klubu LTC Pardubice","potentialAction":[{"@type":"SearchAction","target":{"@type":"EntryPoint","urlTemplate":"https:\/\/www.ltcpardubice.cz\/?s={search_term_string}"},"query-input":{"@type":"PropertyValueSpecification","valueRequired":true,"valueName":"search_term_string"}}],"inLanguage":"cs"},{"@type":"Person","@id":"https:\/\/www.ltcpardubice.cz\/#\/schema\/person\/8f5f3a741b9adea57419864489f31541","name":"Eva Z\u00e1labsk\u00e1","image":{"@type":"ImageObject","inLanguage":"cs","@id":"https:\/\/www.ltcpardubice.cz\/#\/schema\/person\/image\/","url":"https:\/\/secure.gravatar.com\/avatar\/fece9555d8859e0080e4a5ae7edcc925?s=96&d=mm&r=g","contentUrl":"https:\/\/secure.gravatar.com\/avatar\/fece9555d8859e0080e4a5ae7edcc925?s=96&d=mm&r=g","caption":"Eva Z\u00e1labsk\u00e1"},"url":"https:\/\/www.ltcpardubice.cz\/?author=2"}]}},"brizy_media":[],"_links":{"self":[{"href":"https:\/\/www.ltcpardubice.cz\/index.php?rest_route=\/wp\/v2\/posts\/7427"}],"collection":[{"href":"https:\/\/www.ltcpardubice.cz\/index.php?rest_route=\/wp\/v2\/posts"}],"about":[{"href":"https:\/\/www.ltcpardubice.cz\/index.php?rest_route=\/wp\/v2\/types\/post"}],"author":[{"embeddable":true,"href":"https:\/\/www.ltcpardubice.cz\/index.php?rest_route=\/wp\/v2\/users\/2"}],"replies":[{"embeddable":true,"href":"https:\/\/www.ltcpardubice.cz\/index.php?rest_route=%2Fwp%2Fv2%2Fcomments&post=7427"}],"version-history":[{"count":1,"href":"https:\/\/www.ltcpardubice.cz\/index.php?rest_route=\/wp\/v2\/posts\/7427\/revisions"}],"predecessor-version":[{"id":7428,"href":"https:\/\/www.ltcpardubice.cz\/index.php?rest_route=\/wp\/v2\/posts\/7427\/revisions\/7428"}],"wp:featuredmedia":[{"embeddable":true,"href":"https:\/\/www.ltcpardubice.cz\/index.php?rest_route=\/wp\/v2\/media\/7193"}],"wp:attachment":[{"href":"https:\/\/www.ltcpardubice.cz\/index.php?rest_route=%2Fwp%2Fv2%2Fmedia&parent=7427"}],"wp:term":[{"taxonomy":"category","embeddable":true,"href":"https:\/\/www.ltcpardubice.cz\/index.php?rest_route=%2Fwp%2Fv2%2Fcategories&post=7427"},{"taxonomy":"post_tag","embeddable":true,"href":"https:\/\/www.ltcpardubice.cz\/index.php?rest_route=%2Fwp%2Fv2%2Ftags&post=7427"}],"curies":[{"name":"wp","href":"https:\/\/api.w.org\/{rel}","templated":true}]}}