{"id":7430,"date":"2025-01-06T17:56:01","date_gmt":"2025-01-06T17:56:01","guid":{"rendered":"https:\/\/www.ltcpardubice.cz\/?p=7430"},"modified":"2025-01-06T17:56:38","modified_gmt":"2025-01-06T17:56:38","slug":"novinky-v-klasifikacnim-radu-s-ucinnosti-od-zimni-sezony-2024-2025","status":"publish","type":"post","link":"https:\/\/www.ltcpardubice.cz\/?p=7430","title":{"rendered":"Novinky v Klasifika\u010dn\u00edm \u0159\u00e1du s \u00fa\u010dinnost\u00ed od zimn\u00ed sez\u00f3ny 2024\/2025"},"content":{"rendered":"\n<p>\u010cesk\u00fd tenisov\u00fd svaz (\u010cTS) p\u0159in\u00e1\u0161\u00ed d\u016fle\u017eit\u00e9 zm\u011bny v Klasifika\u010dn\u00edm \u0159\u00e1du, kter\u00e9 byly schv\u00e1leny v\u00fdkonn\u00fdm v\u00fdborem dne 4. 12. 2024 na z\u00e1klad\u011b n\u00e1vrhu Sportovn\u011b-technick\u00e9 komise. S\u00a0\u00fa\u010dinnost\u00ed od zah\u00e1jen\u00ed zimn\u00ed term\u00ednov\u00e9 listiny 2024\/2025 do\u0161lo ke zm\u011bn\u011b Klasifika\u010dn\u00edho \u0159\u00e1du \u010cTS. Nov\u011b z\u00edsk\u00e1v\u00e1 hr\u00e1\u010d nebo hr\u00e1\u010dka jeden bod za por\u00e1\u017eku v\u00a0prvn\u00edm z\u00e1pase v\u00a0sout\u011b\u017ei jednotlivc\u016f, za p\u0159edpokladu, \u017ee utk\u00e1n\u00ed odehraje, tedy nedojde ke skre\u010di p\u0159ed zah\u00e1jen\u00edm utk\u00e1n\u00ed. Dal\u0161\u00ed zm\u011bnou je za\u0159azen\u00ed na \u017eeb\u0159\u00ed\u010dek ka\u017ed\u00e9ho hr\u00e1\u010de, stejn\u011b tak hr\u00e1\u010dky, kte\u0159\u00ed z\u00edskaj\u00ed v\u00a0sout\u011b\u017e\u00edch dru\u017estev nebo jednotlivc\u016f, alespo\u0148 jeden bod. U turnaj\u016f t\u0159\u00eddy C, okresn\u00edch p\u0159ebor\u016f a halov\u00fdch oblastn\u00edch p\u0159ebor\u016f desetilet\u00fdch, je nov\u011b pevn\u00e1 kategorie 3, mo\u017enost pov\u00fd\u0161en\u00ed kategorie dle sou\u010dtu BH osmi nejlep\u0161\u00edch hr\u00e1\u010d\u016f maxim\u00e1ln\u011b do kategorie 7 st\u00e1le plat\u00ed. Nov\u011b jsou pevn\u011b stanoveny bonusov\u00e9 skupiny. V\u00edce v\u00a0<a href=\"https:\/\/cztenis.cz\/docs\/2025-klasifikacni-rad.pdf\">klasifika\u010dn\u00edm \u0159\u00e1du \u010cTS<\/a>..<\/p>\n","protected":false},"excerpt":{"rendered":"<p>\u010cesk\u00fd tenisov\u00fd svaz (\u010cTS) p\u0159in\u00e1\u0161\u00ed d\u016fle\u017eit\u00e9 zm\u011bny v Klasifika\u010dn\u00edm \u0159\u00e1du, kter\u00e9 byly schv\u00e1leny v\u00fdkonn\u00fdm v\u00fdborem dne 4. 12. 2024 na z\u00e1klad\u011b n\u00e1vrhu Sportovn\u011b-technick\u00e9 komise. S\u00a0\u00fa\u010dinnost\u00ed od zah\u00e1jen\u00ed zimn\u00ed term\u00ednov\u00e9 listiny 2024\/2025 do\u0161lo ke zm\u011bn\u011b Klasifika\u010dn\u00edho \u0159\u00e1du \u010cTS. Nov\u011b z\u00edsk\u00e1v\u00e1 hr\u00e1\u010d nebo hr\u00e1\u010dka jeden bod za por\u00e1\u017eku v\u00a0prvn\u00edm z\u00e1pase v\u00a0sout\u011b\u017ei jednotlivc\u016f, za p\u0159edpokladu, \u017ee utk\u00e1n\u00ed odehraje, [&hellip;]<\/p>\n","protected":false},"author":2,"featured_media":6479,"comment_status":"open","ping_status":"open","sticky":false,"template":"","format":"standard","meta":{"_monsterinsights_skip_tracking":false,"_monsterinsights_sitenote_active":false,"_monsterinsights_sitenote_note":"","_monsterinsights_sitenote_category":0,"footnotes":""},"categories":[10],"tags":[],"yoast_head":"<!-- This site is optimized with the Yoast SEO plugin v24.5 - https:\/\/yoast.com\/wordpress\/plugins\/seo\/ -->\n<title>Novinky v Klasifika\u010dn\u00edm \u0159\u00e1du s \u00fa\u010dinnost\u00ed od zimn\u00ed sez\u00f3ny 2024\/2025 - LTC Pardubice<\/title>\n<meta name=\"robots\" content=\"index, follow, max-snippet:-1, max-image-preview:large, max-video-preview:-1\" \/>\n<link rel=\"canonical\" href=\"https:\/\/www.ltcpardubice.cz\/?p=7430\" \/>\n<meta property=\"og:locale\" content=\"cs_CZ\" \/>\n<meta property=\"og:type\" content=\"article\" \/>\n<meta property=\"og:title\" content=\"Novinky v Klasifika\u010dn\u00edm \u0159\u00e1du s \u00fa\u010dinnost\u00ed od zimn\u00ed sez\u00f3ny 2024\/2025 - LTC Pardubice\" \/>\n<meta property=\"og:description\" content=\"\u010cesk\u00fd tenisov\u00fd svaz (\u010cTS) p\u0159in\u00e1\u0161\u00ed d\u016fle\u017eit\u00e9 zm\u011bny v Klasifika\u010dn\u00edm \u0159\u00e1du, kter\u00e9 byly schv\u00e1leny v\u00fdkonn\u00fdm v\u00fdborem dne 4. 12. 2024 na z\u00e1klad\u011b n\u00e1vrhu Sportovn\u011b-technick\u00e9 komise. S\u00a0\u00fa\u010dinnost\u00ed od zah\u00e1jen\u00ed zimn\u00ed term\u00ednov\u00e9 listiny 2024\/2025 do\u0161lo ke zm\u011bn\u011b Klasifika\u010dn\u00edho \u0159\u00e1du \u010cTS. Nov\u011b z\u00edsk\u00e1v\u00e1 hr\u00e1\u010d nebo hr\u00e1\u010dka jeden bod za por\u00e1\u017eku v\u00a0prvn\u00edm z\u00e1pase v\u00a0sout\u011b\u017ei jednotlivc\u016f, za p\u0159edpokladu, \u017ee utk\u00e1n\u00ed odehraje, [&hellip;]\" \/>\n<meta property=\"og:url\" content=\"https:\/\/www.ltcpardubice.cz\/?p=7430\" \/>\n<meta property=\"og:site_name\" content=\"LTC Pardubice\" \/>\n<meta property=\"article:published_time\" content=\"2025-01-06T17:56:01+00:00\" \/>\n<meta property=\"article:modified_time\" content=\"2025-01-06T17:56:38+00:00\" \/>\n<meta property=\"og:image\" content=\"https:\/\/www.ltcpardubice.cz\/wp-content\/uploads\/2021\/03\/logo-CTS2.jpg\" \/>\n\t<meta property=\"og:image:width\" content=\"512\" \/>\n\t<meta property=\"og:image:height\" content=\"349\" \/>\n\t<meta property=\"og:image:type\" content=\"image\/jpeg\" \/>\n<meta name=\"author\" content=\"Eva Z\u00e1labsk\u00e1\" \/>\n<meta name=\"twitter:card\" content=\"summary_large_image\" \/>\n<meta name=\"twitter:label1\" content=\"Napsal(a)\" \/>\n\t<meta name=\"twitter:data1\" content=\"Eva Z\u00e1labsk\u00e1\" \/>\n\t<meta name=\"twitter:label2\" content=\"Odhadovan\u00e1 doba \u010dten\u00ed\" \/>\n\t<meta name=\"twitter:data2\" content=\"1 minuta\" \/>\n<script type=\"application\/ld+json\" class=\"yoast-schema-graph\">{\"@context\":\"https:\/\/schema.org\",\"@graph\":[{\"@type\":\"WebPage\",\"@id\":\"https:\/\/www.ltcpardubice.cz\/?p=7430\",\"url\":\"https:\/\/www.ltcpardubice.cz\/?p=7430\",\"name\":\"Novinky v Klasifika\u010dn\u00edm \u0159\u00e1du s \u00fa\u010dinnost\u00ed od zimn\u00ed sez\u00f3ny 2024\/2025 - LTC Pardubice\",\"isPartOf\":{\"@id\":\"https:\/\/www.ltcpardubice.cz\/#website\"},\"primaryImageOfPage\":{\"@id\":\"https:\/\/www.ltcpardubice.cz\/?p=7430#primaryimage\"},\"image\":{\"@id\":\"https:\/\/www.ltcpardubice.cz\/?p=7430#primaryimage\"},\"thumbnailUrl\":\"https:\/\/www.ltcpardubice.cz\/wp-content\/uploads\/2021\/03\/logo-CTS2.jpg\",\"datePublished\":\"2025-01-06T17:56:01+00:00\",\"dateModified\":\"2025-01-06T17:56:38+00:00\",\"author\":{\"@id\":\"https:\/\/www.ltcpardubice.cz\/#\/schema\/person\/8f5f3a741b9adea57419864489f31541\"},\"breadcrumb\":{\"@id\":\"https:\/\/www.ltcpardubice.cz\/?p=7430#breadcrumb\"},\"inLanguage\":\"cs\",\"potentialAction\":[{\"@type\":\"ReadAction\",\"target\":[\"https:\/\/www.ltcpardubice.cz\/?p=7430\"]}]},{\"@type\":\"ImageObject\",\"inLanguage\":\"cs\",\"@id\":\"https:\/\/www.ltcpardubice.cz\/?p=7430#primaryimage\",\"url\":\"https:\/\/www.ltcpardubice.cz\/wp-content\/uploads\/2021\/03\/logo-CTS2.jpg\",\"contentUrl\":\"https:\/\/www.ltcpardubice.cz\/wp-content\/uploads\/2021\/03\/logo-CTS2.jpg\",\"width\":512,\"height\":349},{\"@type\":\"BreadcrumbList\",\"@id\":\"https:\/\/www.ltcpardubice.cz\/?p=7430#breadcrumb\",\"itemListElement\":[{\"@type\":\"ListItem\",\"position\":1,\"name\":\"Home\",\"item\":\"https:\/\/www.ltcpardubice.cz\/\"},{\"@type\":\"ListItem\",\"position\":2,\"name\":\"Novinky v Klasifika\u010dn\u00edm \u0159\u00e1du s \u00fa\u010dinnost\u00ed od zimn\u00ed sez\u00f3ny 2024\/2025\"}]},{\"@type\":\"WebSite\",\"@id\":\"https:\/\/www.ltcpardubice.cz\/#website\",\"url\":\"https:\/\/www.ltcpardubice.cz\/\",\"name\":\"LTC Pardubice\",\"description\":\"Str\u00e1nky tenisov\u00e9ho klubu LTC Pardubice\",\"potentialAction\":[{\"@type\":\"SearchAction\",\"target\":{\"@type\":\"EntryPoint\",\"urlTemplate\":\"https:\/\/www.ltcpardubice.cz\/?s={search_term_string}\"},\"query-input\":{\"@type\":\"PropertyValueSpecification\",\"valueRequired\":true,\"valueName\":\"search_term_string\"}}],\"inLanguage\":\"cs\"},{\"@type\":\"Person\",\"@id\":\"https:\/\/www.ltcpardubice.cz\/#\/schema\/person\/8f5f3a741b9adea57419864489f31541\",\"name\":\"Eva Z\u00e1labsk\u00e1\",\"image\":{\"@type\":\"ImageObject\",\"inLanguage\":\"cs\",\"@id\":\"https:\/\/www.ltcpardubice.cz\/#\/schema\/person\/image\/\",\"url\":\"https:\/\/secure.gravatar.com\/avatar\/fece9555d8859e0080e4a5ae7edcc925?s=96&d=mm&r=g\",\"contentUrl\":\"https:\/\/secure.gravatar.com\/avatar\/fece9555d8859e0080e4a5ae7edcc925?s=96&d=mm&r=g\",\"caption\":\"Eva Z\u00e1labsk\u00e1\"},\"url\":\"https:\/\/www.ltcpardubice.cz\/?author=2\"}]}<\/script>\n<!-- \/ Yoast SEO plugin. -->","yoast_head_json":{"title":"Novinky v Klasifika\u010dn\u00edm \u0159\u00e1du s \u00fa\u010dinnost\u00ed od zimn\u00ed sez\u00f3ny 2024\/2025 - LTC Pardubice","robots":{"index":"index","follow":"follow","max-snippet":"max-snippet:-1","max-image-preview":"max-image-preview:large","max-video-preview":"max-video-preview:-1"},"canonical":"https:\/\/www.ltcpardubice.cz\/?p=7430","og_locale":"cs_CZ","og_type":"article","og_title":"Novinky v Klasifika\u010dn\u00edm \u0159\u00e1du s \u00fa\u010dinnost\u00ed od zimn\u00ed sez\u00f3ny 2024\/2025 - LTC Pardubice","og_description":"\u010cesk\u00fd tenisov\u00fd svaz (\u010cTS) p\u0159in\u00e1\u0161\u00ed d\u016fle\u017eit\u00e9 zm\u011bny v Klasifika\u010dn\u00edm \u0159\u00e1du, kter\u00e9 byly schv\u00e1leny v\u00fdkonn\u00fdm v\u00fdborem dne 4. 12. 2024 na z\u00e1klad\u011b n\u00e1vrhu Sportovn\u011b-technick\u00e9 komise. S\u00a0\u00fa\u010dinnost\u00ed od zah\u00e1jen\u00ed zimn\u00ed term\u00ednov\u00e9 listiny 2024\/2025 do\u0161lo ke zm\u011bn\u011b Klasifika\u010dn\u00edho \u0159\u00e1du \u010cTS. Nov\u011b z\u00edsk\u00e1v\u00e1 hr\u00e1\u010d nebo hr\u00e1\u010dka jeden bod za por\u00e1\u017eku v\u00a0prvn\u00edm z\u00e1pase v\u00a0sout\u011b\u017ei jednotlivc\u016f, za p\u0159edpokladu, \u017ee utk\u00e1n\u00ed odehraje, [&hellip;]","og_url":"https:\/\/www.ltcpardubice.cz\/?p=7430","og_site_name":"LTC Pardubice","article_published_time":"2025-01-06T17:56:01+00:00","article_modified_time":"2025-01-06T17:56:38+00:00","og_image":[{"width":512,"height":349,"url":"https:\/\/www.ltcpardubice.cz\/wp-content\/uploads\/2021\/03\/logo-CTS2.jpg","type":"image\/jpeg"}],"author":"Eva Z\u00e1labsk\u00e1","twitter_card":"summary_large_image","twitter_misc":{"Napsal(a)":"Eva Z\u00e1labsk\u00e1","Odhadovan\u00e1 doba \u010dten\u00ed":"1 minuta"},"schema":{"@context":"https:\/\/schema.org","@graph":[{"@type":"WebPage","@id":"https:\/\/www.ltcpardubice.cz\/?p=7430","url":"https:\/\/www.ltcpardubice.cz\/?p=7430","name":"Novinky v Klasifika\u010dn\u00edm \u0159\u00e1du s \u00fa\u010dinnost\u00ed od zimn\u00ed sez\u00f3ny 2024\/2025 - LTC Pardubice","isPartOf":{"@id":"https:\/\/www.ltcpardubice.cz\/#website"},"primaryImageOfPage":{"@id":"https:\/\/www.ltcpardubice.cz\/?p=7430#primaryimage"},"image":{"@id":"https:\/\/www.ltcpardubice.cz\/?p=7430#primaryimage"},"thumbnailUrl":"https:\/\/www.ltcpardubice.cz\/wp-content\/uploads\/2021\/03\/logo-CTS2.jpg","datePublished":"2025-01-06T17:56:01+00:00","dateModified":"2025-01-06T17:56:38+00:00","author":{"@id":"https:\/\/www.ltcpardubice.cz\/#\/schema\/person\/8f5f3a741b9adea57419864489f31541"},"breadcrumb":{"@id":"https:\/\/www.ltcpardubice.cz\/?p=7430#breadcrumb"},"inLanguage":"cs","potentialAction":[{"@type":"ReadAction","target":["https:\/\/www.ltcpardubice.cz\/?p=7430"]}]},{"@type":"ImageObject","inLanguage":"cs","@id":"https:\/\/www.ltcpardubice.cz\/?p=7430#primaryimage","url":"https:\/\/www.ltcpardubice.cz\/wp-content\/uploads\/2021\/03\/logo-CTS2.jpg","contentUrl":"https:\/\/www.ltcpardubice.cz\/wp-content\/uploads\/2021\/03\/logo-CTS2.jpg","width":512,"height":349},{"@type":"BreadcrumbList","@id":"https:\/\/www.ltcpardubice.cz\/?p=7430#breadcrumb","itemListElement":[{"@type":"ListItem","position":1,"name":"Home","item":"https:\/\/www.ltcpardubice.cz\/"},{"@type":"ListItem","position":2,"name":"Novinky v Klasifika\u010dn\u00edm \u0159\u00e1du s \u00fa\u010dinnost\u00ed od zimn\u00ed sez\u00f3ny 2024\/2025"}]},{"@type":"WebSite","@id":"https:\/\/www.ltcpardubice.cz\/#website","url":"https:\/\/www.ltcpardubice.cz\/","name":"LTC Pardubice","description":"Str\u00e1nky tenisov\u00e9ho klubu LTC Pardubice","potentialAction":[{"@type":"SearchAction","target":{"@type":"EntryPoint","urlTemplate":"https:\/\/www.ltcpardubice.cz\/?s={search_term_string}"},"query-input":{"@type":"PropertyValueSpecification","valueRequired":true,"valueName":"search_term_string"}}],"inLanguage":"cs"},{"@type":"Person","@id":"https:\/\/www.ltcpardubice.cz\/#\/schema\/person\/8f5f3a741b9adea57419864489f31541","name":"Eva Z\u00e1labsk\u00e1","image":{"@type":"ImageObject","inLanguage":"cs","@id":"https:\/\/www.ltcpardubice.cz\/#\/schema\/person\/image\/","url":"https:\/\/secure.gravatar.com\/avatar\/fece9555d8859e0080e4a5ae7edcc925?s=96&d=mm&r=g","contentUrl":"https:\/\/secure.gravatar.com\/avatar\/fece9555d8859e0080e4a5ae7edcc925?s=96&d=mm&r=g","caption":"Eva Z\u00e1labsk\u00e1"},"url":"https:\/\/www.ltcpardubice.cz\/?author=2"}]}},"brizy_media":[],"_links":{"self":[{"href":"https:\/\/www.ltcpardubice.cz\/index.php?rest_route=\/wp\/v2\/posts\/7430"}],"collection":[{"href":"https:\/\/www.ltcpardubice.cz\/index.php?rest_route=\/wp\/v2\/posts"}],"about":[{"href":"https:\/\/www.ltcpardubice.cz\/index.php?rest_route=\/wp\/v2\/types\/post"}],"author":[{"embeddable":true,"href":"https:\/\/www.ltcpardubice.cz\/index.php?rest_route=\/wp\/v2\/users\/2"}],"replies":[{"embeddable":true,"href":"https:\/\/www.ltcpardubice.cz\/index.php?rest_route=%2Fwp%2Fv2%2Fcomments&post=7430"}],"version-history":[{"count":1,"href":"https:\/\/www.ltcpardubice.cz\/index.php?rest_route=\/wp\/v2\/posts\/7430\/revisions"}],"predecessor-version":[{"id":7431,"href":"https:\/\/www.ltcpardubice.cz\/index.php?rest_route=\/wp\/v2\/posts\/7430\/revisions\/7431"}],"wp:featuredmedia":[{"embeddable":true,"href":"https:\/\/www.ltcpardubice.cz\/index.php?rest_route=\/wp\/v2\/media\/6479"}],"wp:attachment":[{"href":"https:\/\/www.ltcpardubice.cz\/index.php?rest_route=%2Fwp%2Fv2%2Fmedia&parent=7430"}],"wp:term":[{"taxonomy":"category","embeddable":true,"href":"https:\/\/www.ltcpardubice.cz\/index.php?rest_route=%2Fwp%2Fv2%2Fcategories&post=7430"},{"taxonomy":"post_tag","embeddable":true,"href":"https:\/\/www.ltcpardubice.cz\/index.php?rest_route=%2Fwp%2Fv2%2Ftags&post=7430"}],"curies":[{"name":"wp","href":"https:\/\/api.w.org\/{rel}","templated":true}]}}