{"id":7454,"date":"2025-02-17T18:11:52","date_gmt":"2025-02-17T18:11:52","guid":{"rendered":"https:\/\/www.ltcpardubice.cz\/?p=7454"},"modified":"2025-02-17T18:18:47","modified_gmt":"2025-02-17T18:18:47","slug":"prestupy-2025","status":"publish","type":"post","link":"https:\/\/www.ltcpardubice.cz\/?p=7454","title":{"rendered":"P\u0159estupy 2025"},"content":{"rendered":"\n<p>Do na\u0161eho kubu se n\u011bkolika letech vrac\u00ed \u0160. Pacinda, kter\u00fd pos\u00edl\u00ed dru\u017estvo dosp\u011bl\u00fdch. Vrac\u00ed se i M. Hrdli\u010dka, d\u00e1le k n\u00e1m p\u0159estoupili, n\u011bkte\u0159\u00ed hr\u00e1\u010di i v souvislosti s p\u0159\u00edchodem tren\u00e9ra Kop\u00e1\u010dka (1987) &#8211; tren\u00e9r 2. t\u0159\u00eddy, 3. t\u0159\u00eddu v minulosti absolvoval na LTC, kter\u00fd v minulosti p\u016fsobil jako tren\u00e9r v n\u011bkolika klubech, co\u017e u mnoh\u00fdch vyvolalo ur\u010dit\u00e9 kontroverze, nicm\u00e9n\u011b ji\u010d\u00ednsk\u00fd odchovanec jako hr\u00e1\u010d p\u016fsobil v dorosteneck\u00e9 kategorii i na LTC (tehdy v sestav\u011b nap\u0159. s P. Bene\u0161em, Z. Z\u00e1labskou a dal\u0161\u00edmi). Jedn\u00e1 se o tyto hr\u00e1\u010de: Francov\u00e1, Mudrochov\u00e1, Pelik\u00e1n, Ka\u010dmar\u00edkov\u00e1, Gottvaldov\u00e1. Douf\u00e1me, \u017ee se v\u0161em na LTC bude l\u00edbit, a \u017ee tyto zm\u011bny budou p\u0159\u00ednosem pro v\u0161echny. J. Kop\u00e1\u010dek se prezentuje na webov\u00fdch str\u00e1nk\u00e1ch:<a href=\"https:\/\/www.jirikopacek.cz\/certifikaty\">https:\/\/www.jirikopacek.cz\/certifikaty<\/a> a <a href=\"https:\/\/www.jirikopacek.cz\/\">https:\/\/www.jirikopacek.cz\/<\/a><\/p>\n","protected":false},"excerpt":{"rendered":"<p>Do na\u0161eho kubu se n\u011bkolika letech vrac\u00ed \u0160. Pacinda, kter\u00fd pos\u00edl\u00ed dru\u017estvo dosp\u011bl\u00fdch. Vrac\u00ed se i M. Hrdli\u010dka, d\u00e1le k n\u00e1m p\u0159estoupili, n\u011bkte\u0159\u00ed hr\u00e1\u010di i v souvislosti s p\u0159\u00edchodem tren\u00e9ra Kop\u00e1\u010dka (1987) &#8211; tren\u00e9r 2. t\u0159\u00eddy, 3. t\u0159\u00eddu v minulosti absolvoval na LTC, kter\u00fd v minulosti p\u016fsobil jako tren\u00e9r v n\u011bkolika klubech, co\u017e u mnoh\u00fdch [&hellip;]<\/p>\n","protected":false},"author":2,"featured_media":7193,"comment_status":"open","ping_status":"open","sticky":false,"template":"","format":"standard","meta":{"_monsterinsights_skip_tracking":false,"_monsterinsights_sitenote_active":false,"_monsterinsights_sitenote_note":"","_monsterinsights_sitenote_category":0,"footnotes":""},"categories":[10],"tags":[],"yoast_head":"<!-- This site is optimized with the Yoast SEO plugin v24.5 - https:\/\/yoast.com\/wordpress\/plugins\/seo\/ -->\n<title>P\u0159estupy 2025 - LTC Pardubice<\/title>\n<meta name=\"robots\" content=\"index, follow, max-snippet:-1, max-image-preview:large, max-video-preview:-1\" \/>\n<link rel=\"canonical\" href=\"https:\/\/www.ltcpardubice.cz\/?p=7454\" \/>\n<meta property=\"og:locale\" content=\"cs_CZ\" \/>\n<meta property=\"og:type\" content=\"article\" \/>\n<meta property=\"og:title\" content=\"P\u0159estupy 2025 - LTC Pardubice\" \/>\n<meta property=\"og:description\" content=\"Do na\u0161eho kubu se n\u011bkolika letech vrac\u00ed \u0160. Pacinda, kter\u00fd pos\u00edl\u00ed dru\u017estvo dosp\u011bl\u00fdch. Vrac\u00ed se i M. Hrdli\u010dka, d\u00e1le k n\u00e1m p\u0159estoupili, n\u011bkte\u0159\u00ed hr\u00e1\u010di i v souvislosti s p\u0159\u00edchodem tren\u00e9ra Kop\u00e1\u010dka (1987) &#8211; tren\u00e9r 2. t\u0159\u00eddy, 3. t\u0159\u00eddu v minulosti absolvoval na LTC, kter\u00fd v minulosti p\u016fsobil jako tren\u00e9r v n\u011bkolika klubech, co\u017e u mnoh\u00fdch [&hellip;]\" \/>\n<meta property=\"og:url\" content=\"https:\/\/www.ltcpardubice.cz\/?p=7454\" \/>\n<meta property=\"og:site_name\" content=\"LTC Pardubice\" \/>\n<meta property=\"article:published_time\" content=\"2025-02-17T18:11:52+00:00\" \/>\n<meta property=\"article:modified_time\" content=\"2025-02-17T18:18:47+00:00\" \/>\n<meta property=\"og:image\" content=\"https:\/\/www.ltcpardubice.cz\/wp-content\/uploads\/2023\/10\/ltcpce.jpg\" \/>\n\t<meta property=\"og:image:width\" content=\"173\" \/>\n\t<meta property=\"og:image:height\" content=\"130\" \/>\n\t<meta property=\"og:image:type\" content=\"image\/jpeg\" \/>\n<meta name=\"author\" content=\"Eva Z\u00e1labsk\u00e1\" \/>\n<meta name=\"twitter:card\" content=\"summary_large_image\" \/>\n<meta name=\"twitter:label1\" content=\"Napsal(a)\" \/>\n\t<meta name=\"twitter:data1\" content=\"Eva Z\u00e1labsk\u00e1\" \/>\n\t<meta name=\"twitter:label2\" content=\"Odhadovan\u00e1 doba \u010dten\u00ed\" \/>\n\t<meta name=\"twitter:data2\" content=\"1 minuta\" \/>\n<script type=\"application\/ld+json\" class=\"yoast-schema-graph\">{\"@context\":\"https:\/\/schema.org\",\"@graph\":[{\"@type\":\"WebPage\",\"@id\":\"https:\/\/www.ltcpardubice.cz\/?p=7454\",\"url\":\"https:\/\/www.ltcpardubice.cz\/?p=7454\",\"name\":\"P\u0159estupy 2025 - LTC Pardubice\",\"isPartOf\":{\"@id\":\"https:\/\/www.ltcpardubice.cz\/#website\"},\"primaryImageOfPage\":{\"@id\":\"https:\/\/www.ltcpardubice.cz\/?p=7454#primaryimage\"},\"image\":{\"@id\":\"https:\/\/www.ltcpardubice.cz\/?p=7454#primaryimage\"},\"thumbnailUrl\":\"https:\/\/www.ltcpardubice.cz\/wp-content\/uploads\/2023\/10\/ltcpce.jpg\",\"datePublished\":\"2025-02-17T18:11:52+00:00\",\"dateModified\":\"2025-02-17T18:18:47+00:00\",\"author\":{\"@id\":\"https:\/\/www.ltcpardubice.cz\/#\/schema\/person\/8f5f3a741b9adea57419864489f31541\"},\"breadcrumb\":{\"@id\":\"https:\/\/www.ltcpardubice.cz\/?p=7454#breadcrumb\"},\"inLanguage\":\"cs\",\"potentialAction\":[{\"@type\":\"ReadAction\",\"target\":[\"https:\/\/www.ltcpardubice.cz\/?p=7454\"]}]},{\"@type\":\"ImageObject\",\"inLanguage\":\"cs\",\"@id\":\"https:\/\/www.ltcpardubice.cz\/?p=7454#primaryimage\",\"url\":\"https:\/\/www.ltcpardubice.cz\/wp-content\/uploads\/2023\/10\/ltcpce.jpg\",\"contentUrl\":\"https:\/\/www.ltcpardubice.cz\/wp-content\/uploads\/2023\/10\/ltcpce.jpg\",\"width\":173,\"height\":130},{\"@type\":\"BreadcrumbList\",\"@id\":\"https:\/\/www.ltcpardubice.cz\/?p=7454#breadcrumb\",\"itemListElement\":[{\"@type\":\"ListItem\",\"position\":1,\"name\":\"Home\",\"item\":\"https:\/\/www.ltcpardubice.cz\/\"},{\"@type\":\"ListItem\",\"position\":2,\"name\":\"P\u0159estupy 2025\"}]},{\"@type\":\"WebSite\",\"@id\":\"https:\/\/www.ltcpardubice.cz\/#website\",\"url\":\"https:\/\/www.ltcpardubice.cz\/\",\"name\":\"LTC Pardubice\",\"description\":\"Str\u00e1nky tenisov\u00e9ho klubu LTC Pardubice\",\"potentialAction\":[{\"@type\":\"SearchAction\",\"target\":{\"@type\":\"EntryPoint\",\"urlTemplate\":\"https:\/\/www.ltcpardubice.cz\/?s={search_term_string}\"},\"query-input\":{\"@type\":\"PropertyValueSpecification\",\"valueRequired\":true,\"valueName\":\"search_term_string\"}}],\"inLanguage\":\"cs\"},{\"@type\":\"Person\",\"@id\":\"https:\/\/www.ltcpardubice.cz\/#\/schema\/person\/8f5f3a741b9adea57419864489f31541\",\"name\":\"Eva Z\u00e1labsk\u00e1\",\"image\":{\"@type\":\"ImageObject\",\"inLanguage\":\"cs\",\"@id\":\"https:\/\/www.ltcpardubice.cz\/#\/schema\/person\/image\/\",\"url\":\"https:\/\/secure.gravatar.com\/avatar\/fece9555d8859e0080e4a5ae7edcc925?s=96&d=mm&r=g\",\"contentUrl\":\"https:\/\/secure.gravatar.com\/avatar\/fece9555d8859e0080e4a5ae7edcc925?s=96&d=mm&r=g\",\"caption\":\"Eva Z\u00e1labsk\u00e1\"},\"url\":\"https:\/\/www.ltcpardubice.cz\/?author=2\"}]}<\/script>\n<!-- \/ Yoast SEO plugin. -->","yoast_head_json":{"title":"P\u0159estupy 2025 - LTC Pardubice","robots":{"index":"index","follow":"follow","max-snippet":"max-snippet:-1","max-image-preview":"max-image-preview:large","max-video-preview":"max-video-preview:-1"},"canonical":"https:\/\/www.ltcpardubice.cz\/?p=7454","og_locale":"cs_CZ","og_type":"article","og_title":"P\u0159estupy 2025 - LTC Pardubice","og_description":"Do na\u0161eho kubu se n\u011bkolika letech vrac\u00ed \u0160. Pacinda, kter\u00fd pos\u00edl\u00ed dru\u017estvo dosp\u011bl\u00fdch. Vrac\u00ed se i M. Hrdli\u010dka, d\u00e1le k n\u00e1m p\u0159estoupili, n\u011bkte\u0159\u00ed hr\u00e1\u010di i v souvislosti s p\u0159\u00edchodem tren\u00e9ra Kop\u00e1\u010dka (1987) &#8211; tren\u00e9r 2. t\u0159\u00eddy, 3. t\u0159\u00eddu v minulosti absolvoval na LTC, kter\u00fd v minulosti p\u016fsobil jako tren\u00e9r v n\u011bkolika klubech, co\u017e u mnoh\u00fdch [&hellip;]","og_url":"https:\/\/www.ltcpardubice.cz\/?p=7454","og_site_name":"LTC Pardubice","article_published_time":"2025-02-17T18:11:52+00:00","article_modified_time":"2025-02-17T18:18:47+00:00","og_image":[{"width":173,"height":130,"url":"https:\/\/www.ltcpardubice.cz\/wp-content\/uploads\/2023\/10\/ltcpce.jpg","type":"image\/jpeg"}],"author":"Eva Z\u00e1labsk\u00e1","twitter_card":"summary_large_image","twitter_misc":{"Napsal(a)":"Eva Z\u00e1labsk\u00e1","Odhadovan\u00e1 doba \u010dten\u00ed":"1 minuta"},"schema":{"@context":"https:\/\/schema.org","@graph":[{"@type":"WebPage","@id":"https:\/\/www.ltcpardubice.cz\/?p=7454","url":"https:\/\/www.ltcpardubice.cz\/?p=7454","name":"P\u0159estupy 2025 - LTC Pardubice","isPartOf":{"@id":"https:\/\/www.ltcpardubice.cz\/#website"},"primaryImageOfPage":{"@id":"https:\/\/www.ltcpardubice.cz\/?p=7454#primaryimage"},"image":{"@id":"https:\/\/www.ltcpardubice.cz\/?p=7454#primaryimage"},"thumbnailUrl":"https:\/\/www.ltcpardubice.cz\/wp-content\/uploads\/2023\/10\/ltcpce.jpg","datePublished":"2025-02-17T18:11:52+00:00","dateModified":"2025-02-17T18:18:47+00:00","author":{"@id":"https:\/\/www.ltcpardubice.cz\/#\/schema\/person\/8f5f3a741b9adea57419864489f31541"},"breadcrumb":{"@id":"https:\/\/www.ltcpardubice.cz\/?p=7454#breadcrumb"},"inLanguage":"cs","potentialAction":[{"@type":"ReadAction","target":["https:\/\/www.ltcpardubice.cz\/?p=7454"]}]},{"@type":"ImageObject","inLanguage":"cs","@id":"https:\/\/www.ltcpardubice.cz\/?p=7454#primaryimage","url":"https:\/\/www.ltcpardubice.cz\/wp-content\/uploads\/2023\/10\/ltcpce.jpg","contentUrl":"https:\/\/www.ltcpardubice.cz\/wp-content\/uploads\/2023\/10\/ltcpce.jpg","width":173,"height":130},{"@type":"BreadcrumbList","@id":"https:\/\/www.ltcpardubice.cz\/?p=7454#breadcrumb","itemListElement":[{"@type":"ListItem","position":1,"name":"Home","item":"https:\/\/www.ltcpardubice.cz\/"},{"@type":"ListItem","position":2,"name":"P\u0159estupy 2025"}]},{"@type":"WebSite","@id":"https:\/\/www.ltcpardubice.cz\/#website","url":"https:\/\/www.ltcpardubice.cz\/","name":"LTC Pardubice","description":"Str\u00e1nky tenisov\u00e9ho klubu LTC Pardubice","potentialAction":[{"@type":"SearchAction","target":{"@type":"EntryPoint","urlTemplate":"https:\/\/www.ltcpardubice.cz\/?s={search_term_string}"},"query-input":{"@type":"PropertyValueSpecification","valueRequired":true,"valueName":"search_term_string"}}],"inLanguage":"cs"},{"@type":"Person","@id":"https:\/\/www.ltcpardubice.cz\/#\/schema\/person\/8f5f3a741b9adea57419864489f31541","name":"Eva Z\u00e1labsk\u00e1","image":{"@type":"ImageObject","inLanguage":"cs","@id":"https:\/\/www.ltcpardubice.cz\/#\/schema\/person\/image\/","url":"https:\/\/secure.gravatar.com\/avatar\/fece9555d8859e0080e4a5ae7edcc925?s=96&d=mm&r=g","contentUrl":"https:\/\/secure.gravatar.com\/avatar\/fece9555d8859e0080e4a5ae7edcc925?s=96&d=mm&r=g","caption":"Eva Z\u00e1labsk\u00e1"},"url":"https:\/\/www.ltcpardubice.cz\/?author=2"}]}},"brizy_media":[],"_links":{"self":[{"href":"https:\/\/www.ltcpardubice.cz\/index.php?rest_route=\/wp\/v2\/posts\/7454"}],"collection":[{"href":"https:\/\/www.ltcpardubice.cz\/index.php?rest_route=\/wp\/v2\/posts"}],"about":[{"href":"https:\/\/www.ltcpardubice.cz\/index.php?rest_route=\/wp\/v2\/types\/post"}],"author":[{"embeddable":true,"href":"https:\/\/www.ltcpardubice.cz\/index.php?rest_route=\/wp\/v2\/users\/2"}],"replies":[{"embeddable":true,"href":"https:\/\/www.ltcpardubice.cz\/index.php?rest_route=%2Fwp%2Fv2%2Fcomments&post=7454"}],"version-history":[{"count":2,"href":"https:\/\/www.ltcpardubice.cz\/index.php?rest_route=\/wp\/v2\/posts\/7454\/revisions"}],"predecessor-version":[{"id":7457,"href":"https:\/\/www.ltcpardubice.cz\/index.php?rest_route=\/wp\/v2\/posts\/7454\/revisions\/7457"}],"wp:featuredmedia":[{"embeddable":true,"href":"https:\/\/www.ltcpardubice.cz\/index.php?rest_route=\/wp\/v2\/media\/7193"}],"wp:attachment":[{"href":"https:\/\/www.ltcpardubice.cz\/index.php?rest_route=%2Fwp%2Fv2%2Fmedia&parent=7454"}],"wp:term":[{"taxonomy":"category","embeddable":true,"href":"https:\/\/www.ltcpardubice.cz\/index.php?rest_route=%2Fwp%2Fv2%2Fcategories&post=7454"},{"taxonomy":"post_tag","embeddable":true,"href":"https:\/\/www.ltcpardubice.cz\/index.php?rest_route=%2Fwp%2Fv2%2Ftags&post=7454"}],"curies":[{"name":"wp","href":"https:\/\/api.w.org\/{rel}","templated":true}]}}