{"id":7560,"date":"2025-03-10T18:09:34","date_gmt":"2025-03-10T18:09:34","guid":{"rendered":"https:\/\/www.ltcpardubice.cz\/?p=7560"},"modified":"2025-03-10T18:12:02","modified_gmt":"2025-03-10T18:12:02","slug":"informace-z-ceskeho-tenisoveho-svazu","status":"publish","type":"post","link":"https:\/\/www.ltcpardubice.cz\/?p=7560","title":{"rendered":"Informace z \u010cesk\u00e9ho tenisov\u00e9ho svazu"},"content":{"rendered":"\n<h3 class=\"wp-block-heading\">P\u0159ehled z\u00edskan\u00fdch bod\u016f hr\u00e1\u010de<\/h3>\n\n\n\n<p><em>28.02.2025<\/em><\/p>\n\n\n\n<p>1. dubna 2025 \u010cesk\u00fd tenisov\u00fd svaz zve\u0159ejn\u00ed \u017eeb\u0159\u00ed\u010dek, kter\u00fd bude sestaven na z\u00e1klad\u011b bod\u016f z\u00edskan\u00fdch v obdob\u00ed 1.4.2024 &#8211; 31.3.2025. Do \u017eeb\u0159\u00ed\u010dku se zapo\u010d\u00edt\u00e1v\u00e1 nejlep\u0161\u00edch 8 akc\u00ed z turnaj\u016f jednotlivc\u016f (\u010cTS i mezin\u00e1rodn\u00edch), zvl\u00e1\u0161\u0165 ve dvouh\u0159e a zvl\u00e1\u0161\u0165 ve \u010dty\u0159h\u0159e. Sou\u010det nejlep\u0161\u00edch 4 akc\u00ed sout\u011b\u017e\u00ed dru\u017estev tvo\u0159\u00ed jednu z akci, kter\u00e1 m\u016f\u017ee b\u00fdt zapo\u010d\u00edt\u00e1na do \u017eeb\u0159\u00ed\u010dku (pokud je bodov\u011b v\u011bt\u0161\u00ed ne\u017e osm\u00e1 nejlep\u0161\u00ed akce z turnaj\u016f jednotlivc\u016f. V Informa\u010dn\u00edm syst\u00e9mu (po \u00fasp\u011b\u0161n\u00e9m p\u0159ihl\u00e1\u0161en\u00ed) najde ka\u017ed\u00fd registrovan\u00fd hr\u00e1\u010d sv\u016fj v\u00fdpis z\u00edskan\u00fdch bod\u016f. Pros\u00edm zkontrolujte ji\u017e nyn\u00ed sv\u016fj v\u00fdpis bod\u016f a p\u0159\u00edpadn\u00e9 nesrovnalosti pi\u0161te na ladislav.klein@cztenis.cz. Tato v\u00fdzva se net\u00fdk\u00e1 hr\u00e1\u010d\u016f kategorie minitenis a babytenis, proto\u017ee zde hr\u00e1\u010di nez\u00edsk\u00e1vaj\u00ed body do klasifikace \u010cTS.<\/p>\n","protected":false},"excerpt":{"rendered":"<p>P\u0159ehled z\u00edskan\u00fdch bod\u016f hr\u00e1\u010de 28.02.2025 1. dubna 2025 \u010cesk\u00fd tenisov\u00fd svaz zve\u0159ejn\u00ed \u017eeb\u0159\u00ed\u010dek, kter\u00fd bude sestaven na z\u00e1klad\u011b bod\u016f z\u00edskan\u00fdch v obdob\u00ed 1.4.2024 &#8211; 31.3.2025. Do \u017eeb\u0159\u00ed\u010dku se zapo\u010d\u00edt\u00e1v\u00e1 nejlep\u0161\u00edch 8 akc\u00ed z turnaj\u016f jednotlivc\u016f (\u010cTS i mezin\u00e1rodn\u00edch), zvl\u00e1\u0161\u0165 ve dvouh\u0159e a zvl\u00e1\u0161\u0165 ve \u010dty\u0159h\u0159e. Sou\u010det nejlep\u0161\u00edch 4 akc\u00ed sout\u011b\u017e\u00ed dru\u017estev tvo\u0159\u00ed jednu z akci, [&hellip;]<\/p>\n","protected":false},"author":2,"featured_media":6479,"comment_status":"open","ping_status":"open","sticky":false,"template":"","format":"standard","meta":{"_monsterinsights_skip_tracking":false,"_monsterinsights_sitenote_active":false,"_monsterinsights_sitenote_note":"","_monsterinsights_sitenote_category":0,"footnotes":""},"categories":[10],"tags":[],"yoast_head":"<!-- This site is optimized with the Yoast SEO plugin v24.5 - https:\/\/yoast.com\/wordpress\/plugins\/seo\/ -->\n<title>Informace z \u010cesk\u00e9ho tenisov\u00e9ho svazu - LTC Pardubice<\/title>\n<meta name=\"robots\" content=\"index, follow, max-snippet:-1, max-image-preview:large, max-video-preview:-1\" \/>\n<link rel=\"canonical\" href=\"https:\/\/www.ltcpardubice.cz\/?p=7560\" \/>\n<meta property=\"og:locale\" content=\"cs_CZ\" \/>\n<meta property=\"og:type\" content=\"article\" \/>\n<meta property=\"og:title\" content=\"Informace z \u010cesk\u00e9ho tenisov\u00e9ho svazu - LTC Pardubice\" \/>\n<meta property=\"og:description\" content=\"P\u0159ehled z\u00edskan\u00fdch bod\u016f hr\u00e1\u010de 28.02.2025 1. dubna 2025 \u010cesk\u00fd tenisov\u00fd svaz zve\u0159ejn\u00ed \u017eeb\u0159\u00ed\u010dek, kter\u00fd bude sestaven na z\u00e1klad\u011b bod\u016f z\u00edskan\u00fdch v obdob\u00ed 1.4.2024 &#8211; 31.3.2025. Do \u017eeb\u0159\u00ed\u010dku se zapo\u010d\u00edt\u00e1v\u00e1 nejlep\u0161\u00edch 8 akc\u00ed z turnaj\u016f jednotlivc\u016f (\u010cTS i mezin\u00e1rodn\u00edch), zvl\u00e1\u0161\u0165 ve dvouh\u0159e a zvl\u00e1\u0161\u0165 ve \u010dty\u0159h\u0159e. Sou\u010det nejlep\u0161\u00edch 4 akc\u00ed sout\u011b\u017e\u00ed dru\u017estev tvo\u0159\u00ed jednu z akci, [&hellip;]\" \/>\n<meta property=\"og:url\" content=\"https:\/\/www.ltcpardubice.cz\/?p=7560\" \/>\n<meta property=\"og:site_name\" content=\"LTC Pardubice\" \/>\n<meta property=\"article:published_time\" content=\"2025-03-10T18:09:34+00:00\" \/>\n<meta property=\"article:modified_time\" content=\"2025-03-10T18:12:02+00:00\" \/>\n<meta property=\"og:image\" content=\"https:\/\/www.ltcpardubice.cz\/wp-content\/uploads\/2021\/03\/logo-CTS2.jpg\" \/>\n\t<meta property=\"og:image:width\" content=\"512\" \/>\n\t<meta property=\"og:image:height\" content=\"349\" \/>\n\t<meta property=\"og:image:type\" content=\"image\/jpeg\" \/>\n<meta name=\"author\" content=\"Eva Z\u00e1labsk\u00e1\" \/>\n<meta name=\"twitter:card\" content=\"summary_large_image\" \/>\n<meta name=\"twitter:label1\" content=\"Napsal(a)\" \/>\n\t<meta name=\"twitter:data1\" content=\"Eva Z\u00e1labsk\u00e1\" \/>\n\t<meta name=\"twitter:label2\" content=\"Odhadovan\u00e1 doba \u010dten\u00ed\" \/>\n\t<meta name=\"twitter:data2\" content=\"1 minuta\" \/>\n<script type=\"application\/ld+json\" class=\"yoast-schema-graph\">{\"@context\":\"https:\/\/schema.org\",\"@graph\":[{\"@type\":\"WebPage\",\"@id\":\"https:\/\/www.ltcpardubice.cz\/?p=7560\",\"url\":\"https:\/\/www.ltcpardubice.cz\/?p=7560\",\"name\":\"Informace z \u010cesk\u00e9ho tenisov\u00e9ho svazu - LTC Pardubice\",\"isPartOf\":{\"@id\":\"https:\/\/www.ltcpardubice.cz\/#website\"},\"primaryImageOfPage\":{\"@id\":\"https:\/\/www.ltcpardubice.cz\/?p=7560#primaryimage\"},\"image\":{\"@id\":\"https:\/\/www.ltcpardubice.cz\/?p=7560#primaryimage\"},\"thumbnailUrl\":\"https:\/\/www.ltcpardubice.cz\/wp-content\/uploads\/2021\/03\/logo-CTS2.jpg\",\"datePublished\":\"2025-03-10T18:09:34+00:00\",\"dateModified\":\"2025-03-10T18:12:02+00:00\",\"author\":{\"@id\":\"https:\/\/www.ltcpardubice.cz\/#\/schema\/person\/8f5f3a741b9adea57419864489f31541\"},\"breadcrumb\":{\"@id\":\"https:\/\/www.ltcpardubice.cz\/?p=7560#breadcrumb\"},\"inLanguage\":\"cs\",\"potentialAction\":[{\"@type\":\"ReadAction\",\"target\":[\"https:\/\/www.ltcpardubice.cz\/?p=7560\"]}]},{\"@type\":\"ImageObject\",\"inLanguage\":\"cs\",\"@id\":\"https:\/\/www.ltcpardubice.cz\/?p=7560#primaryimage\",\"url\":\"https:\/\/www.ltcpardubice.cz\/wp-content\/uploads\/2021\/03\/logo-CTS2.jpg\",\"contentUrl\":\"https:\/\/www.ltcpardubice.cz\/wp-content\/uploads\/2021\/03\/logo-CTS2.jpg\",\"width\":512,\"height\":349},{\"@type\":\"BreadcrumbList\",\"@id\":\"https:\/\/www.ltcpardubice.cz\/?p=7560#breadcrumb\",\"itemListElement\":[{\"@type\":\"ListItem\",\"position\":1,\"name\":\"Home\",\"item\":\"https:\/\/www.ltcpardubice.cz\/\"},{\"@type\":\"ListItem\",\"position\":2,\"name\":\"Informace z \u010cesk\u00e9ho tenisov\u00e9ho svazu\"}]},{\"@type\":\"WebSite\",\"@id\":\"https:\/\/www.ltcpardubice.cz\/#website\",\"url\":\"https:\/\/www.ltcpardubice.cz\/\",\"name\":\"LTC Pardubice\",\"description\":\"Str\u00e1nky tenisov\u00e9ho klubu LTC Pardubice\",\"potentialAction\":[{\"@type\":\"SearchAction\",\"target\":{\"@type\":\"EntryPoint\",\"urlTemplate\":\"https:\/\/www.ltcpardubice.cz\/?s={search_term_string}\"},\"query-input\":{\"@type\":\"PropertyValueSpecification\",\"valueRequired\":true,\"valueName\":\"search_term_string\"}}],\"inLanguage\":\"cs\"},{\"@type\":\"Person\",\"@id\":\"https:\/\/www.ltcpardubice.cz\/#\/schema\/person\/8f5f3a741b9adea57419864489f31541\",\"name\":\"Eva Z\u00e1labsk\u00e1\",\"image\":{\"@type\":\"ImageObject\",\"inLanguage\":\"cs\",\"@id\":\"https:\/\/www.ltcpardubice.cz\/#\/schema\/person\/image\/\",\"url\":\"https:\/\/secure.gravatar.com\/avatar\/fece9555d8859e0080e4a5ae7edcc925?s=96&d=mm&r=g\",\"contentUrl\":\"https:\/\/secure.gravatar.com\/avatar\/fece9555d8859e0080e4a5ae7edcc925?s=96&d=mm&r=g\",\"caption\":\"Eva Z\u00e1labsk\u00e1\"},\"url\":\"https:\/\/www.ltcpardubice.cz\/?author=2\"}]}<\/script>\n<!-- \/ Yoast SEO plugin. -->","yoast_head_json":{"title":"Informace z \u010cesk\u00e9ho tenisov\u00e9ho svazu - LTC Pardubice","robots":{"index":"index","follow":"follow","max-snippet":"max-snippet:-1","max-image-preview":"max-image-preview:large","max-video-preview":"max-video-preview:-1"},"canonical":"https:\/\/www.ltcpardubice.cz\/?p=7560","og_locale":"cs_CZ","og_type":"article","og_title":"Informace z \u010cesk\u00e9ho tenisov\u00e9ho svazu - LTC Pardubice","og_description":"P\u0159ehled z\u00edskan\u00fdch bod\u016f hr\u00e1\u010de 28.02.2025 1. dubna 2025 \u010cesk\u00fd tenisov\u00fd svaz zve\u0159ejn\u00ed \u017eeb\u0159\u00ed\u010dek, kter\u00fd bude sestaven na z\u00e1klad\u011b bod\u016f z\u00edskan\u00fdch v obdob\u00ed 1.4.2024 &#8211; 31.3.2025. Do \u017eeb\u0159\u00ed\u010dku se zapo\u010d\u00edt\u00e1v\u00e1 nejlep\u0161\u00edch 8 akc\u00ed z turnaj\u016f jednotlivc\u016f (\u010cTS i mezin\u00e1rodn\u00edch), zvl\u00e1\u0161\u0165 ve dvouh\u0159e a zvl\u00e1\u0161\u0165 ve \u010dty\u0159h\u0159e. Sou\u010det nejlep\u0161\u00edch 4 akc\u00ed sout\u011b\u017e\u00ed dru\u017estev tvo\u0159\u00ed jednu z akci, [&hellip;]","og_url":"https:\/\/www.ltcpardubice.cz\/?p=7560","og_site_name":"LTC Pardubice","article_published_time":"2025-03-10T18:09:34+00:00","article_modified_time":"2025-03-10T18:12:02+00:00","og_image":[{"width":512,"height":349,"url":"https:\/\/www.ltcpardubice.cz\/wp-content\/uploads\/2021\/03\/logo-CTS2.jpg","type":"image\/jpeg"}],"author":"Eva Z\u00e1labsk\u00e1","twitter_card":"summary_large_image","twitter_misc":{"Napsal(a)":"Eva Z\u00e1labsk\u00e1","Odhadovan\u00e1 doba \u010dten\u00ed":"1 minuta"},"schema":{"@context":"https:\/\/schema.org","@graph":[{"@type":"WebPage","@id":"https:\/\/www.ltcpardubice.cz\/?p=7560","url":"https:\/\/www.ltcpardubice.cz\/?p=7560","name":"Informace z \u010cesk\u00e9ho tenisov\u00e9ho svazu - LTC Pardubice","isPartOf":{"@id":"https:\/\/www.ltcpardubice.cz\/#website"},"primaryImageOfPage":{"@id":"https:\/\/www.ltcpardubice.cz\/?p=7560#primaryimage"},"image":{"@id":"https:\/\/www.ltcpardubice.cz\/?p=7560#primaryimage"},"thumbnailUrl":"https:\/\/www.ltcpardubice.cz\/wp-content\/uploads\/2021\/03\/logo-CTS2.jpg","datePublished":"2025-03-10T18:09:34+00:00","dateModified":"2025-03-10T18:12:02+00:00","author":{"@id":"https:\/\/www.ltcpardubice.cz\/#\/schema\/person\/8f5f3a741b9adea57419864489f31541"},"breadcrumb":{"@id":"https:\/\/www.ltcpardubice.cz\/?p=7560#breadcrumb"},"inLanguage":"cs","potentialAction":[{"@type":"ReadAction","target":["https:\/\/www.ltcpardubice.cz\/?p=7560"]}]},{"@type":"ImageObject","inLanguage":"cs","@id":"https:\/\/www.ltcpardubice.cz\/?p=7560#primaryimage","url":"https:\/\/www.ltcpardubice.cz\/wp-content\/uploads\/2021\/03\/logo-CTS2.jpg","contentUrl":"https:\/\/www.ltcpardubice.cz\/wp-content\/uploads\/2021\/03\/logo-CTS2.jpg","width":512,"height":349},{"@type":"BreadcrumbList","@id":"https:\/\/www.ltcpardubice.cz\/?p=7560#breadcrumb","itemListElement":[{"@type":"ListItem","position":1,"name":"Home","item":"https:\/\/www.ltcpardubice.cz\/"},{"@type":"ListItem","position":2,"name":"Informace z \u010cesk\u00e9ho tenisov\u00e9ho svazu"}]},{"@type":"WebSite","@id":"https:\/\/www.ltcpardubice.cz\/#website","url":"https:\/\/www.ltcpardubice.cz\/","name":"LTC Pardubice","description":"Str\u00e1nky tenisov\u00e9ho klubu LTC Pardubice","potentialAction":[{"@type":"SearchAction","target":{"@type":"EntryPoint","urlTemplate":"https:\/\/www.ltcpardubice.cz\/?s={search_term_string}"},"query-input":{"@type":"PropertyValueSpecification","valueRequired":true,"valueName":"search_term_string"}}],"inLanguage":"cs"},{"@type":"Person","@id":"https:\/\/www.ltcpardubice.cz\/#\/schema\/person\/8f5f3a741b9adea57419864489f31541","name":"Eva Z\u00e1labsk\u00e1","image":{"@type":"ImageObject","inLanguage":"cs","@id":"https:\/\/www.ltcpardubice.cz\/#\/schema\/person\/image\/","url":"https:\/\/secure.gravatar.com\/avatar\/fece9555d8859e0080e4a5ae7edcc925?s=96&d=mm&r=g","contentUrl":"https:\/\/secure.gravatar.com\/avatar\/fece9555d8859e0080e4a5ae7edcc925?s=96&d=mm&r=g","caption":"Eva Z\u00e1labsk\u00e1"},"url":"https:\/\/www.ltcpardubice.cz\/?author=2"}]}},"brizy_media":[],"_links":{"self":[{"href":"https:\/\/www.ltcpardubice.cz\/index.php?rest_route=\/wp\/v2\/posts\/7560"}],"collection":[{"href":"https:\/\/www.ltcpardubice.cz\/index.php?rest_route=\/wp\/v2\/posts"}],"about":[{"href":"https:\/\/www.ltcpardubice.cz\/index.php?rest_route=\/wp\/v2\/types\/post"}],"author":[{"embeddable":true,"href":"https:\/\/www.ltcpardubice.cz\/index.php?rest_route=\/wp\/v2\/users\/2"}],"replies":[{"embeddable":true,"href":"https:\/\/www.ltcpardubice.cz\/index.php?rest_route=%2Fwp%2Fv2%2Fcomments&post=7560"}],"version-history":[{"count":1,"href":"https:\/\/www.ltcpardubice.cz\/index.php?rest_route=\/wp\/v2\/posts\/7560\/revisions"}],"predecessor-version":[{"id":7561,"href":"https:\/\/www.ltcpardubice.cz\/index.php?rest_route=\/wp\/v2\/posts\/7560\/revisions\/7561"}],"wp:featuredmedia":[{"embeddable":true,"href":"https:\/\/www.ltcpardubice.cz\/index.php?rest_route=\/wp\/v2\/media\/6479"}],"wp:attachment":[{"href":"https:\/\/www.ltcpardubice.cz\/index.php?rest_route=%2Fwp%2Fv2%2Fmedia&parent=7560"}],"wp:term":[{"taxonomy":"category","embeddable":true,"href":"https:\/\/www.ltcpardubice.cz\/index.php?rest_route=%2Fwp%2Fv2%2Fcategories&post=7560"},{"taxonomy":"post_tag","embeddable":true,"href":"https:\/\/www.ltcpardubice.cz\/index.php?rest_route=%2Fwp%2Fv2%2Ftags&post=7560"}],"curies":[{"name":"wp","href":"https:\/\/api.w.org\/{rel}","templated":true}]}}