{"id":7563,"date":"2025-03-19T17:54:06","date_gmt":"2025-03-19T17:54:06","guid":{"rendered":"https:\/\/www.ltcpardubice.cz\/?p=7563"},"modified":"2025-03-19T17:54:08","modified_gmt":"2025-03-19T17:54:08","slug":"zajimavy-seminar-tmk-cts","status":"publish","type":"post","link":"https:\/\/www.ltcpardubice.cz\/?p=7563","title":{"rendered":"Zaj\u00edmav\u00fd semin\u00e1\u0159 TMK \u010cTS"},"content":{"rendered":"\n<p>5. dubna se v are\u00e1lu TK Sparta Praha uskute\u010dn\u00ed teoreticky &#8211; praktick\u00fd semin\u00e1\u0159 pro tren\u00e9ry se zam\u011b\u0159en\u00edm na v\u011bkov\u00e9 kategorie babytenisu a mlad\u0161\u00edho \u017eactva. P\u0159edn\u00e1\u0161ej\u00edc\u00edmi budou Jan Pecha, kter\u00fd je vedouc\u00edm tren\u00e9rem Tenisov\u00e9 \u0161koly Mark\u00e9ty Vondrou\u0161ov\u00e9 a p\u016fsob\u00ed na \u0160tvanici, m\u00e1 za sebou aktivn\u00ed \u00fa\u010dasti na mezin\u00e1rodn\u00edch tenisov\u00fdch konferenc\u00edch, dal\u0161\u00edm pak je Martin Fassati, kter\u00e1 jako uzn\u00e1van\u00fd tren\u00e9r p\u016fsobil na Florid\u011b, v Kanad\u011b a \u010c\u00edn\u011b, vedl n\u011bkter\u00e9 p\u0159edn\u00ed \u010desk\u00e9 i zahrani\u010dn\u00ed tenistky (Bene\u0161ov\u00e1, Koukalov\u00e1, Cetkovsk\u00e1 a dal\u0161\u00ed) a Pavel Klimek sportovn\u00ed mana\u017eer Ridera Sport v Ostrav\u011b.. 6. dubna se pot\u00e9 uskute\u010dn\u00ed semin\u00e1\u0159 pro rodi\u010de, jeho\u017e hostem bude S. Kleinov\u00e1, p\u0159edn\u00ed \u010desk\u00e1 tenistka a z\u00e1rove\u0148 rodi\u010d tenisov\u00fdch d\u011bt\u00ed.<\/p>\n","protected":false},"excerpt":{"rendered":"<p>5. dubna se v are\u00e1lu TK Sparta Praha uskute\u010dn\u00ed teoreticky &#8211; praktick\u00fd semin\u00e1\u0159 pro tren\u00e9ry se zam\u011b\u0159en\u00edm na v\u011bkov\u00e9 kategorie babytenisu a mlad\u0161\u00edho \u017eactva. P\u0159edn\u00e1\u0161ej\u00edc\u00edmi budou Jan Pecha, kter\u00fd je vedouc\u00edm tren\u00e9rem Tenisov\u00e9 \u0161koly Mark\u00e9ty Vondrou\u0161ov\u00e9 a p\u016fsob\u00ed na \u0160tvanici, m\u00e1 za sebou aktivn\u00ed \u00fa\u010dasti na mezin\u00e1rodn\u00edch tenisov\u00fdch konferenc\u00edch, dal\u0161\u00edm pak je Martin Fassati, kter\u00e1 [&hellip;]<\/p>\n","protected":false},"author":2,"featured_media":6479,"comment_status":"open","ping_status":"open","sticky":false,"template":"","format":"standard","meta":{"_monsterinsights_skip_tracking":false,"_monsterinsights_sitenote_active":false,"_monsterinsights_sitenote_note":"","_monsterinsights_sitenote_category":0,"footnotes":""},"categories":[10],"tags":[],"yoast_head":"<!-- This site is optimized with the Yoast SEO plugin v24.5 - https:\/\/yoast.com\/wordpress\/plugins\/seo\/ -->\n<title>Zaj\u00edmav\u00fd semin\u00e1\u0159 TMK \u010cTS - LTC Pardubice<\/title>\n<meta name=\"robots\" content=\"index, follow, max-snippet:-1, max-image-preview:large, max-video-preview:-1\" \/>\n<link rel=\"canonical\" href=\"https:\/\/www.ltcpardubice.cz\/?p=7563\" \/>\n<meta property=\"og:locale\" content=\"cs_CZ\" \/>\n<meta property=\"og:type\" content=\"article\" \/>\n<meta property=\"og:title\" content=\"Zaj\u00edmav\u00fd semin\u00e1\u0159 TMK \u010cTS - LTC Pardubice\" \/>\n<meta property=\"og:description\" content=\"5. dubna se v are\u00e1lu TK Sparta Praha uskute\u010dn\u00ed teoreticky &#8211; praktick\u00fd semin\u00e1\u0159 pro tren\u00e9ry se zam\u011b\u0159en\u00edm na v\u011bkov\u00e9 kategorie babytenisu a mlad\u0161\u00edho \u017eactva. P\u0159edn\u00e1\u0161ej\u00edc\u00edmi budou Jan Pecha, kter\u00fd je vedouc\u00edm tren\u00e9rem Tenisov\u00e9 \u0161koly Mark\u00e9ty Vondrou\u0161ov\u00e9 a p\u016fsob\u00ed na \u0160tvanici, m\u00e1 za sebou aktivn\u00ed \u00fa\u010dasti na mezin\u00e1rodn\u00edch tenisov\u00fdch konferenc\u00edch, dal\u0161\u00edm pak je Martin Fassati, kter\u00e1 [&hellip;]\" \/>\n<meta property=\"og:url\" content=\"https:\/\/www.ltcpardubice.cz\/?p=7563\" \/>\n<meta property=\"og:site_name\" content=\"LTC Pardubice\" \/>\n<meta property=\"article:published_time\" content=\"2025-03-19T17:54:06+00:00\" \/>\n<meta property=\"article:modified_time\" content=\"2025-03-19T17:54:08+00:00\" \/>\n<meta property=\"og:image\" content=\"https:\/\/www.ltcpardubice.cz\/wp-content\/uploads\/2021\/03\/logo-CTS2.jpg\" \/>\n\t<meta property=\"og:image:width\" content=\"512\" \/>\n\t<meta property=\"og:image:height\" content=\"349\" \/>\n\t<meta property=\"og:image:type\" content=\"image\/jpeg\" \/>\n<meta name=\"author\" content=\"Eva Z\u00e1labsk\u00e1\" \/>\n<meta name=\"twitter:card\" content=\"summary_large_image\" \/>\n<meta name=\"twitter:label1\" content=\"Napsal(a)\" \/>\n\t<meta name=\"twitter:data1\" content=\"Eva Z\u00e1labsk\u00e1\" \/>\n\t<meta name=\"twitter:label2\" content=\"Odhadovan\u00e1 doba \u010dten\u00ed\" \/>\n\t<meta name=\"twitter:data2\" content=\"1 minuta\" \/>\n<script type=\"application\/ld+json\" class=\"yoast-schema-graph\">{\"@context\":\"https:\/\/schema.org\",\"@graph\":[{\"@type\":\"WebPage\",\"@id\":\"https:\/\/www.ltcpardubice.cz\/?p=7563\",\"url\":\"https:\/\/www.ltcpardubice.cz\/?p=7563\",\"name\":\"Zaj\u00edmav\u00fd semin\u00e1\u0159 TMK \u010cTS - LTC Pardubice\",\"isPartOf\":{\"@id\":\"https:\/\/www.ltcpardubice.cz\/#website\"},\"primaryImageOfPage\":{\"@id\":\"https:\/\/www.ltcpardubice.cz\/?p=7563#primaryimage\"},\"image\":{\"@id\":\"https:\/\/www.ltcpardubice.cz\/?p=7563#primaryimage\"},\"thumbnailUrl\":\"https:\/\/www.ltcpardubice.cz\/wp-content\/uploads\/2021\/03\/logo-CTS2.jpg\",\"datePublished\":\"2025-03-19T17:54:06+00:00\",\"dateModified\":\"2025-03-19T17:54:08+00:00\",\"author\":{\"@id\":\"https:\/\/www.ltcpardubice.cz\/#\/schema\/person\/8f5f3a741b9adea57419864489f31541\"},\"breadcrumb\":{\"@id\":\"https:\/\/www.ltcpardubice.cz\/?p=7563#breadcrumb\"},\"inLanguage\":\"cs\",\"potentialAction\":[{\"@type\":\"ReadAction\",\"target\":[\"https:\/\/www.ltcpardubice.cz\/?p=7563\"]}]},{\"@type\":\"ImageObject\",\"inLanguage\":\"cs\",\"@id\":\"https:\/\/www.ltcpardubice.cz\/?p=7563#primaryimage\",\"url\":\"https:\/\/www.ltcpardubice.cz\/wp-content\/uploads\/2021\/03\/logo-CTS2.jpg\",\"contentUrl\":\"https:\/\/www.ltcpardubice.cz\/wp-content\/uploads\/2021\/03\/logo-CTS2.jpg\",\"width\":512,\"height\":349},{\"@type\":\"BreadcrumbList\",\"@id\":\"https:\/\/www.ltcpardubice.cz\/?p=7563#breadcrumb\",\"itemListElement\":[{\"@type\":\"ListItem\",\"position\":1,\"name\":\"Home\",\"item\":\"https:\/\/www.ltcpardubice.cz\/\"},{\"@type\":\"ListItem\",\"position\":2,\"name\":\"Zaj\u00edmav\u00fd semin\u00e1\u0159 TMK \u010cTS\"}]},{\"@type\":\"WebSite\",\"@id\":\"https:\/\/www.ltcpardubice.cz\/#website\",\"url\":\"https:\/\/www.ltcpardubice.cz\/\",\"name\":\"LTC Pardubice\",\"description\":\"Str\u00e1nky tenisov\u00e9ho klubu LTC Pardubice\",\"potentialAction\":[{\"@type\":\"SearchAction\",\"target\":{\"@type\":\"EntryPoint\",\"urlTemplate\":\"https:\/\/www.ltcpardubice.cz\/?s={search_term_string}\"},\"query-input\":{\"@type\":\"PropertyValueSpecification\",\"valueRequired\":true,\"valueName\":\"search_term_string\"}}],\"inLanguage\":\"cs\"},{\"@type\":\"Person\",\"@id\":\"https:\/\/www.ltcpardubice.cz\/#\/schema\/person\/8f5f3a741b9adea57419864489f31541\",\"name\":\"Eva Z\u00e1labsk\u00e1\",\"image\":{\"@type\":\"ImageObject\",\"inLanguage\":\"cs\",\"@id\":\"https:\/\/www.ltcpardubice.cz\/#\/schema\/person\/image\/\",\"url\":\"https:\/\/secure.gravatar.com\/avatar\/fece9555d8859e0080e4a5ae7edcc925?s=96&d=mm&r=g\",\"contentUrl\":\"https:\/\/secure.gravatar.com\/avatar\/fece9555d8859e0080e4a5ae7edcc925?s=96&d=mm&r=g\",\"caption\":\"Eva Z\u00e1labsk\u00e1\"},\"url\":\"https:\/\/www.ltcpardubice.cz\/?author=2\"}]}<\/script>\n<!-- \/ Yoast SEO plugin. -->","yoast_head_json":{"title":"Zaj\u00edmav\u00fd semin\u00e1\u0159 TMK \u010cTS - LTC Pardubice","robots":{"index":"index","follow":"follow","max-snippet":"max-snippet:-1","max-image-preview":"max-image-preview:large","max-video-preview":"max-video-preview:-1"},"canonical":"https:\/\/www.ltcpardubice.cz\/?p=7563","og_locale":"cs_CZ","og_type":"article","og_title":"Zaj\u00edmav\u00fd semin\u00e1\u0159 TMK \u010cTS - LTC Pardubice","og_description":"5. dubna se v are\u00e1lu TK Sparta Praha uskute\u010dn\u00ed teoreticky &#8211; praktick\u00fd semin\u00e1\u0159 pro tren\u00e9ry se zam\u011b\u0159en\u00edm na v\u011bkov\u00e9 kategorie babytenisu a mlad\u0161\u00edho \u017eactva. P\u0159edn\u00e1\u0161ej\u00edc\u00edmi budou Jan Pecha, kter\u00fd je vedouc\u00edm tren\u00e9rem Tenisov\u00e9 \u0161koly Mark\u00e9ty Vondrou\u0161ov\u00e9 a p\u016fsob\u00ed na \u0160tvanici, m\u00e1 za sebou aktivn\u00ed \u00fa\u010dasti na mezin\u00e1rodn\u00edch tenisov\u00fdch konferenc\u00edch, dal\u0161\u00edm pak je Martin Fassati, kter\u00e1 [&hellip;]","og_url":"https:\/\/www.ltcpardubice.cz\/?p=7563","og_site_name":"LTC Pardubice","article_published_time":"2025-03-19T17:54:06+00:00","article_modified_time":"2025-03-19T17:54:08+00:00","og_image":[{"width":512,"height":349,"url":"https:\/\/www.ltcpardubice.cz\/wp-content\/uploads\/2021\/03\/logo-CTS2.jpg","type":"image\/jpeg"}],"author":"Eva Z\u00e1labsk\u00e1","twitter_card":"summary_large_image","twitter_misc":{"Napsal(a)":"Eva Z\u00e1labsk\u00e1","Odhadovan\u00e1 doba \u010dten\u00ed":"1 minuta"},"schema":{"@context":"https:\/\/schema.org","@graph":[{"@type":"WebPage","@id":"https:\/\/www.ltcpardubice.cz\/?p=7563","url":"https:\/\/www.ltcpardubice.cz\/?p=7563","name":"Zaj\u00edmav\u00fd semin\u00e1\u0159 TMK \u010cTS - LTC Pardubice","isPartOf":{"@id":"https:\/\/www.ltcpardubice.cz\/#website"},"primaryImageOfPage":{"@id":"https:\/\/www.ltcpardubice.cz\/?p=7563#primaryimage"},"image":{"@id":"https:\/\/www.ltcpardubice.cz\/?p=7563#primaryimage"},"thumbnailUrl":"https:\/\/www.ltcpardubice.cz\/wp-content\/uploads\/2021\/03\/logo-CTS2.jpg","datePublished":"2025-03-19T17:54:06+00:00","dateModified":"2025-03-19T17:54:08+00:00","author":{"@id":"https:\/\/www.ltcpardubice.cz\/#\/schema\/person\/8f5f3a741b9adea57419864489f31541"},"breadcrumb":{"@id":"https:\/\/www.ltcpardubice.cz\/?p=7563#breadcrumb"},"inLanguage":"cs","potentialAction":[{"@type":"ReadAction","target":["https:\/\/www.ltcpardubice.cz\/?p=7563"]}]},{"@type":"ImageObject","inLanguage":"cs","@id":"https:\/\/www.ltcpardubice.cz\/?p=7563#primaryimage","url":"https:\/\/www.ltcpardubice.cz\/wp-content\/uploads\/2021\/03\/logo-CTS2.jpg","contentUrl":"https:\/\/www.ltcpardubice.cz\/wp-content\/uploads\/2021\/03\/logo-CTS2.jpg","width":512,"height":349},{"@type":"BreadcrumbList","@id":"https:\/\/www.ltcpardubice.cz\/?p=7563#breadcrumb","itemListElement":[{"@type":"ListItem","position":1,"name":"Home","item":"https:\/\/www.ltcpardubice.cz\/"},{"@type":"ListItem","position":2,"name":"Zaj\u00edmav\u00fd semin\u00e1\u0159 TMK \u010cTS"}]},{"@type":"WebSite","@id":"https:\/\/www.ltcpardubice.cz\/#website","url":"https:\/\/www.ltcpardubice.cz\/","name":"LTC Pardubice","description":"Str\u00e1nky tenisov\u00e9ho klubu LTC Pardubice","potentialAction":[{"@type":"SearchAction","target":{"@type":"EntryPoint","urlTemplate":"https:\/\/www.ltcpardubice.cz\/?s={search_term_string}"},"query-input":{"@type":"PropertyValueSpecification","valueRequired":true,"valueName":"search_term_string"}}],"inLanguage":"cs"},{"@type":"Person","@id":"https:\/\/www.ltcpardubice.cz\/#\/schema\/person\/8f5f3a741b9adea57419864489f31541","name":"Eva Z\u00e1labsk\u00e1","image":{"@type":"ImageObject","inLanguage":"cs","@id":"https:\/\/www.ltcpardubice.cz\/#\/schema\/person\/image\/","url":"https:\/\/secure.gravatar.com\/avatar\/fece9555d8859e0080e4a5ae7edcc925?s=96&d=mm&r=g","contentUrl":"https:\/\/secure.gravatar.com\/avatar\/fece9555d8859e0080e4a5ae7edcc925?s=96&d=mm&r=g","caption":"Eva Z\u00e1labsk\u00e1"},"url":"https:\/\/www.ltcpardubice.cz\/?author=2"}]}},"brizy_media":[],"_links":{"self":[{"href":"https:\/\/www.ltcpardubice.cz\/index.php?rest_route=\/wp\/v2\/posts\/7563"}],"collection":[{"href":"https:\/\/www.ltcpardubice.cz\/index.php?rest_route=\/wp\/v2\/posts"}],"about":[{"href":"https:\/\/www.ltcpardubice.cz\/index.php?rest_route=\/wp\/v2\/types\/post"}],"author":[{"embeddable":true,"href":"https:\/\/www.ltcpardubice.cz\/index.php?rest_route=\/wp\/v2\/users\/2"}],"replies":[{"embeddable":true,"href":"https:\/\/www.ltcpardubice.cz\/index.php?rest_route=%2Fwp%2Fv2%2Fcomments&post=7563"}],"version-history":[{"count":1,"href":"https:\/\/www.ltcpardubice.cz\/index.php?rest_route=\/wp\/v2\/posts\/7563\/revisions"}],"predecessor-version":[{"id":7564,"href":"https:\/\/www.ltcpardubice.cz\/index.php?rest_route=\/wp\/v2\/posts\/7563\/revisions\/7564"}],"wp:featuredmedia":[{"embeddable":true,"href":"https:\/\/www.ltcpardubice.cz\/index.php?rest_route=\/wp\/v2\/media\/6479"}],"wp:attachment":[{"href":"https:\/\/www.ltcpardubice.cz\/index.php?rest_route=%2Fwp%2Fv2%2Fmedia&parent=7563"}],"wp:term":[{"taxonomy":"category","embeddable":true,"href":"https:\/\/www.ltcpardubice.cz\/index.php?rest_route=%2Fwp%2Fv2%2Fcategories&post=7563"},{"taxonomy":"post_tag","embeddable":true,"href":"https:\/\/www.ltcpardubice.cz\/index.php?rest_route=%2Fwp%2Fv2%2Ftags&post=7563"}],"curies":[{"name":"wp","href":"https:\/\/api.w.org\/{rel}","templated":true}]}}