{"id":7607,"date":"2025-06-09T16:48:26","date_gmt":"2025-06-09T16:48:26","guid":{"rendered":"https:\/\/www.ltcpardubice.cz\/?p=7607"},"modified":"2025-06-16T17:00:18","modified_gmt":"2025-06-16T17:00:18","slug":"oblastni-prebory-dospelych-a-starsiho-zactva","status":"publish","type":"post","link":"https:\/\/www.ltcpardubice.cz\/?p=7607","title":{"rendered":"Oblastn\u00ed p\u0159ebory dosp\u011bl\u00fdch, star\u0161\u00edho \u017eactva a babytenisu"},"content":{"rendered":"\n<p>V kategorii mu\u017e\u016f jsme m\u011bli n\u011bkolikan\u00e1sobn\u00e9 zastoupen\u00ed (Dym\u00e1k, \u0160mejc, Kelnar, Zalab\u00e1k). F. Dym\u00e1k se probojoval do \u010dtvrtfin\u00e1le, kde po boji prohr\u00e1l se \u0160m\u00eddem 5:7 ve 3. sad\u011b, ve \u010dty\u0159h\u0159e byl ve \u010dtvrtfin\u00e1le p\u00e1r Kelnar, \u0160mejc. V \u017eensk\u00e9 kategorii se na\u0161e hr\u00e1\u010dky neprosadili. V kategorii star\u0161\u00edch \u017e\u00e1k\u016f hr\u00e1l pouze M. Hrdli\u010dka, kter\u00fd prohr\u00e1l v 1. kole. \u00dasp\u011bch zaznamenal holick\u00fd J. \u0160mejc, kter\u00fd u n\u00e1s roky tr\u00e9nuje. Vyhr\u00e1l \u010dty\u0159hru a ve dvouh\u0159e byl v semifin\u00e1le. V d\u00edv\u010d\u00ed kategorii vyhr\u00e1la OP A. Gottvaldov\u00e1, kter\u00e1 od leto\u0161n\u00ed sez\u00f3ny h\u00e1j\u00ed barvy LTC a tr\u00e9nuj\u00edc\u00ed na Spart\u011b Praha, na LTC s J. Kop\u00e1\u010dkem. S Koutn\u00edkovou vyhr\u00e1la i \u010dty\u0159hru. Z OP babytenist\u016f si odvezla poh\u00e1r a velk\u00fd \u00fasp\u011bch A. Do\u010dkal\u00edkov\u00e1 za 3. m\u00edsto ve dvouh\u0159e.<\/p>\n","protected":false},"excerpt":{"rendered":"<p>V kategorii mu\u017e\u016f jsme m\u011bli n\u011bkolikan\u00e1sobn\u00e9 zastoupen\u00ed (Dym\u00e1k, \u0160mejc, Kelnar, Zalab\u00e1k). F. Dym\u00e1k se probojoval do \u010dtvrtfin\u00e1le, kde po boji prohr\u00e1l se \u0160m\u00eddem 5:7 ve 3. sad\u011b, ve \u010dty\u0159h\u0159e byl ve \u010dtvrtfin\u00e1le p\u00e1r Kelnar, \u0160mejc. V \u017eensk\u00e9 kategorii se na\u0161e hr\u00e1\u010dky neprosadili. V kategorii star\u0161\u00edch \u017e\u00e1k\u016f hr\u00e1l pouze M. Hrdli\u010dka, kter\u00fd prohr\u00e1l v 1. kole. [&hellip;]<\/p>\n","protected":false},"author":2,"featured_media":6754,"comment_status":"open","ping_status":"open","sticky":false,"template":"","format":"standard","meta":{"_monsterinsights_skip_tracking":false,"_monsterinsights_sitenote_active":false,"_monsterinsights_sitenote_note":"","_monsterinsights_sitenote_category":0,"footnotes":""},"categories":[10],"tags":[],"yoast_head":"<!-- This site is optimized with the Yoast SEO plugin v24.5 - https:\/\/yoast.com\/wordpress\/plugins\/seo\/ -->\n<title>Oblastn\u00ed p\u0159ebory dosp\u011bl\u00fdch, star\u0161\u00edho \u017eactva a babytenisu - LTC Pardubice<\/title>\n<meta name=\"robots\" content=\"index, follow, max-snippet:-1, max-image-preview:large, max-video-preview:-1\" \/>\n<link rel=\"canonical\" href=\"https:\/\/www.ltcpardubice.cz\/?p=7607\" \/>\n<meta property=\"og:locale\" content=\"cs_CZ\" \/>\n<meta property=\"og:type\" content=\"article\" \/>\n<meta property=\"og:title\" content=\"Oblastn\u00ed p\u0159ebory dosp\u011bl\u00fdch, star\u0161\u00edho \u017eactva a babytenisu - LTC Pardubice\" \/>\n<meta property=\"og:description\" content=\"V kategorii mu\u017e\u016f jsme m\u011bli n\u011bkolikan\u00e1sobn\u00e9 zastoupen\u00ed (Dym\u00e1k, \u0160mejc, Kelnar, Zalab\u00e1k). F. Dym\u00e1k se probojoval do \u010dtvrtfin\u00e1le, kde po boji prohr\u00e1l se \u0160m\u00eddem 5:7 ve 3. sad\u011b, ve \u010dty\u0159h\u0159e byl ve \u010dtvrtfin\u00e1le p\u00e1r Kelnar, \u0160mejc. V \u017eensk\u00e9 kategorii se na\u0161e hr\u00e1\u010dky neprosadili. V kategorii star\u0161\u00edch \u017e\u00e1k\u016f hr\u00e1l pouze M. Hrdli\u010dka, kter\u00fd prohr\u00e1l v 1. kole. [&hellip;]\" \/>\n<meta property=\"og:url\" content=\"https:\/\/www.ltcpardubice.cz\/?p=7607\" \/>\n<meta property=\"og:site_name\" content=\"LTC Pardubice\" \/>\n<meta property=\"article:published_time\" content=\"2025-06-09T16:48:26+00:00\" \/>\n<meta property=\"article:modified_time\" content=\"2025-06-16T17:00:18+00:00\" \/>\n<meta property=\"og:image\" content=\"https:\/\/www.ltcpardubice.cz\/wp-content\/uploads\/2021\/05\/LOGO-1-1.jpg\" \/>\n\t<meta property=\"og:image:width\" content=\"204\" \/>\n\t<meta property=\"og:image:height\" content=\"70\" \/>\n\t<meta property=\"og:image:type\" content=\"image\/jpeg\" \/>\n<meta name=\"author\" content=\"Eva Z\u00e1labsk\u00e1\" \/>\n<meta name=\"twitter:card\" content=\"summary_large_image\" \/>\n<meta name=\"twitter:label1\" content=\"Napsal(a)\" \/>\n\t<meta name=\"twitter:data1\" content=\"Eva Z\u00e1labsk\u00e1\" \/>\n\t<meta name=\"twitter:label2\" content=\"Odhadovan\u00e1 doba \u010dten\u00ed\" \/>\n\t<meta name=\"twitter:data2\" content=\"1 minuta\" \/>\n<script type=\"application\/ld+json\" class=\"yoast-schema-graph\">{\"@context\":\"https:\/\/schema.org\",\"@graph\":[{\"@type\":\"WebPage\",\"@id\":\"https:\/\/www.ltcpardubice.cz\/?p=7607\",\"url\":\"https:\/\/www.ltcpardubice.cz\/?p=7607\",\"name\":\"Oblastn\u00ed p\u0159ebory dosp\u011bl\u00fdch, star\u0161\u00edho \u017eactva a babytenisu - LTC Pardubice\",\"isPartOf\":{\"@id\":\"https:\/\/www.ltcpardubice.cz\/#website\"},\"primaryImageOfPage\":{\"@id\":\"https:\/\/www.ltcpardubice.cz\/?p=7607#primaryimage\"},\"image\":{\"@id\":\"https:\/\/www.ltcpardubice.cz\/?p=7607#primaryimage\"},\"thumbnailUrl\":\"https:\/\/www.ltcpardubice.cz\/wp-content\/uploads\/2021\/05\/LOGO-1-1.jpg\",\"datePublished\":\"2025-06-09T16:48:26+00:00\",\"dateModified\":\"2025-06-16T17:00:18+00:00\",\"author\":{\"@id\":\"https:\/\/www.ltcpardubice.cz\/#\/schema\/person\/8f5f3a741b9adea57419864489f31541\"},\"breadcrumb\":{\"@id\":\"https:\/\/www.ltcpardubice.cz\/?p=7607#breadcrumb\"},\"inLanguage\":\"cs\",\"potentialAction\":[{\"@type\":\"ReadAction\",\"target\":[\"https:\/\/www.ltcpardubice.cz\/?p=7607\"]}]},{\"@type\":\"ImageObject\",\"inLanguage\":\"cs\",\"@id\":\"https:\/\/www.ltcpardubice.cz\/?p=7607#primaryimage\",\"url\":\"https:\/\/www.ltcpardubice.cz\/wp-content\/uploads\/2021\/05\/LOGO-1-1.jpg\",\"contentUrl\":\"https:\/\/www.ltcpardubice.cz\/wp-content\/uploads\/2021\/05\/LOGO-1-1.jpg\",\"width\":204,\"height\":70},{\"@type\":\"BreadcrumbList\",\"@id\":\"https:\/\/www.ltcpardubice.cz\/?p=7607#breadcrumb\",\"itemListElement\":[{\"@type\":\"ListItem\",\"position\":1,\"name\":\"Home\",\"item\":\"https:\/\/www.ltcpardubice.cz\/\"},{\"@type\":\"ListItem\",\"position\":2,\"name\":\"Oblastn\u00ed p\u0159ebory dosp\u011bl\u00fdch, star\u0161\u00edho \u017eactva a babytenisu\"}]},{\"@type\":\"WebSite\",\"@id\":\"https:\/\/www.ltcpardubice.cz\/#website\",\"url\":\"https:\/\/www.ltcpardubice.cz\/\",\"name\":\"LTC Pardubice\",\"description\":\"Str\u00e1nky tenisov\u00e9ho klubu LTC Pardubice\",\"potentialAction\":[{\"@type\":\"SearchAction\",\"target\":{\"@type\":\"EntryPoint\",\"urlTemplate\":\"https:\/\/www.ltcpardubice.cz\/?s={search_term_string}\"},\"query-input\":{\"@type\":\"PropertyValueSpecification\",\"valueRequired\":true,\"valueName\":\"search_term_string\"}}],\"inLanguage\":\"cs\"},{\"@type\":\"Person\",\"@id\":\"https:\/\/www.ltcpardubice.cz\/#\/schema\/person\/8f5f3a741b9adea57419864489f31541\",\"name\":\"Eva Z\u00e1labsk\u00e1\",\"image\":{\"@type\":\"ImageObject\",\"inLanguage\":\"cs\",\"@id\":\"https:\/\/www.ltcpardubice.cz\/#\/schema\/person\/image\/\",\"url\":\"https:\/\/secure.gravatar.com\/avatar\/fece9555d8859e0080e4a5ae7edcc925?s=96&d=mm&r=g\",\"contentUrl\":\"https:\/\/secure.gravatar.com\/avatar\/fece9555d8859e0080e4a5ae7edcc925?s=96&d=mm&r=g\",\"caption\":\"Eva Z\u00e1labsk\u00e1\"},\"url\":\"https:\/\/www.ltcpardubice.cz\/?author=2\"}]}<\/script>\n<!-- \/ Yoast SEO plugin. -->","yoast_head_json":{"title":"Oblastn\u00ed p\u0159ebory dosp\u011bl\u00fdch, star\u0161\u00edho \u017eactva a babytenisu - LTC Pardubice","robots":{"index":"index","follow":"follow","max-snippet":"max-snippet:-1","max-image-preview":"max-image-preview:large","max-video-preview":"max-video-preview:-1"},"canonical":"https:\/\/www.ltcpardubice.cz\/?p=7607","og_locale":"cs_CZ","og_type":"article","og_title":"Oblastn\u00ed p\u0159ebory dosp\u011bl\u00fdch, star\u0161\u00edho \u017eactva a babytenisu - LTC Pardubice","og_description":"V kategorii mu\u017e\u016f jsme m\u011bli n\u011bkolikan\u00e1sobn\u00e9 zastoupen\u00ed (Dym\u00e1k, \u0160mejc, Kelnar, Zalab\u00e1k). F. Dym\u00e1k se probojoval do \u010dtvrtfin\u00e1le, kde po boji prohr\u00e1l se \u0160m\u00eddem 5:7 ve 3. sad\u011b, ve \u010dty\u0159h\u0159e byl ve \u010dtvrtfin\u00e1le p\u00e1r Kelnar, \u0160mejc. V \u017eensk\u00e9 kategorii se na\u0161e hr\u00e1\u010dky neprosadili. V kategorii star\u0161\u00edch \u017e\u00e1k\u016f hr\u00e1l pouze M. Hrdli\u010dka, kter\u00fd prohr\u00e1l v 1. kole. [&hellip;]","og_url":"https:\/\/www.ltcpardubice.cz\/?p=7607","og_site_name":"LTC Pardubice","article_published_time":"2025-06-09T16:48:26+00:00","article_modified_time":"2025-06-16T17:00:18+00:00","og_image":[{"width":204,"height":70,"url":"https:\/\/www.ltcpardubice.cz\/wp-content\/uploads\/2021\/05\/LOGO-1-1.jpg","type":"image\/jpeg"}],"author":"Eva Z\u00e1labsk\u00e1","twitter_card":"summary_large_image","twitter_misc":{"Napsal(a)":"Eva Z\u00e1labsk\u00e1","Odhadovan\u00e1 doba \u010dten\u00ed":"1 minuta"},"schema":{"@context":"https:\/\/schema.org","@graph":[{"@type":"WebPage","@id":"https:\/\/www.ltcpardubice.cz\/?p=7607","url":"https:\/\/www.ltcpardubice.cz\/?p=7607","name":"Oblastn\u00ed p\u0159ebory dosp\u011bl\u00fdch, star\u0161\u00edho \u017eactva a babytenisu - LTC Pardubice","isPartOf":{"@id":"https:\/\/www.ltcpardubice.cz\/#website"},"primaryImageOfPage":{"@id":"https:\/\/www.ltcpardubice.cz\/?p=7607#primaryimage"},"image":{"@id":"https:\/\/www.ltcpardubice.cz\/?p=7607#primaryimage"},"thumbnailUrl":"https:\/\/www.ltcpardubice.cz\/wp-content\/uploads\/2021\/05\/LOGO-1-1.jpg","datePublished":"2025-06-09T16:48:26+00:00","dateModified":"2025-06-16T17:00:18+00:00","author":{"@id":"https:\/\/www.ltcpardubice.cz\/#\/schema\/person\/8f5f3a741b9adea57419864489f31541"},"breadcrumb":{"@id":"https:\/\/www.ltcpardubice.cz\/?p=7607#breadcrumb"},"inLanguage":"cs","potentialAction":[{"@type":"ReadAction","target":["https:\/\/www.ltcpardubice.cz\/?p=7607"]}]},{"@type":"ImageObject","inLanguage":"cs","@id":"https:\/\/www.ltcpardubice.cz\/?p=7607#primaryimage","url":"https:\/\/www.ltcpardubice.cz\/wp-content\/uploads\/2021\/05\/LOGO-1-1.jpg","contentUrl":"https:\/\/www.ltcpardubice.cz\/wp-content\/uploads\/2021\/05\/LOGO-1-1.jpg","width":204,"height":70},{"@type":"BreadcrumbList","@id":"https:\/\/www.ltcpardubice.cz\/?p=7607#breadcrumb","itemListElement":[{"@type":"ListItem","position":1,"name":"Home","item":"https:\/\/www.ltcpardubice.cz\/"},{"@type":"ListItem","position":2,"name":"Oblastn\u00ed p\u0159ebory dosp\u011bl\u00fdch, star\u0161\u00edho \u017eactva a babytenisu"}]},{"@type":"WebSite","@id":"https:\/\/www.ltcpardubice.cz\/#website","url":"https:\/\/www.ltcpardubice.cz\/","name":"LTC Pardubice","description":"Str\u00e1nky tenisov\u00e9ho klubu LTC Pardubice","potentialAction":[{"@type":"SearchAction","target":{"@type":"EntryPoint","urlTemplate":"https:\/\/www.ltcpardubice.cz\/?s={search_term_string}"},"query-input":{"@type":"PropertyValueSpecification","valueRequired":true,"valueName":"search_term_string"}}],"inLanguage":"cs"},{"@type":"Person","@id":"https:\/\/www.ltcpardubice.cz\/#\/schema\/person\/8f5f3a741b9adea57419864489f31541","name":"Eva Z\u00e1labsk\u00e1","image":{"@type":"ImageObject","inLanguage":"cs","@id":"https:\/\/www.ltcpardubice.cz\/#\/schema\/person\/image\/","url":"https:\/\/secure.gravatar.com\/avatar\/fece9555d8859e0080e4a5ae7edcc925?s=96&d=mm&r=g","contentUrl":"https:\/\/secure.gravatar.com\/avatar\/fece9555d8859e0080e4a5ae7edcc925?s=96&d=mm&r=g","caption":"Eva Z\u00e1labsk\u00e1"},"url":"https:\/\/www.ltcpardubice.cz\/?author=2"}]}},"brizy_media":[],"_links":{"self":[{"href":"https:\/\/www.ltcpardubice.cz\/index.php?rest_route=\/wp\/v2\/posts\/7607"}],"collection":[{"href":"https:\/\/www.ltcpardubice.cz\/index.php?rest_route=\/wp\/v2\/posts"}],"about":[{"href":"https:\/\/www.ltcpardubice.cz\/index.php?rest_route=\/wp\/v2\/types\/post"}],"author":[{"embeddable":true,"href":"https:\/\/www.ltcpardubice.cz\/index.php?rest_route=\/wp\/v2\/users\/2"}],"replies":[{"embeddable":true,"href":"https:\/\/www.ltcpardubice.cz\/index.php?rest_route=%2Fwp%2Fv2%2Fcomments&post=7607"}],"version-history":[{"count":3,"href":"https:\/\/www.ltcpardubice.cz\/index.php?rest_route=\/wp\/v2\/posts\/7607\/revisions"}],"predecessor-version":[{"id":7613,"href":"https:\/\/www.ltcpardubice.cz\/index.php?rest_route=\/wp\/v2\/posts\/7607\/revisions\/7613"}],"wp:featuredmedia":[{"embeddable":true,"href":"https:\/\/www.ltcpardubice.cz\/index.php?rest_route=\/wp\/v2\/media\/6754"}],"wp:attachment":[{"href":"https:\/\/www.ltcpardubice.cz\/index.php?rest_route=%2Fwp%2Fv2%2Fmedia&parent=7607"}],"wp:term":[{"taxonomy":"category","embeddable":true,"href":"https:\/\/www.ltcpardubice.cz\/index.php?rest_route=%2Fwp%2Fv2%2Fcategories&post=7607"},{"taxonomy":"post_tag","embeddable":true,"href":"https:\/\/www.ltcpardubice.cz\/index.php?rest_route=%2Fwp%2Fv2%2Ftags&post=7607"}],"curies":[{"name":"wp","href":"https:\/\/api.w.org\/{rel}","templated":true}]}}