{"id":7618,"date":"2025-06-23T17:04:36","date_gmt":"2025-06-23T17:04:36","guid":{"rendered":"https:\/\/www.ltcpardubice.cz\/?p=7618"},"modified":"2025-06-23T17:04:38","modified_gmt":"2025-06-23T17:04:38","slug":"startuje-kvalifikace-nasich-hracu-na-pardubickou-juniorku","status":"publish","type":"post","link":"https:\/\/www.ltcpardubice.cz\/?p=7618","title":{"rendered":"Startuje kvalifikace na\u0161ich hr\u00e1\u010d\u016f na Pardubickou juniorku"},"content":{"rendered":"\n<p>Z OP p\u0159ebor\u016f dorostu na M\u010cR Pardubickou juniorku nikdo nepostoupil p\u0159\u00edmo. V\u00fdbor klubu rozhodnul o \u00fa\u010dastn\u00edc\u00edch kvalifikace o kartu na PJ. Chlapci: Dym\u00e1k, \u0160mejc, Dr\u00e1pela, Vaverka, Pelik\u00e1n, Novotn\u00fd M, Novotn\u00fd J, Star\u00fd. D\u00edvky: Shejbalov\u00e1, \u0158\u00edhov\u00e1, Honigov\u00e1, Gottvaldov\u00e1, Mudrochov\u00e1, Sv\u011bd\u00edkov\u00e1. Karta je pro klub ofici\u00e1ln\u011b 1, je mo\u017en\u00e9, \u017ee se v n\u011bkter\u00e9 z kategori\u00ed je\u0161t\u011b 1 objev\u00ed. Q je pot\u0159eba sehr\u00e1t co nejd\u0159\u00edve, hr\u00e1\u010di jsou informov\u00e1ni na platform\u011b WhatsApp. Pardubick\u00e1 juniorka startuje v leto\u0161n\u00edm roce 9.-15.8. a vrac\u00ed se tak do p\u016fvodn\u00edho term\u00ednu.<\/p>\n","protected":false},"excerpt":{"rendered":"<p>Z OP p\u0159ebor\u016f dorostu na M\u010cR Pardubickou juniorku nikdo nepostoupil p\u0159\u00edmo. V\u00fdbor klubu rozhodnul o \u00fa\u010dastn\u00edc\u00edch kvalifikace o kartu na PJ. Chlapci: Dym\u00e1k, \u0160mejc, Dr\u00e1pela, Vaverka, Pelik\u00e1n, Novotn\u00fd M, Novotn\u00fd J, Star\u00fd. D\u00edvky: Shejbalov\u00e1, \u0158\u00edhov\u00e1, Honigov\u00e1, Gottvaldov\u00e1, Mudrochov\u00e1, Sv\u011bd\u00edkov\u00e1. Karta je pro klub ofici\u00e1ln\u011b 1, je mo\u017en\u00e9, \u017ee se v n\u011bkter\u00e9 z kategori\u00ed je\u0161t\u011b 1 [&hellip;]<\/p>\n","protected":false},"author":2,"featured_media":6824,"comment_status":"open","ping_status":"open","sticky":false,"template":"","format":"standard","meta":{"_monsterinsights_skip_tracking":false,"_monsterinsights_sitenote_active":false,"_monsterinsights_sitenote_note":"","_monsterinsights_sitenote_category":0,"footnotes":""},"categories":[10],"tags":[],"yoast_head":"<!-- This site is optimized with the Yoast SEO plugin v24.5 - https:\/\/yoast.com\/wordpress\/plugins\/seo\/ -->\n<title>Startuje kvalifikace na\u0161ich hr\u00e1\u010d\u016f na Pardubickou juniorku - LTC Pardubice<\/title>\n<meta name=\"robots\" content=\"index, follow, max-snippet:-1, max-image-preview:large, max-video-preview:-1\" \/>\n<link rel=\"canonical\" href=\"https:\/\/www.ltcpardubice.cz\/?p=7618\" \/>\n<meta property=\"og:locale\" content=\"cs_CZ\" \/>\n<meta property=\"og:type\" content=\"article\" \/>\n<meta property=\"og:title\" content=\"Startuje kvalifikace na\u0161ich hr\u00e1\u010d\u016f na Pardubickou juniorku - LTC Pardubice\" \/>\n<meta property=\"og:description\" content=\"Z OP p\u0159ebor\u016f dorostu na M\u010cR Pardubickou juniorku nikdo nepostoupil p\u0159\u00edmo. V\u00fdbor klubu rozhodnul o \u00fa\u010dastn\u00edc\u00edch kvalifikace o kartu na PJ. Chlapci: Dym\u00e1k, \u0160mejc, Dr\u00e1pela, Vaverka, Pelik\u00e1n, Novotn\u00fd M, Novotn\u00fd J, Star\u00fd. D\u00edvky: Shejbalov\u00e1, \u0158\u00edhov\u00e1, Honigov\u00e1, Gottvaldov\u00e1, Mudrochov\u00e1, Sv\u011bd\u00edkov\u00e1. Karta je pro klub ofici\u00e1ln\u011b 1, je mo\u017en\u00e9, \u017ee se v n\u011bkter\u00e9 z kategori\u00ed je\u0161t\u011b 1 [&hellip;]\" \/>\n<meta property=\"og:url\" content=\"https:\/\/www.ltcpardubice.cz\/?p=7618\" \/>\n<meta property=\"og:site_name\" content=\"LTC Pardubice\" \/>\n<meta property=\"article:published_time\" content=\"2025-06-23T17:04:36+00:00\" \/>\n<meta property=\"article:modified_time\" content=\"2025-06-23T17:04:38+00:00\" \/>\n<meta property=\"og:image\" content=\"https:\/\/www.ltcpardubice.cz\/wp-content\/uploads\/2021\/07\/logo-pce-juniorka.png\" \/>\n\t<meta property=\"og:image:width\" content=\"500\" \/>\n\t<meta property=\"og:image:height\" content=\"500\" \/>\n\t<meta property=\"og:image:type\" content=\"image\/png\" \/>\n<meta name=\"author\" content=\"Eva Z\u00e1labsk\u00e1\" \/>\n<meta name=\"twitter:card\" content=\"summary_large_image\" \/>\n<meta name=\"twitter:label1\" content=\"Napsal(a)\" \/>\n\t<meta name=\"twitter:data1\" content=\"Eva Z\u00e1labsk\u00e1\" \/>\n\t<meta name=\"twitter:label2\" content=\"Odhadovan\u00e1 doba \u010dten\u00ed\" \/>\n\t<meta name=\"twitter:data2\" content=\"1 minuta\" \/>\n<script type=\"application\/ld+json\" class=\"yoast-schema-graph\">{\"@context\":\"https:\/\/schema.org\",\"@graph\":[{\"@type\":\"WebPage\",\"@id\":\"https:\/\/www.ltcpardubice.cz\/?p=7618\",\"url\":\"https:\/\/www.ltcpardubice.cz\/?p=7618\",\"name\":\"Startuje kvalifikace na\u0161ich hr\u00e1\u010d\u016f na Pardubickou juniorku - LTC Pardubice\",\"isPartOf\":{\"@id\":\"https:\/\/www.ltcpardubice.cz\/#website\"},\"primaryImageOfPage\":{\"@id\":\"https:\/\/www.ltcpardubice.cz\/?p=7618#primaryimage\"},\"image\":{\"@id\":\"https:\/\/www.ltcpardubice.cz\/?p=7618#primaryimage\"},\"thumbnailUrl\":\"https:\/\/www.ltcpardubice.cz\/wp-content\/uploads\/2021\/07\/logo-pce-juniorka.png\",\"datePublished\":\"2025-06-23T17:04:36+00:00\",\"dateModified\":\"2025-06-23T17:04:38+00:00\",\"author\":{\"@id\":\"https:\/\/www.ltcpardubice.cz\/#\/schema\/person\/8f5f3a741b9adea57419864489f31541\"},\"breadcrumb\":{\"@id\":\"https:\/\/www.ltcpardubice.cz\/?p=7618#breadcrumb\"},\"inLanguage\":\"cs\",\"potentialAction\":[{\"@type\":\"ReadAction\",\"target\":[\"https:\/\/www.ltcpardubice.cz\/?p=7618\"]}]},{\"@type\":\"ImageObject\",\"inLanguage\":\"cs\",\"@id\":\"https:\/\/www.ltcpardubice.cz\/?p=7618#primaryimage\",\"url\":\"https:\/\/www.ltcpardubice.cz\/wp-content\/uploads\/2021\/07\/logo-pce-juniorka.png\",\"contentUrl\":\"https:\/\/www.ltcpardubice.cz\/wp-content\/uploads\/2021\/07\/logo-pce-juniorka.png\",\"width\":500,\"height\":500},{\"@type\":\"BreadcrumbList\",\"@id\":\"https:\/\/www.ltcpardubice.cz\/?p=7618#breadcrumb\",\"itemListElement\":[{\"@type\":\"ListItem\",\"position\":1,\"name\":\"Home\",\"item\":\"https:\/\/www.ltcpardubice.cz\/\"},{\"@type\":\"ListItem\",\"position\":2,\"name\":\"Startuje kvalifikace na\u0161ich hr\u00e1\u010d\u016f na Pardubickou juniorku\"}]},{\"@type\":\"WebSite\",\"@id\":\"https:\/\/www.ltcpardubice.cz\/#website\",\"url\":\"https:\/\/www.ltcpardubice.cz\/\",\"name\":\"LTC Pardubice\",\"description\":\"Str\u00e1nky tenisov\u00e9ho klubu LTC Pardubice\",\"potentialAction\":[{\"@type\":\"SearchAction\",\"target\":{\"@type\":\"EntryPoint\",\"urlTemplate\":\"https:\/\/www.ltcpardubice.cz\/?s={search_term_string}\"},\"query-input\":{\"@type\":\"PropertyValueSpecification\",\"valueRequired\":true,\"valueName\":\"search_term_string\"}}],\"inLanguage\":\"cs\"},{\"@type\":\"Person\",\"@id\":\"https:\/\/www.ltcpardubice.cz\/#\/schema\/person\/8f5f3a741b9adea57419864489f31541\",\"name\":\"Eva Z\u00e1labsk\u00e1\",\"image\":{\"@type\":\"ImageObject\",\"inLanguage\":\"cs\",\"@id\":\"https:\/\/www.ltcpardubice.cz\/#\/schema\/person\/image\/\",\"url\":\"https:\/\/secure.gravatar.com\/avatar\/fece9555d8859e0080e4a5ae7edcc925?s=96&d=mm&r=g\",\"contentUrl\":\"https:\/\/secure.gravatar.com\/avatar\/fece9555d8859e0080e4a5ae7edcc925?s=96&d=mm&r=g\",\"caption\":\"Eva Z\u00e1labsk\u00e1\"},\"url\":\"https:\/\/www.ltcpardubice.cz\/?author=2\"}]}<\/script>\n<!-- \/ Yoast SEO plugin. -->","yoast_head_json":{"title":"Startuje kvalifikace na\u0161ich hr\u00e1\u010d\u016f na Pardubickou juniorku - LTC Pardubice","robots":{"index":"index","follow":"follow","max-snippet":"max-snippet:-1","max-image-preview":"max-image-preview:large","max-video-preview":"max-video-preview:-1"},"canonical":"https:\/\/www.ltcpardubice.cz\/?p=7618","og_locale":"cs_CZ","og_type":"article","og_title":"Startuje kvalifikace na\u0161ich hr\u00e1\u010d\u016f na Pardubickou juniorku - LTC Pardubice","og_description":"Z OP p\u0159ebor\u016f dorostu na M\u010cR Pardubickou juniorku nikdo nepostoupil p\u0159\u00edmo. V\u00fdbor klubu rozhodnul o \u00fa\u010dastn\u00edc\u00edch kvalifikace o kartu na PJ. Chlapci: Dym\u00e1k, \u0160mejc, Dr\u00e1pela, Vaverka, Pelik\u00e1n, Novotn\u00fd M, Novotn\u00fd J, Star\u00fd. D\u00edvky: Shejbalov\u00e1, \u0158\u00edhov\u00e1, Honigov\u00e1, Gottvaldov\u00e1, Mudrochov\u00e1, Sv\u011bd\u00edkov\u00e1. Karta je pro klub ofici\u00e1ln\u011b 1, je mo\u017en\u00e9, \u017ee se v n\u011bkter\u00e9 z kategori\u00ed je\u0161t\u011b 1 [&hellip;]","og_url":"https:\/\/www.ltcpardubice.cz\/?p=7618","og_site_name":"LTC Pardubice","article_published_time":"2025-06-23T17:04:36+00:00","article_modified_time":"2025-06-23T17:04:38+00:00","og_image":[{"width":500,"height":500,"url":"https:\/\/www.ltcpardubice.cz\/wp-content\/uploads\/2021\/07\/logo-pce-juniorka.png","type":"image\/png"}],"author":"Eva Z\u00e1labsk\u00e1","twitter_card":"summary_large_image","twitter_misc":{"Napsal(a)":"Eva Z\u00e1labsk\u00e1","Odhadovan\u00e1 doba \u010dten\u00ed":"1 minuta"},"schema":{"@context":"https:\/\/schema.org","@graph":[{"@type":"WebPage","@id":"https:\/\/www.ltcpardubice.cz\/?p=7618","url":"https:\/\/www.ltcpardubice.cz\/?p=7618","name":"Startuje kvalifikace na\u0161ich hr\u00e1\u010d\u016f na Pardubickou juniorku - LTC Pardubice","isPartOf":{"@id":"https:\/\/www.ltcpardubice.cz\/#website"},"primaryImageOfPage":{"@id":"https:\/\/www.ltcpardubice.cz\/?p=7618#primaryimage"},"image":{"@id":"https:\/\/www.ltcpardubice.cz\/?p=7618#primaryimage"},"thumbnailUrl":"https:\/\/www.ltcpardubice.cz\/wp-content\/uploads\/2021\/07\/logo-pce-juniorka.png","datePublished":"2025-06-23T17:04:36+00:00","dateModified":"2025-06-23T17:04:38+00:00","author":{"@id":"https:\/\/www.ltcpardubice.cz\/#\/schema\/person\/8f5f3a741b9adea57419864489f31541"},"breadcrumb":{"@id":"https:\/\/www.ltcpardubice.cz\/?p=7618#breadcrumb"},"inLanguage":"cs","potentialAction":[{"@type":"ReadAction","target":["https:\/\/www.ltcpardubice.cz\/?p=7618"]}]},{"@type":"ImageObject","inLanguage":"cs","@id":"https:\/\/www.ltcpardubice.cz\/?p=7618#primaryimage","url":"https:\/\/www.ltcpardubice.cz\/wp-content\/uploads\/2021\/07\/logo-pce-juniorka.png","contentUrl":"https:\/\/www.ltcpardubice.cz\/wp-content\/uploads\/2021\/07\/logo-pce-juniorka.png","width":500,"height":500},{"@type":"BreadcrumbList","@id":"https:\/\/www.ltcpardubice.cz\/?p=7618#breadcrumb","itemListElement":[{"@type":"ListItem","position":1,"name":"Home","item":"https:\/\/www.ltcpardubice.cz\/"},{"@type":"ListItem","position":2,"name":"Startuje kvalifikace na\u0161ich hr\u00e1\u010d\u016f na Pardubickou juniorku"}]},{"@type":"WebSite","@id":"https:\/\/www.ltcpardubice.cz\/#website","url":"https:\/\/www.ltcpardubice.cz\/","name":"LTC Pardubice","description":"Str\u00e1nky tenisov\u00e9ho klubu LTC Pardubice","potentialAction":[{"@type":"SearchAction","target":{"@type":"EntryPoint","urlTemplate":"https:\/\/www.ltcpardubice.cz\/?s={search_term_string}"},"query-input":{"@type":"PropertyValueSpecification","valueRequired":true,"valueName":"search_term_string"}}],"inLanguage":"cs"},{"@type":"Person","@id":"https:\/\/www.ltcpardubice.cz\/#\/schema\/person\/8f5f3a741b9adea57419864489f31541","name":"Eva Z\u00e1labsk\u00e1","image":{"@type":"ImageObject","inLanguage":"cs","@id":"https:\/\/www.ltcpardubice.cz\/#\/schema\/person\/image\/","url":"https:\/\/secure.gravatar.com\/avatar\/fece9555d8859e0080e4a5ae7edcc925?s=96&d=mm&r=g","contentUrl":"https:\/\/secure.gravatar.com\/avatar\/fece9555d8859e0080e4a5ae7edcc925?s=96&d=mm&r=g","caption":"Eva Z\u00e1labsk\u00e1"},"url":"https:\/\/www.ltcpardubice.cz\/?author=2"}]}},"brizy_media":[],"_links":{"self":[{"href":"https:\/\/www.ltcpardubice.cz\/index.php?rest_route=\/wp\/v2\/posts\/7618"}],"collection":[{"href":"https:\/\/www.ltcpardubice.cz\/index.php?rest_route=\/wp\/v2\/posts"}],"about":[{"href":"https:\/\/www.ltcpardubice.cz\/index.php?rest_route=\/wp\/v2\/types\/post"}],"author":[{"embeddable":true,"href":"https:\/\/www.ltcpardubice.cz\/index.php?rest_route=\/wp\/v2\/users\/2"}],"replies":[{"embeddable":true,"href":"https:\/\/www.ltcpardubice.cz\/index.php?rest_route=%2Fwp%2Fv2%2Fcomments&post=7618"}],"version-history":[{"count":1,"href":"https:\/\/www.ltcpardubice.cz\/index.php?rest_route=\/wp\/v2\/posts\/7618\/revisions"}],"predecessor-version":[{"id":7619,"href":"https:\/\/www.ltcpardubice.cz\/index.php?rest_route=\/wp\/v2\/posts\/7618\/revisions\/7619"}],"wp:featuredmedia":[{"embeddable":true,"href":"https:\/\/www.ltcpardubice.cz\/index.php?rest_route=\/wp\/v2\/media\/6824"}],"wp:attachment":[{"href":"https:\/\/www.ltcpardubice.cz\/index.php?rest_route=%2Fwp%2Fv2%2Fmedia&parent=7618"}],"wp:term":[{"taxonomy":"category","embeddable":true,"href":"https:\/\/www.ltcpardubice.cz\/index.php?rest_route=%2Fwp%2Fv2%2Fcategories&post=7618"},{"taxonomy":"post_tag","embeddable":true,"href":"https:\/\/www.ltcpardubice.cz\/index.php?rest_route=%2Fwp%2Fv2%2Ftags&post=7618"}],"curies":[{"name":"wp","href":"https:\/\/api.w.org\/{rel}","templated":true}]}}