{"id":7632,"date":"2025-07-28T17:47:33","date_gmt":"2025-07-28T17:47:33","guid":{"rendered":"https:\/\/www.ltcpardubice.cz\/?p=7632"},"modified":"2025-07-28T17:48:06","modified_gmt":"2025-07-28T17:48:06","slug":"cervencove-turnaje-nasich-hracu-2","status":"publish","type":"post","link":"https:\/\/www.ltcpardubice.cz\/?p=7632","title":{"rendered":"\u010cervencov\u00e9 turnaje na\u0161ich hr\u00e1\u010d\u016f"},"content":{"rendered":"\n<p><strong>A. Gottvaldov\u00e1<\/strong> zahr\u00e1la v\u00fdborn\u00fd turnaj kategorie ETA do 14 let ve \u0161v\u00fdcarsk\u00e9m Luganu. Ve dvouh\u0159e i \u010dty\u0159h\u0159e do\u0161la a\u017e do fin\u00e1le.V semifin\u00e1le porazila 1. nasazenou \u0160v\u00fdcarku Falkenberg 7\/5 6\/1, ve fin\u00e1le nesta\u010dila na Italku Mazzarellu, kter\u00e9 podlehla 2\/6 2\/6. Ve \u010dty\u0159h\u0159e prohr\u00e1la ve fin\u00e1le s 1. nasazen\u00fdm p\u00e1rem Arpa, Falkenberg 2\/6 3\/6. <strong>D. \u0160mejc<\/strong> uhr\u00e1l na B turnaji dorostu na Hamru K8 ve dvouh\u0159e \u010dtvrtfin\u00e1le, ve \u010dty\u0159h\u0159e spolu s Krechlerem slavili v\u00edt\u011bzstv\u00ed. Na C turnaji v Krom\u011b\u0159\u00ed\u017ei K6 byl ve dvoh\u0159e ve \u010dtvrtfin\u00e1le a ve \u010dty\u0159h\u0159e v semifin\u00e1le.<\/p>\n\n\n\n<p><\/p>\n","protected":false},"excerpt":{"rendered":"<p>A. Gottvaldov\u00e1 zahr\u00e1la v\u00fdborn\u00fd turnaj kategorie ETA do 14 let ve \u0161v\u00fdcarsk\u00e9m Luganu. Ve dvouh\u0159e i \u010dty\u0159h\u0159e do\u0161la a\u017e do fin\u00e1le.V semifin\u00e1le porazila 1. nasazenou \u0160v\u00fdcarku Falkenberg 7\/5 6\/1, ve fin\u00e1le nesta\u010dila na Italku Mazzarellu, kter\u00e9 podlehla 2\/6 2\/6. Ve \u010dty\u0159h\u0159e prohr\u00e1la ve fin\u00e1le s 1. nasazen\u00fdm p\u00e1rem Arpa, Falkenberg 2\/6 3\/6. D. \u0160mejc uhr\u00e1l [&hellip;]<\/p>\n","protected":false},"author":2,"featured_media":7633,"comment_status":"open","ping_status":"open","sticky":false,"template":"","format":"standard","meta":{"_monsterinsights_skip_tracking":false,"_monsterinsights_sitenote_active":false,"_monsterinsights_sitenote_note":"","_monsterinsights_sitenote_category":0,"footnotes":""},"categories":[10],"tags":[],"yoast_head":"<!-- This site is optimized with the Yoast SEO plugin v24.5 - https:\/\/yoast.com\/wordpress\/plugins\/seo\/ -->\n<title>\u010cervencov\u00e9 turnaje na\u0161ich hr\u00e1\u010d\u016f - LTC Pardubice<\/title>\n<meta name=\"robots\" content=\"index, follow, max-snippet:-1, max-image-preview:large, max-video-preview:-1\" \/>\n<link rel=\"canonical\" href=\"https:\/\/www.ltcpardubice.cz\/?p=7632\" \/>\n<meta property=\"og:locale\" content=\"cs_CZ\" \/>\n<meta property=\"og:type\" content=\"article\" \/>\n<meta property=\"og:title\" content=\"\u010cervencov\u00e9 turnaje na\u0161ich hr\u00e1\u010d\u016f - LTC Pardubice\" \/>\n<meta property=\"og:description\" content=\"A. Gottvaldov\u00e1 zahr\u00e1la v\u00fdborn\u00fd turnaj kategorie ETA do 14 let ve \u0161v\u00fdcarsk\u00e9m Luganu. Ve dvouh\u0159e i \u010dty\u0159h\u0159e do\u0161la a\u017e do fin\u00e1le.V semifin\u00e1le porazila 1. nasazenou \u0160v\u00fdcarku Falkenberg 7\/5 6\/1, ve fin\u00e1le nesta\u010dila na Italku Mazzarellu, kter\u00e9 podlehla 2\/6 2\/6. Ve \u010dty\u0159h\u0159e prohr\u00e1la ve fin\u00e1le s 1. nasazen\u00fdm p\u00e1rem Arpa, Falkenberg 2\/6 3\/6. D. \u0160mejc uhr\u00e1l [&hellip;]\" \/>\n<meta property=\"og:url\" content=\"https:\/\/www.ltcpardubice.cz\/?p=7632\" \/>\n<meta property=\"og:site_name\" content=\"LTC Pardubice\" \/>\n<meta property=\"article:published_time\" content=\"2025-07-28T17:47:33+00:00\" \/>\n<meta property=\"article:modified_time\" content=\"2025-07-28T17:48:06+00:00\" \/>\n<meta property=\"og:image\" content=\"https:\/\/www.ltcpardubice.cz\/wp-content\/uploads\/2025\/07\/GottLugupraveno.png\" \/>\n\t<meta property=\"og:image:width\" content=\"355\" \/>\n\t<meta property=\"og:image:height\" content=\"251\" \/>\n\t<meta property=\"og:image:type\" content=\"image\/png\" \/>\n<meta name=\"author\" content=\"Eva Z\u00e1labsk\u00e1\" \/>\n<meta name=\"twitter:card\" content=\"summary_large_image\" \/>\n<meta name=\"twitter:label1\" content=\"Napsal(a)\" \/>\n\t<meta name=\"twitter:data1\" content=\"Eva Z\u00e1labsk\u00e1\" \/>\n\t<meta name=\"twitter:label2\" content=\"Odhadovan\u00e1 doba \u010dten\u00ed\" \/>\n\t<meta name=\"twitter:data2\" content=\"1 minuta\" \/>\n<script type=\"application\/ld+json\" class=\"yoast-schema-graph\">{\"@context\":\"https:\/\/schema.org\",\"@graph\":[{\"@type\":\"WebPage\",\"@id\":\"https:\/\/www.ltcpardubice.cz\/?p=7632\",\"url\":\"https:\/\/www.ltcpardubice.cz\/?p=7632\",\"name\":\"\u010cervencov\u00e9 turnaje na\u0161ich hr\u00e1\u010d\u016f - LTC Pardubice\",\"isPartOf\":{\"@id\":\"https:\/\/www.ltcpardubice.cz\/#website\"},\"primaryImageOfPage\":{\"@id\":\"https:\/\/www.ltcpardubice.cz\/?p=7632#primaryimage\"},\"image\":{\"@id\":\"https:\/\/www.ltcpardubice.cz\/?p=7632#primaryimage\"},\"thumbnailUrl\":\"https:\/\/www.ltcpardubice.cz\/wp-content\/uploads\/2025\/07\/GottLugupraveno.png\",\"datePublished\":\"2025-07-28T17:47:33+00:00\",\"dateModified\":\"2025-07-28T17:48:06+00:00\",\"author\":{\"@id\":\"https:\/\/www.ltcpardubice.cz\/#\/schema\/person\/8f5f3a741b9adea57419864489f31541\"},\"breadcrumb\":{\"@id\":\"https:\/\/www.ltcpardubice.cz\/?p=7632#breadcrumb\"},\"inLanguage\":\"cs\",\"potentialAction\":[{\"@type\":\"ReadAction\",\"target\":[\"https:\/\/www.ltcpardubice.cz\/?p=7632\"]}]},{\"@type\":\"ImageObject\",\"inLanguage\":\"cs\",\"@id\":\"https:\/\/www.ltcpardubice.cz\/?p=7632#primaryimage\",\"url\":\"https:\/\/www.ltcpardubice.cz\/wp-content\/uploads\/2025\/07\/GottLugupraveno.png\",\"contentUrl\":\"https:\/\/www.ltcpardubice.cz\/wp-content\/uploads\/2025\/07\/GottLugupraveno.png\",\"width\":355,\"height\":251},{\"@type\":\"BreadcrumbList\",\"@id\":\"https:\/\/www.ltcpardubice.cz\/?p=7632#breadcrumb\",\"itemListElement\":[{\"@type\":\"ListItem\",\"position\":1,\"name\":\"Home\",\"item\":\"https:\/\/www.ltcpardubice.cz\/\"},{\"@type\":\"ListItem\",\"position\":2,\"name\":\"\u010cervencov\u00e9 turnaje na\u0161ich hr\u00e1\u010d\u016f\"}]},{\"@type\":\"WebSite\",\"@id\":\"https:\/\/www.ltcpardubice.cz\/#website\",\"url\":\"https:\/\/www.ltcpardubice.cz\/\",\"name\":\"LTC Pardubice\",\"description\":\"Str\u00e1nky tenisov\u00e9ho klubu LTC Pardubice\",\"potentialAction\":[{\"@type\":\"SearchAction\",\"target\":{\"@type\":\"EntryPoint\",\"urlTemplate\":\"https:\/\/www.ltcpardubice.cz\/?s={search_term_string}\"},\"query-input\":{\"@type\":\"PropertyValueSpecification\",\"valueRequired\":true,\"valueName\":\"search_term_string\"}}],\"inLanguage\":\"cs\"},{\"@type\":\"Person\",\"@id\":\"https:\/\/www.ltcpardubice.cz\/#\/schema\/person\/8f5f3a741b9adea57419864489f31541\",\"name\":\"Eva Z\u00e1labsk\u00e1\",\"image\":{\"@type\":\"ImageObject\",\"inLanguage\":\"cs\",\"@id\":\"https:\/\/www.ltcpardubice.cz\/#\/schema\/person\/image\/\",\"url\":\"https:\/\/secure.gravatar.com\/avatar\/fece9555d8859e0080e4a5ae7edcc925?s=96&d=mm&r=g\",\"contentUrl\":\"https:\/\/secure.gravatar.com\/avatar\/fece9555d8859e0080e4a5ae7edcc925?s=96&d=mm&r=g\",\"caption\":\"Eva Z\u00e1labsk\u00e1\"},\"url\":\"https:\/\/www.ltcpardubice.cz\/?author=2\"}]}<\/script>\n<!-- \/ Yoast SEO plugin. -->","yoast_head_json":{"title":"\u010cervencov\u00e9 turnaje na\u0161ich hr\u00e1\u010d\u016f - LTC Pardubice","robots":{"index":"index","follow":"follow","max-snippet":"max-snippet:-1","max-image-preview":"max-image-preview:large","max-video-preview":"max-video-preview:-1"},"canonical":"https:\/\/www.ltcpardubice.cz\/?p=7632","og_locale":"cs_CZ","og_type":"article","og_title":"\u010cervencov\u00e9 turnaje na\u0161ich hr\u00e1\u010d\u016f - LTC Pardubice","og_description":"A. Gottvaldov\u00e1 zahr\u00e1la v\u00fdborn\u00fd turnaj kategorie ETA do 14 let ve \u0161v\u00fdcarsk\u00e9m Luganu. Ve dvouh\u0159e i \u010dty\u0159h\u0159e do\u0161la a\u017e do fin\u00e1le.V semifin\u00e1le porazila 1. nasazenou \u0160v\u00fdcarku Falkenberg 7\/5 6\/1, ve fin\u00e1le nesta\u010dila na Italku Mazzarellu, kter\u00e9 podlehla 2\/6 2\/6. Ve \u010dty\u0159h\u0159e prohr\u00e1la ve fin\u00e1le s 1. nasazen\u00fdm p\u00e1rem Arpa, Falkenberg 2\/6 3\/6. D. \u0160mejc uhr\u00e1l [&hellip;]","og_url":"https:\/\/www.ltcpardubice.cz\/?p=7632","og_site_name":"LTC Pardubice","article_published_time":"2025-07-28T17:47:33+00:00","article_modified_time":"2025-07-28T17:48:06+00:00","og_image":[{"width":355,"height":251,"url":"https:\/\/www.ltcpardubice.cz\/wp-content\/uploads\/2025\/07\/GottLugupraveno.png","type":"image\/png"}],"author":"Eva Z\u00e1labsk\u00e1","twitter_card":"summary_large_image","twitter_misc":{"Napsal(a)":"Eva Z\u00e1labsk\u00e1","Odhadovan\u00e1 doba \u010dten\u00ed":"1 minuta"},"schema":{"@context":"https:\/\/schema.org","@graph":[{"@type":"WebPage","@id":"https:\/\/www.ltcpardubice.cz\/?p=7632","url":"https:\/\/www.ltcpardubice.cz\/?p=7632","name":"\u010cervencov\u00e9 turnaje na\u0161ich hr\u00e1\u010d\u016f - LTC Pardubice","isPartOf":{"@id":"https:\/\/www.ltcpardubice.cz\/#website"},"primaryImageOfPage":{"@id":"https:\/\/www.ltcpardubice.cz\/?p=7632#primaryimage"},"image":{"@id":"https:\/\/www.ltcpardubice.cz\/?p=7632#primaryimage"},"thumbnailUrl":"https:\/\/www.ltcpardubice.cz\/wp-content\/uploads\/2025\/07\/GottLugupraveno.png","datePublished":"2025-07-28T17:47:33+00:00","dateModified":"2025-07-28T17:48:06+00:00","author":{"@id":"https:\/\/www.ltcpardubice.cz\/#\/schema\/person\/8f5f3a741b9adea57419864489f31541"},"breadcrumb":{"@id":"https:\/\/www.ltcpardubice.cz\/?p=7632#breadcrumb"},"inLanguage":"cs","potentialAction":[{"@type":"ReadAction","target":["https:\/\/www.ltcpardubice.cz\/?p=7632"]}]},{"@type":"ImageObject","inLanguage":"cs","@id":"https:\/\/www.ltcpardubice.cz\/?p=7632#primaryimage","url":"https:\/\/www.ltcpardubice.cz\/wp-content\/uploads\/2025\/07\/GottLugupraveno.png","contentUrl":"https:\/\/www.ltcpardubice.cz\/wp-content\/uploads\/2025\/07\/GottLugupraveno.png","width":355,"height":251},{"@type":"BreadcrumbList","@id":"https:\/\/www.ltcpardubice.cz\/?p=7632#breadcrumb","itemListElement":[{"@type":"ListItem","position":1,"name":"Home","item":"https:\/\/www.ltcpardubice.cz\/"},{"@type":"ListItem","position":2,"name":"\u010cervencov\u00e9 turnaje na\u0161ich hr\u00e1\u010d\u016f"}]},{"@type":"WebSite","@id":"https:\/\/www.ltcpardubice.cz\/#website","url":"https:\/\/www.ltcpardubice.cz\/","name":"LTC Pardubice","description":"Str\u00e1nky tenisov\u00e9ho klubu LTC Pardubice","potentialAction":[{"@type":"SearchAction","target":{"@type":"EntryPoint","urlTemplate":"https:\/\/www.ltcpardubice.cz\/?s={search_term_string}"},"query-input":{"@type":"PropertyValueSpecification","valueRequired":true,"valueName":"search_term_string"}}],"inLanguage":"cs"},{"@type":"Person","@id":"https:\/\/www.ltcpardubice.cz\/#\/schema\/person\/8f5f3a741b9adea57419864489f31541","name":"Eva Z\u00e1labsk\u00e1","image":{"@type":"ImageObject","inLanguage":"cs","@id":"https:\/\/www.ltcpardubice.cz\/#\/schema\/person\/image\/","url":"https:\/\/secure.gravatar.com\/avatar\/fece9555d8859e0080e4a5ae7edcc925?s=96&d=mm&r=g","contentUrl":"https:\/\/secure.gravatar.com\/avatar\/fece9555d8859e0080e4a5ae7edcc925?s=96&d=mm&r=g","caption":"Eva Z\u00e1labsk\u00e1"},"url":"https:\/\/www.ltcpardubice.cz\/?author=2"}]}},"brizy_media":[],"_links":{"self":[{"href":"https:\/\/www.ltcpardubice.cz\/index.php?rest_route=\/wp\/v2\/posts\/7632"}],"collection":[{"href":"https:\/\/www.ltcpardubice.cz\/index.php?rest_route=\/wp\/v2\/posts"}],"about":[{"href":"https:\/\/www.ltcpardubice.cz\/index.php?rest_route=\/wp\/v2\/types\/post"}],"author":[{"embeddable":true,"href":"https:\/\/www.ltcpardubice.cz\/index.php?rest_route=\/wp\/v2\/users\/2"}],"replies":[{"embeddable":true,"href":"https:\/\/www.ltcpardubice.cz\/index.php?rest_route=%2Fwp%2Fv2%2Fcomments&post=7632"}],"version-history":[{"count":1,"href":"https:\/\/www.ltcpardubice.cz\/index.php?rest_route=\/wp\/v2\/posts\/7632\/revisions"}],"predecessor-version":[{"id":7634,"href":"https:\/\/www.ltcpardubice.cz\/index.php?rest_route=\/wp\/v2\/posts\/7632\/revisions\/7634"}],"wp:featuredmedia":[{"embeddable":true,"href":"https:\/\/www.ltcpardubice.cz\/index.php?rest_route=\/wp\/v2\/media\/7633"}],"wp:attachment":[{"href":"https:\/\/www.ltcpardubice.cz\/index.php?rest_route=%2Fwp%2Fv2%2Fmedia&parent=7632"}],"wp:term":[{"taxonomy":"category","embeddable":true,"href":"https:\/\/www.ltcpardubice.cz\/index.php?rest_route=%2Fwp%2Fv2%2Fcategories&post=7632"},{"taxonomy":"post_tag","embeddable":true,"href":"https:\/\/www.ltcpardubice.cz\/index.php?rest_route=%2Fwp%2Fv2%2Ftags&post=7632"}],"curies":[{"name":"wp","href":"https:\/\/api.w.org\/{rel}","templated":true}]}}