{"id":7635,"date":"2025-07-28T18:13:13","date_gmt":"2025-07-28T18:13:13","guid":{"rendered":"https:\/\/www.ltcpardubice.cz\/?p=7635"},"modified":"2025-07-28T18:13:14","modified_gmt":"2025-07-28T18:13:14","slug":"pardubicka-juniorka-9-8-2025-startuje-jiz-98-rocnik","status":"publish","type":"post","link":"https:\/\/www.ltcpardubice.cz\/?p=7635","title":{"rendered":"Pardubick\u00e1 juniorka &#8211; 9.8. 2025 startuje ji\u017e 98 ro\u010dn\u00edk"},"content":{"rendered":"\n<p>Mistrovstv\u00ed \u010cesk\u00e9 republiky dorostu &#8211; Pardubick\u00e1 juniorka se bl\u00ed\u017e\u00ed, odstartuje ji\u017e v sobotu 9.8. V kategorii dorostenc\u016f zat\u00edm podle p\u0159ihl\u00e1\u0161ek startuj\u00ed 3., 5. 6., 7., 10. dorostenec a dal\u0161\u00ed, jmenovit\u011b Dosko\u010dil, Petrofsk\u00fd, Chodora, Psota, Kus\u00fd a dal\u0161\u00ed. Tak uvid\u00edme, kdo se na dvorc\u00edch pod z\u00e1mkem objev\u00ed. V kategorii d\u011bv\u010dat jsou p\u0159ihl\u00e1\u0161en\u00e9 4.8. a od 10. m\u00edsta dal\u0161\u00ed: J. Kova\u010dkov\u00e1, Pa\u0161tikov\u00e1, Hejtm\u00e1nkov\u00e1, Such\u00e1, Slam\u011bn\u00edkov\u00e1 a dal\u0161\u00ed. Tak uvid\u00edme, co leto\u0161n\u00ed ro\u010dn\u00edk p\u0159inese. WC \u0159editele turnaje obdr\u017eeli Vaverka a Schovancov\u00e1, WC klubu LTC Pardubice Dr\u00e1pela a Shejbalov\u00e1. <\/p>\n","protected":false},"excerpt":{"rendered":"<p>Mistrovstv\u00ed \u010cesk\u00e9 republiky dorostu &#8211; Pardubick\u00e1 juniorka se bl\u00ed\u017e\u00ed, odstartuje ji\u017e v sobotu 9.8. V kategorii dorostenc\u016f zat\u00edm podle p\u0159ihl\u00e1\u0161ek startuj\u00ed 3., 5. 6., 7., 10. dorostenec a dal\u0161\u00ed, jmenovit\u011b Dosko\u010dil, Petrofsk\u00fd, Chodora, Psota, Kus\u00fd a dal\u0161\u00ed. Tak uvid\u00edme, kdo se na dvorc\u00edch pod z\u00e1mkem objev\u00ed. V kategorii d\u011bv\u010dat jsou p\u0159ihl\u00e1\u0161en\u00e9 4.8. a od 10. [&hellip;]<\/p>\n","protected":false},"author":2,"featured_media":6824,"comment_status":"open","ping_status":"open","sticky":false,"template":"","format":"standard","meta":{"_monsterinsights_skip_tracking":false,"_monsterinsights_sitenote_active":false,"_monsterinsights_sitenote_note":"","_monsterinsights_sitenote_category":0,"footnotes":""},"categories":[10],"tags":[],"yoast_head":"<!-- This site is optimized with the Yoast SEO plugin v24.5 - https:\/\/yoast.com\/wordpress\/plugins\/seo\/ -->\n<title>Pardubick\u00e1 juniorka - 9.8. 2025 startuje ji\u017e 98 ro\u010dn\u00edk - LTC Pardubice<\/title>\n<meta name=\"robots\" content=\"index, follow, max-snippet:-1, max-image-preview:large, max-video-preview:-1\" \/>\n<link rel=\"canonical\" href=\"https:\/\/www.ltcpardubice.cz\/?p=7635\" \/>\n<meta property=\"og:locale\" content=\"cs_CZ\" \/>\n<meta property=\"og:type\" content=\"article\" \/>\n<meta property=\"og:title\" content=\"Pardubick\u00e1 juniorka - 9.8. 2025 startuje ji\u017e 98 ro\u010dn\u00edk - LTC Pardubice\" \/>\n<meta property=\"og:description\" content=\"Mistrovstv\u00ed \u010cesk\u00e9 republiky dorostu &#8211; Pardubick\u00e1 juniorka se bl\u00ed\u017e\u00ed, odstartuje ji\u017e v sobotu 9.8. V kategorii dorostenc\u016f zat\u00edm podle p\u0159ihl\u00e1\u0161ek startuj\u00ed 3., 5. 6., 7., 10. dorostenec a dal\u0161\u00ed, jmenovit\u011b Dosko\u010dil, Petrofsk\u00fd, Chodora, Psota, Kus\u00fd a dal\u0161\u00ed. Tak uvid\u00edme, kdo se na dvorc\u00edch pod z\u00e1mkem objev\u00ed. V kategorii d\u011bv\u010dat jsou p\u0159ihl\u00e1\u0161en\u00e9 4.8. a od 10. [&hellip;]\" \/>\n<meta property=\"og:url\" content=\"https:\/\/www.ltcpardubice.cz\/?p=7635\" \/>\n<meta property=\"og:site_name\" content=\"LTC Pardubice\" \/>\n<meta property=\"article:published_time\" content=\"2025-07-28T18:13:13+00:00\" \/>\n<meta property=\"article:modified_time\" content=\"2025-07-28T18:13:14+00:00\" \/>\n<meta property=\"og:image\" content=\"https:\/\/www.ltcpardubice.cz\/wp-content\/uploads\/2021\/07\/logo-pce-juniorka.png\" \/>\n\t<meta property=\"og:image:width\" content=\"500\" \/>\n\t<meta property=\"og:image:height\" content=\"500\" \/>\n\t<meta property=\"og:image:type\" content=\"image\/png\" \/>\n<meta name=\"author\" content=\"Eva Z\u00e1labsk\u00e1\" \/>\n<meta name=\"twitter:card\" content=\"summary_large_image\" \/>\n<meta name=\"twitter:label1\" content=\"Napsal(a)\" \/>\n\t<meta name=\"twitter:data1\" content=\"Eva Z\u00e1labsk\u00e1\" \/>\n\t<meta name=\"twitter:label2\" content=\"Odhadovan\u00e1 doba \u010dten\u00ed\" \/>\n\t<meta name=\"twitter:data2\" content=\"1 minuta\" \/>\n<script type=\"application\/ld+json\" class=\"yoast-schema-graph\">{\"@context\":\"https:\/\/schema.org\",\"@graph\":[{\"@type\":\"WebPage\",\"@id\":\"https:\/\/www.ltcpardubice.cz\/?p=7635\",\"url\":\"https:\/\/www.ltcpardubice.cz\/?p=7635\",\"name\":\"Pardubick\u00e1 juniorka - 9.8. 2025 startuje ji\u017e 98 ro\u010dn\u00edk - LTC Pardubice\",\"isPartOf\":{\"@id\":\"https:\/\/www.ltcpardubice.cz\/#website\"},\"primaryImageOfPage\":{\"@id\":\"https:\/\/www.ltcpardubice.cz\/?p=7635#primaryimage\"},\"image\":{\"@id\":\"https:\/\/www.ltcpardubice.cz\/?p=7635#primaryimage\"},\"thumbnailUrl\":\"https:\/\/www.ltcpardubice.cz\/wp-content\/uploads\/2021\/07\/logo-pce-juniorka.png\",\"datePublished\":\"2025-07-28T18:13:13+00:00\",\"dateModified\":\"2025-07-28T18:13:14+00:00\",\"author\":{\"@id\":\"https:\/\/www.ltcpardubice.cz\/#\/schema\/person\/8f5f3a741b9adea57419864489f31541\"},\"breadcrumb\":{\"@id\":\"https:\/\/www.ltcpardubice.cz\/?p=7635#breadcrumb\"},\"inLanguage\":\"cs\",\"potentialAction\":[{\"@type\":\"ReadAction\",\"target\":[\"https:\/\/www.ltcpardubice.cz\/?p=7635\"]}]},{\"@type\":\"ImageObject\",\"inLanguage\":\"cs\",\"@id\":\"https:\/\/www.ltcpardubice.cz\/?p=7635#primaryimage\",\"url\":\"https:\/\/www.ltcpardubice.cz\/wp-content\/uploads\/2021\/07\/logo-pce-juniorka.png\",\"contentUrl\":\"https:\/\/www.ltcpardubice.cz\/wp-content\/uploads\/2021\/07\/logo-pce-juniorka.png\",\"width\":500,\"height\":500},{\"@type\":\"BreadcrumbList\",\"@id\":\"https:\/\/www.ltcpardubice.cz\/?p=7635#breadcrumb\",\"itemListElement\":[{\"@type\":\"ListItem\",\"position\":1,\"name\":\"Home\",\"item\":\"https:\/\/www.ltcpardubice.cz\/\"},{\"@type\":\"ListItem\",\"position\":2,\"name\":\"Pardubick\u00e1 juniorka &#8211; 9.8. 2025 startuje ji\u017e 98 ro\u010dn\u00edk\"}]},{\"@type\":\"WebSite\",\"@id\":\"https:\/\/www.ltcpardubice.cz\/#website\",\"url\":\"https:\/\/www.ltcpardubice.cz\/\",\"name\":\"LTC Pardubice\",\"description\":\"Str\u00e1nky tenisov\u00e9ho klubu LTC Pardubice\",\"potentialAction\":[{\"@type\":\"SearchAction\",\"target\":{\"@type\":\"EntryPoint\",\"urlTemplate\":\"https:\/\/www.ltcpardubice.cz\/?s={search_term_string}\"},\"query-input\":{\"@type\":\"PropertyValueSpecification\",\"valueRequired\":true,\"valueName\":\"search_term_string\"}}],\"inLanguage\":\"cs\"},{\"@type\":\"Person\",\"@id\":\"https:\/\/www.ltcpardubice.cz\/#\/schema\/person\/8f5f3a741b9adea57419864489f31541\",\"name\":\"Eva Z\u00e1labsk\u00e1\",\"image\":{\"@type\":\"ImageObject\",\"inLanguage\":\"cs\",\"@id\":\"https:\/\/www.ltcpardubice.cz\/#\/schema\/person\/image\/\",\"url\":\"https:\/\/secure.gravatar.com\/avatar\/fece9555d8859e0080e4a5ae7edcc925?s=96&d=mm&r=g\",\"contentUrl\":\"https:\/\/secure.gravatar.com\/avatar\/fece9555d8859e0080e4a5ae7edcc925?s=96&d=mm&r=g\",\"caption\":\"Eva Z\u00e1labsk\u00e1\"},\"url\":\"https:\/\/www.ltcpardubice.cz\/?author=2\"}]}<\/script>\n<!-- \/ Yoast SEO plugin. -->","yoast_head_json":{"title":"Pardubick\u00e1 juniorka - 9.8. 2025 startuje ji\u017e 98 ro\u010dn\u00edk - LTC Pardubice","robots":{"index":"index","follow":"follow","max-snippet":"max-snippet:-1","max-image-preview":"max-image-preview:large","max-video-preview":"max-video-preview:-1"},"canonical":"https:\/\/www.ltcpardubice.cz\/?p=7635","og_locale":"cs_CZ","og_type":"article","og_title":"Pardubick\u00e1 juniorka - 9.8. 2025 startuje ji\u017e 98 ro\u010dn\u00edk - LTC Pardubice","og_description":"Mistrovstv\u00ed \u010cesk\u00e9 republiky dorostu &#8211; Pardubick\u00e1 juniorka se bl\u00ed\u017e\u00ed, odstartuje ji\u017e v sobotu 9.8. V kategorii dorostenc\u016f zat\u00edm podle p\u0159ihl\u00e1\u0161ek startuj\u00ed 3., 5. 6., 7., 10. dorostenec a dal\u0161\u00ed, jmenovit\u011b Dosko\u010dil, Petrofsk\u00fd, Chodora, Psota, Kus\u00fd a dal\u0161\u00ed. Tak uvid\u00edme, kdo se na dvorc\u00edch pod z\u00e1mkem objev\u00ed. V kategorii d\u011bv\u010dat jsou p\u0159ihl\u00e1\u0161en\u00e9 4.8. a od 10. [&hellip;]","og_url":"https:\/\/www.ltcpardubice.cz\/?p=7635","og_site_name":"LTC Pardubice","article_published_time":"2025-07-28T18:13:13+00:00","article_modified_time":"2025-07-28T18:13:14+00:00","og_image":[{"width":500,"height":500,"url":"https:\/\/www.ltcpardubice.cz\/wp-content\/uploads\/2021\/07\/logo-pce-juniorka.png","type":"image\/png"}],"author":"Eva Z\u00e1labsk\u00e1","twitter_card":"summary_large_image","twitter_misc":{"Napsal(a)":"Eva Z\u00e1labsk\u00e1","Odhadovan\u00e1 doba \u010dten\u00ed":"1 minuta"},"schema":{"@context":"https:\/\/schema.org","@graph":[{"@type":"WebPage","@id":"https:\/\/www.ltcpardubice.cz\/?p=7635","url":"https:\/\/www.ltcpardubice.cz\/?p=7635","name":"Pardubick\u00e1 juniorka - 9.8. 2025 startuje ji\u017e 98 ro\u010dn\u00edk - LTC Pardubice","isPartOf":{"@id":"https:\/\/www.ltcpardubice.cz\/#website"},"primaryImageOfPage":{"@id":"https:\/\/www.ltcpardubice.cz\/?p=7635#primaryimage"},"image":{"@id":"https:\/\/www.ltcpardubice.cz\/?p=7635#primaryimage"},"thumbnailUrl":"https:\/\/www.ltcpardubice.cz\/wp-content\/uploads\/2021\/07\/logo-pce-juniorka.png","datePublished":"2025-07-28T18:13:13+00:00","dateModified":"2025-07-28T18:13:14+00:00","author":{"@id":"https:\/\/www.ltcpardubice.cz\/#\/schema\/person\/8f5f3a741b9adea57419864489f31541"},"breadcrumb":{"@id":"https:\/\/www.ltcpardubice.cz\/?p=7635#breadcrumb"},"inLanguage":"cs","potentialAction":[{"@type":"ReadAction","target":["https:\/\/www.ltcpardubice.cz\/?p=7635"]}]},{"@type":"ImageObject","inLanguage":"cs","@id":"https:\/\/www.ltcpardubice.cz\/?p=7635#primaryimage","url":"https:\/\/www.ltcpardubice.cz\/wp-content\/uploads\/2021\/07\/logo-pce-juniorka.png","contentUrl":"https:\/\/www.ltcpardubice.cz\/wp-content\/uploads\/2021\/07\/logo-pce-juniorka.png","width":500,"height":500},{"@type":"BreadcrumbList","@id":"https:\/\/www.ltcpardubice.cz\/?p=7635#breadcrumb","itemListElement":[{"@type":"ListItem","position":1,"name":"Home","item":"https:\/\/www.ltcpardubice.cz\/"},{"@type":"ListItem","position":2,"name":"Pardubick\u00e1 juniorka &#8211; 9.8. 2025 startuje ji\u017e 98 ro\u010dn\u00edk"}]},{"@type":"WebSite","@id":"https:\/\/www.ltcpardubice.cz\/#website","url":"https:\/\/www.ltcpardubice.cz\/","name":"LTC Pardubice","description":"Str\u00e1nky tenisov\u00e9ho klubu LTC Pardubice","potentialAction":[{"@type":"SearchAction","target":{"@type":"EntryPoint","urlTemplate":"https:\/\/www.ltcpardubice.cz\/?s={search_term_string}"},"query-input":{"@type":"PropertyValueSpecification","valueRequired":true,"valueName":"search_term_string"}}],"inLanguage":"cs"},{"@type":"Person","@id":"https:\/\/www.ltcpardubice.cz\/#\/schema\/person\/8f5f3a741b9adea57419864489f31541","name":"Eva Z\u00e1labsk\u00e1","image":{"@type":"ImageObject","inLanguage":"cs","@id":"https:\/\/www.ltcpardubice.cz\/#\/schema\/person\/image\/","url":"https:\/\/secure.gravatar.com\/avatar\/fece9555d8859e0080e4a5ae7edcc925?s=96&d=mm&r=g","contentUrl":"https:\/\/secure.gravatar.com\/avatar\/fece9555d8859e0080e4a5ae7edcc925?s=96&d=mm&r=g","caption":"Eva Z\u00e1labsk\u00e1"},"url":"https:\/\/www.ltcpardubice.cz\/?author=2"}]}},"brizy_media":[],"_links":{"self":[{"href":"https:\/\/www.ltcpardubice.cz\/index.php?rest_route=\/wp\/v2\/posts\/7635"}],"collection":[{"href":"https:\/\/www.ltcpardubice.cz\/index.php?rest_route=\/wp\/v2\/posts"}],"about":[{"href":"https:\/\/www.ltcpardubice.cz\/index.php?rest_route=\/wp\/v2\/types\/post"}],"author":[{"embeddable":true,"href":"https:\/\/www.ltcpardubice.cz\/index.php?rest_route=\/wp\/v2\/users\/2"}],"replies":[{"embeddable":true,"href":"https:\/\/www.ltcpardubice.cz\/index.php?rest_route=%2Fwp%2Fv2%2Fcomments&post=7635"}],"version-history":[{"count":1,"href":"https:\/\/www.ltcpardubice.cz\/index.php?rest_route=\/wp\/v2\/posts\/7635\/revisions"}],"predecessor-version":[{"id":7636,"href":"https:\/\/www.ltcpardubice.cz\/index.php?rest_route=\/wp\/v2\/posts\/7635\/revisions\/7636"}],"wp:featuredmedia":[{"embeddable":true,"href":"https:\/\/www.ltcpardubice.cz\/index.php?rest_route=\/wp\/v2\/media\/6824"}],"wp:attachment":[{"href":"https:\/\/www.ltcpardubice.cz\/index.php?rest_route=%2Fwp%2Fv2%2Fmedia&parent=7635"}],"wp:term":[{"taxonomy":"category","embeddable":true,"href":"https:\/\/www.ltcpardubice.cz\/index.php?rest_route=%2Fwp%2Fv2%2Fcategories&post=7635"},{"taxonomy":"post_tag","embeddable":true,"href":"https:\/\/www.ltcpardubice.cz\/index.php?rest_route=%2Fwp%2Fv2%2Ftags&post=7635"}],"curies":[{"name":"wp","href":"https:\/\/api.w.org\/{rel}","templated":true}]}}