{"id":7638,"date":"2025-08-04T17:10:28","date_gmt":"2025-08-04T17:10:28","guid":{"rendered":"https:\/\/www.ltcpardubice.cz\/?p=7638"},"modified":"2025-08-04T17:10:30","modified_gmt":"2025-08-04T17:10:30","slug":"pardubicka-juniorka-kdo-ji-vyhraje-a-jak-si-povedou-zastupci-vychodnich-cech","status":"publish","type":"post","link":"https:\/\/www.ltcpardubice.cz\/?p=7638","title":{"rendered":"Pardubick\u00e1 juniorka &#8211; kdo ji vyhraje a jak si povedou z\u00e1stupci V\u00fdchodn\u00edch \u010cech?"},"content":{"rendered":"\n<p>Mistrovstv\u00ed \u010cR jednotlivc\u016f v kategorii star\u0161\u00edho dorostu \u2013 Pardubick\u00e1 juniorka 2025 se odehraje v term\u00ednu 9.-15. srpna v are\u00e1lu LTC Pardubice. Letos bude hodn\u011b omluvenek, tak\u017ee se m\u016f\u017eeme do\u010dkat p\u0159ekvapiv\u00e9ho v\u00edt\u011bze. Informace p\u0159evzaty z webu \u010cTS, autor L. B\u0159ezina.<\/p>\n\n\n\n<p>Poj\u010fme si nejd\u0159\u00edve \u0159\u00edci, kdo bude chyb\u011bt. Z chlapc\u016f je to Mrva, \u0160mejck\u00fd a Krej\u010d\u00ed. Mezi d\u00edvkami je omluvenek v\u00edce: Fruhvirtov\u00e1, Krej\u010dov\u00e1, Kova\u010dkov\u00e1 Jana, Kova\u010dkov\u00e1 Alena, Samsonov\u00e1, Valdmannov\u00e1, Fajmonov\u00e1.<br><br><strong>CHLAPCI<\/strong><br>Petrofsk\u00fd David (2007, TSM Sokol Vyso\u010dany z.s.) hraje na rozd\u00edl od Dosko\u010dila v\u00fdhradn\u011b \u010desk\u00e9 turnaje. Petrofsk\u00fd m\u00e1 v leto\u0161n\u00ed sez\u00f3n\u011b u\u017e nyn\u00ed odehr\u00e1no p\u0159es 70 z\u00e1pas\u016f dvouhry. To z n\u011bho d\u011bl\u00e1 nejv\u011bt\u0161\u00edho favorita na v\u00edt\u011bzstv\u00ed.<br><br>Dosko\u010dil Martin (2007, TK Sparta Praha) bude nejv\u00fd\u0161e nasazen\u00fdm hr\u00e1\u010dem, proto\u017ee m\u00e1 nejlep\u0161\u00ed \u017eeb\u0159\u00ed\u010dek ITF (134). Martin hraje v\u00fdhradn\u011b mezin\u00e1rodn\u00ed turnaje ITF, tak\u017ee uvid\u00edme, jak se mu bude hr\u00e1t proti \u010desk\u00fdm rival\u016fm.<br><br>Chodora Radek (2007, I.\u010cLTK Praha) hraje jak \u010desk\u00e9 tak zahrani\u010dn\u00ed turnaje. Letos se za\u010dal p\u0159ipravovat na \u0160tvanici. Radkovi se v Pardubic\u00edch v\u017edy da\u0159ilo, tak\u017ee i on pat\u0159\u00ed k favorit\u016fm na v\u00edt\u011bzstv\u00ed.<br><br>Psota Jan (2008, TK Slavia Plze\u0148) se sna\u017e\u00ed \u0161plhat nahoru \u017eeb\u0159\u00ed\u010dkem ITF. Loni se mu v Pardubic\u00edch da\u0159ilo, \u010dtvrtfin\u00e1le bylo velk\u00fdm \u00fasp\u011bchem. Tak\u00e9 favorit na v\u00edt\u011bzstv\u00ed.<br><br>Dal\u0161\u00ed, kdo by mohl je\u0161t\u011b zam\u00edchat v\u00fdvojem Pardubick\u00e9 juniorky, jsou Psota, Vrt\u00edlka, Fr\u00f6hlichov\u00e9 nebo Kozlovsk\u00fd.<br><\/p>\n\n\n\n<hr class=\"wp-block-separator has-alpha-channel-opacity\"\/>\n\n\n\n<p><strong>D\u00cdVKY<\/strong><br>Pa\u0161tikov\u00e1 Julie (2008, TK AGROFERT Prost\u011bjov) u\u017e byla na Pardubick\u00e9 juniorce n\u011bkolikr\u00e1t. Minul\u00fd rok se state\u010dn\u011b prala s vir\u00f3zou. Letos u\u017e asi vyhraje. Jednozna\u010dn\u011b nejv\u011bt\u0161\u00ed favoritka na v\u00edt\u011bzstv\u00ed. Bohat\u00e9 zku\u0161enosti j\u00ed mohou pomoci ve fin\u00e1le, kde kvalitu hry ka\u017edoro\u010dn\u011b negativn\u011b ovliv\u0148uje velk\u00e1 nervozita finalistek.<\/p>\n\n\n\n<p>Hejtm\u00e1nkov\u00e1 Am\u00e9lie (2007, TK PRECHEZA P\u0159erov o.s.) se sna\u017e\u00ed jezdit mezin\u00e1rodn\u00ed okruh dorostenek i \u017een. Je v prvn\u00ed stovce \u017eeb\u0159\u00ed\u010dku ITF, tak\u017ee ur\u010dit\u011b mus\u00ed n\u011bco um\u011bt. Ale bude to sta\u010dit na Pa\u0161tikovou?<\/p>\n\n\n\n<p>Hettlerov\u00e1 Sofie (2009, TK AGROFERT Prost\u011bjov) je hr\u00e1\u010dka, proti kter\u00e9 nechcete hr\u00e1t. Poctivka, ka\u017ed\u00fd m\u00ed\u010d hraje na plno, soust\u0159ed\u011bn\u00e1. Sofie ur\u010dit\u011b jede do Pardubic s t\u011bmi nejvy\u0161\u0161\u00edmi ambicemi.<\/p>\n\n\n\n<p>He\u0159manov\u00e1 Tereza (2009, SK HAMR, z.s.) je mladou hr\u00e1\u010dkou, kter\u00e1 pravideln\u011b boduje na turnaj\u00edch ITF, tak\u017ee pro\u010d by nemohla doj\u00edt daleko i v Pardubic\u00edch? Proti \u010ce\u0161k\u00e1m to bude trochu jin\u00e9, ale Tereza by mohla doj\u00edt hodn\u011b daleko.<\/p>\n\n\n\n<p>Sekerkov\u00e1 Veronika (2009, I.\u010cLTK Praha) vyhr\u00e1la ITF turnaj v Plzni, tak\u017ee formu m\u00e1. Veronika pot\u0159ebuje vyhr\u00e1t 5 z\u00e1pas\u016f stejn\u011b jako v Plzni. Ale v Pardubic\u00edch to bude mnohem t\u011b\u017e\u0161\u00ed. Zat\u00edm je v seznamu n\u00e1hradnic, jestli nedostane kartu, tak by Pardubick\u00e1 juniorka p\u0159i\u0161la o kvalitn\u00ed hr\u00e1\u010dku.<\/p>\n\n\n\n<p>Oliveriusov\u00e1 S\u00e1ra (2009, LTK Liberec) obj\u00ed\u017ed\u00ed turnaje ITF a u\u017e se bl\u00ed\u017e\u00ed prvn\u00ed stovce \u017eeb\u0159\u00ed\u010dku ITF. V\u00fdkonnost jist\u011b m\u00e1, te\u010f to je\u0161t\u011b potvrdit v Pardubic\u00edch.<\/p>\n\n\n\n<p>\u010eul\u00edkov\u00e1 Krist\u00fdna (2009, LTK Liberec) je zku\u0161en\u00e1 ost\u0159\u00edlen\u00e1 hr\u00e1\u010dka, kter\u00e1 u\u017e p\u0159ed dv\u011bma lety ud\u011blala v Pardubic\u00edch 2 kola. Letos u\u017e by to mohlo b\u00fdt t\u0159eba i semi nebo fin\u00e1le.<\/p>\n\n\n\n<p>Forejtkov\u00e1 Eli\u0161ka (2008, I.\u010cLTK Praha) vyhr\u00e1la minul\u00fd t\u00fdden turnaj ITF J60, tak\u017ee formu m\u00e1. Na Pardubick\u00e9 juniorce hraje ji\u017e pon\u011bkolik\u00e1t\u00e9, tak\u017ee v\u00ed, do \u010deho jde. Uvid\u00edme, jestli se dostane, proto\u017ee je zat\u00edm v seznamu n\u00e1hradnic.<\/p>\n\n\n\n<p>Mezi dal\u0161\u00ed hr\u00e1\u010dky, kter\u00e9 mohou v\u00fdrazn\u011b promluvit do v\u00fdvoje turnaje jsou: Kl\u00e1ra Bla\u017ekov\u00e1, Amy Such\u00e1, Nela Jandov\u00e1, Vanessa Svobodov\u00e1, Kate\u0159ina Zaj\u00ed\u010dkov\u00e1<\/p>\n\n\n\n<p><strong>M\u00ed\u010de<\/strong><br>Hraje se s m\u00ed\u010di Wilson Roland Garros all court stejn\u011b jako v lo\u0148sk\u00e9m roce. Nikdo nev\u00ed, co se zase u Wilsonu stalo, leto\u0161n\u00ed \u0161ar\u017ee je jin\u00e1 ne\u017e ta lo\u0148sk\u00e1. M\u00ed\u010de l\u00e9taj\u00ed mnohem v\u00edce ne\u017e loni a hr\u00e1\u010di maj\u00ed probl\u00e9m s kontrolou. Na M\u010cR mu\u017e\u016f a \u017een v Ostrav\u011b to hr\u00e1\u010di \u0159e\u0161ili tak, \u017ee sv\u00e9 rakety nechali vypl\u00e9st o kilo v\u00edc.<\/p>\n\n\n\n<p><strong>Are\u00e1l<\/strong><br>V are\u00e1lu LTC Pardubice je k dispozici 11 antukov\u00fdch dvorc\u016f. Z\u00e1pasy se budou hr\u00e1t na dvorc\u00edch 1-7 a na centr\u00e1ln\u00edm dvorci. Cel\u00fd den je pak mo\u017en\u00e9 vyu\u017e\u00edt dvorce 8-10 k tr\u00e9ninku\/rozehr\u00e1vce.<\/p>\n\n\n\n<p><strong>Doprovodn\u00fd program<\/strong><br>V pond\u011bl\u00ed od 18 hod. se na centr\u00e1ln\u00edm dvorci uskute\u010dn\u00ed 7. ro\u010dn\u00edk dovednostn\u00ed sout\u011b\u017ee \u201e\u010c\u00e1ra\u201c, kde se bude sout\u011b\u017eit o hodnotn\u00e9 ceny (sluch\u00e1tka, repr\u00e1\u010dek, \u2026)<\/p>\n\n\n\n<p><strong>A co z\u00e1stupci V\u00fdchodn\u00edch \u010cech?<\/strong><\/p>\n\n\n\n<p>V kategorii dorostenc\u016f postoupili z OP J. Svoboda (HIT Hradec Kr\u00e1lov\u00e9) a M. Podr\u00e1bsk\u00fd (Spartak \u00dapice), 27. a 33. hr\u00e1\u010d PJ. Kartu \u0159editelstv\u00ed turnaje dostal dom\u00e1c\u00ed hr\u00e1\u010d D. Vaverka, kartu klubu LTC si v kvalifikaci vybojoval svitavsk\u00fd D. Dr\u00e1pela, kter\u00fd dostal \u0161anci za hostov\u00e1n\u00ed v dru\u017estvu dorostu. \u0160koda zran\u011bn\u00ed F. Dym\u00e1ka, kter\u00fd by se o n\u011bjak\u00e9 kolo ur\u010dit\u011b popral. V dorostenk\u00e1ch si p\u0159\u00edm\u00fd postup vybojovaly F. Chrisstoffels (Dv\u016fr Kr\u00e1lov\u00e9) a A. Jan\u010da\u0159\u00edkov\u00e1 (TK Hlinsko), kartu \u0159editele dostala A. Schovancov\u00e1 z \u010cesk\u00e9 T\u0159ebov\u00e9, klubovou kartu A, Gottvaldov\u00e1 (nad\u011bjn\u00e1 star\u0161\u00ed \u017e\u00e1kyn\u011b), kdy\u017e T. Shejbalovou vy\u0159adilo zran\u011bn\u00ed, kter\u00e9 se zd\u00e1 bude m\u00edt dlouhodob\u011bj\u0161\u00ed charakter.<\/p>\n","protected":false},"excerpt":{"rendered":"<p>Mistrovstv\u00ed \u010cR jednotlivc\u016f v kategorii star\u0161\u00edho dorostu \u2013 Pardubick\u00e1 juniorka 2025 se odehraje v term\u00ednu 9.-15. srpna v are\u00e1lu LTC Pardubice. Letos bude hodn\u011b omluvenek, tak\u017ee se m\u016f\u017eeme do\u010dkat p\u0159ekvapiv\u00e9ho v\u00edt\u011bze. Informace p\u0159evzaty z webu \u010cTS, autor L. B\u0159ezina. Poj\u010fme si nejd\u0159\u00edve \u0159\u00edci, kdo bude chyb\u011bt. Z chlapc\u016f je to Mrva, \u0160mejck\u00fd a Krej\u010d\u00ed. Mezi [&hellip;]<\/p>\n","protected":false},"author":2,"featured_media":6824,"comment_status":"open","ping_status":"open","sticky":false,"template":"","format":"standard","meta":{"_monsterinsights_skip_tracking":false,"_monsterinsights_sitenote_active":false,"_monsterinsights_sitenote_note":"","_monsterinsights_sitenote_category":0,"footnotes":""},"categories":[10],"tags":[],"yoast_head":"<!-- This site is optimized with the Yoast SEO plugin v24.5 - https:\/\/yoast.com\/wordpress\/plugins\/seo\/ -->\n<title>Pardubick\u00e1 juniorka - kdo ji vyhraje a jak si povedou z\u00e1stupci V\u00fdchodn\u00edch \u010cech? - LTC Pardubice<\/title>\n<meta name=\"robots\" content=\"index, follow, max-snippet:-1, max-image-preview:large, max-video-preview:-1\" \/>\n<link rel=\"canonical\" href=\"https:\/\/www.ltcpardubice.cz\/?p=7638\" \/>\n<meta property=\"og:locale\" content=\"cs_CZ\" \/>\n<meta property=\"og:type\" content=\"article\" \/>\n<meta property=\"og:title\" content=\"Pardubick\u00e1 juniorka - kdo ji vyhraje a jak si povedou z\u00e1stupci V\u00fdchodn\u00edch \u010cech? - LTC Pardubice\" \/>\n<meta property=\"og:description\" content=\"Mistrovstv\u00ed \u010cR jednotlivc\u016f v kategorii star\u0161\u00edho dorostu \u2013 Pardubick\u00e1 juniorka 2025 se odehraje v term\u00ednu 9.-15. srpna v are\u00e1lu LTC Pardubice. Letos bude hodn\u011b omluvenek, tak\u017ee se m\u016f\u017eeme do\u010dkat p\u0159ekvapiv\u00e9ho v\u00edt\u011bze. Informace p\u0159evzaty z webu \u010cTS, autor L. B\u0159ezina. Poj\u010fme si nejd\u0159\u00edve \u0159\u00edci, kdo bude chyb\u011bt. Z chlapc\u016f je to Mrva, \u0160mejck\u00fd a Krej\u010d\u00ed. Mezi [&hellip;]\" \/>\n<meta property=\"og:url\" content=\"https:\/\/www.ltcpardubice.cz\/?p=7638\" \/>\n<meta property=\"og:site_name\" content=\"LTC Pardubice\" \/>\n<meta property=\"article:published_time\" content=\"2025-08-04T17:10:28+00:00\" \/>\n<meta property=\"article:modified_time\" content=\"2025-08-04T17:10:30+00:00\" \/>\n<meta property=\"og:image\" content=\"https:\/\/www.ltcpardubice.cz\/wp-content\/uploads\/2021\/07\/logo-pce-juniorka.png\" \/>\n\t<meta property=\"og:image:width\" content=\"500\" \/>\n\t<meta property=\"og:image:height\" content=\"500\" \/>\n\t<meta property=\"og:image:type\" content=\"image\/png\" \/>\n<meta name=\"author\" content=\"Eva Z\u00e1labsk\u00e1\" \/>\n<meta name=\"twitter:card\" content=\"summary_large_image\" \/>\n<meta name=\"twitter:label1\" content=\"Napsal(a)\" \/>\n\t<meta name=\"twitter:data1\" content=\"Eva Z\u00e1labsk\u00e1\" \/>\n\t<meta name=\"twitter:label2\" content=\"Odhadovan\u00e1 doba \u010dten\u00ed\" \/>\n\t<meta name=\"twitter:data2\" content=\"5 minut\" \/>\n<script type=\"application\/ld+json\" class=\"yoast-schema-graph\">{\"@context\":\"https:\/\/schema.org\",\"@graph\":[{\"@type\":\"WebPage\",\"@id\":\"https:\/\/www.ltcpardubice.cz\/?p=7638\",\"url\":\"https:\/\/www.ltcpardubice.cz\/?p=7638\",\"name\":\"Pardubick\u00e1 juniorka - kdo ji vyhraje a jak si povedou z\u00e1stupci V\u00fdchodn\u00edch \u010cech? - LTC Pardubice\",\"isPartOf\":{\"@id\":\"https:\/\/www.ltcpardubice.cz\/#website\"},\"primaryImageOfPage\":{\"@id\":\"https:\/\/www.ltcpardubice.cz\/?p=7638#primaryimage\"},\"image\":{\"@id\":\"https:\/\/www.ltcpardubice.cz\/?p=7638#primaryimage\"},\"thumbnailUrl\":\"https:\/\/www.ltcpardubice.cz\/wp-content\/uploads\/2021\/07\/logo-pce-juniorka.png\",\"datePublished\":\"2025-08-04T17:10:28+00:00\",\"dateModified\":\"2025-08-04T17:10:30+00:00\",\"author\":{\"@id\":\"https:\/\/www.ltcpardubice.cz\/#\/schema\/person\/8f5f3a741b9adea57419864489f31541\"},\"breadcrumb\":{\"@id\":\"https:\/\/www.ltcpardubice.cz\/?p=7638#breadcrumb\"},\"inLanguage\":\"cs\",\"potentialAction\":[{\"@type\":\"ReadAction\",\"target\":[\"https:\/\/www.ltcpardubice.cz\/?p=7638\"]}]},{\"@type\":\"ImageObject\",\"inLanguage\":\"cs\",\"@id\":\"https:\/\/www.ltcpardubice.cz\/?p=7638#primaryimage\",\"url\":\"https:\/\/www.ltcpardubice.cz\/wp-content\/uploads\/2021\/07\/logo-pce-juniorka.png\",\"contentUrl\":\"https:\/\/www.ltcpardubice.cz\/wp-content\/uploads\/2021\/07\/logo-pce-juniorka.png\",\"width\":500,\"height\":500},{\"@type\":\"BreadcrumbList\",\"@id\":\"https:\/\/www.ltcpardubice.cz\/?p=7638#breadcrumb\",\"itemListElement\":[{\"@type\":\"ListItem\",\"position\":1,\"name\":\"Home\",\"item\":\"https:\/\/www.ltcpardubice.cz\/\"},{\"@type\":\"ListItem\",\"position\":2,\"name\":\"Pardubick\u00e1 juniorka &#8211; kdo ji vyhraje a jak si povedou z\u00e1stupci V\u00fdchodn\u00edch \u010cech?\"}]},{\"@type\":\"WebSite\",\"@id\":\"https:\/\/www.ltcpardubice.cz\/#website\",\"url\":\"https:\/\/www.ltcpardubice.cz\/\",\"name\":\"LTC Pardubice\",\"description\":\"Str\u00e1nky tenisov\u00e9ho klubu LTC Pardubice\",\"potentialAction\":[{\"@type\":\"SearchAction\",\"target\":{\"@type\":\"EntryPoint\",\"urlTemplate\":\"https:\/\/www.ltcpardubice.cz\/?s={search_term_string}\"},\"query-input\":{\"@type\":\"PropertyValueSpecification\",\"valueRequired\":true,\"valueName\":\"search_term_string\"}}],\"inLanguage\":\"cs\"},{\"@type\":\"Person\",\"@id\":\"https:\/\/www.ltcpardubice.cz\/#\/schema\/person\/8f5f3a741b9adea57419864489f31541\",\"name\":\"Eva Z\u00e1labsk\u00e1\",\"image\":{\"@type\":\"ImageObject\",\"inLanguage\":\"cs\",\"@id\":\"https:\/\/www.ltcpardubice.cz\/#\/schema\/person\/image\/\",\"url\":\"https:\/\/secure.gravatar.com\/avatar\/fece9555d8859e0080e4a5ae7edcc925?s=96&d=mm&r=g\",\"contentUrl\":\"https:\/\/secure.gravatar.com\/avatar\/fece9555d8859e0080e4a5ae7edcc925?s=96&d=mm&r=g\",\"caption\":\"Eva Z\u00e1labsk\u00e1\"},\"url\":\"https:\/\/www.ltcpardubice.cz\/?author=2\"}]}<\/script>\n<!-- \/ Yoast SEO plugin. -->","yoast_head_json":{"title":"Pardubick\u00e1 juniorka - kdo ji vyhraje a jak si povedou z\u00e1stupci V\u00fdchodn\u00edch \u010cech? - LTC Pardubice","robots":{"index":"index","follow":"follow","max-snippet":"max-snippet:-1","max-image-preview":"max-image-preview:large","max-video-preview":"max-video-preview:-1"},"canonical":"https:\/\/www.ltcpardubice.cz\/?p=7638","og_locale":"cs_CZ","og_type":"article","og_title":"Pardubick\u00e1 juniorka - kdo ji vyhraje a jak si povedou z\u00e1stupci V\u00fdchodn\u00edch \u010cech? - LTC Pardubice","og_description":"Mistrovstv\u00ed \u010cR jednotlivc\u016f v kategorii star\u0161\u00edho dorostu \u2013 Pardubick\u00e1 juniorka 2025 se odehraje v term\u00ednu 9.-15. srpna v are\u00e1lu LTC Pardubice. Letos bude hodn\u011b omluvenek, tak\u017ee se m\u016f\u017eeme do\u010dkat p\u0159ekvapiv\u00e9ho v\u00edt\u011bze. Informace p\u0159evzaty z webu \u010cTS, autor L. B\u0159ezina. Poj\u010fme si nejd\u0159\u00edve \u0159\u00edci, kdo bude chyb\u011bt. Z chlapc\u016f je to Mrva, \u0160mejck\u00fd a Krej\u010d\u00ed. Mezi [&hellip;]","og_url":"https:\/\/www.ltcpardubice.cz\/?p=7638","og_site_name":"LTC Pardubice","article_published_time":"2025-08-04T17:10:28+00:00","article_modified_time":"2025-08-04T17:10:30+00:00","og_image":[{"width":500,"height":500,"url":"https:\/\/www.ltcpardubice.cz\/wp-content\/uploads\/2021\/07\/logo-pce-juniorka.png","type":"image\/png"}],"author":"Eva Z\u00e1labsk\u00e1","twitter_card":"summary_large_image","twitter_misc":{"Napsal(a)":"Eva Z\u00e1labsk\u00e1","Odhadovan\u00e1 doba \u010dten\u00ed":"5 minut"},"schema":{"@context":"https:\/\/schema.org","@graph":[{"@type":"WebPage","@id":"https:\/\/www.ltcpardubice.cz\/?p=7638","url":"https:\/\/www.ltcpardubice.cz\/?p=7638","name":"Pardubick\u00e1 juniorka - kdo ji vyhraje a jak si povedou z\u00e1stupci V\u00fdchodn\u00edch \u010cech? - LTC Pardubice","isPartOf":{"@id":"https:\/\/www.ltcpardubice.cz\/#website"},"primaryImageOfPage":{"@id":"https:\/\/www.ltcpardubice.cz\/?p=7638#primaryimage"},"image":{"@id":"https:\/\/www.ltcpardubice.cz\/?p=7638#primaryimage"},"thumbnailUrl":"https:\/\/www.ltcpardubice.cz\/wp-content\/uploads\/2021\/07\/logo-pce-juniorka.png","datePublished":"2025-08-04T17:10:28+00:00","dateModified":"2025-08-04T17:10:30+00:00","author":{"@id":"https:\/\/www.ltcpardubice.cz\/#\/schema\/person\/8f5f3a741b9adea57419864489f31541"},"breadcrumb":{"@id":"https:\/\/www.ltcpardubice.cz\/?p=7638#breadcrumb"},"inLanguage":"cs","potentialAction":[{"@type":"ReadAction","target":["https:\/\/www.ltcpardubice.cz\/?p=7638"]}]},{"@type":"ImageObject","inLanguage":"cs","@id":"https:\/\/www.ltcpardubice.cz\/?p=7638#primaryimage","url":"https:\/\/www.ltcpardubice.cz\/wp-content\/uploads\/2021\/07\/logo-pce-juniorka.png","contentUrl":"https:\/\/www.ltcpardubice.cz\/wp-content\/uploads\/2021\/07\/logo-pce-juniorka.png","width":500,"height":500},{"@type":"BreadcrumbList","@id":"https:\/\/www.ltcpardubice.cz\/?p=7638#breadcrumb","itemListElement":[{"@type":"ListItem","position":1,"name":"Home","item":"https:\/\/www.ltcpardubice.cz\/"},{"@type":"ListItem","position":2,"name":"Pardubick\u00e1 juniorka &#8211; kdo ji vyhraje a jak si povedou z\u00e1stupci V\u00fdchodn\u00edch \u010cech?"}]},{"@type":"WebSite","@id":"https:\/\/www.ltcpardubice.cz\/#website","url":"https:\/\/www.ltcpardubice.cz\/","name":"LTC Pardubice","description":"Str\u00e1nky tenisov\u00e9ho klubu LTC Pardubice","potentialAction":[{"@type":"SearchAction","target":{"@type":"EntryPoint","urlTemplate":"https:\/\/www.ltcpardubice.cz\/?s={search_term_string}"},"query-input":{"@type":"PropertyValueSpecification","valueRequired":true,"valueName":"search_term_string"}}],"inLanguage":"cs"},{"@type":"Person","@id":"https:\/\/www.ltcpardubice.cz\/#\/schema\/person\/8f5f3a741b9adea57419864489f31541","name":"Eva Z\u00e1labsk\u00e1","image":{"@type":"ImageObject","inLanguage":"cs","@id":"https:\/\/www.ltcpardubice.cz\/#\/schema\/person\/image\/","url":"https:\/\/secure.gravatar.com\/avatar\/fece9555d8859e0080e4a5ae7edcc925?s=96&d=mm&r=g","contentUrl":"https:\/\/secure.gravatar.com\/avatar\/fece9555d8859e0080e4a5ae7edcc925?s=96&d=mm&r=g","caption":"Eva Z\u00e1labsk\u00e1"},"url":"https:\/\/www.ltcpardubice.cz\/?author=2"}]}},"brizy_media":[],"_links":{"self":[{"href":"https:\/\/www.ltcpardubice.cz\/index.php?rest_route=\/wp\/v2\/posts\/7638"}],"collection":[{"href":"https:\/\/www.ltcpardubice.cz\/index.php?rest_route=\/wp\/v2\/posts"}],"about":[{"href":"https:\/\/www.ltcpardubice.cz\/index.php?rest_route=\/wp\/v2\/types\/post"}],"author":[{"embeddable":true,"href":"https:\/\/www.ltcpardubice.cz\/index.php?rest_route=\/wp\/v2\/users\/2"}],"replies":[{"embeddable":true,"href":"https:\/\/www.ltcpardubice.cz\/index.php?rest_route=%2Fwp%2Fv2%2Fcomments&post=7638"}],"version-history":[{"count":1,"href":"https:\/\/www.ltcpardubice.cz\/index.php?rest_route=\/wp\/v2\/posts\/7638\/revisions"}],"predecessor-version":[{"id":7639,"href":"https:\/\/www.ltcpardubice.cz\/index.php?rest_route=\/wp\/v2\/posts\/7638\/revisions\/7639"}],"wp:featuredmedia":[{"embeddable":true,"href":"https:\/\/www.ltcpardubice.cz\/index.php?rest_route=\/wp\/v2\/media\/6824"}],"wp:attachment":[{"href":"https:\/\/www.ltcpardubice.cz\/index.php?rest_route=%2Fwp%2Fv2%2Fmedia&parent=7638"}],"wp:term":[{"taxonomy":"category","embeddable":true,"href":"https:\/\/www.ltcpardubice.cz\/index.php?rest_route=%2Fwp%2Fv2%2Fcategories&post=7638"},{"taxonomy":"post_tag","embeddable":true,"href":"https:\/\/www.ltcpardubice.cz\/index.php?rest_route=%2Fwp%2Fv2%2Ftags&post=7638"}],"curies":[{"name":"wp","href":"https:\/\/api.w.org\/{rel}","templated":true}]}}