{"id":7675,"date":"2025-09-24T17:11:27","date_gmt":"2025-09-24T17:11:27","guid":{"rendered":"https:\/\/www.ltcpardubice.cz\/?p=7675"},"modified":"2025-09-24T17:11:29","modified_gmt":"2025-09-24T17:11:29","slug":"zarijove-turnaje-a-sestavovani-zebricku","status":"publish","type":"post","link":"https:\/\/www.ltcpardubice.cz\/?p=7675","title":{"rendered":"Z\u00e1\u0159ijov\u00e9 turnaje a sestavov\u00e1n\u00ed \u017eeb\u0159\u00ed\u010dk\u016f"},"content":{"rendered":"\n<p><strong>J. \u0158\u00edhov\u00e1<\/strong> byla ve fin\u00e1le dvouhry turnaje dorostenek c v Mlad\u00e9 Boleslavi, fin\u00e1le vzhledem k nemoci musela skre\u010dovat. V\u00fdsledky turnaje: <a href=\"https:\/\/cztenis.cz\/turnaj\/416227\/sezona\/L25\/vysledky\">https:\/\/cztenis.cz\/turnaj\/416227\/sezona\/L25\/vysledky<\/a>. <strong>K. Kopeck\u00e1<\/strong> byla ve fin\u00e1le \u010dty\u0159hry na turnaj\u00edch star\u0161\u00edch \u017e\u00e1ky\u0148 v \u010cesk\u00fdch Bud\u011bjovic\u00edch a v T\u0159ebechovic\u00edch p. Orebem. <strong>F. Dym\u00e1k<\/strong> odehr\u00e1l n\u011bkolik turnaj\u016f v kategorii mu\u017e\u016f v\u010detn\u011b kvalifikace Moneta Open v Pardubic\u00edch, spolu s Hepem byl ve fin\u00e1le \u010dty\u0159hry na turnaji K5 mu\u017e\u016f v Hradci Kr\u00e1lov\u00e9 na DTJ, <strong>D. \u0160mejc<\/strong> odehr\u00e1l n\u011bkolik dorosteneck\u00fdch turnaj\u016f ITF J 30, nap\u0159. v Prost\u011bjov\u011b a ve Fr\u00fddku M\u00edstku. <strong>A. Do\u010dkal\u00edkov\u00e1 <\/strong>hr\u00e1la M\u010cR v kategorii babytenis. <\/p>\n\n\n\n<p><strong><a href=\"https:\/\/cztenis.cz\/clanek\/informace-ke-klasifikaci-cts\">Informace ke klasifikaci \u010cTS<\/a><\/strong><\/p>\n\n\n\n<figure class=\"wp-block-image\"><img decoding=\"async\" src=\"https:\/\/cztenis.cz\/data\/5503\/2024-cts_n.jpg\" alt=\"\"\/><\/figure>\n\n\n\n<p>V Informa\u010dn\u00edm syst\u00e9mu najde ka\u017ed\u00fd hr\u00e1\u010d p\u0159ehled sv\u00fdch z\u00edskan\u00fdch bod\u016f. Pokud v p\u0159ehledu najdete nesrovnalost, pros\u00edm po\u0161lete email na brezina@cztenis.cz nejpozd\u011bji do 30.9.2025. Na pozd\u011bj\u0161\u00ed reklamace nebude br\u00e1n z\u0159etel. Posledn\u00ed mezin\u00e1rodn\u00ed turnaje, kter\u00e9 budou zapo\u010d\u00edt\u00e1ny do klasifikace za letn\u00ed tenisovou sez\u00f3nu \u010cTS 2025, se odehraj\u00ed v t\u00fddnu od pond\u011bl\u00ed 29.9.2025. Mezin\u00e1rodn\u00ed turnaje, kter\u00e9 se odehraj\u00ed v t\u00fddnu od 6.10.2025 ji\u017e budou pat\u0159it do klasifikace zimn\u00ed sez\u00f3ny 2025\/2026. \u017deb\u0159\u00ed\u010dky \u010cTS za zimn\u00ed sez\u00f3nu 2024\/2025 a l\u00e9to 2025 budou zve\u0159ejn\u011bny 8.10.2025. Tyto \u017eeb\u0159\u00ed\u010dky budou platn\u00e9 pro zimn\u00ed sez\u00f3nu 2025\/2026. \u017deb\u0159\u00ed\u010dek se po\u010d\u00edt\u00e1 z 8 nejlep\u0161\u00edch akc\u00ed s t\u00edm, \u017ee jednou z t\u011bch 8 akc\u00ed m\u016f\u017ee b\u00fdt akce, kterou tvo\u0159\u00ed nejlep\u0161\u00ed 4 akce ze sout\u011b\u017e\u00ed dru\u017estev.<\/p>\n","protected":false},"excerpt":{"rendered":"<p>J. \u0158\u00edhov\u00e1 byla ve fin\u00e1le dvouhry turnaje dorostenek c v Mlad\u00e9 Boleslavi, fin\u00e1le vzhledem k nemoci musela skre\u010dovat. V\u00fdsledky turnaje: https:\/\/cztenis.cz\/turnaj\/416227\/sezona\/L25\/vysledky. K. Kopeck\u00e1 byla ve fin\u00e1le \u010dty\u0159hry na turnaj\u00edch star\u0161\u00edch \u017e\u00e1ky\u0148 v \u010cesk\u00fdch Bud\u011bjovic\u00edch a v T\u0159ebechovic\u00edch p. Orebem. F. Dym\u00e1k odehr\u00e1l n\u011bkolik turnaj\u016f v kategorii mu\u017e\u016f v\u010detn\u011b kvalifikace Moneta Open v Pardubic\u00edch, spolu s [&hellip;]<\/p>\n","protected":false},"author":2,"featured_media":7557,"comment_status":"open","ping_status":"open","sticky":false,"template":"","format":"standard","meta":{"_monsterinsights_skip_tracking":false,"_monsterinsights_sitenote_active":false,"_monsterinsights_sitenote_note":"","_monsterinsights_sitenote_category":0,"footnotes":""},"categories":[10],"tags":[],"yoast_head":"<!-- This site is optimized with the Yoast SEO plugin v24.5 - https:\/\/yoast.com\/wordpress\/plugins\/seo\/ -->\n<title>Z\u00e1\u0159ijov\u00e9 turnaje a sestavov\u00e1n\u00ed \u017eeb\u0159\u00ed\u010dk\u016f - LTC Pardubice<\/title>\n<meta name=\"robots\" content=\"index, follow, max-snippet:-1, max-image-preview:large, max-video-preview:-1\" \/>\n<link rel=\"canonical\" href=\"https:\/\/www.ltcpardubice.cz\/?p=7675\" \/>\n<meta property=\"og:locale\" content=\"cs_CZ\" \/>\n<meta property=\"og:type\" content=\"article\" \/>\n<meta property=\"og:title\" content=\"Z\u00e1\u0159ijov\u00e9 turnaje a sestavov\u00e1n\u00ed \u017eeb\u0159\u00ed\u010dk\u016f - LTC Pardubice\" \/>\n<meta property=\"og:description\" content=\"J. \u0158\u00edhov\u00e1 byla ve fin\u00e1le dvouhry turnaje dorostenek c v Mlad\u00e9 Boleslavi, fin\u00e1le vzhledem k nemoci musela skre\u010dovat. V\u00fdsledky turnaje: https:\/\/cztenis.cz\/turnaj\/416227\/sezona\/L25\/vysledky. K. Kopeck\u00e1 byla ve fin\u00e1le \u010dty\u0159hry na turnaj\u00edch star\u0161\u00edch \u017e\u00e1ky\u0148 v \u010cesk\u00fdch Bud\u011bjovic\u00edch a v T\u0159ebechovic\u00edch p. Orebem. F. Dym\u00e1k odehr\u00e1l n\u011bkolik turnaj\u016f v kategorii mu\u017e\u016f v\u010detn\u011b kvalifikace Moneta Open v Pardubic\u00edch, spolu s [&hellip;]\" \/>\n<meta property=\"og:url\" content=\"https:\/\/www.ltcpardubice.cz\/?p=7675\" \/>\n<meta property=\"og:site_name\" content=\"LTC Pardubice\" \/>\n<meta property=\"article:published_time\" content=\"2025-09-24T17:11:27+00:00\" \/>\n<meta property=\"article:modified_time\" content=\"2025-09-24T17:11:29+00:00\" \/>\n<meta property=\"og:image\" content=\"https:\/\/www.ltcpardubice.cz\/wp-content\/uploads\/2025\/03\/Jitka-Eden.png\" \/>\n\t<meta property=\"og:image:width\" content=\"166\" \/>\n\t<meta property=\"og:image:height\" content=\"222\" \/>\n\t<meta property=\"og:image:type\" content=\"image\/png\" \/>\n<meta name=\"author\" content=\"Eva Z\u00e1labsk\u00e1\" \/>\n<meta name=\"twitter:card\" content=\"summary_large_image\" \/>\n<meta name=\"twitter:label1\" content=\"Napsal(a)\" \/>\n\t<meta name=\"twitter:data1\" content=\"Eva Z\u00e1labsk\u00e1\" \/>\n\t<meta name=\"twitter:label2\" content=\"Odhadovan\u00e1 doba \u010dten\u00ed\" \/>\n\t<meta name=\"twitter:data2\" content=\"2 minuty\" \/>\n<script type=\"application\/ld+json\" class=\"yoast-schema-graph\">{\"@context\":\"https:\/\/schema.org\",\"@graph\":[{\"@type\":\"WebPage\",\"@id\":\"https:\/\/www.ltcpardubice.cz\/?p=7675\",\"url\":\"https:\/\/www.ltcpardubice.cz\/?p=7675\",\"name\":\"Z\u00e1\u0159ijov\u00e9 turnaje a sestavov\u00e1n\u00ed \u017eeb\u0159\u00ed\u010dk\u016f - LTC Pardubice\",\"isPartOf\":{\"@id\":\"https:\/\/www.ltcpardubice.cz\/#website\"},\"primaryImageOfPage\":{\"@id\":\"https:\/\/www.ltcpardubice.cz\/?p=7675#primaryimage\"},\"image\":{\"@id\":\"https:\/\/www.ltcpardubice.cz\/?p=7675#primaryimage\"},\"thumbnailUrl\":\"https:\/\/www.ltcpardubice.cz\/wp-content\/uploads\/2025\/03\/Jitka-Eden.png\",\"datePublished\":\"2025-09-24T17:11:27+00:00\",\"dateModified\":\"2025-09-24T17:11:29+00:00\",\"author\":{\"@id\":\"https:\/\/www.ltcpardubice.cz\/#\/schema\/person\/8f5f3a741b9adea57419864489f31541\"},\"breadcrumb\":{\"@id\":\"https:\/\/www.ltcpardubice.cz\/?p=7675#breadcrumb\"},\"inLanguage\":\"cs\",\"potentialAction\":[{\"@type\":\"ReadAction\",\"target\":[\"https:\/\/www.ltcpardubice.cz\/?p=7675\"]}]},{\"@type\":\"ImageObject\",\"inLanguage\":\"cs\",\"@id\":\"https:\/\/www.ltcpardubice.cz\/?p=7675#primaryimage\",\"url\":\"https:\/\/www.ltcpardubice.cz\/wp-content\/uploads\/2025\/03\/Jitka-Eden.png\",\"contentUrl\":\"https:\/\/www.ltcpardubice.cz\/wp-content\/uploads\/2025\/03\/Jitka-Eden.png\",\"width\":166,\"height\":222},{\"@type\":\"BreadcrumbList\",\"@id\":\"https:\/\/www.ltcpardubice.cz\/?p=7675#breadcrumb\",\"itemListElement\":[{\"@type\":\"ListItem\",\"position\":1,\"name\":\"Home\",\"item\":\"https:\/\/www.ltcpardubice.cz\/\"},{\"@type\":\"ListItem\",\"position\":2,\"name\":\"Z\u00e1\u0159ijov\u00e9 turnaje a sestavov\u00e1n\u00ed \u017eeb\u0159\u00ed\u010dk\u016f\"}]},{\"@type\":\"WebSite\",\"@id\":\"https:\/\/www.ltcpardubice.cz\/#website\",\"url\":\"https:\/\/www.ltcpardubice.cz\/\",\"name\":\"LTC Pardubice\",\"description\":\"Str\u00e1nky tenisov\u00e9ho klubu LTC Pardubice\",\"potentialAction\":[{\"@type\":\"SearchAction\",\"target\":{\"@type\":\"EntryPoint\",\"urlTemplate\":\"https:\/\/www.ltcpardubice.cz\/?s={search_term_string}\"},\"query-input\":{\"@type\":\"PropertyValueSpecification\",\"valueRequired\":true,\"valueName\":\"search_term_string\"}}],\"inLanguage\":\"cs\"},{\"@type\":\"Person\",\"@id\":\"https:\/\/www.ltcpardubice.cz\/#\/schema\/person\/8f5f3a741b9adea57419864489f31541\",\"name\":\"Eva Z\u00e1labsk\u00e1\",\"image\":{\"@type\":\"ImageObject\",\"inLanguage\":\"cs\",\"@id\":\"https:\/\/www.ltcpardubice.cz\/#\/schema\/person\/image\/\",\"url\":\"https:\/\/secure.gravatar.com\/avatar\/fece9555d8859e0080e4a5ae7edcc925?s=96&d=mm&r=g\",\"contentUrl\":\"https:\/\/secure.gravatar.com\/avatar\/fece9555d8859e0080e4a5ae7edcc925?s=96&d=mm&r=g\",\"caption\":\"Eva Z\u00e1labsk\u00e1\"},\"url\":\"https:\/\/www.ltcpardubice.cz\/?author=2\"}]}<\/script>\n<!-- \/ Yoast SEO plugin. -->","yoast_head_json":{"title":"Z\u00e1\u0159ijov\u00e9 turnaje a sestavov\u00e1n\u00ed \u017eeb\u0159\u00ed\u010dk\u016f - LTC Pardubice","robots":{"index":"index","follow":"follow","max-snippet":"max-snippet:-1","max-image-preview":"max-image-preview:large","max-video-preview":"max-video-preview:-1"},"canonical":"https:\/\/www.ltcpardubice.cz\/?p=7675","og_locale":"cs_CZ","og_type":"article","og_title":"Z\u00e1\u0159ijov\u00e9 turnaje a sestavov\u00e1n\u00ed \u017eeb\u0159\u00ed\u010dk\u016f - LTC Pardubice","og_description":"J. \u0158\u00edhov\u00e1 byla ve fin\u00e1le dvouhry turnaje dorostenek c v Mlad\u00e9 Boleslavi, fin\u00e1le vzhledem k nemoci musela skre\u010dovat. V\u00fdsledky turnaje: https:\/\/cztenis.cz\/turnaj\/416227\/sezona\/L25\/vysledky. K. Kopeck\u00e1 byla ve fin\u00e1le \u010dty\u0159hry na turnaj\u00edch star\u0161\u00edch \u017e\u00e1ky\u0148 v \u010cesk\u00fdch Bud\u011bjovic\u00edch a v T\u0159ebechovic\u00edch p. Orebem. F. Dym\u00e1k odehr\u00e1l n\u011bkolik turnaj\u016f v kategorii mu\u017e\u016f v\u010detn\u011b kvalifikace Moneta Open v Pardubic\u00edch, spolu s [&hellip;]","og_url":"https:\/\/www.ltcpardubice.cz\/?p=7675","og_site_name":"LTC Pardubice","article_published_time":"2025-09-24T17:11:27+00:00","article_modified_time":"2025-09-24T17:11:29+00:00","og_image":[{"width":166,"height":222,"url":"https:\/\/www.ltcpardubice.cz\/wp-content\/uploads\/2025\/03\/Jitka-Eden.png","type":"image\/png"}],"author":"Eva Z\u00e1labsk\u00e1","twitter_card":"summary_large_image","twitter_misc":{"Napsal(a)":"Eva Z\u00e1labsk\u00e1","Odhadovan\u00e1 doba \u010dten\u00ed":"2 minuty"},"schema":{"@context":"https:\/\/schema.org","@graph":[{"@type":"WebPage","@id":"https:\/\/www.ltcpardubice.cz\/?p=7675","url":"https:\/\/www.ltcpardubice.cz\/?p=7675","name":"Z\u00e1\u0159ijov\u00e9 turnaje a sestavov\u00e1n\u00ed \u017eeb\u0159\u00ed\u010dk\u016f - LTC Pardubice","isPartOf":{"@id":"https:\/\/www.ltcpardubice.cz\/#website"},"primaryImageOfPage":{"@id":"https:\/\/www.ltcpardubice.cz\/?p=7675#primaryimage"},"image":{"@id":"https:\/\/www.ltcpardubice.cz\/?p=7675#primaryimage"},"thumbnailUrl":"https:\/\/www.ltcpardubice.cz\/wp-content\/uploads\/2025\/03\/Jitka-Eden.png","datePublished":"2025-09-24T17:11:27+00:00","dateModified":"2025-09-24T17:11:29+00:00","author":{"@id":"https:\/\/www.ltcpardubice.cz\/#\/schema\/person\/8f5f3a741b9adea57419864489f31541"},"breadcrumb":{"@id":"https:\/\/www.ltcpardubice.cz\/?p=7675#breadcrumb"},"inLanguage":"cs","potentialAction":[{"@type":"ReadAction","target":["https:\/\/www.ltcpardubice.cz\/?p=7675"]}]},{"@type":"ImageObject","inLanguage":"cs","@id":"https:\/\/www.ltcpardubice.cz\/?p=7675#primaryimage","url":"https:\/\/www.ltcpardubice.cz\/wp-content\/uploads\/2025\/03\/Jitka-Eden.png","contentUrl":"https:\/\/www.ltcpardubice.cz\/wp-content\/uploads\/2025\/03\/Jitka-Eden.png","width":166,"height":222},{"@type":"BreadcrumbList","@id":"https:\/\/www.ltcpardubice.cz\/?p=7675#breadcrumb","itemListElement":[{"@type":"ListItem","position":1,"name":"Home","item":"https:\/\/www.ltcpardubice.cz\/"},{"@type":"ListItem","position":2,"name":"Z\u00e1\u0159ijov\u00e9 turnaje a sestavov\u00e1n\u00ed \u017eeb\u0159\u00ed\u010dk\u016f"}]},{"@type":"WebSite","@id":"https:\/\/www.ltcpardubice.cz\/#website","url":"https:\/\/www.ltcpardubice.cz\/","name":"LTC Pardubice","description":"Str\u00e1nky tenisov\u00e9ho klubu LTC Pardubice","potentialAction":[{"@type":"SearchAction","target":{"@type":"EntryPoint","urlTemplate":"https:\/\/www.ltcpardubice.cz\/?s={search_term_string}"},"query-input":{"@type":"PropertyValueSpecification","valueRequired":true,"valueName":"search_term_string"}}],"inLanguage":"cs"},{"@type":"Person","@id":"https:\/\/www.ltcpardubice.cz\/#\/schema\/person\/8f5f3a741b9adea57419864489f31541","name":"Eva Z\u00e1labsk\u00e1","image":{"@type":"ImageObject","inLanguage":"cs","@id":"https:\/\/www.ltcpardubice.cz\/#\/schema\/person\/image\/","url":"https:\/\/secure.gravatar.com\/avatar\/fece9555d8859e0080e4a5ae7edcc925?s=96&d=mm&r=g","contentUrl":"https:\/\/secure.gravatar.com\/avatar\/fece9555d8859e0080e4a5ae7edcc925?s=96&d=mm&r=g","caption":"Eva Z\u00e1labsk\u00e1"},"url":"https:\/\/www.ltcpardubice.cz\/?author=2"}]}},"brizy_media":[],"_links":{"self":[{"href":"https:\/\/www.ltcpardubice.cz\/index.php?rest_route=\/wp\/v2\/posts\/7675"}],"collection":[{"href":"https:\/\/www.ltcpardubice.cz\/index.php?rest_route=\/wp\/v2\/posts"}],"about":[{"href":"https:\/\/www.ltcpardubice.cz\/index.php?rest_route=\/wp\/v2\/types\/post"}],"author":[{"embeddable":true,"href":"https:\/\/www.ltcpardubice.cz\/index.php?rest_route=\/wp\/v2\/users\/2"}],"replies":[{"embeddable":true,"href":"https:\/\/www.ltcpardubice.cz\/index.php?rest_route=%2Fwp%2Fv2%2Fcomments&post=7675"}],"version-history":[{"count":1,"href":"https:\/\/www.ltcpardubice.cz\/index.php?rest_route=\/wp\/v2\/posts\/7675\/revisions"}],"predecessor-version":[{"id":7676,"href":"https:\/\/www.ltcpardubice.cz\/index.php?rest_route=\/wp\/v2\/posts\/7675\/revisions\/7676"}],"wp:featuredmedia":[{"embeddable":true,"href":"https:\/\/www.ltcpardubice.cz\/index.php?rest_route=\/wp\/v2\/media\/7557"}],"wp:attachment":[{"href":"https:\/\/www.ltcpardubice.cz\/index.php?rest_route=%2Fwp%2Fv2%2Fmedia&parent=7675"}],"wp:term":[{"taxonomy":"category","embeddable":true,"href":"https:\/\/www.ltcpardubice.cz\/index.php?rest_route=%2Fwp%2Fv2%2Fcategories&post=7675"},{"taxonomy":"post_tag","embeddable":true,"href":"https:\/\/www.ltcpardubice.cz\/index.php?rest_route=%2Fwp%2Fv2%2Ftags&post=7675"}],"curies":[{"name":"wp","href":"https:\/\/api.w.org\/{rel}","templated":true}]}}