{"id":7678,"date":"2025-10-08T17:01:47","date_gmt":"2025-10-08T17:01:47","guid":{"rendered":"https:\/\/www.ltcpardubice.cz\/?p=7678"},"modified":"2025-10-08T17:05:01","modified_gmt":"2025-10-08T17:05:01","slug":"ohlednuti-za-itf-turnajem-muzu-moneta-open","status":"publish","type":"post","link":"https:\/\/www.ltcpardubice.cz\/?p=7678","title":{"rendered":"Ohl\u00e9dnut\u00ed za ITF turnajem mu\u017e\u016f Pardubice Open"},"content":{"rendered":"\n<p>Po cel\u00fd t\u00fdden turnaje byl k vid\u011bn\u00ed kvalitn\u00ed tenis, kter\u00fd 2 dny tr\u00e1pilo pouze po\u010das\u00ed. 1. nasazen\u00fd M. Mrva odehr\u00e1l na sv\u00e9 cest\u011b do fin\u00e1le 3 strhuj\u00edc\u00ed t\u0159\u00edsetov\u00e9 boje. Pozd\u011bj\u0161\u00ed v\u00edt\u011bz a 8. nasazen\u00fd M. Krumich neztratil ani set, Mrvu p\u0159ehr\u00e1l ve fin\u00e1le 6\/2 6\/4. Mezi posledn\u00edch 8 se probojovalo 7 \u010desk\u00fdch tenist\u016f, krom\u011b ji\u017e zm\u00edn\u011bn\u00fdch Re\u010dek, Paroulek, Baum, Donald a Kumst\u00e1t, jedin\u00fdm cizincem byl 2. nasazen\u00fd N\u011bmec Moeller, kter\u00fd ve \u010dtvrtfin\u00e1le prohr\u00e1l s v\u00edt\u011bzem Krumichem. V hlavn\u00ed sout\u011b\u017ei startovalo 17 \u010cech\u016f z 32 z\u00fa\u010dastn\u011bn\u00fdch, dostali tak v\u00fdbornou p\u0159\u00edle\u017eitost zahr\u00e1t si doma turnaj dotovan\u00fd 30 000 USD a chopili se j\u00ed v\u00edce ne\u017e dob\u0159e. \u010cty\u0159hru vyhr\u00e1li D. Re\u010dek a D. Siniakov, kter\u00fd ve fin\u00e1le porazili dal\u0161\u00ed \u010desk\u00fd p\u00e1r M.W. Donald a T. Paroulek, v semifin\u00e1le byly pouze \u010desk\u00e9 p\u00e1ry. Turnaj byl perfektn\u00ed p\u0159\u00edle\u017eitost\u00ed pro na\u0161e mlad\u00e9 hr\u00e1\u010de. V\u00fdsledky: <a href=\"https:\/\/www.itftennis.com\/en\/tournament\/m25-pardubice\/cze\/2025\/m-itf-cze-2025-001\/draws-and-results\/\">https:\/\/www.itftennis.com\/en\/tournament\/m25-pardubice\/cze\/2025\/m-itf-cze-2025-001\/draws-and-results\/<\/a><\/p>\n","protected":false},"excerpt":{"rendered":"<p>Po cel\u00fd t\u00fdden turnaje byl k vid\u011bn\u00ed kvalitn\u00ed tenis, kter\u00fd 2 dny tr\u00e1pilo pouze po\u010das\u00ed. 1. nasazen\u00fd M. Mrva odehr\u00e1l na sv\u00e9 cest\u011b do fin\u00e1le 3 strhuj\u00edc\u00ed t\u0159\u00edsetov\u00e9 boje. Pozd\u011bj\u0161\u00ed v\u00edt\u011bz a 8. nasazen\u00fd M. Krumich neztratil ani set, Mrvu p\u0159ehr\u00e1l ve fin\u00e1le 6\/2 6\/4. Mezi posledn\u00edch 8 se probojovalo 7 \u010desk\u00fdch tenist\u016f, krom\u011b ji\u017e [&hellip;]<\/p>\n","protected":false},"author":2,"featured_media":7653,"comment_status":"open","ping_status":"open","sticky":false,"template":"","format":"standard","meta":{"_monsterinsights_skip_tracking":false,"_monsterinsights_sitenote_active":false,"_monsterinsights_sitenote_note":"","_monsterinsights_sitenote_category":0,"footnotes":""},"categories":[10],"tags":[],"yoast_head":"<!-- This site is optimized with the Yoast SEO plugin v24.5 - https:\/\/yoast.com\/wordpress\/plugins\/seo\/ -->\n<title>Ohl\u00e9dnut\u00ed za ITF turnajem mu\u017e\u016f Pardubice Open - LTC Pardubice<\/title>\n<meta name=\"robots\" content=\"index, follow, max-snippet:-1, max-image-preview:large, max-video-preview:-1\" \/>\n<link rel=\"canonical\" href=\"https:\/\/www.ltcpardubice.cz\/?p=7678\" \/>\n<meta property=\"og:locale\" content=\"cs_CZ\" \/>\n<meta property=\"og:type\" content=\"article\" \/>\n<meta property=\"og:title\" content=\"Ohl\u00e9dnut\u00ed za ITF turnajem mu\u017e\u016f Pardubice Open - LTC Pardubice\" \/>\n<meta property=\"og:description\" content=\"Po cel\u00fd t\u00fdden turnaje byl k vid\u011bn\u00ed kvalitn\u00ed tenis, kter\u00fd 2 dny tr\u00e1pilo pouze po\u010das\u00ed. 1. nasazen\u00fd M. Mrva odehr\u00e1l na sv\u00e9 cest\u011b do fin\u00e1le 3 strhuj\u00edc\u00ed t\u0159\u00edsetov\u00e9 boje. Pozd\u011bj\u0161\u00ed v\u00edt\u011bz a 8. nasazen\u00fd M. Krumich neztratil ani set, Mrvu p\u0159ehr\u00e1l ve fin\u00e1le 6\/2 6\/4. Mezi posledn\u00edch 8 se probojovalo 7 \u010desk\u00fdch tenist\u016f, krom\u011b ji\u017e [&hellip;]\" \/>\n<meta property=\"og:url\" content=\"https:\/\/www.ltcpardubice.cz\/?p=7678\" \/>\n<meta property=\"og:site_name\" content=\"LTC Pardubice\" \/>\n<meta property=\"article:published_time\" content=\"2025-10-08T17:01:47+00:00\" \/>\n<meta property=\"article:modified_time\" content=\"2025-10-08T17:05:01+00:00\" \/>\n<meta property=\"og:image\" content=\"https:\/\/www.ltcpardubice.cz\/wp-content\/uploads\/2025\/09\/Pceopen25.jpg\" \/>\n\t<meta property=\"og:image:width\" content=\"276\" \/>\n\t<meta property=\"og:image:height\" content=\"237\" \/>\n\t<meta property=\"og:image:type\" content=\"image\/jpeg\" \/>\n<meta name=\"author\" content=\"Eva Z\u00e1labsk\u00e1\" \/>\n<meta name=\"twitter:card\" content=\"summary_large_image\" \/>\n<meta name=\"twitter:label1\" content=\"Napsal(a)\" \/>\n\t<meta name=\"twitter:data1\" content=\"Eva Z\u00e1labsk\u00e1\" \/>\n\t<meta name=\"twitter:label2\" content=\"Odhadovan\u00e1 doba \u010dten\u00ed\" \/>\n\t<meta name=\"twitter:data2\" content=\"1 minuta\" \/>\n<script type=\"application\/ld+json\" class=\"yoast-schema-graph\">{\"@context\":\"https:\/\/schema.org\",\"@graph\":[{\"@type\":\"WebPage\",\"@id\":\"https:\/\/www.ltcpardubice.cz\/?p=7678\",\"url\":\"https:\/\/www.ltcpardubice.cz\/?p=7678\",\"name\":\"Ohl\u00e9dnut\u00ed za ITF turnajem mu\u017e\u016f Pardubice Open - LTC Pardubice\",\"isPartOf\":{\"@id\":\"https:\/\/www.ltcpardubice.cz\/#website\"},\"primaryImageOfPage\":{\"@id\":\"https:\/\/www.ltcpardubice.cz\/?p=7678#primaryimage\"},\"image\":{\"@id\":\"https:\/\/www.ltcpardubice.cz\/?p=7678#primaryimage\"},\"thumbnailUrl\":\"https:\/\/www.ltcpardubice.cz\/wp-content\/uploads\/2025\/09\/Pceopen25.jpg\",\"datePublished\":\"2025-10-08T17:01:47+00:00\",\"dateModified\":\"2025-10-08T17:05:01+00:00\",\"author\":{\"@id\":\"https:\/\/www.ltcpardubice.cz\/#\/schema\/person\/8f5f3a741b9adea57419864489f31541\"},\"breadcrumb\":{\"@id\":\"https:\/\/www.ltcpardubice.cz\/?p=7678#breadcrumb\"},\"inLanguage\":\"cs\",\"potentialAction\":[{\"@type\":\"ReadAction\",\"target\":[\"https:\/\/www.ltcpardubice.cz\/?p=7678\"]}]},{\"@type\":\"ImageObject\",\"inLanguage\":\"cs\",\"@id\":\"https:\/\/www.ltcpardubice.cz\/?p=7678#primaryimage\",\"url\":\"https:\/\/www.ltcpardubice.cz\/wp-content\/uploads\/2025\/09\/Pceopen25.jpg\",\"contentUrl\":\"https:\/\/www.ltcpardubice.cz\/wp-content\/uploads\/2025\/09\/Pceopen25.jpg\",\"width\":276,\"height\":237},{\"@type\":\"BreadcrumbList\",\"@id\":\"https:\/\/www.ltcpardubice.cz\/?p=7678#breadcrumb\",\"itemListElement\":[{\"@type\":\"ListItem\",\"position\":1,\"name\":\"Home\",\"item\":\"https:\/\/www.ltcpardubice.cz\/\"},{\"@type\":\"ListItem\",\"position\":2,\"name\":\"Ohl\u00e9dnut\u00ed za ITF turnajem mu\u017e\u016f Pardubice Open\"}]},{\"@type\":\"WebSite\",\"@id\":\"https:\/\/www.ltcpardubice.cz\/#website\",\"url\":\"https:\/\/www.ltcpardubice.cz\/\",\"name\":\"LTC Pardubice\",\"description\":\"Str\u00e1nky tenisov\u00e9ho klubu LTC Pardubice\",\"potentialAction\":[{\"@type\":\"SearchAction\",\"target\":{\"@type\":\"EntryPoint\",\"urlTemplate\":\"https:\/\/www.ltcpardubice.cz\/?s={search_term_string}\"},\"query-input\":{\"@type\":\"PropertyValueSpecification\",\"valueRequired\":true,\"valueName\":\"search_term_string\"}}],\"inLanguage\":\"cs\"},{\"@type\":\"Person\",\"@id\":\"https:\/\/www.ltcpardubice.cz\/#\/schema\/person\/8f5f3a741b9adea57419864489f31541\",\"name\":\"Eva Z\u00e1labsk\u00e1\",\"image\":{\"@type\":\"ImageObject\",\"inLanguage\":\"cs\",\"@id\":\"https:\/\/www.ltcpardubice.cz\/#\/schema\/person\/image\/\",\"url\":\"https:\/\/secure.gravatar.com\/avatar\/fece9555d8859e0080e4a5ae7edcc925?s=96&d=mm&r=g\",\"contentUrl\":\"https:\/\/secure.gravatar.com\/avatar\/fece9555d8859e0080e4a5ae7edcc925?s=96&d=mm&r=g\",\"caption\":\"Eva Z\u00e1labsk\u00e1\"},\"url\":\"https:\/\/www.ltcpardubice.cz\/?author=2\"}]}<\/script>\n<!-- \/ Yoast SEO plugin. -->","yoast_head_json":{"title":"Ohl\u00e9dnut\u00ed za ITF turnajem mu\u017e\u016f Pardubice Open - LTC Pardubice","robots":{"index":"index","follow":"follow","max-snippet":"max-snippet:-1","max-image-preview":"max-image-preview:large","max-video-preview":"max-video-preview:-1"},"canonical":"https:\/\/www.ltcpardubice.cz\/?p=7678","og_locale":"cs_CZ","og_type":"article","og_title":"Ohl\u00e9dnut\u00ed za ITF turnajem mu\u017e\u016f Pardubice Open - LTC Pardubice","og_description":"Po cel\u00fd t\u00fdden turnaje byl k vid\u011bn\u00ed kvalitn\u00ed tenis, kter\u00fd 2 dny tr\u00e1pilo pouze po\u010das\u00ed. 1. nasazen\u00fd M. Mrva odehr\u00e1l na sv\u00e9 cest\u011b do fin\u00e1le 3 strhuj\u00edc\u00ed t\u0159\u00edsetov\u00e9 boje. Pozd\u011bj\u0161\u00ed v\u00edt\u011bz a 8. nasazen\u00fd M. Krumich neztratil ani set, Mrvu p\u0159ehr\u00e1l ve fin\u00e1le 6\/2 6\/4. Mezi posledn\u00edch 8 se probojovalo 7 \u010desk\u00fdch tenist\u016f, krom\u011b ji\u017e [&hellip;]","og_url":"https:\/\/www.ltcpardubice.cz\/?p=7678","og_site_name":"LTC Pardubice","article_published_time":"2025-10-08T17:01:47+00:00","article_modified_time":"2025-10-08T17:05:01+00:00","og_image":[{"width":276,"height":237,"url":"https:\/\/www.ltcpardubice.cz\/wp-content\/uploads\/2025\/09\/Pceopen25.jpg","type":"image\/jpeg"}],"author":"Eva Z\u00e1labsk\u00e1","twitter_card":"summary_large_image","twitter_misc":{"Napsal(a)":"Eva Z\u00e1labsk\u00e1","Odhadovan\u00e1 doba \u010dten\u00ed":"1 minuta"},"schema":{"@context":"https:\/\/schema.org","@graph":[{"@type":"WebPage","@id":"https:\/\/www.ltcpardubice.cz\/?p=7678","url":"https:\/\/www.ltcpardubice.cz\/?p=7678","name":"Ohl\u00e9dnut\u00ed za ITF turnajem mu\u017e\u016f Pardubice Open - LTC Pardubice","isPartOf":{"@id":"https:\/\/www.ltcpardubice.cz\/#website"},"primaryImageOfPage":{"@id":"https:\/\/www.ltcpardubice.cz\/?p=7678#primaryimage"},"image":{"@id":"https:\/\/www.ltcpardubice.cz\/?p=7678#primaryimage"},"thumbnailUrl":"https:\/\/www.ltcpardubice.cz\/wp-content\/uploads\/2025\/09\/Pceopen25.jpg","datePublished":"2025-10-08T17:01:47+00:00","dateModified":"2025-10-08T17:05:01+00:00","author":{"@id":"https:\/\/www.ltcpardubice.cz\/#\/schema\/person\/8f5f3a741b9adea57419864489f31541"},"breadcrumb":{"@id":"https:\/\/www.ltcpardubice.cz\/?p=7678#breadcrumb"},"inLanguage":"cs","potentialAction":[{"@type":"ReadAction","target":["https:\/\/www.ltcpardubice.cz\/?p=7678"]}]},{"@type":"ImageObject","inLanguage":"cs","@id":"https:\/\/www.ltcpardubice.cz\/?p=7678#primaryimage","url":"https:\/\/www.ltcpardubice.cz\/wp-content\/uploads\/2025\/09\/Pceopen25.jpg","contentUrl":"https:\/\/www.ltcpardubice.cz\/wp-content\/uploads\/2025\/09\/Pceopen25.jpg","width":276,"height":237},{"@type":"BreadcrumbList","@id":"https:\/\/www.ltcpardubice.cz\/?p=7678#breadcrumb","itemListElement":[{"@type":"ListItem","position":1,"name":"Home","item":"https:\/\/www.ltcpardubice.cz\/"},{"@type":"ListItem","position":2,"name":"Ohl\u00e9dnut\u00ed za ITF turnajem mu\u017e\u016f Pardubice Open"}]},{"@type":"WebSite","@id":"https:\/\/www.ltcpardubice.cz\/#website","url":"https:\/\/www.ltcpardubice.cz\/","name":"LTC Pardubice","description":"Str\u00e1nky tenisov\u00e9ho klubu LTC Pardubice","potentialAction":[{"@type":"SearchAction","target":{"@type":"EntryPoint","urlTemplate":"https:\/\/www.ltcpardubice.cz\/?s={search_term_string}"},"query-input":{"@type":"PropertyValueSpecification","valueRequired":true,"valueName":"search_term_string"}}],"inLanguage":"cs"},{"@type":"Person","@id":"https:\/\/www.ltcpardubice.cz\/#\/schema\/person\/8f5f3a741b9adea57419864489f31541","name":"Eva Z\u00e1labsk\u00e1","image":{"@type":"ImageObject","inLanguage":"cs","@id":"https:\/\/www.ltcpardubice.cz\/#\/schema\/person\/image\/","url":"https:\/\/secure.gravatar.com\/avatar\/fece9555d8859e0080e4a5ae7edcc925?s=96&d=mm&r=g","contentUrl":"https:\/\/secure.gravatar.com\/avatar\/fece9555d8859e0080e4a5ae7edcc925?s=96&d=mm&r=g","caption":"Eva Z\u00e1labsk\u00e1"},"url":"https:\/\/www.ltcpardubice.cz\/?author=2"}]}},"brizy_media":[],"_links":{"self":[{"href":"https:\/\/www.ltcpardubice.cz\/index.php?rest_route=\/wp\/v2\/posts\/7678"}],"collection":[{"href":"https:\/\/www.ltcpardubice.cz\/index.php?rest_route=\/wp\/v2\/posts"}],"about":[{"href":"https:\/\/www.ltcpardubice.cz\/index.php?rest_route=\/wp\/v2\/types\/post"}],"author":[{"embeddable":true,"href":"https:\/\/www.ltcpardubice.cz\/index.php?rest_route=\/wp\/v2\/users\/2"}],"replies":[{"embeddable":true,"href":"https:\/\/www.ltcpardubice.cz\/index.php?rest_route=%2Fwp%2Fv2%2Fcomments&post=7678"}],"version-history":[{"count":2,"href":"https:\/\/www.ltcpardubice.cz\/index.php?rest_route=\/wp\/v2\/posts\/7678\/revisions"}],"predecessor-version":[{"id":7680,"href":"https:\/\/www.ltcpardubice.cz\/index.php?rest_route=\/wp\/v2\/posts\/7678\/revisions\/7680"}],"wp:featuredmedia":[{"embeddable":true,"href":"https:\/\/www.ltcpardubice.cz\/index.php?rest_route=\/wp\/v2\/media\/7653"}],"wp:attachment":[{"href":"https:\/\/www.ltcpardubice.cz\/index.php?rest_route=%2Fwp%2Fv2%2Fmedia&parent=7678"}],"wp:term":[{"taxonomy":"category","embeddable":true,"href":"https:\/\/www.ltcpardubice.cz\/index.php?rest_route=%2Fwp%2Fv2%2Fcategories&post=7678"},{"taxonomy":"post_tag","embeddable":true,"href":"https:\/\/www.ltcpardubice.cz\/index.php?rest_route=%2Fwp%2Fv2%2Ftags&post=7678"}],"curies":[{"name":"wp","href":"https:\/\/api.w.org\/{rel}","templated":true}]}}