{"id":7681,"date":"2025-10-08T17:30:39","date_gmt":"2025-10-08T17:30:39","guid":{"rendered":"https:\/\/www.ltcpardubice.cz\/?p=7681"},"modified":"2025-11-17T17:44:50","modified_gmt":"2025-11-17T17:44:50","slug":"byly-zverejneny-zebricky-platne-pro-zimni-sezonu","status":"publish","type":"post","link":"https:\/\/www.ltcpardubice.cz\/?p=7681","title":{"rendered":"Byly zve\u0159ejn\u011bny \u017eeb\u0159\u00ed\u010dky platn\u00e9 pro zimn\u00ed sez\u00f3nu 2025\/26"},"content":{"rendered":"\n<p>\u010cesk\u00fd tenisov\u00fd svaz zve\u0159ejnil \u017eeb\u0159\u00ed\u010dky, podle kter\u00fdch budou hr\u00e1\u010di p\u0159ij\u00edm\u00e1ni a nasazov\u00e1ni na turnaj\u00edch \u010cTS v zimn\u00ed sez\u00f3n\u011b 2025\/2026. \u017deb\u0159\u00ed\u010dek je sestaven z 8 nejlep\u0161\u00edch akc\u00ed za uplynul\u00fdch 12 m\u011bs\u00edc\u016f s t\u00edm, \u017ee jednou z t\u011bch 8 akc\u00ed m\u016f\u017ee b\u00fdt akce, kterou tvo\u0159\u00ed nejlep\u0161\u00ed 4 akce ze sout\u011b\u017e\u00ed dru\u017estev. P\u0159ihla\u0161ov\u00e1n\u00ed na turnaje \u010cTS za\u010dne 1.11.2025 v \u010dase 00:00 hod., kdy bude zve\u0159ejn\u011bna zimn\u00ed term\u00ednov\u00e1 listina \u010cTS.<\/p>\n\n\n\n<p>A jak si stoj\u00ed na\u0161i hr\u00e1\u010di? V kategorii dosp\u011bl\u00fdch je v na\u0161\u00ed oblasti nejv\u00fd\u0161e O. Kratochv\u00edl na 12. m\u00edst\u011b, F. Dym\u00e1k je 23. 32. je L. Kelnar a 33. D. \u0160mejc. Radost n\u00e1m ud\u011blali p\u0159edev\u0161\u00edm dorostenci <strong>F. Dym\u00e1k je 4. a D. \u0160mejc 6. v kraji<\/strong>. V kategorii \u017een je 16. T. Shejbalov\u00e1. V dorostenk\u00e1ch jsme obsadili pozice 10.,11., 12. 15. v po\u0159ad\u00ed <strong>Gottvaldov\u00e1, \u0158\u00edhov\u00e1<\/strong>, <strong>Shejbalov\u00e1<\/strong> a <strong>Sv\u011bd\u00edkov\u00e1<\/strong>. Celou sez\u00f3nu T. Shejbalov\u00e9 poznamenaly nemoci a zran\u011bn\u00ed, dal\u0161\u00ed 3 mlad\u00e9 jmenovan\u00e9 hr\u00e1\u010dky jsou p\u0159\u00edslibem do budoucna. V kategorii star\u0161\u00edch \u017e\u00e1ky\u0148 obsadila <strong>1. m\u00edsto v kraji A. Gottvaldov\u00e1<\/strong>, kter\u00e1 je z\u00e1rove\u0148 16. hr\u00e1\u010dkou celost\u00e1tn\u00edho \u017eeb\u0159\u00ed\u010dku a p\u0159estoupila do LTC teprve p\u0159ed touto sez\u00f3nou. A. Sv\u011bd\u00edkov\u00e1 je v kraji 12 a N. Francov\u00e1 18. a mlad\u0161\u00ed \u017e\u00e1kyn\u011b K. Kopeck\u00e1 32. V mlad\u0161\u00edch \u017e\u00e1c\u00edch je po 1. roce <strong>D. Kova\u010d<\/strong> 24. a ve sv\u00e9m ro\u010d. narozen\u00ed 8.a <strong>J. V\u00e1cha<\/strong> 33., ve sv\u00e9m ro\u010d. narozen\u00ed 10. A nesm\u00edme zapomenout ani na babytenistku <strong>A. Do\u010dkal\u00edkovou<\/strong>, kter\u00e1 n\u00e1s jako jedin\u00e1 reprezentovala na M\u010cR. Babytenis nem\u00e1 ofici\u00e1ln\u00ed \u017eeb\u0159\u00ed\u010dky, ale douf\u00e1me, \u017ee ji\u017e p\u0159\u00ed\u0161t\u00ed rok o Ani\u010dce usly\u0161\u00edme v kategorii mlad\u0161\u00edch \u017e\u00e1ky\u0148.<\/p>\n","protected":false},"excerpt":{"rendered":"<p>\u010cesk\u00fd tenisov\u00fd svaz zve\u0159ejnil \u017eeb\u0159\u00ed\u010dky, podle kter\u00fdch budou hr\u00e1\u010di p\u0159ij\u00edm\u00e1ni a nasazov\u00e1ni na turnaj\u00edch \u010cTS v zimn\u00ed sez\u00f3n\u011b 2025\/2026. \u017deb\u0159\u00ed\u010dek je sestaven z 8 nejlep\u0161\u00edch akc\u00ed za uplynul\u00fdch 12 m\u011bs\u00edc\u016f s t\u00edm, \u017ee jednou z t\u011bch 8 akc\u00ed m\u016f\u017ee b\u00fdt akce, kterou tvo\u0159\u00ed nejlep\u0161\u00ed 4 akce ze sout\u011b\u017e\u00ed dru\u017estev. P\u0159ihla\u0161ov\u00e1n\u00ed na turnaje \u010cTS za\u010dne 1.11.2025 [&hellip;]<\/p>\n","protected":false},"author":2,"featured_media":5924,"comment_status":"open","ping_status":"open","sticky":false,"template":"","format":"standard","meta":{"_monsterinsights_skip_tracking":false,"_monsterinsights_sitenote_active":false,"_monsterinsights_sitenote_note":"","_monsterinsights_sitenote_category":0,"footnotes":""},"categories":[10],"tags":[],"yoast_head":"<!-- This site is optimized with the Yoast SEO plugin v24.5 - https:\/\/yoast.com\/wordpress\/plugins\/seo\/ -->\n<title>Byly zve\u0159ejn\u011bny \u017eeb\u0159\u00ed\u010dky platn\u00e9 pro zimn\u00ed sez\u00f3nu 2025\/26 - LTC Pardubice<\/title>\n<meta name=\"robots\" content=\"index, follow, max-snippet:-1, max-image-preview:large, max-video-preview:-1\" \/>\n<link rel=\"canonical\" href=\"https:\/\/www.ltcpardubice.cz\/?p=7681\" \/>\n<meta property=\"og:locale\" content=\"cs_CZ\" \/>\n<meta property=\"og:type\" content=\"article\" \/>\n<meta property=\"og:title\" content=\"Byly zve\u0159ejn\u011bny \u017eeb\u0159\u00ed\u010dky platn\u00e9 pro zimn\u00ed sez\u00f3nu 2025\/26 - LTC Pardubice\" \/>\n<meta property=\"og:description\" content=\"\u010cesk\u00fd tenisov\u00fd svaz zve\u0159ejnil \u017eeb\u0159\u00ed\u010dky, podle kter\u00fdch budou hr\u00e1\u010di p\u0159ij\u00edm\u00e1ni a nasazov\u00e1ni na turnaj\u00edch \u010cTS v zimn\u00ed sez\u00f3n\u011b 2025\/2026. \u017deb\u0159\u00ed\u010dek je sestaven z 8 nejlep\u0161\u00edch akc\u00ed za uplynul\u00fdch 12 m\u011bs\u00edc\u016f s t\u00edm, \u017ee jednou z t\u011bch 8 akc\u00ed m\u016f\u017ee b\u00fdt akce, kterou tvo\u0159\u00ed nejlep\u0161\u00ed 4 akce ze sout\u011b\u017e\u00ed dru\u017estev. P\u0159ihla\u0161ov\u00e1n\u00ed na turnaje \u010cTS za\u010dne 1.11.2025 [&hellip;]\" \/>\n<meta property=\"og:url\" content=\"https:\/\/www.ltcpardubice.cz\/?p=7681\" \/>\n<meta property=\"og:site_name\" content=\"LTC Pardubice\" \/>\n<meta property=\"article:published_time\" content=\"2025-10-08T17:30:39+00:00\" \/>\n<meta property=\"article:modified_time\" content=\"2025-11-17T17:44:50+00:00\" \/>\n<meta property=\"og:image\" content=\"https:\/\/www.ltcpardubice.cz\/wp-content\/uploads\/2020\/10\/3-1.jpg\" \/>\n\t<meta property=\"og:image:width\" content=\"600\" \/>\n\t<meta property=\"og:image:height\" content=\"600\" \/>\n\t<meta property=\"og:image:type\" content=\"image\/jpeg\" \/>\n<meta name=\"author\" content=\"Eva Z\u00e1labsk\u00e1\" \/>\n<meta name=\"twitter:card\" content=\"summary_large_image\" \/>\n<meta name=\"twitter:label1\" content=\"Napsal(a)\" \/>\n\t<meta name=\"twitter:data1\" content=\"Eva Z\u00e1labsk\u00e1\" \/>\n\t<meta name=\"twitter:label2\" content=\"Odhadovan\u00e1 doba \u010dten\u00ed\" \/>\n\t<meta name=\"twitter:data2\" content=\"2 minuty\" \/>\n<script type=\"application\/ld+json\" class=\"yoast-schema-graph\">{\"@context\":\"https:\/\/schema.org\",\"@graph\":[{\"@type\":\"WebPage\",\"@id\":\"https:\/\/www.ltcpardubice.cz\/?p=7681\",\"url\":\"https:\/\/www.ltcpardubice.cz\/?p=7681\",\"name\":\"Byly zve\u0159ejn\u011bny \u017eeb\u0159\u00ed\u010dky platn\u00e9 pro zimn\u00ed sez\u00f3nu 2025\/26 - LTC Pardubice\",\"isPartOf\":{\"@id\":\"https:\/\/www.ltcpardubice.cz\/#website\"},\"primaryImageOfPage\":{\"@id\":\"https:\/\/www.ltcpardubice.cz\/?p=7681#primaryimage\"},\"image\":{\"@id\":\"https:\/\/www.ltcpardubice.cz\/?p=7681#primaryimage\"},\"thumbnailUrl\":\"https:\/\/www.ltcpardubice.cz\/wp-content\/uploads\/2020\/10\/3-1.jpg\",\"datePublished\":\"2025-10-08T17:30:39+00:00\",\"dateModified\":\"2025-11-17T17:44:50+00:00\",\"author\":{\"@id\":\"https:\/\/www.ltcpardubice.cz\/#\/schema\/person\/8f5f3a741b9adea57419864489f31541\"},\"breadcrumb\":{\"@id\":\"https:\/\/www.ltcpardubice.cz\/?p=7681#breadcrumb\"},\"inLanguage\":\"cs\",\"potentialAction\":[{\"@type\":\"ReadAction\",\"target\":[\"https:\/\/www.ltcpardubice.cz\/?p=7681\"]}]},{\"@type\":\"ImageObject\",\"inLanguage\":\"cs\",\"@id\":\"https:\/\/www.ltcpardubice.cz\/?p=7681#primaryimage\",\"url\":\"https:\/\/www.ltcpardubice.cz\/wp-content\/uploads\/2020\/10\/3-1.jpg\",\"contentUrl\":\"https:\/\/www.ltcpardubice.cz\/wp-content\/uploads\/2020\/10\/3-1.jpg\",\"width\":600,\"height\":600},{\"@type\":\"BreadcrumbList\",\"@id\":\"https:\/\/www.ltcpardubice.cz\/?p=7681#breadcrumb\",\"itemListElement\":[{\"@type\":\"ListItem\",\"position\":1,\"name\":\"Home\",\"item\":\"https:\/\/www.ltcpardubice.cz\/\"},{\"@type\":\"ListItem\",\"position\":2,\"name\":\"Byly zve\u0159ejn\u011bny \u017eeb\u0159\u00ed\u010dky platn\u00e9 pro zimn\u00ed sez\u00f3nu 2025\/26\"}]},{\"@type\":\"WebSite\",\"@id\":\"https:\/\/www.ltcpardubice.cz\/#website\",\"url\":\"https:\/\/www.ltcpardubice.cz\/\",\"name\":\"LTC Pardubice\",\"description\":\"Str\u00e1nky tenisov\u00e9ho klubu LTC Pardubice\",\"potentialAction\":[{\"@type\":\"SearchAction\",\"target\":{\"@type\":\"EntryPoint\",\"urlTemplate\":\"https:\/\/www.ltcpardubice.cz\/?s={search_term_string}\"},\"query-input\":{\"@type\":\"PropertyValueSpecification\",\"valueRequired\":true,\"valueName\":\"search_term_string\"}}],\"inLanguage\":\"cs\"},{\"@type\":\"Person\",\"@id\":\"https:\/\/www.ltcpardubice.cz\/#\/schema\/person\/8f5f3a741b9adea57419864489f31541\",\"name\":\"Eva Z\u00e1labsk\u00e1\",\"image\":{\"@type\":\"ImageObject\",\"inLanguage\":\"cs\",\"@id\":\"https:\/\/www.ltcpardubice.cz\/#\/schema\/person\/image\/\",\"url\":\"https:\/\/secure.gravatar.com\/avatar\/fece9555d8859e0080e4a5ae7edcc925?s=96&d=mm&r=g\",\"contentUrl\":\"https:\/\/secure.gravatar.com\/avatar\/fece9555d8859e0080e4a5ae7edcc925?s=96&d=mm&r=g\",\"caption\":\"Eva Z\u00e1labsk\u00e1\"},\"url\":\"https:\/\/www.ltcpardubice.cz\/?author=2\"}]}<\/script>\n<!-- \/ Yoast SEO plugin. -->","yoast_head_json":{"title":"Byly zve\u0159ejn\u011bny \u017eeb\u0159\u00ed\u010dky platn\u00e9 pro zimn\u00ed sez\u00f3nu 2025\/26 - LTC Pardubice","robots":{"index":"index","follow":"follow","max-snippet":"max-snippet:-1","max-image-preview":"max-image-preview:large","max-video-preview":"max-video-preview:-1"},"canonical":"https:\/\/www.ltcpardubice.cz\/?p=7681","og_locale":"cs_CZ","og_type":"article","og_title":"Byly zve\u0159ejn\u011bny \u017eeb\u0159\u00ed\u010dky platn\u00e9 pro zimn\u00ed sez\u00f3nu 2025\/26 - LTC Pardubice","og_description":"\u010cesk\u00fd tenisov\u00fd svaz zve\u0159ejnil \u017eeb\u0159\u00ed\u010dky, podle kter\u00fdch budou hr\u00e1\u010di p\u0159ij\u00edm\u00e1ni a nasazov\u00e1ni na turnaj\u00edch \u010cTS v zimn\u00ed sez\u00f3n\u011b 2025\/2026. \u017deb\u0159\u00ed\u010dek je sestaven z 8 nejlep\u0161\u00edch akc\u00ed za uplynul\u00fdch 12 m\u011bs\u00edc\u016f s t\u00edm, \u017ee jednou z t\u011bch 8 akc\u00ed m\u016f\u017ee b\u00fdt akce, kterou tvo\u0159\u00ed nejlep\u0161\u00ed 4 akce ze sout\u011b\u017e\u00ed dru\u017estev. P\u0159ihla\u0161ov\u00e1n\u00ed na turnaje \u010cTS za\u010dne 1.11.2025 [&hellip;]","og_url":"https:\/\/www.ltcpardubice.cz\/?p=7681","og_site_name":"LTC Pardubice","article_published_time":"2025-10-08T17:30:39+00:00","article_modified_time":"2025-11-17T17:44:50+00:00","og_image":[{"width":600,"height":600,"url":"https:\/\/www.ltcpardubice.cz\/wp-content\/uploads\/2020\/10\/3-1.jpg","type":"image\/jpeg"}],"author":"Eva Z\u00e1labsk\u00e1","twitter_card":"summary_large_image","twitter_misc":{"Napsal(a)":"Eva Z\u00e1labsk\u00e1","Odhadovan\u00e1 doba \u010dten\u00ed":"2 minuty"},"schema":{"@context":"https:\/\/schema.org","@graph":[{"@type":"WebPage","@id":"https:\/\/www.ltcpardubice.cz\/?p=7681","url":"https:\/\/www.ltcpardubice.cz\/?p=7681","name":"Byly zve\u0159ejn\u011bny \u017eeb\u0159\u00ed\u010dky platn\u00e9 pro zimn\u00ed sez\u00f3nu 2025\/26 - LTC Pardubice","isPartOf":{"@id":"https:\/\/www.ltcpardubice.cz\/#website"},"primaryImageOfPage":{"@id":"https:\/\/www.ltcpardubice.cz\/?p=7681#primaryimage"},"image":{"@id":"https:\/\/www.ltcpardubice.cz\/?p=7681#primaryimage"},"thumbnailUrl":"https:\/\/www.ltcpardubice.cz\/wp-content\/uploads\/2020\/10\/3-1.jpg","datePublished":"2025-10-08T17:30:39+00:00","dateModified":"2025-11-17T17:44:50+00:00","author":{"@id":"https:\/\/www.ltcpardubice.cz\/#\/schema\/person\/8f5f3a741b9adea57419864489f31541"},"breadcrumb":{"@id":"https:\/\/www.ltcpardubice.cz\/?p=7681#breadcrumb"},"inLanguage":"cs","potentialAction":[{"@type":"ReadAction","target":["https:\/\/www.ltcpardubice.cz\/?p=7681"]}]},{"@type":"ImageObject","inLanguage":"cs","@id":"https:\/\/www.ltcpardubice.cz\/?p=7681#primaryimage","url":"https:\/\/www.ltcpardubice.cz\/wp-content\/uploads\/2020\/10\/3-1.jpg","contentUrl":"https:\/\/www.ltcpardubice.cz\/wp-content\/uploads\/2020\/10\/3-1.jpg","width":600,"height":600},{"@type":"BreadcrumbList","@id":"https:\/\/www.ltcpardubice.cz\/?p=7681#breadcrumb","itemListElement":[{"@type":"ListItem","position":1,"name":"Home","item":"https:\/\/www.ltcpardubice.cz\/"},{"@type":"ListItem","position":2,"name":"Byly zve\u0159ejn\u011bny \u017eeb\u0159\u00ed\u010dky platn\u00e9 pro zimn\u00ed sez\u00f3nu 2025\/26"}]},{"@type":"WebSite","@id":"https:\/\/www.ltcpardubice.cz\/#website","url":"https:\/\/www.ltcpardubice.cz\/","name":"LTC Pardubice","description":"Str\u00e1nky tenisov\u00e9ho klubu LTC Pardubice","potentialAction":[{"@type":"SearchAction","target":{"@type":"EntryPoint","urlTemplate":"https:\/\/www.ltcpardubice.cz\/?s={search_term_string}"},"query-input":{"@type":"PropertyValueSpecification","valueRequired":true,"valueName":"search_term_string"}}],"inLanguage":"cs"},{"@type":"Person","@id":"https:\/\/www.ltcpardubice.cz\/#\/schema\/person\/8f5f3a741b9adea57419864489f31541","name":"Eva Z\u00e1labsk\u00e1","image":{"@type":"ImageObject","inLanguage":"cs","@id":"https:\/\/www.ltcpardubice.cz\/#\/schema\/person\/image\/","url":"https:\/\/secure.gravatar.com\/avatar\/fece9555d8859e0080e4a5ae7edcc925?s=96&d=mm&r=g","contentUrl":"https:\/\/secure.gravatar.com\/avatar\/fece9555d8859e0080e4a5ae7edcc925?s=96&d=mm&r=g","caption":"Eva Z\u00e1labsk\u00e1"},"url":"https:\/\/www.ltcpardubice.cz\/?author=2"}]}},"brizy_media":[],"_links":{"self":[{"href":"https:\/\/www.ltcpardubice.cz\/index.php?rest_route=\/wp\/v2\/posts\/7681"}],"collection":[{"href":"https:\/\/www.ltcpardubice.cz\/index.php?rest_route=\/wp\/v2\/posts"}],"about":[{"href":"https:\/\/www.ltcpardubice.cz\/index.php?rest_route=\/wp\/v2\/types\/post"}],"author":[{"embeddable":true,"href":"https:\/\/www.ltcpardubice.cz\/index.php?rest_route=\/wp\/v2\/users\/2"}],"replies":[{"embeddable":true,"href":"https:\/\/www.ltcpardubice.cz\/index.php?rest_route=%2Fwp%2Fv2%2Fcomments&post=7681"}],"version-history":[{"count":3,"href":"https:\/\/www.ltcpardubice.cz\/index.php?rest_route=\/wp\/v2\/posts\/7681\/revisions"}],"predecessor-version":[{"id":7696,"href":"https:\/\/www.ltcpardubice.cz\/index.php?rest_route=\/wp\/v2\/posts\/7681\/revisions\/7696"}],"wp:featuredmedia":[{"embeddable":true,"href":"https:\/\/www.ltcpardubice.cz\/index.php?rest_route=\/wp\/v2\/media\/5924"}],"wp:attachment":[{"href":"https:\/\/www.ltcpardubice.cz\/index.php?rest_route=%2Fwp%2Fv2%2Fmedia&parent=7681"}],"wp:term":[{"taxonomy":"category","embeddable":true,"href":"https:\/\/www.ltcpardubice.cz\/index.php?rest_route=%2Fwp%2Fv2%2Fcategories&post=7681"},{"taxonomy":"post_tag","embeddable":true,"href":"https:\/\/www.ltcpardubice.cz\/index.php?rest_route=%2Fwp%2Fv2%2Ftags&post=7681"}],"curies":[{"name":"wp","href":"https:\/\/api.w.org\/{rel}","templated":true}]}}